{"id":1008222,"date":"2020-01-23T13:01:23","date_gmt":"2020-01-23T10:01:23","guid":{"rendered":"https:\/\/darkamazi.site\/?p=1008222"},"modified":"2020-01-23T13:01:23","modified_gmt":"2020-01-23T10:01:23","slug":"abd-ve-rusyanin-rojavada-ki-gerginligi-devam-ediyor","status":"publish","type":"post","link":"https:\/\/darkamazi.site\/archives\/1008222","title":{"rendered":"ABD ve Rusyan\u0131n Rojava&#8217;da ki gerginli\u011fi devam ediyor"},"content":{"rendered":"<h3 style=\"text-align: justify\"><span style=\"font-family: 'arial black', sans-serif;font-size: 12pt\">ABD ordusu ve Rusya 2015 y\u0131l\u0131nda imzalad\u0131klar\u0131 G\u00fc\u00e7lerin G\u00fcvenli Ay\u0131r\u015fmas\u0131 anla\u015fmas\u0131na ra\u011fmen Rojava&#8217;da art\u0131k daha s\u0131k problem ya\u015f\u0131yorlar. T\u00fcrkiye&#8217;nin Rojavay\u0131 i\u015fgal giri\u015fim sonras\u0131 imzalanan anla\u015fma h\u00fck\u00fcmleri uygulanamaz oldu.<\/span><\/h3>\n<p style=\"text-align: justify\">Suriye insan Haklar\u0131 G\u00f6zlem Evi (SOHR) yapt\u0131\u011f\u0131 a\u00e7\u0131klamada ABD ordusuna ait g\u00fc\u00e7lerin M4 karayolu \u00fczerinde yeni bir kontrol noktas\u0131 olu\u015fturdu\u011funu a\u00e7\u0131klad\u0131, Kontrol noktas\u0131n\u0131n amac\u0131n\u0131n ise Rusya\u2019n\u0131n Amude ve Haseki aras\u0131ndaki askeri hareketlili\u011fini engellemek oldu\u011funu belirtti.<\/p>\n<p style=\"text-align: justify\">D\u00fcn de ABD Ordusuna ait bir g\u00fc\u00e7 Derik yak\u0131nlar\u0131nda Rusya ordusuna ait bir konvoyun ge\u00e7i\u015fini engellemi\u015fti. Engellenen Rus ordusu konvoyu Qam\u0131\u015flo hava alan\u0131ndaki askeri merkezine geri d\u00f6nm\u00fc\u015ft\u00fc. Rusya ordusunun d\u00fcn engellendi\u011fi b\u00f6lge ise G\u00fcney Ve Rojava K\u00fcrdistan\u0131 aras\u0131nda bulunan stratejik \u00f6neme sahip Semelka S\u0131n\u0131r kap\u0131s\u0131n\u0131n bulundu\u011fu b\u00f6lgedir. Semalka s\u0131n\u0131r kap\u0131s\u0131 I\u015eiD kar\u015f\u0131t\u0131 koalisyonun Suriyeye geldi\u011fi zamandan beri HSD g\u00fc\u00e7lerine yard\u0131m yap\u0131lan \u00f6nemli bir kap\u0131<\/p>\n<h3 style=\"text-align: justify\"><span style=\"font-family: 'arial black', sans-serif;font-size: 12pt\">ABD\u2019li T\u00fcmgeneral Grynkewich: Rusya bizi test ediyo<\/span>r<\/h3>\n<p style=\"text-align: justify\">ABD \u00d6nc\u00fcl\u00fc\u011f\u00fcndeki I\u015e\u0130D Kar\u015f\u0131t\u0131 Koalisyon Komutan Yard\u0131mc\u0131s\u0131 T\u00fcmgeneral Grynkewich, Rus ve Amerikan askerleri aras\u0131nda Rojava\u2019n\u0131n Haseke ilinde ya\u015fanan gerginli\u011fe ili\u015fkin Rusya&#8217;n\u0131n ABD&#8217;yi Suriye&#8217;de s\u00fcrekli test etti\u011fini s\u00f6yledi.<\/p>\n<p style=\"text-align: justify\">T\u00fcmgeneral Alex Grynkewich, ABD Savunma Bakanl\u0131\u011f\u0131nda gazetecilerin sorular\u0131n\u0131 yan\u0131tlad\u0131.<\/p>\n<p style=\"text-align: justify\">Irak ve Suriye&#8217;de I\u015e\u0130D ile m\u00fccadelenin devam etti\u011fini belirten ABD&#8217;li komutan, \u00f6rg\u00fct\u00fcn yeniden toparlanmaya \u00e7al\u0131\u015ft\u0131\u011f\u0131na dikkat \u00e7ekti.<\/p>\n<p style=\"text-align: justify\">B\u00f6lgede Rusya ile koalisyon kuvvetleri aras\u0131nda Rojava\u2019n\u0131n Haseke kentinde ABD g\u00fc\u00e7leri ve Rusya aras\u0131nda ya\u015fanan k\u00fc\u00e7\u00fck \u00e7apl\u0131 \u00e7at\u0131\u015fmalara de\u011finen Grynkewich, son zamanlarda b\u00f6lgede olmad\u0131\u011f\u0131n\u0131 ifade ederek, bu konuda detay vermekten ka\u00e7\u0131nd\u0131.<\/p>\n<p style=\"text-align: justify\">ABD&#8217;li T\u00fcmgeneral, Rusya ile Suriye&#8217;de bir\u00e7ok noktada kar\u015f\u0131 kar\u015f\u0131ya geldiklerini ve Rusya&#8217;n\u0131n ABD kuvvetlerinden uzak durmas\u0131 \u00e7a\u011fr\u0131s\u0131n\u0131 yenilediklerini ifade etti.<\/p>\n<p style=\"text-align: justify\">&#8220;Rusya sizi orada test mi ediyor&#8221; sorusuna ise Grynkewich, &#8220;Ruslar\u0131n (Suriye&#8217;de) bizi her zaman test ettiklerini d\u00fc\u015f\u00fcn\u00fcyorum&#8221; diye kar\u015f\u0131l\u0131k verdi.<\/p>\n<p style=\"text-align: justify\">ABD askerleri, Haseke ilindeki petrol sahas\u0131na ula\u015fmak isteyen Rus askerlerinin yolunu keserek, b\u00f6lgeye ula\u015fmalar\u0131n\u0131 engellemi\u015fti.<\/p>\n<p style=\"text-align: justify\">ABD askerleri R\u0131melan yak\u0131nlar\u0131nda, petrol sahas\u0131n\u0131n bulundu\u011fu b\u00f6lgeye do\u011fru giden Rus devriyesinin yolunu kesmi\u015f, Rus devriyesinden d\u00f6nmesini istemesi \u00fczerine, taraflar aras\u0131nda k\u0131sa s\u00fcreli gerginlik ya\u015fanm\u0131\u015ft\u0131.<\/p>\n<p style=\"text-align: justify\">ABD&#8217;nin hava \u00fcss\u00fcn\u00fcn yer ald\u0131\u011f\u0131 R\u0131melan&#8217;a ula\u015fmas\u0131 engellenen Rus devriyesi, daha sonra geldi\u011fi noktaya d\u00f6nmek zorunda kalm\u0131\u015ft\u0131.<\/p>\n<p style=\"text-align: justify\">ABD, 2015&#8217;te Rusya ile Kuvvetlerin G\u00fcvenli Ayr\u0131\u015fmas\u0131 Mutabakat\u0131 imzalam\u0131\u015f ve F\u0131rat Nehri ayr\u0131\u015fma \u00e7izgisi olarak belirlenmi\u015fti.<\/p>\n<p style=\"text-align: justify\">Buna g\u00f6re, ABD kuvvetleri F\u0131rat&#8217;\u0131n bat\u0131s\u0131na Rus hava unsurlar\u0131 da F\u0131rat&#8217;\u0131n do\u011fusuna ge\u00e7emiyordu. S\u00f6z konusu ayr\u0131\u015fma noktas\u0131na yak\u0131n b\u00f6lgelerde d\u00fczenlenen operasyonlarda ise iki \u00fclke harekat merkezi birbiriyle ileti\u015fim kurarak izin al\u0131yordu.<\/p>\n","protected":false},"excerpt":{"rendered":"<p>ABD ordusu ve Rusya 2015 y\u0131l\u0131nda imzalad\u0131klar\u0131 G\u00fc\u00e7lerin G\u00fcvenli Ay\u0131r\u015fmas\u0131 anla\u015fmas\u0131na ra\u011fmen Rojava&#8217;da art\u0131k daha s\u0131k problem ya\u015f\u0131yorlar. T\u00fcrkiye&#8217;nin Rojavay\u0131 i\u015fgal giri\u015fim sonras\u0131 imzalanan anla\u015fma h\u00fck\u00fcmleri uygulanamaz oldu. Suriye insan Haklar\u0131 G\u00f6zlem Evi (SOHR) yapt\u0131\u011f\u0131 a\u00e7\u0131klamada ABD ordusuna ait g\u00fc\u00e7lerin M4 karayolu \u00fczerinde yeni bir kontrol noktas\u0131 olu\u015fturdu\u011funu a\u00e7\u0131klad\u0131, Kontrol noktas\u0131n\u0131n amac\u0131n\u0131n ise Rusya\u2019n\u0131n Amude [&hellip;]<\/p>\n","protected":false},"author":2,"featured_media":1008224,"comment_status":"closed","ping_status":"closed","sticky":false,"template":"","format":"standard","meta":{"footnotes":""},"categories":[3],"tags":[31],"class_list":["post-1008222","post","type-post","status-publish","format-standard","has-post-thumbnail","hentry","category-kurdistan","tag-onemli"],"blocksy_meta":[],"seo_head":"<!-- This site is optimized with the Yoast SEO plugin v27.5 - https:\/\/yoast.com\/product\/yoast-seo-wordpress\/ -->\n<title>ABD ve Rusyan\u0131n Rojava&#039;da ki gerginli\u011fi devam ediyor - Darka Mazi<\/title>\n<meta name=\"robots\" content=\"index, follow, max-snippet:-1, max-image-preview:large, max-video-preview:-1\" \/>\n<link rel=\"canonical\" href=\"https:\/\/darkamazi.site\/archives\/1008222\" \/>\n<meta property=\"og:locale\" content=\"en_US\" \/>\n<meta property=\"og:type\" content=\"article\" \/>\n<meta property=\"og:title\" content=\"ABD ve Rusyan\u0131n Rojava&#039;da ki gerginli\u011fi devam ediyor - Darka Mazi\" \/>\n<meta property=\"og:description\" content=\"ABD ordusu ve Rusya 2015 y\u0131l\u0131nda imzalad\u0131klar\u0131 G\u00fc\u00e7lerin G\u00fcvenli Ay\u0131r\u015fmas\u0131 anla\u015fmas\u0131na ra\u011fmen Rojava&#8217;da art\u0131k daha s\u0131k problem ya\u015f\u0131yorlar. T\u00fcrkiye&#8217;nin Rojavay\u0131 i\u015fgal giri\u015fim sonras\u0131 imzalanan anla\u015fma h\u00fck\u00fcmleri uygulanamaz oldu. Suriye insan Haklar\u0131 G\u00f6zlem Evi (SOHR) yapt\u0131\u011f\u0131 a\u00e7\u0131klamada ABD ordusuna ait g\u00fc\u00e7lerin M4 karayolu \u00fczerinde yeni bir kontrol noktas\u0131 olu\u015fturdu\u011funu a\u00e7\u0131klad\u0131, Kontrol noktas\u0131n\u0131n amac\u0131n\u0131n ise Rusya\u2019n\u0131n Amude [&hellip;]\" \/>\n<meta property=\"og:url\" content=\"https:\/\/darkamazi.site\/archives\/1008222\" \/>\n<meta property=\"og:site_name\" content=\"Darka Mazi\" \/>\n<meta property=\"article:publisher\" content=\"https:\/\/www.facebook.com\/DarkaMaziturkce\" \/>\n<meta property=\"article:published_time\" content=\"2020-01-23T10:01:23+00:00\" \/>\n<meta property=\"og:image\" content=\"https:\/\/darkamazi.site\/file\/2020\/01\/amreka-ypg1862018-1.jpg\" \/>\n\t<meta property=\"og:image:width\" content=\"750\" \/>\n\t<meta property=\"og:image:height\" content=\"422\" \/>\n\t<meta property=\"og:image:type\" content=\"image\/jpeg\" \/>\n<meta name=\"author\" content=\"darka mazi\" \/>\n<meta name=\"twitter:card\" content=\"summary_large_image\" \/>\n<meta name=\"twitter:creator\" content=\"@DarkaMaziTurkce\" \/>\n<meta name=\"twitter:site\" content=\"@DarkaMaziTurkce\" \/>\n<meta name=\"twitter:label1\" content=\"Written by\" \/>\n\t<meta name=\"twitter:data1\" content=\"darka mazi\" \/>\n\t<meta name=\"twitter:label2\" content=\"Est. reading time\" \/>\n\t<meta name=\"twitter:data2\" content=\"3 minutes\" \/>\n<script type=\"application\/ld+json\" class=\"seo-schema-graph\">{\"@context\":\"https:\\\/\\\/schema.org\",\"@graph\":[{\"@type\":\"NewsArticle\",\"@id\":\"https:\\\/\\\/darkamazi.site\\\/archives\\\/1008222#article\",\"isPartOf\":{\"@id\":\"https:\\\/\\\/darkamazi.site\\\/archives\\\/1008222\"},\"author\":{\"name\":\"darka mazi\",\"@id\":\"https:\\\/\\\/darkamazi.site\\\/#\\\/schema\\\/person\\\/67986a95ac546c16760365877ef4a9d3\"},\"headline\":\"ABD ve Rusyan\u0131n Rojava&#8217;da ki gerginli\u011fi devam ediyor\",\"datePublished\":\"2020-01-23T10:01:23+00:00\",\"mainEntityOfPage\":{\"@id\":\"https:\\\/\\\/darkamazi.site\\\/archives\\\/1008222\"},\"wordCount\":555,\"publisher\":{\"@id\":\"https:\\\/\\\/darkamazi.site\\\/#organization\"},\"image\":{\"@id\":\"https:\\\/\\\/darkamazi.site\\\/archives\\\/1008222#primaryimage\"},\"thumbnailUrl\":\"https:\\\/\\\/darkamazi.site\\\/darka-content\\\/uploads\\\/2020\\\/01\\\/amreka-ypg1862018-1.jpg\",\"keywords\":[\"\u00f6nemli\"],\"articleSection\":[\"Kurdistan\"],\"inLanguage\":\"en-US\"},{\"@type\":\"WebPage\",\"@id\":\"https:\\\/\\\/darkamazi.site\\\/archives\\\/1008222\",\"url\":\"https:\\\/\\\/darkamazi.site\\\/archives\\\/1008222\",\"name\":\"ABD ve Rusyan\u0131n Rojava'da ki gerginli\u011fi devam ediyor - Darka Mazi\",\"isPartOf\":{\"@id\":\"https:\\\/\\\/darkamazi.site\\\/#website\"},\"primaryImageOfPage\":{\"@id\":\"https:\\\/\\\/darkamazi.site\\\/archives\\\/1008222#primaryimage\"},\"image\":{\"@id\":\"https:\\\/\\\/darkamazi.site\\\/archives\\\/1008222#primaryimage\"},\"thumbnailUrl\":\"https:\\\/\\\/darkamazi.site\\\/darka-content\\\/uploads\\\/2020\\\/01\\\/amreka-ypg1862018-1.jpg\",\"datePublished\":\"2020-01-23T10:01:23+00:00\",\"breadcrumb\":{\"@id\":\"https:\\\/\\\/darkamazi.site\\\/archives\\\/1008222#breadcrumb\"},\"inLanguage\":\"en-US\",\"potentialAction\":[{\"@type\":\"ReadAction\",\"target\":[\"https:\\\/\\\/darkamazi.site\\\/archives\\\/1008222\"]}]},{\"@type\":\"ImageObject\",\"inLanguage\":\"en-US\",\"@id\":\"https:\\\/\\\/darkamazi.site\\\/archives\\\/1008222#primaryimage\",\"url\":\"https:\\\/\\\/darkamazi.site\\\/darka-content\\\/uploads\\\/2020\\\/01\\\/amreka-ypg1862018-1.jpg\",\"contentUrl\":\"https:\\\/\\\/darkamazi.site\\\/darka-content\\\/uploads\\\/2020\\\/01\\\/amreka-ypg1862018-1.jpg\",\"width\":750,\"height\":422,\"caption\":\"ABD ve Rusyan\u0131n Rojava'da ki gerginli\u011fi devam ediyor\"},{\"@type\":\"BreadcrumbList\",\"@id\":\"https:\\\/\\\/darkamazi.site\\\/archives\\\/1008222#breadcrumb\",\"itemListElement\":[{\"@type\":\"ListItem\",\"position\":1,\"name\":\"Home\",\"item\":\"https:\\\/\\\/darkamazi.site\\\/\"},{\"@type\":\"ListItem\",\"position\":2,\"name\":\"ABD ve Rusyan\u0131n Rojava&#8217;da ki gerginli\u011fi devam ediyor\"}]},{\"@type\":\"WebSite\",\"@id\":\"https:\\\/\\\/darkamazi.site\\\/#website\",\"url\":\"https:\\\/\\\/darkamazi.site\\\/\",\"name\":\"Darka Mazi\",\"description\":\"Ana Sayfa\",\"publisher\":{\"@id\":\"https:\\\/\\\/darkamazi.site\\\/#organization\"},\"potentialAction\":[{\"@type\":\"SearchAction\",\"target\":{\"@type\":\"EntryPoint\",\"urlTemplate\":\"https:\\\/\\\/darkamazi.site\\\/?s={search_term_string}\"},\"query-input\":{\"@type\":\"PropertyValueSpecification\",\"valueRequired\":true,\"valueName\":\"search_term_string\"}}],\"inLanguage\":\"en-US\"},{\"@type\":\"Organization\",\"@id\":\"https:\\\/\\\/darkamazi.site\\\/#organization\",\"name\":\"Darka Mazi T\u00fcrk\u00e7e\",\"alternateName\":\"Darka Mazi\",\"url\":\"https:\\\/\\\/darkamazi.site\\\/\",\"logo\":{\"@type\":\"ImageObject\",\"inLanguage\":\"en-US\",\"@id\":\"https:\\\/\\\/darkamazi.site\\\/#\\\/schema\\\/logo\\\/image\\\/\",\"url\":\"https:\\\/\\\/darkamazi.site\\\/darka-content\\\/uploads\\\/2017\\\/12\\\/darka-mazi-logo.png\",\"contentUrl\":\"https:\\\/\\\/darkamazi.site\\\/darka-content\\\/uploads\\\/2017\\\/12\\\/darka-mazi-logo.png\",\"width\":151,\"height\":75,\"caption\":\"Darka Mazi T\u00fcrk\u00e7e\"},\"image\":{\"@id\":\"https:\\\/\\\/darkamazi.site\\\/#\\\/schema\\\/logo\\\/image\\\/\"},\"sameAs\":[\"https:\\\/\\\/www.facebook.com\\\/DarkaMaziturkce\",\"https:\\\/\\\/x.com\\\/DarkaMaziTurkce\"]},{\"@type\":\"Person\",\"@id\":\"https:\\\/\\\/darkamazi.site\\\/#\\\/schema\\\/person\\\/67986a95ac546c16760365877ef4a9d3\",\"name\":\"darka mazi\",\"sameAs\":[\"https:\\\/\\\/darkamazi.site\"],\"url\":\"https:\\\/\\\/darkamazi.site\\\/archives\\\/author\\\/turkish\"}]}<\/script>\n<!-- \/ Yoast SEO plugin. -->","seo_head_json":{"title":"ABD ve Rusyan\u0131n Rojava'da ki gerginli\u011fi devam ediyor - Darka Mazi","robots":{"index":"index","follow":"follow","max-snippet":"max-snippet:-1","max-image-preview":"max-image-preview:large","max-video-preview":"max-video-preview:-1"},"canonical":"https:\/\/darkamazi.site\/archives\/1008222","og_locale":"en_US","og_type":"article","og_title":"ABD ve Rusyan\u0131n Rojava'da ki gerginli\u011fi devam ediyor - Darka Mazi","og_description":"ABD ordusu ve Rusya 2015 y\u0131l\u0131nda imzalad\u0131klar\u0131 G\u00fc\u00e7lerin G\u00fcvenli Ay\u0131r\u015fmas\u0131 anla\u015fmas\u0131na ra\u011fmen Rojava&#8217;da art\u0131k daha s\u0131k problem ya\u015f\u0131yorlar. T\u00fcrkiye&#8217;nin Rojavay\u0131 i\u015fgal giri\u015fim sonras\u0131 imzalanan anla\u015fma h\u00fck\u00fcmleri uygulanamaz oldu. Suriye insan Haklar\u0131 G\u00f6zlem Evi (SOHR) yapt\u0131\u011f\u0131 a\u00e7\u0131klamada ABD ordusuna ait g\u00fc\u00e7lerin M4 karayolu \u00fczerinde yeni bir kontrol noktas\u0131 olu\u015fturdu\u011funu a\u00e7\u0131klad\u0131, Kontrol noktas\u0131n\u0131n amac\u0131n\u0131n ise Rusya\u2019n\u0131n Amude [&hellip;]","og_url":"https:\/\/darkamazi.site\/archives\/1008222","og_site_name":"Darka Mazi","article_publisher":"https:\/\/www.facebook.com\/DarkaMaziturkce","article_published_time":"2020-01-23T10:01:23+00:00","og_image":[{"width":750,"height":422,"url":"https:\/\/darkamazi.site\/file\/2020\/01\/amreka-ypg1862018-1.jpg","type":"image\/jpeg"}],"author":"darka mazi","twitter_card":"summary_large_image","twitter_creator":"@DarkaMaziTurkce","twitter_site":"@DarkaMaziTurkce","twitter_misc":{"Written by":"darka mazi","Est. reading time":"3 minutes"},"schema":{"@context":"https:\/\/schema.org","@graph":[{"@type":"NewsArticle","@id":"https:\/\/darkamazi.site\/archives\/1008222#article","isPartOf":{"@id":"https:\/\/darkamazi.site\/archives\/1008222"},"author":{"name":"darka mazi","@id":"https:\/\/darkamazi.site\/#\/schema\/person\/67986a95ac546c16760365877ef4a9d3"},"headline":"ABD ve Rusyan\u0131n Rojava&#8217;da ki gerginli\u011fi devam ediyor","datePublished":"2020-01-23T10:01:23+00:00","mainEntityOfPage":{"@id":"https:\/\/darkamazi.site\/archives\/1008222"},"wordCount":555,"publisher":{"@id":"https:\/\/darkamazi.site\/#organization"},"image":{"@id":"https:\/\/darkamazi.site\/archives\/1008222#primaryimage"},"thumbnailUrl":"https:\/\/darkamazi.site\/file\/2020\/01\/amreka-ypg1862018-1.jpg","keywords":["\u00f6nemli"],"articleSection":["Kurdistan"],"inLanguage":"en-US"},{"@type":"WebPage","@id":"https:\/\/darkamazi.site\/archives\/1008222","url":"https:\/\/darkamazi.site\/archives\/1008222","name":"ABD ve Rusyan\u0131n Rojava'da ki gerginli\u011fi devam ediyor - Darka Mazi","isPartOf":{"@id":"https:\/\/darkamazi.site\/#website"},"primaryImageOfPage":{"@id":"https:\/\/darkamazi.site\/archives\/1008222#primaryimage"},"image":{"@id":"https:\/\/darkamazi.site\/archives\/1008222#primaryimage"},"thumbnailUrl":"https:\/\/darkamazi.site\/file\/2020\/01\/amreka-ypg1862018-1.jpg","datePublished":"2020-01-23T10:01:23+00:00","breadcrumb":{"@id":"https:\/\/darkamazi.site\/archives\/1008222#breadcrumb"},"inLanguage":"en-US","potentialAction":[{"@type":"ReadAction","target":["https:\/\/darkamazi.site\/archives\/1008222"]}]},{"@type":"ImageObject","inLanguage":"en-US","@id":"https:\/\/darkamazi.site\/archives\/1008222#primaryimage","url":"https:\/\/darkamazi.site\/file\/2020\/01\/amreka-ypg1862018-1.jpg","contentUrl":"https:\/\/darkamazi.site\/file\/2020\/01\/amreka-ypg1862018-1.jpg","width":750,"height":422,"caption":"ABD ve Rusyan\u0131n Rojava'da ki gerginli\u011fi devam ediyor"},{"@type":"BreadcrumbList","@id":"https:\/\/darkamazi.site\/archives\/1008222#breadcrumb","itemListElement":[{"@type":"ListItem","position":1,"name":"Home","item":"https:\/\/darkamazi.site\/"},{"@type":"ListItem","position":2,"name":"ABD ve Rusyan\u0131n Rojava&#8217;da ki gerginli\u011fi devam ediyor"}]},{"@type":"WebSite","@id":"https:\/\/darkamazi.site\/#website","url":"https:\/\/darkamazi.site\/","name":"Darka Mazi","description":"Ana Sayfa","publisher":{"@id":"https:\/\/darkamazi.site\/#organization"},"potentialAction":[{"@type":"SearchAction","target":{"@type":"EntryPoint","urlTemplate":"https:\/\/darkamazi.site\/?s={search_term_string}"},"query-input":{"@type":"PropertyValueSpecification","valueRequired":true,"valueName":"search_term_string"}}],"inLanguage":"en-US"},{"@type":"Organization","@id":"https:\/\/darkamazi.site\/#organization","name":"Darka Mazi T\u00fcrk\u00e7e","alternateName":"Darka Mazi","url":"https:\/\/darkamazi.site\/","logo":{"@type":"ImageObject","inLanguage":"en-US","@id":"https:\/\/darkamazi.site\/#\/schema\/logo\/image\/","url":"https:\/\/darkamazi.site\/file\/2017\/12\/darka-mazi-logo.png","contentUrl":"https:\/\/darkamazi.site\/file\/2017\/12\/darka-mazi-logo.png","width":151,"height":75,"caption":"Darka Mazi T\u00fcrk\u00e7e"},"image":{"@id":"https:\/\/darkamazi.site\/#\/schema\/logo\/image\/"},"sameAs":["https:\/\/www.facebook.com\/DarkaMaziturkce","https:\/\/x.com\/DarkaMaziTurkce"]},{"@type":"Person","@id":"https:\/\/darkamazi.site\/#\/schema\/person\/67986a95ac546c16760365877ef4a9d3","name":"darka mazi","sameAs":["https:\/\/darkamazi.site"],"url":"https:\/\/darkamazi.site\/archives\/author\/turkish"}]}},"_links":{"self":[{"href":"https:\/\/darkamazi.site\/funavuv\/wp\/v2\/posts\/1008222","targetHints":{"allow":["GET"]}}],"collection":[{"href":"https:\/\/darkamazi.site\/funavuv\/wp\/v2\/posts"}],"about":[{"href":"https:\/\/darkamazi.site\/funavuv\/wp\/v2\/types\/post"}],"author":[{"embeddable":true,"href":"https:\/\/darkamazi.site\/funavuv\/wp\/v2\/users\/2"}],"replies":[{"embeddable":true,"href":"https:\/\/darkamazi.site\/funavuv\/wp\/v2\/comments?post=1008222"}],"version-history":[{"count":0,"href":"https:\/\/darkamazi.site\/funavuv\/wp\/v2\/posts\/1008222\/revisions"}],"wp:featuredmedia":[{"embeddable":true,"href":"https:\/\/darkamazi.site\/funavuv\/wp\/v2\/media\/1008224"}],"wp:attachment":[{"href":"https:\/\/darkamazi.site\/funavuv\/wp\/v2\/media?parent=1008222"}],"wp:term":[{"taxonomy":"category","embeddable":true,"href":"https:\/\/darkamazi.site\/funavuv\/wp\/v2\/categories?post=1008222"},{"taxonomy":"post_tag","embeddable":true,"href":"https:\/\/darkamazi.site\/funavuv\/wp\/v2\/tags?post=1008222"}],"curies":[{"name":"wp","href":"https:\/\/api.w.org\/{rel}","templated":true}]}}