{"id":1008287,"date":"2020-01-28T10:27:43","date_gmt":"2020-01-28T07:27:43","guid":{"rendered":"https:\/\/darkamazi.site\/?p=1008287"},"modified":"2026-03-31T16:45:09","modified_gmt":"2026-03-31T13:45:09","slug":"iraka-karsi-ortak-aciklama","status":"publish","type":"post","link":"https:\/\/darkamazi.site\/archives\/1008287","title":{"rendered":"Irak&#8217;a kar\u015f\u0131 ortak a\u00e7\u0131klama"},"content":{"rendered":"<h3 style=\"text-align: justify\"><span style=\"font-family: 'arial black', sans-serif;font-size: 12pt\">Irak&#8217;ta diplomatik temsilcilikleri bulunan \u00a016 \u00fclke , aralar\u0131nda ABD, \u0130ngiltere ve Fransa&#8217;n\u0131n yer ald\u0131\u011f\u0131 , g\u00f6stericilere y\u00f6nelik a\u015f\u0131r\u0131 g\u00fc\u00e7 kullan\u0131m\u0131na tepki g\u00f6stererek, sorumlular hakk\u0131nda soru\u015fturma a\u00e7\u0131lmas\u0131 \u00e7a\u011fr\u0131s\u0131nda bulundu.<\/span><\/h3>\n<p style=\"text-align: justify\">ABD, Almanya, \u00c7ekya, Finlandiya, Fransa, H\u0131rvatistan, Hollanda, \u0130ngiltere, \u0130spanya, \u0130sve\u00e7, \u0130talya, Kanada, Macaristan, Norve\u00e7, Polonya, ve Romanya&#8217;n\u0131n Irak&#8217;taki temsilcilikleri g\u00f6stericilere y\u00f6nelik orant\u0131s\u0131z \u015fiddeti k\u0131namak amac\u0131yla ortak a\u00e7\u0131klama yapt\u0131.<\/p>\n<p style=\"text-align: justify\">A\u00e7\u0131klamada, &#8220;Irak g\u00fcvenlik g\u00fc\u00e7lerinin 24 Ocak&#8217;tan bu yana Ba\u011fdat, Nas\u0131riye ve Basra vilayetlerinde devam eden bar\u0131\u015f\u00e7\u0131l g\u00f6sterilere a\u015f\u0131r\u0131 g\u00fc\u00e7 kullanarak m\u00fcdahalesinin \u00f6l\u00fcmlere neden olmas\u0131n\u0131 k\u0131n\u0131yoruz&#8221; ifadelerine yer verildi.<\/p>\n<p style=\"text-align: justify\">H\u00fck\u00fcmetin verdi\u011fi s\u00f6zlere ra\u011fmen g\u00fcvenlik g\u00fc\u00e7lerinin ger\u00e7ek mermiyle g\u00f6stericilere ate\u015f a\u00e7t\u0131\u011f\u0131 vurgulanan a\u00e7\u0131klamada, \u00e7ok say\u0131da ki\u015finin \u00f6ld\u00fc\u011f\u00fc veya yaraland\u0131\u011f\u0131, baz\u0131lar\u0131n\u0131n ise ka\u00e7\u0131r\u0131ld\u0131\u011f\u0131 ifade edildi.<\/p>\n<p style=\"text-align: justify\">A\u00e7\u0131klamada, &#8220;Irak Anayasas\u0131&#8217;nda belirtildi\u011fi \u00fczere toplant\u0131 ve bar\u0131\u015f\u00e7\u0131l g\u00f6steri hakk\u0131na sayg\u0131 duyulmas\u0131, ekim ay\u0131ndan bu yana g\u00f6sterilerde \u00f6len 500 ki\u015fi hakk\u0131nda gerekli soru\u015fturman\u0131n yap\u0131lmas\u0131&#8221; \u00e7a\u011fr\u0131s\u0131nda bulunuldu.<\/p>\n<p style=\"text-align: justify\">Irak&#8217;ta\u00a0 Ekim 2019&#8217;dan bu yana yolsuzluk, altyap\u0131 yetersizli\u011fi, i\u015fsizlik ve \u00fclkenin i\u00e7 i\u015flerine y\u00f6nelik d\u0131\u015f m\u00fcdahaleler gibi \u00e7e\u015fitli gerek\u00e7elerle h\u00fck\u00fcmet kar\u015f\u0131t\u0131 g\u00f6steriler d\u00fczenleniyor.<\/p>\n<p style=\"text-align: justify\">Ba\u015fbakan Adil Abdulmehdi, protestolar \u00fczerine 29 Kas\u0131m&#8217;da istifa etti, buna kar\u015f\u0131n \u00fclkede yeni h\u00fck\u00fcmet hen\u00fcz kurulamad\u0131. H\u00fck\u00fcmet bo\u015flu\u011fu ve protestocular\u0131n aral\u0131ks\u0131z eylemleri siyasi arenada ciddi endi\u015feler yarat\u0131yor.<\/p>\n<p style=\"text-align: justify\">Irak g\u00fcvenlik g\u00fc\u00e7leri ge\u00e7en haftadan bu yana Ba\u011fdat, Zikar, Basra ve di\u011fer vilayetlerdeki protestolar\u0131n yap\u0131ld\u0131\u011f\u0131 meydanlara girmek i\u00e7in a\u015f\u0131r\u0131 g\u00fc\u00e7 kullan\u0131yor. Protestocular\u0131n meydanlar\u0131 bo\u015faltmas\u0131n\u0131 isteyen g\u00fcvenlik g\u00fc\u00e7leri, g\u00f6stericilere ger\u00e7ek mermiyle ate\u015f a\u00e7\u0131yor.<\/p>\n<p style=\"text-align: justify\">Ayr\u0131ca g\u00f6sterilerde \u0130ran&#8217;\u0131n Irak&#8217;taki n\u00fcfuzuna da tepki g\u00f6steriliyor.<\/p>\n","protected":false},"excerpt":{"rendered":"<p>Irak&#8217;ta diplomatik temsilcilikleri bulunan \u00a016 \u00fclke , aralar\u0131nda ABD, \u0130ngiltere ve Fransa&#8217;n\u0131n yer ald\u0131\u011f\u0131 , g\u00f6stericilere y\u00f6nelik a\u015f\u0131r\u0131 g\u00fc\u00e7 kullan\u0131m\u0131na tepki g\u00f6stererek, sorumlular hakk\u0131nda soru\u015fturma a\u00e7\u0131lmas\u0131 \u00e7a\u011fr\u0131s\u0131nda bulundu. ABD, Almanya, \u00c7ekya, Finlandiya, Fransa, H\u0131rvatistan, Hollanda, \u0130ngiltere, \u0130spanya, \u0130sve\u00e7, \u0130talya, Kanada, Macaristan, Norve\u00e7, Polonya, ve Romanya&#8217;n\u0131n Irak&#8217;taki temsilcilikleri g\u00f6stericilere y\u00f6nelik orant\u0131s\u0131z \u015fiddeti k\u0131namak amac\u0131yla ortak a\u00e7\u0131klama [&hellip;]<\/p>\n","protected":false},"author":2,"featured_media":1008288,"comment_status":"closed","ping_status":"closed","sticky":false,"template":"","format":"standard","meta":{"footnotes":""},"categories":[29],"tags":[],"class_list":["post-1008287","post","type-post","status-publish","format-standard","has-post-thumbnail","hentry","category-ortadogu"],"blocksy_meta":[],"seo_head":"<!-- This site is optimized with the Yoast SEO plugin v27.5 - https:\/\/yoast.com\/product\/yoast-seo-wordpress\/ -->\n<title>Irak&#039;a kar\u015f\u0131 ortak a\u00e7\u0131klama - Darka Mazi<\/title>\n<meta name=\"robots\" content=\"index, follow, max-snippet:-1, max-image-preview:large, max-video-preview:-1\" \/>\n<link rel=\"canonical\" href=\"https:\/\/darkamazi.site\/archives\/1008287\" \/>\n<meta property=\"og:locale\" content=\"en_US\" \/>\n<meta property=\"og:type\" content=\"article\" \/>\n<meta property=\"og:title\" content=\"Irak&#039;a kar\u015f\u0131 ortak a\u00e7\u0131klama - Darka Mazi\" \/>\n<meta property=\"og:description\" content=\"Irak&#8217;ta diplomatik temsilcilikleri bulunan \u00a016 \u00fclke , aralar\u0131nda ABD, \u0130ngiltere ve Fransa&#8217;n\u0131n yer ald\u0131\u011f\u0131 , g\u00f6stericilere y\u00f6nelik a\u015f\u0131r\u0131 g\u00fc\u00e7 kullan\u0131m\u0131na tepki g\u00f6stererek, sorumlular hakk\u0131nda soru\u015fturma a\u00e7\u0131lmas\u0131 \u00e7a\u011fr\u0131s\u0131nda bulundu. ABD, Almanya, \u00c7ekya, Finlandiya, Fransa, H\u0131rvatistan, Hollanda, \u0130ngiltere, \u0130spanya, \u0130sve\u00e7, \u0130talya, Kanada, Macaristan, Norve\u00e7, Polonya, ve Romanya&#8217;n\u0131n Irak&#8217;taki temsilcilikleri g\u00f6stericilere y\u00f6nelik orant\u0131s\u0131z \u015fiddeti k\u0131namak amac\u0131yla ortak a\u00e7\u0131klama [&hellip;]\" \/>\n<meta property=\"og:url\" content=\"https:\/\/darkamazi.site\/archives\/1008287\" \/>\n<meta property=\"og:site_name\" content=\"Darka Mazi\" \/>\n<meta property=\"article:publisher\" content=\"https:\/\/www.facebook.com\/DarkaMaziturkce\" \/>\n<meta property=\"article:published_time\" content=\"2020-01-28T07:27:43+00:00\" \/>\n<meta property=\"article:modified_time\" content=\"2026-03-31T13:45:09+00:00\" \/>\n<meta property=\"og:image\" content=\"https:\/\/darkamazi.site\/file\/2020\/01\/iraq-3-1.jpg\" \/>\n\t<meta property=\"og:image:width\" content=\"795\" \/>\n\t<meta property=\"og:image:height\" content=\"542\" \/>\n\t<meta property=\"og:image:type\" content=\"image\/jpeg\" \/>\n<meta name=\"author\" content=\"darka mazi\" \/>\n<meta name=\"twitter:card\" content=\"summary_large_image\" \/>\n<meta name=\"twitter:creator\" content=\"@DarkaMaziTurkce\" \/>\n<meta name=\"twitter:site\" content=\"@DarkaMaziTurkce\" \/>\n<meta name=\"twitter:label1\" content=\"Written by\" \/>\n\t<meta name=\"twitter:data1\" content=\"darka mazi\" \/>\n\t<meta name=\"twitter:label2\" content=\"Est. reading time\" \/>\n\t<meta name=\"twitter:data2\" content=\"2 minutes\" \/>\n<script type=\"application\/ld+json\" class=\"seo-schema-graph\">{\"@context\":\"https:\\\/\\\/schema.org\",\"@graph\":[{\"@type\":\"NewsArticle\",\"@id\":\"https:\\\/\\\/darkamazi.site\\\/archives\\\/1008287#article\",\"isPartOf\":{\"@id\":\"https:\\\/\\\/darkamazi.site\\\/archives\\\/1008287\"},\"author\":{\"name\":\"darka mazi\",\"@id\":\"https:\\\/\\\/darkamazi.site\\\/#\\\/schema\\\/person\\\/67986a95ac546c16760365877ef4a9d3\"},\"headline\":\"Irak&#8217;a kar\u015f\u0131 ortak a\u00e7\u0131klama\",\"datePublished\":\"2020-01-28T07:27:43+00:00\",\"dateModified\":\"2026-03-31T13:45:09+00:00\",\"mainEntityOfPage\":{\"@id\":\"https:\\\/\\\/darkamazi.site\\\/archives\\\/1008287\"},\"wordCount\":352,\"publisher\":{\"@id\":\"https:\\\/\\\/darkamazi.site\\\/#organization\"},\"image\":{\"@id\":\"https:\\\/\\\/darkamazi.site\\\/archives\\\/1008287#primaryimage\"},\"thumbnailUrl\":\"https:\\\/\\\/darkamazi.site\\\/darka-content\\\/uploads\\\/2020\\\/01\\\/iraq-3-1.jpg\",\"articleSection\":[\"Ortado\u011fu\"],\"inLanguage\":\"en-US\"},{\"@type\":\"WebPage\",\"@id\":\"https:\\\/\\\/darkamazi.site\\\/archives\\\/1008287\",\"url\":\"https:\\\/\\\/darkamazi.site\\\/archives\\\/1008287\",\"name\":\"Irak'a kar\u015f\u0131 ortak a\u00e7\u0131klama - Darka Mazi\",\"isPartOf\":{\"@id\":\"https:\\\/\\\/darkamazi.site\\\/#website\"},\"primaryImageOfPage\":{\"@id\":\"https:\\\/\\\/darkamazi.site\\\/archives\\\/1008287#primaryimage\"},\"image\":{\"@id\":\"https:\\\/\\\/darkamazi.site\\\/archives\\\/1008287#primaryimage\"},\"thumbnailUrl\":\"https:\\\/\\\/darkamazi.site\\\/darka-content\\\/uploads\\\/2020\\\/01\\\/iraq-3-1.jpg\",\"datePublished\":\"2020-01-28T07:27:43+00:00\",\"dateModified\":\"2026-03-31T13:45:09+00:00\",\"breadcrumb\":{\"@id\":\"https:\\\/\\\/darkamazi.site\\\/archives\\\/1008287#breadcrumb\"},\"inLanguage\":\"en-US\",\"potentialAction\":[{\"@type\":\"ReadAction\",\"target\":[\"https:\\\/\\\/darkamazi.site\\\/archives\\\/1008287\"]}]},{\"@type\":\"ImageObject\",\"inLanguage\":\"en-US\",\"@id\":\"https:\\\/\\\/darkamazi.site\\\/archives\\\/1008287#primaryimage\",\"url\":\"https:\\\/\\\/darkamazi.site\\\/darka-content\\\/uploads\\\/2020\\\/01\\\/iraq-3-1.jpg\",\"contentUrl\":\"https:\\\/\\\/darkamazi.site\\\/darka-content\\\/uploads\\\/2020\\\/01\\\/iraq-3-1.jpg\",\"width\":795,\"height\":542,\"caption\":\"Irak'a kar\u015f\u0131 ortak a\u00e7\u0131klama\"},{\"@type\":\"BreadcrumbList\",\"@id\":\"https:\\\/\\\/darkamazi.site\\\/archives\\\/1008287#breadcrumb\",\"itemListElement\":[{\"@type\":\"ListItem\",\"position\":1,\"name\":\"Home\",\"item\":\"https:\\\/\\\/darkamazi.site\\\/\"},{\"@type\":\"ListItem\",\"position\":2,\"name\":\"Irak&#8217;a kar\u015f\u0131 ortak a\u00e7\u0131klama\"}]},{\"@type\":\"WebSite\",\"@id\":\"https:\\\/\\\/darkamazi.site\\\/#website\",\"url\":\"https:\\\/\\\/darkamazi.site\\\/\",\"name\":\"Darka Mazi\",\"description\":\"Ana Sayfa\",\"publisher\":{\"@id\":\"https:\\\/\\\/darkamazi.site\\\/#organization\"},\"potentialAction\":[{\"@type\":\"SearchAction\",\"target\":{\"@type\":\"EntryPoint\",\"urlTemplate\":\"https:\\\/\\\/darkamazi.site\\\/?s={search_term_string}\"},\"query-input\":{\"@type\":\"PropertyValueSpecification\",\"valueRequired\":true,\"valueName\":\"search_term_string\"}}],\"inLanguage\":\"en-US\"},{\"@type\":\"Organization\",\"@id\":\"https:\\\/\\\/darkamazi.site\\\/#organization\",\"name\":\"Darka Mazi T\u00fcrk\u00e7e\",\"alternateName\":\"Darka Mazi\",\"url\":\"https:\\\/\\\/darkamazi.site\\\/\",\"logo\":{\"@type\":\"ImageObject\",\"inLanguage\":\"en-US\",\"@id\":\"https:\\\/\\\/darkamazi.site\\\/#\\\/schema\\\/logo\\\/image\\\/\",\"url\":\"https:\\\/\\\/darkamazi.site\\\/darka-content\\\/uploads\\\/2017\\\/12\\\/darka-mazi-logo.png\",\"contentUrl\":\"https:\\\/\\\/darkamazi.site\\\/darka-content\\\/uploads\\\/2017\\\/12\\\/darka-mazi-logo.png\",\"width\":151,\"height\":75,\"caption\":\"Darka Mazi T\u00fcrk\u00e7e\"},\"image\":{\"@id\":\"https:\\\/\\\/darkamazi.site\\\/#\\\/schema\\\/logo\\\/image\\\/\"},\"sameAs\":[\"https:\\\/\\\/www.facebook.com\\\/DarkaMaziturkce\",\"https:\\\/\\\/x.com\\\/DarkaMaziTurkce\"]},{\"@type\":\"Person\",\"@id\":\"https:\\\/\\\/darkamazi.site\\\/#\\\/schema\\\/person\\\/67986a95ac546c16760365877ef4a9d3\",\"name\":\"darka mazi\",\"sameAs\":[\"https:\\\/\\\/darkamazi.site\"],\"url\":\"https:\\\/\\\/darkamazi.site\\\/archives\\\/author\\\/turkish\"}]}<\/script>\n<!-- \/ Yoast SEO plugin. -->","seo_head_json":{"title":"Irak'a kar\u015f\u0131 ortak a\u00e7\u0131klama - Darka Mazi","robots":{"index":"index","follow":"follow","max-snippet":"max-snippet:-1","max-image-preview":"max-image-preview:large","max-video-preview":"max-video-preview:-1"},"canonical":"https:\/\/darkamazi.site\/archives\/1008287","og_locale":"en_US","og_type":"article","og_title":"Irak'a kar\u015f\u0131 ortak a\u00e7\u0131klama - Darka Mazi","og_description":"Irak&#8217;ta diplomatik temsilcilikleri bulunan \u00a016 \u00fclke , aralar\u0131nda ABD, \u0130ngiltere ve Fransa&#8217;n\u0131n yer ald\u0131\u011f\u0131 , g\u00f6stericilere y\u00f6nelik a\u015f\u0131r\u0131 g\u00fc\u00e7 kullan\u0131m\u0131na tepki g\u00f6stererek, sorumlular hakk\u0131nda soru\u015fturma a\u00e7\u0131lmas\u0131 \u00e7a\u011fr\u0131s\u0131nda bulundu. ABD, Almanya, \u00c7ekya, Finlandiya, Fransa, H\u0131rvatistan, Hollanda, \u0130ngiltere, \u0130spanya, \u0130sve\u00e7, \u0130talya, Kanada, Macaristan, Norve\u00e7, Polonya, ve Romanya&#8217;n\u0131n Irak&#8217;taki temsilcilikleri g\u00f6stericilere y\u00f6nelik orant\u0131s\u0131z \u015fiddeti k\u0131namak amac\u0131yla ortak a\u00e7\u0131klama [&hellip;]","og_url":"https:\/\/darkamazi.site\/archives\/1008287","og_site_name":"Darka Mazi","article_publisher":"https:\/\/www.facebook.com\/DarkaMaziturkce","article_published_time":"2020-01-28T07:27:43+00:00","article_modified_time":"2026-03-31T13:45:09+00:00","og_image":[{"width":795,"height":542,"url":"https:\/\/darkamazi.site\/file\/2020\/01\/iraq-3-1.jpg","type":"image\/jpeg"}],"author":"darka mazi","twitter_card":"summary_large_image","twitter_creator":"@DarkaMaziTurkce","twitter_site":"@DarkaMaziTurkce","twitter_misc":{"Written by":"darka mazi","Est. reading time":"2 minutes"},"schema":{"@context":"https:\/\/schema.org","@graph":[{"@type":"NewsArticle","@id":"https:\/\/darkamazi.site\/archives\/1008287#article","isPartOf":{"@id":"https:\/\/darkamazi.site\/archives\/1008287"},"author":{"name":"darka mazi","@id":"https:\/\/darkamazi.site\/#\/schema\/person\/67986a95ac546c16760365877ef4a9d3"},"headline":"Irak&#8217;a kar\u015f\u0131 ortak a\u00e7\u0131klama","datePublished":"2020-01-28T07:27:43+00:00","dateModified":"2026-03-31T13:45:09+00:00","mainEntityOfPage":{"@id":"https:\/\/darkamazi.site\/archives\/1008287"},"wordCount":352,"publisher":{"@id":"https:\/\/darkamazi.site\/#organization"},"image":{"@id":"https:\/\/darkamazi.site\/archives\/1008287#primaryimage"},"thumbnailUrl":"https:\/\/darkamazi.site\/file\/2020\/01\/iraq-3-1.jpg","articleSection":["Ortado\u011fu"],"inLanguage":"en-US"},{"@type":"WebPage","@id":"https:\/\/darkamazi.site\/archives\/1008287","url":"https:\/\/darkamazi.site\/archives\/1008287","name":"Irak'a kar\u015f\u0131 ortak a\u00e7\u0131klama - Darka Mazi","isPartOf":{"@id":"https:\/\/darkamazi.site\/#website"},"primaryImageOfPage":{"@id":"https:\/\/darkamazi.site\/archives\/1008287#primaryimage"},"image":{"@id":"https:\/\/darkamazi.site\/archives\/1008287#primaryimage"},"thumbnailUrl":"https:\/\/darkamazi.site\/file\/2020\/01\/iraq-3-1.jpg","datePublished":"2020-01-28T07:27:43+00:00","dateModified":"2026-03-31T13:45:09+00:00","breadcrumb":{"@id":"https:\/\/darkamazi.site\/archives\/1008287#breadcrumb"},"inLanguage":"en-US","potentialAction":[{"@type":"ReadAction","target":["https:\/\/darkamazi.site\/archives\/1008287"]}]},{"@type":"ImageObject","inLanguage":"en-US","@id":"https:\/\/darkamazi.site\/archives\/1008287#primaryimage","url":"https:\/\/darkamazi.site\/file\/2020\/01\/iraq-3-1.jpg","contentUrl":"https:\/\/darkamazi.site\/file\/2020\/01\/iraq-3-1.jpg","width":795,"height":542,"caption":"Irak'a kar\u015f\u0131 ortak a\u00e7\u0131klama"},{"@type":"BreadcrumbList","@id":"https:\/\/darkamazi.site\/archives\/1008287#breadcrumb","itemListElement":[{"@type":"ListItem","position":1,"name":"Home","item":"https:\/\/darkamazi.site\/"},{"@type":"ListItem","position":2,"name":"Irak&#8217;a kar\u015f\u0131 ortak a\u00e7\u0131klama"}]},{"@type":"WebSite","@id":"https:\/\/darkamazi.site\/#website","url":"https:\/\/darkamazi.site\/","name":"Darka Mazi","description":"Ana Sayfa","publisher":{"@id":"https:\/\/darkamazi.site\/#organization"},"potentialAction":[{"@type":"SearchAction","target":{"@type":"EntryPoint","urlTemplate":"https:\/\/darkamazi.site\/?s={search_term_string}"},"query-input":{"@type":"PropertyValueSpecification","valueRequired":true,"valueName":"search_term_string"}}],"inLanguage":"en-US"},{"@type":"Organization","@id":"https:\/\/darkamazi.site\/#organization","name":"Darka Mazi T\u00fcrk\u00e7e","alternateName":"Darka Mazi","url":"https:\/\/darkamazi.site\/","logo":{"@type":"ImageObject","inLanguage":"en-US","@id":"https:\/\/darkamazi.site\/#\/schema\/logo\/image\/","url":"https:\/\/darkamazi.site\/file\/2017\/12\/darka-mazi-logo.png","contentUrl":"https:\/\/darkamazi.site\/file\/2017\/12\/darka-mazi-logo.png","width":151,"height":75,"caption":"Darka Mazi T\u00fcrk\u00e7e"},"image":{"@id":"https:\/\/darkamazi.site\/#\/schema\/logo\/image\/"},"sameAs":["https:\/\/www.facebook.com\/DarkaMaziturkce","https:\/\/x.com\/DarkaMaziTurkce"]},{"@type":"Person","@id":"https:\/\/darkamazi.site\/#\/schema\/person\/67986a95ac546c16760365877ef4a9d3","name":"darka mazi","sameAs":["https:\/\/darkamazi.site"],"url":"https:\/\/darkamazi.site\/archives\/author\/turkish"}]}},"_links":{"self":[{"href":"https:\/\/darkamazi.site\/funavuv\/wp\/v2\/posts\/1008287","targetHints":{"allow":["GET"]}}],"collection":[{"href":"https:\/\/darkamazi.site\/funavuv\/wp\/v2\/posts"}],"about":[{"href":"https:\/\/darkamazi.site\/funavuv\/wp\/v2\/types\/post"}],"author":[{"embeddable":true,"href":"https:\/\/darkamazi.site\/funavuv\/wp\/v2\/users\/2"}],"replies":[{"embeddable":true,"href":"https:\/\/darkamazi.site\/funavuv\/wp\/v2\/comments?post=1008287"}],"version-history":[{"count":0,"href":"https:\/\/darkamazi.site\/funavuv\/wp\/v2\/posts\/1008287\/revisions"}],"wp:featuredmedia":[{"embeddable":true,"href":"https:\/\/darkamazi.site\/funavuv\/wp\/v2\/media\/1008288"}],"wp:attachment":[{"href":"https:\/\/darkamazi.site\/funavuv\/wp\/v2\/media?parent=1008287"}],"wp:term":[{"taxonomy":"category","embeddable":true,"href":"https:\/\/darkamazi.site\/funavuv\/wp\/v2\/categories?post=1008287"},{"taxonomy":"post_tag","embeddable":true,"href":"https:\/\/darkamazi.site\/funavuv\/wp\/v2\/tags?post=1008287"}],"curies":[{"name":"wp","href":"https:\/\/api.w.org\/{rel}","templated":true}]}}