{"id":1008338,"date":"2020-01-30T10:15:03","date_gmt":"2020-01-30T07:15:03","guid":{"rendered":"https:\/\/darkamazi.site\/?p=1008338"},"modified":"2026-03-31T16:45:07","modified_gmt":"2026-03-31T13:45:07","slug":"rusya-ve-cinden-veto-yardimlar-sinirda-kaldi","status":"publish","type":"post","link":"https:\/\/darkamazi.site\/archives\/1008338","title":{"rendered":"Rusya ve \u00c7in\u2019den veto: Yard\u0131mlar s\u0131n\u0131rda kald\u0131"},"content":{"rendered":"<h3 style=\"text-align: justify\"><\/h3>\n<h3 style=\"text-align: justify\"><\/h3>\n<h3 style=\"text-align: justify\"><span style=\"font-size: 12pt;font-family: 'arial black', sans-serif\">Rusya ve \u00c7in&#8217;in veto etmesiyle birlikte Irak ve \u00dcrd\u00fcn&#8217;den Suriye&#8217;ye gitmesi planlanan Birle\u015fmi\u015f Milletler (BM) \u0130nsani Yard\u0131m konvoyunun s\u0131n\u0131rda bekletildi\u011fi bildirildi.<\/span><\/h3>\n<h3 style=\"text-align: justify\"><span style=\"font-size: 12pt\">Ocak ay\u0131 ba\u015f\u0131nda BM G\u00fcvenlik Konseyi, alt\u0131 y\u0131ld\u0131r devam eden ve Suriye&#8217;deki m\u00fclteci ve di\u011fer sivillere ula\u015ft\u0131r\u0131lan insani yard\u0131m\u0131n devam etmesine karar verdi. S\u00f6z konusu yard\u0131mlar T\u00fcrkiye&#8217;deki iki s\u0131n\u0131r noktas\u0131ndan devam ederken, Rusya ve \u00c7in&#8217;in veto etmesiyle Iran ve \u00dcrd\u00fcn s\u0131n\u0131r \u015feridinde durduruldu.<\/span><\/h3>\n<h3 style=\"text-align: justify\"><span style=\"font-size: 12pt\">BM \u0130nsani Yard\u0131m Ba\u015fkan\u0131 Mark Lowcock \u00e7ar\u015famba g\u00fcn\u00fc yapt\u0131\u011f\u0131 a\u00e7\u0131klamada 400 bin t\u0131bbi malzeme paketinin Irak s\u0131n\u0131r\u0131nda s\u0131k\u0131\u015ft\u0131\u011f\u0131n\u0131 belirtirken, D\u00fcnya Sa\u011fl\u0131k \u00d6rg\u00fct\u00fc&#8217;n\u00fcn (WHO) uyar\u0131da bulundu\u011funu, \u00f6nlem al\u0131nmazsa Suriye&#8217;de devam eden t\u0131bbi yard\u0131m ve sa\u011fl\u0131k hizmetlerinin aksayaca\u011f\u0131n\u0131 s\u00f6yledi.<\/span><\/h3>\n<h3 style=\"text-align: justify\"><span style=\"font-size: 12pt\">Lowcock, &#8220;Ocak ay\u0131 i\u00e7erisinde \u015eam&#8217;dan Suriye&#8217;nin kuzeydo\u011fusuna hi\u00e7bir t\u0131bbi yard\u0131m konvoyu ula\u015fmad\u0131. En son aral\u0131k ay\u0131nda sadece 3 hava nakli yap\u0131lm\u0131\u015ft\u0131&#8221; dedi.<\/span><\/h3>\n<h3 style=\"text-align: justify\"><span style=\"font-size: 12pt\">Lowcock, Suriye h\u00fck\u00fcmeti dahil t\u00fcm taraflarla konunun g\u00f6r\u00fc\u015f\u00fcld\u00fc\u011f\u00fcn\u00fc belirterek, \u00fclkenin kuzeydo\u011fusunda yer alan ve insani yard\u0131m ta\u015f\u0131nmas\u0131nda kritik \u00f6neme ta\u015f\u0131yan bir otoban\u0131n a\u00e7\u0131lmas\u0131na \u00e7al\u0131\u015ft\u0131klar\u0131n\u0131 da s\u00f6zlerine ekledi.<\/span><\/h3>\n<h3 style=\"text-align: justify\"><span style=\"font-size: 12pt\">Rusya BM B\u00fcy\u00fckel\u00e7isi Vassily Nebenzia ise, konuyla ilgili \u00e7ekincelerin yersiz oldu\u011funu savundu.<\/span><\/h3>\n<h3 style=\"text-align: justify\"><span style=\"font-size: 12pt\">Nebenzia, Suriye&#8217;deki durumun de\u011fi\u015fti\u011fini, \u00fclkeye T\u00fcrkiye \u00fczerinden yard\u0131m geldi\u011fini ve Irak s\u0131n\u0131r\u0131n\u0131n kapat\u0131lmas\u0131n\u0131n sorun te\u015fkil etmeyece\u011fini s\u00f6yledi.<\/span><\/h3>\n<h3 style=\"text-align: justify\"><span style=\"font-size: 12pt\">\u00c7in BM B\u00fcy\u00fckel\u00e7isi Can Y\u00fcn (Zhang Jun) ise, ABD&#8217;nin kendilerine y\u00f6nelik su\u00e7lamalar\u0131n\u0131 kabul etmediklerini belirterek, &#8220;Her \u00fclke kendi pozisyonunu koruma hakk\u0131na sahiptir. Koloni d\u00f6nemini \u00e7oktan geride b\u0131rakt\u0131k. D\u00fcnya art\u0131k \u00e7ok de\u011fi\u015fti. T\u00fcm \u00fclkeler hep ABD ve \u0130ngiltere&#8217;nin yan\u0131nda m\u0131 yer alacak?&#8221; ifadelerini kulland\u0131.<\/span><\/h3>\n<h3 style=\"text-align: justify\"><span style=\"font-size: 12pt\">Yetkililer Suriye&#8217;ye g\u00f6nderilen insani ve t\u0131bbi yard\u0131m malzemelerinin Irak ve \u00dcrd\u00fcn s\u0131n\u0131r\u0131n\u0131n kapat\u0131lmas\u0131yla y\u00fczde 40 oran\u0131nda d\u00fc\u015ft\u00fc\u011f\u00fcn\u00fc belirtiyor.<\/span><\/h3>\n<h3 style=\"text-align: justify\"><span style=\"font-size: 12pt\">Kaynak k24<\/span><\/h3>\n","protected":false},"excerpt":{"rendered":"<p>Rusya ve \u00c7in&#8217;in veto etmesiyle birlikte Irak ve \u00dcrd\u00fcn&#8217;den Suriye&#8217;ye gitmesi planlanan Birle\u015fmi\u015f Milletler (BM) \u0130nsani Yard\u0131m konvoyunun s\u0131n\u0131rda bekletildi\u011fi bildirildi. Ocak ay\u0131 ba\u015f\u0131nda BM G\u00fcvenlik Konseyi, alt\u0131 y\u0131ld\u0131r devam eden ve Suriye&#8217;deki m\u00fclteci ve di\u011fer sivillere ula\u015ft\u0131r\u0131lan insani yard\u0131m\u0131n devam etmesine karar verdi. S\u00f6z konusu yard\u0131mlar T\u00fcrkiye&#8217;deki iki s\u0131n\u0131r noktas\u0131ndan devam ederken, Rusya ve [&hellip;]<\/p>\n","protected":false},"author":2,"featured_media":1008339,"comment_status":"closed","ping_status":"closed","sticky":false,"template":"","format":"standard","meta":{"footnotes":""},"categories":[6],"tags":[],"class_list":["post-1008338","post","type-post","status-publish","format-standard","has-post-thumbnail","hentry","category-dunya"],"blocksy_meta":[],"seo_head":"<!-- This site is optimized with the Yoast SEO plugin v27.5 - https:\/\/yoast.com\/product\/yoast-seo-wordpress\/ -->\n<title>Rusya ve \u00c7in\u2019den veto: Yard\u0131mlar s\u0131n\u0131rda kald\u0131 - Darka Mazi<\/title>\n<meta name=\"robots\" content=\"index, follow, max-snippet:-1, max-image-preview:large, max-video-preview:-1\" \/>\n<link rel=\"canonical\" href=\"https:\/\/darkamazi.site\/archives\/1008338\" \/>\n<meta property=\"og:locale\" content=\"en_US\" \/>\n<meta property=\"og:type\" content=\"article\" \/>\n<meta property=\"og:title\" content=\"Rusya ve \u00c7in\u2019den veto: Yard\u0131mlar s\u0131n\u0131rda kald\u0131 - Darka Mazi\" \/>\n<meta property=\"og:description\" content=\"Rusya ve \u00c7in&#8217;in veto etmesiyle birlikte Irak ve \u00dcrd\u00fcn&#8217;den Suriye&#8217;ye gitmesi planlanan Birle\u015fmi\u015f Milletler (BM) \u0130nsani Yard\u0131m konvoyunun s\u0131n\u0131rda bekletildi\u011fi bildirildi. Ocak ay\u0131 ba\u015f\u0131nda BM G\u00fcvenlik Konseyi, alt\u0131 y\u0131ld\u0131r devam eden ve Suriye&#8217;deki m\u00fclteci ve di\u011fer sivillere ula\u015ft\u0131r\u0131lan insani yard\u0131m\u0131n devam etmesine karar verdi. S\u00f6z konusu yard\u0131mlar T\u00fcrkiye&#8217;deki iki s\u0131n\u0131r noktas\u0131ndan devam ederken, Rusya ve [&hellip;]\" \/>\n<meta property=\"og:url\" content=\"https:\/\/darkamazi.site\/archives\/1008338\" \/>\n<meta property=\"og:site_name\" content=\"Darka Mazi\" \/>\n<meta property=\"article:publisher\" content=\"https:\/\/www.facebook.com\/DarkaMaziturkce\" \/>\n<meta property=\"article:published_time\" content=\"2020-01-30T07:15:03+00:00\" \/>\n<meta property=\"article:modified_time\" content=\"2026-03-31T13:45:07+00:00\" \/>\n<meta property=\"og:image\" content=\"https:\/\/darkamazi.site\/file\/2020\/01\/veto-bm.jpg\" \/>\n\t<meta property=\"og:image:width\" content=\"781\" \/>\n\t<meta property=\"og:image:height\" content=\"439\" \/>\n\t<meta property=\"og:image:type\" content=\"image\/jpeg\" \/>\n<meta name=\"author\" content=\"darka mazi\" \/>\n<meta name=\"twitter:card\" content=\"summary_large_image\" \/>\n<meta name=\"twitter:creator\" content=\"@DarkaMaziTurkce\" \/>\n<meta name=\"twitter:site\" content=\"@DarkaMaziTurkce\" \/>\n<meta name=\"twitter:label1\" content=\"Written by\" \/>\n\t<meta name=\"twitter:data1\" content=\"darka mazi\" \/>\n\t<meta name=\"twitter:label2\" content=\"Est. reading time\" \/>\n\t<meta name=\"twitter:data2\" content=\"2 minutes\" \/>\n<script type=\"application\/ld+json\" class=\"seo-schema-graph\">{\"@context\":\"https:\\\/\\\/schema.org\",\"@graph\":[{\"@type\":\"NewsArticle\",\"@id\":\"https:\\\/\\\/darkamazi.site\\\/archives\\\/1008338#article\",\"isPartOf\":{\"@id\":\"https:\\\/\\\/darkamazi.site\\\/archives\\\/1008338\"},\"author\":{\"name\":\"darka mazi\",\"@id\":\"https:\\\/\\\/darkamazi.site\\\/#\\\/schema\\\/person\\\/67986a95ac546c16760365877ef4a9d3\"},\"headline\":\"Rusya ve \u00c7in\u2019den veto: Yard\u0131mlar s\u0131n\u0131rda kald\u0131\",\"datePublished\":\"2020-01-30T07:15:03+00:00\",\"dateModified\":\"2026-03-31T13:45:07+00:00\",\"mainEntityOfPage\":{\"@id\":\"https:\\\/\\\/darkamazi.site\\\/archives\\\/1008338\"},\"wordCount\":395,\"publisher\":{\"@id\":\"https:\\\/\\\/darkamazi.site\\\/#organization\"},\"image\":{\"@id\":\"https:\\\/\\\/darkamazi.site\\\/archives\\\/1008338#primaryimage\"},\"thumbnailUrl\":\"https:\\\/\\\/darkamazi.site\\\/darka-content\\\/uploads\\\/2020\\\/01\\\/veto-bm.jpg\",\"articleSection\":[\"D\u00fcnya\"],\"inLanguage\":\"en-US\"},{\"@type\":\"WebPage\",\"@id\":\"https:\\\/\\\/darkamazi.site\\\/archives\\\/1008338\",\"url\":\"https:\\\/\\\/darkamazi.site\\\/archives\\\/1008338\",\"name\":\"Rusya ve \u00c7in\u2019den veto: Yard\u0131mlar s\u0131n\u0131rda kald\u0131 - Darka Mazi\",\"isPartOf\":{\"@id\":\"https:\\\/\\\/darkamazi.site\\\/#website\"},\"primaryImageOfPage\":{\"@id\":\"https:\\\/\\\/darkamazi.site\\\/archives\\\/1008338#primaryimage\"},\"image\":{\"@id\":\"https:\\\/\\\/darkamazi.site\\\/archives\\\/1008338#primaryimage\"},\"thumbnailUrl\":\"https:\\\/\\\/darkamazi.site\\\/darka-content\\\/uploads\\\/2020\\\/01\\\/veto-bm.jpg\",\"datePublished\":\"2020-01-30T07:15:03+00:00\",\"dateModified\":\"2026-03-31T13:45:07+00:00\",\"breadcrumb\":{\"@id\":\"https:\\\/\\\/darkamazi.site\\\/archives\\\/1008338#breadcrumb\"},\"inLanguage\":\"en-US\",\"potentialAction\":[{\"@type\":\"ReadAction\",\"target\":[\"https:\\\/\\\/darkamazi.site\\\/archives\\\/1008338\"]}]},{\"@type\":\"ImageObject\",\"inLanguage\":\"en-US\",\"@id\":\"https:\\\/\\\/darkamazi.site\\\/archives\\\/1008338#primaryimage\",\"url\":\"https:\\\/\\\/darkamazi.site\\\/darka-content\\\/uploads\\\/2020\\\/01\\\/veto-bm.jpg\",\"contentUrl\":\"https:\\\/\\\/darkamazi.site\\\/darka-content\\\/uploads\\\/2020\\\/01\\\/veto-bm.jpg\",\"width\":781,\"height\":439,\"caption\":\"Rusya ve \u00c7in\u2019den veto: Yard\u0131mlar s\u0131n\u0131rda kald\u0131\"},{\"@type\":\"BreadcrumbList\",\"@id\":\"https:\\\/\\\/darkamazi.site\\\/archives\\\/1008338#breadcrumb\",\"itemListElement\":[{\"@type\":\"ListItem\",\"position\":1,\"name\":\"Home\",\"item\":\"https:\\\/\\\/darkamazi.site\\\/\"},{\"@type\":\"ListItem\",\"position\":2,\"name\":\"Rusya ve \u00c7in\u2019den veto: Yard\u0131mlar s\u0131n\u0131rda kald\u0131\"}]},{\"@type\":\"WebSite\",\"@id\":\"https:\\\/\\\/darkamazi.site\\\/#website\",\"url\":\"https:\\\/\\\/darkamazi.site\\\/\",\"name\":\"Darka Mazi\",\"description\":\"Ana Sayfa\",\"publisher\":{\"@id\":\"https:\\\/\\\/darkamazi.site\\\/#organization\"},\"potentialAction\":[{\"@type\":\"SearchAction\",\"target\":{\"@type\":\"EntryPoint\",\"urlTemplate\":\"https:\\\/\\\/darkamazi.site\\\/?s={search_term_string}\"},\"query-input\":{\"@type\":\"PropertyValueSpecification\",\"valueRequired\":true,\"valueName\":\"search_term_string\"}}],\"inLanguage\":\"en-US\"},{\"@type\":\"Organization\",\"@id\":\"https:\\\/\\\/darkamazi.site\\\/#organization\",\"name\":\"Darka Mazi T\u00fcrk\u00e7e\",\"alternateName\":\"Darka Mazi\",\"url\":\"https:\\\/\\\/darkamazi.site\\\/\",\"logo\":{\"@type\":\"ImageObject\",\"inLanguage\":\"en-US\",\"@id\":\"https:\\\/\\\/darkamazi.site\\\/#\\\/schema\\\/logo\\\/image\\\/\",\"url\":\"https:\\\/\\\/darkamazi.site\\\/darka-content\\\/uploads\\\/2017\\\/12\\\/darka-mazi-logo.png\",\"contentUrl\":\"https:\\\/\\\/darkamazi.site\\\/darka-content\\\/uploads\\\/2017\\\/12\\\/darka-mazi-logo.png\",\"width\":151,\"height\":75,\"caption\":\"Darka Mazi T\u00fcrk\u00e7e\"},\"image\":{\"@id\":\"https:\\\/\\\/darkamazi.site\\\/#\\\/schema\\\/logo\\\/image\\\/\"},\"sameAs\":[\"https:\\\/\\\/www.facebook.com\\\/DarkaMaziturkce\",\"https:\\\/\\\/x.com\\\/DarkaMaziTurkce\"]},{\"@type\":\"Person\",\"@id\":\"https:\\\/\\\/darkamazi.site\\\/#\\\/schema\\\/person\\\/67986a95ac546c16760365877ef4a9d3\",\"name\":\"darka mazi\",\"sameAs\":[\"https:\\\/\\\/darkamazi.site\"],\"url\":\"https:\\\/\\\/darkamazi.site\\\/archives\\\/author\\\/turkish\"}]}<\/script>\n<!-- \/ Yoast SEO plugin. -->","seo_head_json":{"title":"Rusya ve \u00c7in\u2019den veto: Yard\u0131mlar s\u0131n\u0131rda kald\u0131 - Darka Mazi","robots":{"index":"index","follow":"follow","max-snippet":"max-snippet:-1","max-image-preview":"max-image-preview:large","max-video-preview":"max-video-preview:-1"},"canonical":"https:\/\/darkamazi.site\/archives\/1008338","og_locale":"en_US","og_type":"article","og_title":"Rusya ve \u00c7in\u2019den veto: Yard\u0131mlar s\u0131n\u0131rda kald\u0131 - Darka Mazi","og_description":"Rusya ve \u00c7in&#8217;in veto etmesiyle birlikte Irak ve \u00dcrd\u00fcn&#8217;den Suriye&#8217;ye gitmesi planlanan Birle\u015fmi\u015f Milletler (BM) \u0130nsani Yard\u0131m konvoyunun s\u0131n\u0131rda bekletildi\u011fi bildirildi. Ocak ay\u0131 ba\u015f\u0131nda BM G\u00fcvenlik Konseyi, alt\u0131 y\u0131ld\u0131r devam eden ve Suriye&#8217;deki m\u00fclteci ve di\u011fer sivillere ula\u015ft\u0131r\u0131lan insani yard\u0131m\u0131n devam etmesine karar verdi. S\u00f6z konusu yard\u0131mlar T\u00fcrkiye&#8217;deki iki s\u0131n\u0131r noktas\u0131ndan devam ederken, Rusya ve [&hellip;]","og_url":"https:\/\/darkamazi.site\/archives\/1008338","og_site_name":"Darka Mazi","article_publisher":"https:\/\/www.facebook.com\/DarkaMaziturkce","article_published_time":"2020-01-30T07:15:03+00:00","article_modified_time":"2026-03-31T13:45:07+00:00","og_image":[{"width":781,"height":439,"url":"https:\/\/darkamazi.site\/file\/2020\/01\/veto-bm.jpg","type":"image\/jpeg"}],"author":"darka mazi","twitter_card":"summary_large_image","twitter_creator":"@DarkaMaziTurkce","twitter_site":"@DarkaMaziTurkce","twitter_misc":{"Written by":"darka mazi","Est. reading time":"2 minutes"},"schema":{"@context":"https:\/\/schema.org","@graph":[{"@type":"NewsArticle","@id":"https:\/\/darkamazi.site\/archives\/1008338#article","isPartOf":{"@id":"https:\/\/darkamazi.site\/archives\/1008338"},"author":{"name":"darka mazi","@id":"https:\/\/darkamazi.site\/#\/schema\/person\/67986a95ac546c16760365877ef4a9d3"},"headline":"Rusya ve \u00c7in\u2019den veto: Yard\u0131mlar s\u0131n\u0131rda kald\u0131","datePublished":"2020-01-30T07:15:03+00:00","dateModified":"2026-03-31T13:45:07+00:00","mainEntityOfPage":{"@id":"https:\/\/darkamazi.site\/archives\/1008338"},"wordCount":395,"publisher":{"@id":"https:\/\/darkamazi.site\/#organization"},"image":{"@id":"https:\/\/darkamazi.site\/archives\/1008338#primaryimage"},"thumbnailUrl":"https:\/\/darkamazi.site\/file\/2020\/01\/veto-bm.jpg","articleSection":["D\u00fcnya"],"inLanguage":"en-US"},{"@type":"WebPage","@id":"https:\/\/darkamazi.site\/archives\/1008338","url":"https:\/\/darkamazi.site\/archives\/1008338","name":"Rusya ve \u00c7in\u2019den veto: Yard\u0131mlar s\u0131n\u0131rda kald\u0131 - Darka Mazi","isPartOf":{"@id":"https:\/\/darkamazi.site\/#website"},"primaryImageOfPage":{"@id":"https:\/\/darkamazi.site\/archives\/1008338#primaryimage"},"image":{"@id":"https:\/\/darkamazi.site\/archives\/1008338#primaryimage"},"thumbnailUrl":"https:\/\/darkamazi.site\/file\/2020\/01\/veto-bm.jpg","datePublished":"2020-01-30T07:15:03+00:00","dateModified":"2026-03-31T13:45:07+00:00","breadcrumb":{"@id":"https:\/\/darkamazi.site\/archives\/1008338#breadcrumb"},"inLanguage":"en-US","potentialAction":[{"@type":"ReadAction","target":["https:\/\/darkamazi.site\/archives\/1008338"]}]},{"@type":"ImageObject","inLanguage":"en-US","@id":"https:\/\/darkamazi.site\/archives\/1008338#primaryimage","url":"https:\/\/darkamazi.site\/file\/2020\/01\/veto-bm.jpg","contentUrl":"https:\/\/darkamazi.site\/file\/2020\/01\/veto-bm.jpg","width":781,"height":439,"caption":"Rusya ve \u00c7in\u2019den veto: Yard\u0131mlar s\u0131n\u0131rda kald\u0131"},{"@type":"BreadcrumbList","@id":"https:\/\/darkamazi.site\/archives\/1008338#breadcrumb","itemListElement":[{"@type":"ListItem","position":1,"name":"Home","item":"https:\/\/darkamazi.site\/"},{"@type":"ListItem","position":2,"name":"Rusya ve \u00c7in\u2019den veto: Yard\u0131mlar s\u0131n\u0131rda kald\u0131"}]},{"@type":"WebSite","@id":"https:\/\/darkamazi.site\/#website","url":"https:\/\/darkamazi.site\/","name":"Darka Mazi","description":"Ana Sayfa","publisher":{"@id":"https:\/\/darkamazi.site\/#organization"},"potentialAction":[{"@type":"SearchAction","target":{"@type":"EntryPoint","urlTemplate":"https:\/\/darkamazi.site\/?s={search_term_string}"},"query-input":{"@type":"PropertyValueSpecification","valueRequired":true,"valueName":"search_term_string"}}],"inLanguage":"en-US"},{"@type":"Organization","@id":"https:\/\/darkamazi.site\/#organization","name":"Darka Mazi T\u00fcrk\u00e7e","alternateName":"Darka Mazi","url":"https:\/\/darkamazi.site\/","logo":{"@type":"ImageObject","inLanguage":"en-US","@id":"https:\/\/darkamazi.site\/#\/schema\/logo\/image\/","url":"https:\/\/darkamazi.site\/file\/2017\/12\/darka-mazi-logo.png","contentUrl":"https:\/\/darkamazi.site\/file\/2017\/12\/darka-mazi-logo.png","width":151,"height":75,"caption":"Darka Mazi T\u00fcrk\u00e7e"},"image":{"@id":"https:\/\/darkamazi.site\/#\/schema\/logo\/image\/"},"sameAs":["https:\/\/www.facebook.com\/DarkaMaziturkce","https:\/\/x.com\/DarkaMaziTurkce"]},{"@type":"Person","@id":"https:\/\/darkamazi.site\/#\/schema\/person\/67986a95ac546c16760365877ef4a9d3","name":"darka mazi","sameAs":["https:\/\/darkamazi.site"],"url":"https:\/\/darkamazi.site\/archives\/author\/turkish"}]}},"_links":{"self":[{"href":"https:\/\/darkamazi.site\/funavuv\/wp\/v2\/posts\/1008338","targetHints":{"allow":["GET"]}}],"collection":[{"href":"https:\/\/darkamazi.site\/funavuv\/wp\/v2\/posts"}],"about":[{"href":"https:\/\/darkamazi.site\/funavuv\/wp\/v2\/types\/post"}],"author":[{"embeddable":true,"href":"https:\/\/darkamazi.site\/funavuv\/wp\/v2\/users\/2"}],"replies":[{"embeddable":true,"href":"https:\/\/darkamazi.site\/funavuv\/wp\/v2\/comments?post=1008338"}],"version-history":[{"count":0,"href":"https:\/\/darkamazi.site\/funavuv\/wp\/v2\/posts\/1008338\/revisions"}],"wp:featuredmedia":[{"embeddable":true,"href":"https:\/\/darkamazi.site\/funavuv\/wp\/v2\/media\/1008339"}],"wp:attachment":[{"href":"https:\/\/darkamazi.site\/funavuv\/wp\/v2\/media?parent=1008338"}],"wp:term":[{"taxonomy":"category","embeddable":true,"href":"https:\/\/darkamazi.site\/funavuv\/wp\/v2\/categories?post=1008338"},{"taxonomy":"post_tag","embeddable":true,"href":"https:\/\/darkamazi.site\/funavuv\/wp\/v2\/tags?post=1008338"}],"curies":[{"name":"wp","href":"https:\/\/api.w.org\/{rel}","templated":true}]}}