{"id":1008385,"date":"2020-02-01T21:06:11","date_gmt":"2020-02-01T18:06:11","guid":{"rendered":"https:\/\/darkamazi.site\/?p=1008385"},"modified":"2026-03-31T16:45:06","modified_gmt":"2026-03-31T13:45:06","slug":"irakta-hukumeti-kurma-gorevi-muhammed-tevfik-allaviye-verildi","status":"publish","type":"post","link":"https:\/\/darkamazi.site\/archives\/1008385","title":{"rendered":"Irak\u2019ta h\u00fck\u00fcmeti kurma g\u00f6revi Muhammed Tevfik Allavi&#8217;ye verildi"},"content":{"rendered":"<h3 style=\"text-align: justify\"><\/h3>\n<h3 style=\"text-align: justify\"><span style=\"font-family: 'arial black', sans-serif;font-size: 12pt\">Irak Cumhurba\u015fkan\u0131 Berhem Salih, h\u00fck\u00fcmeti kurma g\u00f6revini eski \u0130leti\u015fim Bakan\u0131 Muhammed Tevfik Allavi\u2019ye verdi.<\/span><\/h3>\n<h3 style=\"text-align: justify\"><span style=\"font-size: 12pt\">Allavi, yeni h\u00fck\u00fcmeti kurmas\u0131 i\u00e7in verdi\u011fi g\u00f6revi sosyal medya hesab\u0131ndan yapt\u0131\u011f\u0131 a\u00e7\u0131klamada duyurdu.<\/span><\/h3>\n<h3 style=\"text-align: justify\"><span style=\"font-size: 12pt\">A\u00e7\u0131klamas\u0131nda g\u00f6stericilere de seslenen Allavi, \u015funlar\u0131 kaydetti:<\/span><\/h3>\n<h3 style=\"text-align: justify\"><span style=\"font-size: 12pt\">&#8220;G\u00f6stericileri \u00f6ld\u00fcrenler cezaland\u0131r\u0131lana, yolsuzlukla m\u00fccadelede ba\u015far\u0131ya ula\u015fana, ekonomiyi d\u00fczeltene ve erken se\u00e7imi yapana kadar protestolar\u0131n\u0131z\u0131 s\u00fcrd\u00fcr\u00fcn. E\u011fer siyasi gruplar, kabine i\u00e7in adaylar\u0131n\u0131 dayat\u0131rlarsa bu g\u00f6revden vazge\u00e7ece\u011fim ve bunu \u00e7\u0131k\u0131p a\u00e7\u0131k\u00e7a sizinle payla\u015faca\u011f\u0131m. Vatan i\u00e7in soka\u011fa \u00e7\u0131kt\u0131n\u0131z, e\u011fer taleplerinizi yerine getirmezsem bu g\u00f6revi hak etmiyorum demektir.&#8221;<\/span><\/h3>\n<h3 style=\"text-align: justify\"><span style=\"font-size: 12pt\">\u00a0Allavi&#8217;nin bir ay i\u00e7erisinde h\u00fck\u00fcmeti kurmas\u0131 gerekiyor.<\/span><\/h3>\n<h3 style=\"text-align: justify\"><span style=\"font-size: 12pt\">Allavi&#8217;nin, \u0130ran&#8217;a yak\u0131n Fetih Koalisyonu ile Sadr Hareketi lideri Mukteda es-Sadr&#8217;\u0131n Sairun Koalisyonu taraf\u0131ndan desteklendi\u011fi ifade ediliyor.<\/span><\/h3>\n<h3 style=\"text-align: justify\"><span style=\"font-size: 12pt\">Muhammed Tevfik Allavi kimdir? \u00a0<\/span><\/h3>\n<h3 style=\"text-align: justify\"><span style=\"font-size: 12pt\">Ba\u011fdat do\u011fumlu Irakl\u0131 siyaset\u00e7i Muhammed Tevfik Allavi, 2003&#8217;ten sonra milletvekili se\u00e7ilmi\u015fti. Allavi ayr\u0131ca eski Ba\u015fbakan Nuri Maliki h\u00fck\u00fcmetinde iki d\u00f6nem \u0130leti\u015fim Bakanl\u0131\u011f\u0131 yapm\u0131\u015ft\u0131.<\/span><\/h3>\n<h3 style=\"text-align: justify\"><span style=\"font-size: 12pt\">Allavi, gen\u00e7 ya\u015fta \u00fcyesi oldu\u011fu \u015eii Dava Partisi&#8217;nden daha sonra ayr\u0131lm\u0131\u015ft\u0131.<\/span><\/h3>\n<h3 style=\"text-align: justify\"><span style=\"font-size: 12pt\">Laik devlet y\u00f6netimi anlay\u0131\u015f\u0131na sahip oldu\u011fu bilinen Allavi, 2003 sonras\u0131 se\u00e7imlere \u0130yad Allavi liderli\u011findeki koalisyonla kat\u0131larak, milletvekili se\u00e7ilmi\u015fti.<\/span><\/h3>\n","protected":false},"excerpt":{"rendered":"<p>Irak Cumhurba\u015fkan\u0131 Berhem Salih, h\u00fck\u00fcmeti kurma g\u00f6revini eski \u0130leti\u015fim Bakan\u0131 Muhammed Tevfik Allavi\u2019ye verdi. Allavi, yeni h\u00fck\u00fcmeti kurmas\u0131 i\u00e7in verdi\u011fi g\u00f6revi sosyal medya hesab\u0131ndan yapt\u0131\u011f\u0131 a\u00e7\u0131klamada duyurdu. A\u00e7\u0131klamas\u0131nda g\u00f6stericilere de seslenen Allavi, \u015funlar\u0131 kaydetti: &#8220;G\u00f6stericileri \u00f6ld\u00fcrenler cezaland\u0131r\u0131lana, yolsuzlukla m\u00fccadelede ba\u015far\u0131ya ula\u015fana, ekonomiyi d\u00fczeltene ve erken se\u00e7imi yapana kadar protestolar\u0131n\u0131z\u0131 s\u00fcrd\u00fcr\u00fcn. E\u011fer siyasi gruplar, kabine i\u00e7in [&hellip;]<\/p>\n","protected":false},"author":2,"featured_media":1008384,"comment_status":"closed","ping_status":"closed","sticky":false,"template":"","format":"standard","meta":{"footnotes":""},"categories":[29],"tags":[],"class_list":["post-1008385","post","type-post","status-publish","format-standard","has-post-thumbnail","hentry","category-ortadogu"],"blocksy_meta":[],"seo_head":"<!-- This site is optimized with the Yoast SEO plugin v27.5 - https:\/\/yoast.com\/product\/yoast-seo-wordpress\/ -->\n<title>Irak\u2019ta h\u00fck\u00fcmeti kurma g\u00f6revi Muhammed Tevfik Allavi&#039;ye verildi - Darka Mazi<\/title>\n<meta name=\"robots\" content=\"index, follow, max-snippet:-1, max-image-preview:large, max-video-preview:-1\" \/>\n<link rel=\"canonical\" href=\"https:\/\/darkamazi.site\/archives\/1008385\" \/>\n<meta property=\"og:locale\" content=\"en_US\" \/>\n<meta property=\"og:type\" content=\"article\" \/>\n<meta property=\"og:title\" content=\"Irak\u2019ta h\u00fck\u00fcmeti kurma g\u00f6revi Muhammed Tevfik Allavi&#039;ye verildi - Darka Mazi\" \/>\n<meta property=\"og:description\" content=\"Irak Cumhurba\u015fkan\u0131 Berhem Salih, h\u00fck\u00fcmeti kurma g\u00f6revini eski \u0130leti\u015fim Bakan\u0131 Muhammed Tevfik Allavi\u2019ye verdi. Allavi, yeni h\u00fck\u00fcmeti kurmas\u0131 i\u00e7in verdi\u011fi g\u00f6revi sosyal medya hesab\u0131ndan yapt\u0131\u011f\u0131 a\u00e7\u0131klamada duyurdu. A\u00e7\u0131klamas\u0131nda g\u00f6stericilere de seslenen Allavi, \u015funlar\u0131 kaydetti: &#8220;G\u00f6stericileri \u00f6ld\u00fcrenler cezaland\u0131r\u0131lana, yolsuzlukla m\u00fccadelede ba\u015far\u0131ya ula\u015fana, ekonomiyi d\u00fczeltene ve erken se\u00e7imi yapana kadar protestolar\u0131n\u0131z\u0131 s\u00fcrd\u00fcr\u00fcn. E\u011fer siyasi gruplar, kabine i\u00e7in [&hellip;]\" \/>\n<meta property=\"og:url\" content=\"https:\/\/darkamazi.site\/archives\/1008385\" \/>\n<meta property=\"og:site_name\" content=\"Darka Mazi\" \/>\n<meta property=\"article:publisher\" content=\"https:\/\/www.facebook.com\/DarkaMaziturkce\" \/>\n<meta property=\"article:published_time\" content=\"2020-02-01T18:06:11+00:00\" \/>\n<meta property=\"article:modified_time\" content=\"2026-03-31T13:45:06+00:00\" \/>\n<meta property=\"og:image\" content=\"https:\/\/darkamazi.site\/file\/2020\/02\/781f7a29aa5cbf631bb1022ea75ae516_XL.jpg\" \/>\n\t<meta property=\"og:image:width\" content=\"900\" \/>\n\t<meta property=\"og:image:height\" content=\"506\" \/>\n\t<meta property=\"og:image:type\" content=\"image\/jpeg\" \/>\n<meta name=\"author\" content=\"darka mazi\" \/>\n<meta name=\"twitter:card\" content=\"summary_large_image\" \/>\n<meta name=\"twitter:creator\" content=\"@DarkaMaziTurkce\" \/>\n<meta name=\"twitter:site\" content=\"@DarkaMaziTurkce\" \/>\n<meta name=\"twitter:label1\" content=\"Written by\" \/>\n\t<meta name=\"twitter:data1\" content=\"darka mazi\" \/>\n\t<meta name=\"twitter:label2\" content=\"Est. reading time\" \/>\n\t<meta name=\"twitter:data2\" content=\"1 minute\" \/>\n<script type=\"application\/ld+json\" class=\"seo-schema-graph\">{\"@context\":\"https:\\\/\\\/schema.org\",\"@graph\":[{\"@type\":\"NewsArticle\",\"@id\":\"https:\\\/\\\/darkamazi.site\\\/archives\\\/1008385#article\",\"isPartOf\":{\"@id\":\"https:\\\/\\\/darkamazi.site\\\/archives\\\/1008385\"},\"author\":{\"name\":\"darka mazi\",\"@id\":\"https:\\\/\\\/darkamazi.site\\\/#\\\/schema\\\/person\\\/67986a95ac546c16760365877ef4a9d3\"},\"headline\":\"Irak\u2019ta h\u00fck\u00fcmeti kurma g\u00f6revi Muhammed Tevfik Allavi&#8217;ye verildi\",\"datePublished\":\"2020-02-01T18:06:11+00:00\",\"dateModified\":\"2026-03-31T13:45:06+00:00\",\"mainEntityOfPage\":{\"@id\":\"https:\\\/\\\/darkamazi.site\\\/archives\\\/1008385\"},\"wordCount\":255,\"publisher\":{\"@id\":\"https:\\\/\\\/darkamazi.site\\\/#organization\"},\"image\":{\"@id\":\"https:\\\/\\\/darkamazi.site\\\/archives\\\/1008385#primaryimage\"},\"thumbnailUrl\":\"https:\\\/\\\/darkamazi.site\\\/darka-content\\\/uploads\\\/2020\\\/02\\\/781f7a29aa5cbf631bb1022ea75ae516_XL.jpg\",\"articleSection\":[\"Ortado\u011fu\"],\"inLanguage\":\"en-US\"},{\"@type\":\"WebPage\",\"@id\":\"https:\\\/\\\/darkamazi.site\\\/archives\\\/1008385\",\"url\":\"https:\\\/\\\/darkamazi.site\\\/archives\\\/1008385\",\"name\":\"Irak\u2019ta h\u00fck\u00fcmeti kurma g\u00f6revi Muhammed Tevfik Allavi'ye verildi - Darka Mazi\",\"isPartOf\":{\"@id\":\"https:\\\/\\\/darkamazi.site\\\/#website\"},\"primaryImageOfPage\":{\"@id\":\"https:\\\/\\\/darkamazi.site\\\/archives\\\/1008385#primaryimage\"},\"image\":{\"@id\":\"https:\\\/\\\/darkamazi.site\\\/archives\\\/1008385#primaryimage\"},\"thumbnailUrl\":\"https:\\\/\\\/darkamazi.site\\\/darka-content\\\/uploads\\\/2020\\\/02\\\/781f7a29aa5cbf631bb1022ea75ae516_XL.jpg\",\"datePublished\":\"2020-02-01T18:06:11+00:00\",\"dateModified\":\"2026-03-31T13:45:06+00:00\",\"breadcrumb\":{\"@id\":\"https:\\\/\\\/darkamazi.site\\\/archives\\\/1008385#breadcrumb\"},\"inLanguage\":\"en-US\",\"potentialAction\":[{\"@type\":\"ReadAction\",\"target\":[\"https:\\\/\\\/darkamazi.site\\\/archives\\\/1008385\"]}]},{\"@type\":\"ImageObject\",\"inLanguage\":\"en-US\",\"@id\":\"https:\\\/\\\/darkamazi.site\\\/archives\\\/1008385#primaryimage\",\"url\":\"https:\\\/\\\/darkamazi.site\\\/darka-content\\\/uploads\\\/2020\\\/02\\\/781f7a29aa5cbf631bb1022ea75ae516_XL.jpg\",\"contentUrl\":\"https:\\\/\\\/darkamazi.site\\\/darka-content\\\/uploads\\\/2020\\\/02\\\/781f7a29aa5cbf631bb1022ea75ae516_XL.jpg\",\"width\":900,\"height\":506,\"caption\":\"Irak\u2019ta h\u00fck\u00fcmeti kurma g\u00f6revi Muhammed Tevfik Allavi'ye verildi\"},{\"@type\":\"BreadcrumbList\",\"@id\":\"https:\\\/\\\/darkamazi.site\\\/archives\\\/1008385#breadcrumb\",\"itemListElement\":[{\"@type\":\"ListItem\",\"position\":1,\"name\":\"Home\",\"item\":\"https:\\\/\\\/darkamazi.site\\\/\"},{\"@type\":\"ListItem\",\"position\":2,\"name\":\"Irak\u2019ta h\u00fck\u00fcmeti kurma g\u00f6revi Muhammed Tevfik Allavi&#8217;ye verildi\"}]},{\"@type\":\"WebSite\",\"@id\":\"https:\\\/\\\/darkamazi.site\\\/#website\",\"url\":\"https:\\\/\\\/darkamazi.site\\\/\",\"name\":\"Darka Mazi\",\"description\":\"Ana Sayfa\",\"publisher\":{\"@id\":\"https:\\\/\\\/darkamazi.site\\\/#organization\"},\"potentialAction\":[{\"@type\":\"SearchAction\",\"target\":{\"@type\":\"EntryPoint\",\"urlTemplate\":\"https:\\\/\\\/darkamazi.site\\\/?s={search_term_string}\"},\"query-input\":{\"@type\":\"PropertyValueSpecification\",\"valueRequired\":true,\"valueName\":\"search_term_string\"}}],\"inLanguage\":\"en-US\"},{\"@type\":\"Organization\",\"@id\":\"https:\\\/\\\/darkamazi.site\\\/#organization\",\"name\":\"Darka Mazi T\u00fcrk\u00e7e\",\"alternateName\":\"Darka Mazi\",\"url\":\"https:\\\/\\\/darkamazi.site\\\/\",\"logo\":{\"@type\":\"ImageObject\",\"inLanguage\":\"en-US\",\"@id\":\"https:\\\/\\\/darkamazi.site\\\/#\\\/schema\\\/logo\\\/image\\\/\",\"url\":\"https:\\\/\\\/darkamazi.site\\\/darka-content\\\/uploads\\\/2017\\\/12\\\/darka-mazi-logo.png\",\"contentUrl\":\"https:\\\/\\\/darkamazi.site\\\/darka-content\\\/uploads\\\/2017\\\/12\\\/darka-mazi-logo.png\",\"width\":151,\"height\":75,\"caption\":\"Darka Mazi T\u00fcrk\u00e7e\"},\"image\":{\"@id\":\"https:\\\/\\\/darkamazi.site\\\/#\\\/schema\\\/logo\\\/image\\\/\"},\"sameAs\":[\"https:\\\/\\\/www.facebook.com\\\/DarkaMaziturkce\",\"https:\\\/\\\/x.com\\\/DarkaMaziTurkce\"]},{\"@type\":\"Person\",\"@id\":\"https:\\\/\\\/darkamazi.site\\\/#\\\/schema\\\/person\\\/67986a95ac546c16760365877ef4a9d3\",\"name\":\"darka mazi\",\"sameAs\":[\"https:\\\/\\\/darkamazi.site\"],\"url\":\"https:\\\/\\\/darkamazi.site\\\/archives\\\/author\\\/turkish\"}]}<\/script>\n<!-- \/ Yoast SEO plugin. -->","seo_head_json":{"title":"Irak\u2019ta h\u00fck\u00fcmeti kurma g\u00f6revi Muhammed Tevfik Allavi'ye verildi - Darka Mazi","robots":{"index":"index","follow":"follow","max-snippet":"max-snippet:-1","max-image-preview":"max-image-preview:large","max-video-preview":"max-video-preview:-1"},"canonical":"https:\/\/darkamazi.site\/archives\/1008385","og_locale":"en_US","og_type":"article","og_title":"Irak\u2019ta h\u00fck\u00fcmeti kurma g\u00f6revi Muhammed Tevfik Allavi'ye verildi - Darka Mazi","og_description":"Irak Cumhurba\u015fkan\u0131 Berhem Salih, h\u00fck\u00fcmeti kurma g\u00f6revini eski \u0130leti\u015fim Bakan\u0131 Muhammed Tevfik Allavi\u2019ye verdi. Allavi, yeni h\u00fck\u00fcmeti kurmas\u0131 i\u00e7in verdi\u011fi g\u00f6revi sosyal medya hesab\u0131ndan yapt\u0131\u011f\u0131 a\u00e7\u0131klamada duyurdu. A\u00e7\u0131klamas\u0131nda g\u00f6stericilere de seslenen Allavi, \u015funlar\u0131 kaydetti: &#8220;G\u00f6stericileri \u00f6ld\u00fcrenler cezaland\u0131r\u0131lana, yolsuzlukla m\u00fccadelede ba\u015far\u0131ya ula\u015fana, ekonomiyi d\u00fczeltene ve erken se\u00e7imi yapana kadar protestolar\u0131n\u0131z\u0131 s\u00fcrd\u00fcr\u00fcn. E\u011fer siyasi gruplar, kabine i\u00e7in [&hellip;]","og_url":"https:\/\/darkamazi.site\/archives\/1008385","og_site_name":"Darka Mazi","article_publisher":"https:\/\/www.facebook.com\/DarkaMaziturkce","article_published_time":"2020-02-01T18:06:11+00:00","article_modified_time":"2026-03-31T13:45:06+00:00","og_image":[{"width":900,"height":506,"url":"https:\/\/darkamazi.site\/file\/2020\/02\/781f7a29aa5cbf631bb1022ea75ae516_XL.jpg","type":"image\/jpeg"}],"author":"darka mazi","twitter_card":"summary_large_image","twitter_creator":"@DarkaMaziTurkce","twitter_site":"@DarkaMaziTurkce","twitter_misc":{"Written by":"darka mazi","Est. reading time":"1 minute"},"schema":{"@context":"https:\/\/schema.org","@graph":[{"@type":"NewsArticle","@id":"https:\/\/darkamazi.site\/archives\/1008385#article","isPartOf":{"@id":"https:\/\/darkamazi.site\/archives\/1008385"},"author":{"name":"darka mazi","@id":"https:\/\/darkamazi.site\/#\/schema\/person\/67986a95ac546c16760365877ef4a9d3"},"headline":"Irak\u2019ta h\u00fck\u00fcmeti kurma g\u00f6revi Muhammed Tevfik Allavi&#8217;ye verildi","datePublished":"2020-02-01T18:06:11+00:00","dateModified":"2026-03-31T13:45:06+00:00","mainEntityOfPage":{"@id":"https:\/\/darkamazi.site\/archives\/1008385"},"wordCount":255,"publisher":{"@id":"https:\/\/darkamazi.site\/#organization"},"image":{"@id":"https:\/\/darkamazi.site\/archives\/1008385#primaryimage"},"thumbnailUrl":"https:\/\/darkamazi.site\/file\/2020\/02\/781f7a29aa5cbf631bb1022ea75ae516_XL.jpg","articleSection":["Ortado\u011fu"],"inLanguage":"en-US"},{"@type":"WebPage","@id":"https:\/\/darkamazi.site\/archives\/1008385","url":"https:\/\/darkamazi.site\/archives\/1008385","name":"Irak\u2019ta h\u00fck\u00fcmeti kurma g\u00f6revi Muhammed Tevfik Allavi'ye verildi - Darka Mazi","isPartOf":{"@id":"https:\/\/darkamazi.site\/#website"},"primaryImageOfPage":{"@id":"https:\/\/darkamazi.site\/archives\/1008385#primaryimage"},"image":{"@id":"https:\/\/darkamazi.site\/archives\/1008385#primaryimage"},"thumbnailUrl":"https:\/\/darkamazi.site\/file\/2020\/02\/781f7a29aa5cbf631bb1022ea75ae516_XL.jpg","datePublished":"2020-02-01T18:06:11+00:00","dateModified":"2026-03-31T13:45:06+00:00","breadcrumb":{"@id":"https:\/\/darkamazi.site\/archives\/1008385#breadcrumb"},"inLanguage":"en-US","potentialAction":[{"@type":"ReadAction","target":["https:\/\/darkamazi.site\/archives\/1008385"]}]},{"@type":"ImageObject","inLanguage":"en-US","@id":"https:\/\/darkamazi.site\/archives\/1008385#primaryimage","url":"https:\/\/darkamazi.site\/file\/2020\/02\/781f7a29aa5cbf631bb1022ea75ae516_XL.jpg","contentUrl":"https:\/\/darkamazi.site\/file\/2020\/02\/781f7a29aa5cbf631bb1022ea75ae516_XL.jpg","width":900,"height":506,"caption":"Irak\u2019ta h\u00fck\u00fcmeti kurma g\u00f6revi Muhammed Tevfik Allavi'ye verildi"},{"@type":"BreadcrumbList","@id":"https:\/\/darkamazi.site\/archives\/1008385#breadcrumb","itemListElement":[{"@type":"ListItem","position":1,"name":"Home","item":"https:\/\/darkamazi.site\/"},{"@type":"ListItem","position":2,"name":"Irak\u2019ta h\u00fck\u00fcmeti kurma g\u00f6revi Muhammed Tevfik Allavi&#8217;ye verildi"}]},{"@type":"WebSite","@id":"https:\/\/darkamazi.site\/#website","url":"https:\/\/darkamazi.site\/","name":"Darka Mazi","description":"Ana Sayfa","publisher":{"@id":"https:\/\/darkamazi.site\/#organization"},"potentialAction":[{"@type":"SearchAction","target":{"@type":"EntryPoint","urlTemplate":"https:\/\/darkamazi.site\/?s={search_term_string}"},"query-input":{"@type":"PropertyValueSpecification","valueRequired":true,"valueName":"search_term_string"}}],"inLanguage":"en-US"},{"@type":"Organization","@id":"https:\/\/darkamazi.site\/#organization","name":"Darka Mazi T\u00fcrk\u00e7e","alternateName":"Darka Mazi","url":"https:\/\/darkamazi.site\/","logo":{"@type":"ImageObject","inLanguage":"en-US","@id":"https:\/\/darkamazi.site\/#\/schema\/logo\/image\/","url":"https:\/\/darkamazi.site\/file\/2017\/12\/darka-mazi-logo.png","contentUrl":"https:\/\/darkamazi.site\/file\/2017\/12\/darka-mazi-logo.png","width":151,"height":75,"caption":"Darka Mazi T\u00fcrk\u00e7e"},"image":{"@id":"https:\/\/darkamazi.site\/#\/schema\/logo\/image\/"},"sameAs":["https:\/\/www.facebook.com\/DarkaMaziturkce","https:\/\/x.com\/DarkaMaziTurkce"]},{"@type":"Person","@id":"https:\/\/darkamazi.site\/#\/schema\/person\/67986a95ac546c16760365877ef4a9d3","name":"darka mazi","sameAs":["https:\/\/darkamazi.site"],"url":"https:\/\/darkamazi.site\/archives\/author\/turkish"}]}},"_links":{"self":[{"href":"https:\/\/darkamazi.site\/funavuv\/wp\/v2\/posts\/1008385","targetHints":{"allow":["GET"]}}],"collection":[{"href":"https:\/\/darkamazi.site\/funavuv\/wp\/v2\/posts"}],"about":[{"href":"https:\/\/darkamazi.site\/funavuv\/wp\/v2\/types\/post"}],"author":[{"embeddable":true,"href":"https:\/\/darkamazi.site\/funavuv\/wp\/v2\/users\/2"}],"replies":[{"embeddable":true,"href":"https:\/\/darkamazi.site\/funavuv\/wp\/v2\/comments?post=1008385"}],"version-history":[{"count":0,"href":"https:\/\/darkamazi.site\/funavuv\/wp\/v2\/posts\/1008385\/revisions"}],"wp:featuredmedia":[{"embeddable":true,"href":"https:\/\/darkamazi.site\/funavuv\/wp\/v2\/media\/1008384"}],"wp:attachment":[{"href":"https:\/\/darkamazi.site\/funavuv\/wp\/v2\/media?parent=1008385"}],"wp:term":[{"taxonomy":"category","embeddable":true,"href":"https:\/\/darkamazi.site\/funavuv\/wp\/v2\/categories?post=1008385"},{"taxonomy":"post_tag","embeddable":true,"href":"https:\/\/darkamazi.site\/funavuv\/wp\/v2\/tags?post=1008385"}],"curies":[{"name":"wp","href":"https:\/\/api.w.org\/{rel}","templated":true}]}}