{"id":1008447,"date":"2020-02-05T08:24:03","date_gmt":"2020-02-05T05:24:03","guid":{"rendered":"https:\/\/darkamazi.site\/?p=1008447"},"modified":"2026-03-31T16:45:04","modified_gmt":"2026-03-31T13:45:04","slug":"trumptan-ortadogu-mesaji-bitirmeye-kararliyiz","status":"publish","type":"post","link":"https:\/\/darkamazi.site\/archives\/1008447","title":{"rendered":"Trump\u2019tan Ortado\u011fu mesaj\u0131: Bitirmeye kararl\u0131y\u0131z"},"content":{"rendered":"<h3 style=\"text-align: justify\"><span style=\"font-family: 'arial black', sans-serif\">ABD Ba\u015fkan\u0131 Donald Trump, geleneksel &#8220;Birli\u011fin Durumu&#8221; konu\u015fmas\u0131nda a\u011f\u0131rl\u0131kl\u0131 olarak kendi y\u00f6netiminin ekonomi performans\u0131n\u0131 \u00f6verken, d\u0131\u015f politikada \u0130ran&#8217;a g\u00f6zda\u011f\u0131 verdi ve ABD&#8217;nin Ortado\u011fu&#8217;daki sonsuz sava\u015flardan \u00e7\u0131kmaya kararl\u0131 oldu\u011funu vurgulad\u0131.<\/span><\/h3>\n<h3 style=\"text-align: justify\">Trump, 3 Kas\u0131m&#8217;da yap\u0131lacak ba\u015fkanl\u0131k se\u00e7imleri \u00f6ncesinde son kez geleneksel &#8220;Birli\u011fin Durumu&#8221; konu\u015fmas\u0131n\u0131 yapt\u0131. Konu\u015fmas\u0131nda 3 y\u0131l \u00f6nce &#8220;Amerika&#8217;n\u0131n geri d\u00f6n\u00fc\u015f\u00fcn\u00fc&#8221; ba\u015flatt\u0131klar\u0131na i\u015faret eden Trump, i\u015fsizli\u011fin, su\u00e7un ve yoksullu\u011fun azalt\u0131lmas\u0131, g\u00fcvenin ve gelir d\u00fczeyinin art\u0131r\u0131lmas\u0131 gibi bir\u00e7ok konuda ciddi geli\u015fme kaydettiklerini ve ekonomiyi g\u00fc\u00e7lendirdiklerini s\u00f6yledi.<\/h3>\n<h3 style=\"text-align: justify\">G\u00f6rev s\u00fcresinde bir\u00e7ok konuda ciddi ilerleme kaydettiklerini belirten Trump, &#8220;Birli\u011fimizin durumu hi\u00e7 olmad\u0131\u011f\u0131 kadar g\u00fc\u00e7l\u00fc&#8221; g\u00f6r\u00fc\u015f\u00fcn\u00fc payla\u015ft\u0131.<\/h3>\n<h3 style=\"text-align: justify\">Ba\u015fkan Trump, &#8220;Politikalar\u0131m\u0131z sayesinde ABD, d\u00fcnyada 1 numaral\u0131 petrol ve do\u011fal gaz \u00fcreticisi konumuna geldi. 3 y\u0131lda ald\u0131\u011f\u0131m\u0131z inan\u0131lmaz yol sayesinde, Amerika \u015fu an enerji bak\u0131m\u0131ndan tam ba\u011f\u0131ms\u0131z&#8221; ifadelerini kulland\u0131.<\/h3>\n<h3 style=\"text-align: justify\">ABD&#8217;nin Kanada ve Meksika ile yapt\u0131\u011f\u0131 NAFTA Anla\u015fmas\u0131n\u0131 da &#8220;felaket&#8221; olarak niteleyen Trump, bu anla\u015fmay\u0131 kald\u0131r\u0131p ABD-Meksika-Kanada Anla\u015fmas\u0131n\u0131 (USMCA) imzalad\u0131klar\u0131n\u0131 an\u0131msatt\u0131.<\/h3>\n<h3 style=\"text-align: justify\">\u00c7\u0130N\u2019LE ANLA\u015eMA VE CORONAV\u0130R\u00dcS<\/h3>\n<h3 style=\"text-align: justify\">Trump&#8217;\u0131n ba\u015fkanl\u0131k yapt\u0131\u011f\u0131 d\u00f6neme damgas\u0131n\u0131 vuran \u00c7in ile ticaret sava\u015f\u0131na da de\u011finen Trump, &#8220;Vatanda\u015flar\u0131m\u0131za, \u00c7in&#8217;in ABD&#8217;den \u00e7ald\u0131\u011f\u0131 b\u00fcy\u00fck miktardaki i\u015fe kar\u015f\u0131 g\u00fcmr\u00fck vergisi uygulama s\u00f6z\u00fc verdim. Stratejimiz i\u015fe yarad\u0131 ve \u00c7in ile \u00e7al\u0131\u015fanlar\u0131m\u0131z\u0131, fikri m\u00fclkiyetimizi korumayacak ve hazinemize milyarlarca dolar girmesini sa\u011flayacak yeni bir anla\u015fma imzalad\u0131k&#8221; diye konu\u015ftu.<\/h3>\n<h3 style=\"text-align: justify\">Konu\u015fmas\u0131nda \u00c7in&#8217;de ba\u015flayan coronavir\u00fcs salg\u0131n\u0131na da dikkati \u00e7eken Trump, &#8220;\u00c7in h\u00fck\u00fcmeti ile coronavir\u00fcs salg\u0131n\u0131 konusunda yak\u0131ndan \u00e7al\u0131\u015f\u0131yoruz ve i\u015f birli\u011fi i\u00e7indeyiz. Y\u00f6netimim, bu tehditten vatanda\u015flar\u0131m\u0131z\u0131 korumak i\u00e7in gereken t\u00fcm \u00f6nlemleri alacakt\u0131r&#8221; mesaj\u0131 verdi.<\/h3>\n<h3 style=\"text-align: justify\">Trump, ABD ordusuna 2,2 trilyon dolar yat\u0131r\u0131m yapt\u0131klar\u0131n\u0131 aktararak, &#8220;En iyi u\u00e7aklar\u0131, f\u00fczeleri, roketleri, gemileri ve t\u00fcm di\u011fer askeri ekipmanlar\u0131 ald\u0131k, bunlar\u0131n hepsi de Amerikan yap\u0131m\u0131. Ayn\u0131 zamanda m\u00fcttefiklerimizin de adil \u00f6deme yapmas\u0131n\u0131 sa\u011fl\u0131yoruz. Di\u011fer NATO \u00fcyelerinin katk\u0131 paylar\u0131n\u0131 400 milyar dolara kadar art\u0131rd\u0131m&#8221; bilgisini payla\u015ft\u0131.<\/h3>\n<h3 style=\"text-align: justify\">\u2018YASA DI\u015eI YOLLARLA GEL\u0130RSEN\u0130Z KAPI DI\u015eARI ED\u0130LECEKS\u0130N\u0130Z\u2019<\/h3>\n<h3 style=\"text-align: justify\">ABD&#8217;ye yasa d\u0131\u015f\u0131 yollarla gelen ki\u015filerin \u00fclkeye girmesine izin verilmeyece\u011fini vurgulayan Trump, &#8220;Benim y\u00f6netimim yakala-serbest b\u0131rak d\u00f6nemini bitirdi. Yasa d\u0131\u015f\u0131 yollarla \u00fclkeye gelirseniz an\u0131nda kap\u0131 d\u0131\u015far\u0131 edileceksiniz&#8221; dedi.<\/h3>\n<h3 style=\"text-align: justify\">Y\u00f6netiminin din \u00f6zg\u00fcrl\u00fc\u011f\u00fcn\u00fc savundu\u011funu vurgulayan Trump, &#8220;Din \u00f6zg\u00fcrl\u00fc\u011f\u00fc, anayasal bir hak olan devlet okullar\u0131nda ibadet etmeyi de kaps\u0131yor, biz ibadeti cezaland\u0131rm\u0131yoruz. Biz ha\u00e7lar\u0131 par\u00e7alam\u0131yoruz, dini simgeleri yasaklam\u0131yoruz. Vaizleri ve papazlar\u0131 namlunun ucuna koymuyoruz&#8221; ifadelerini kulland\u0131.<\/h3>\n<h3 style=\"text-align: justify\">Y\u00f6netiminin ulusal g\u00fcvenli\u011fi savundu\u011funu ve &#8220;radikal \u0130slamc\u0131 ter\u00f6r ile m\u00fccadele etti\u011fini&#8221; kaydeden Trump, &#8220;Ge\u00e7en hafta, \u0130srail ve Filistin aras\u0131nda \u00e7\u0131\u011f\u0131r a\u00e7an bir bar\u0131\u015f plan\u0131n\u0131 duyurdum. Daha \u00f6nceki t\u00fcm \u00e7abalar\u0131n bo\u015fa \u00e7\u0131kt\u0131\u011f\u0131n\u0131 g\u00f6z \u00f6n\u00fcne alarak, b\u00f6lgede istikrar\u0131 sa\u011flamak i\u00e7in kararl\u0131 ve yarat\u0131c\u0131 olmal\u0131y\u0131z. Milyonlarca gen\u00e7 insana daha iyi bir gelecek \u015fans\u0131 vermeliyiz&#8221; de\u011ferlendirmesinde bulundu.<\/h3>\n<h3 style=\"text-align: justify\">S\u00dcLEYMAN\u0130 VE BA\u011eDAD\u0130 VURGUSU<\/h3>\n<h3 style=\"text-align: justify\">DA\u0130\u015e\u2019i y\u00fczde 100 oran\u0131nda yok ettiklerini savunan Trump, &#8220;DA\u0130\u015e&#8217;in kurucusu ve lideri kana susam\u0131\u015f bir katil olan Ba\u011fdadi \u00f6ld\u00fcr\u00fcld\u00fc&#8221; dedi.<\/h3>\n<h3 style=\"text-align: justify\">Trump, ge\u00e7en ay \u00f6ld\u00fcr\u00fclen \u0130ran Devrim Muhaf\u0131zlar\u0131na ba\u011fl\u0131 Kud\u00fcs G\u00fcc\u00fc Komutan\u0131 General Kas\u0131m S\u00fcleymani hakk\u0131nda da, &#8220;S\u00fcleymani \u0130ran rejiminin pervas\u0131z bir kasab\u0131 ve canavar\u0131yd\u0131. Irak&#8217;ta g\u00f6rev yapan binlerce Amerikan askerini \u00f6ld\u00fcrd\u00fc ya da yaralad\u0131&#8221; diye konu\u015ftu.<\/h3>\n<h3 style=\"text-align: justify\">S\u00fcleymani&#8217;nin bir\u00e7ok insan\u0131n \u00f6l\u00fcm\u00fcne yol a\u00e7t\u0131\u011f\u0131n\u0131 belirten Trump, &#8220;Ge\u00e7en ay benim talimat\u0131mla ABD ordusu S\u00fcleymani&#8217;nin \u00f6ld\u00fc\u011f\u00fc m\u00fckemmel bir sald\u0131r\u0131 d\u00fczenledi ve onun ter\u00f6r h\u00fck\u00fcmdarl\u0131\u011f\u0131n\u0131 yok etti. Ter\u00f6ristlere mesaj\u0131m\u0131z net, Amerikan adaletinden asla ka\u00e7amayacaks\u0131n\u0131z. Vatanda\u015flar\u0131m\u0131za sald\u0131r\u0131rsan\u0131z, bunun bedelini can\u0131n\u0131zla \u00f6dersiniz&#8221; g\u00f6r\u00fc\u015f\u00fcn\u00fc dile getirdi.<\/h3>\n<h3 style=\"text-align: justify\">\u0130RAN\u2019A EKONOM\u0130 MESAJI<\/h3>\n<h3 style=\"text-align: justify\">\u0130ran&#8217;da son d\u00f6nemde yap\u0131lan protesto g\u00f6sterilerine de dikkati \u00e7eken Trump, &#8220;\u0130ran rejimi n\u00fckleer silah aray\u0131\u015f\u0131ndan vazge\u00e7meli, ter\u00f6r yaymay\u0131 b\u0131rakmal\u0131 ve kendi halk\u0131n\u0131n yarar\u0131na \u00e7al\u0131\u015fmaya ba\u015flamal\u0131. G\u00fc\u00e7l\u00fc yapt\u0131r\u0131mlar\u0131m\u0131z sayesinde, \u0130ran ekonomisi k\u00f6t\u00fcye gidiyor. Bunun k\u0131sa s\u00fcrede iyile\u015fmesini sa\u011flayabiliriz, ama yard\u0131m istemek i\u00e7in ya \u00e7ok gururlular ya da \u00e7ok aptallar. Biz buraday\u0131z. Hangi yolu se\u00e7eceklerini bir g\u00f6relim. Bu tamamen onlara kalm\u0131\u015f&#8221; diye konu\u015ftu.<\/h3>\n<h3 style=\"text-align: justify\">Trump konu\u015fmas\u0131nda, &#8220;Amerikal\u0131lar\u0131n hayatlar\u0131n\u0131 savunurken, Ortado\u011fu&#8217;daki Amerikan sava\u015flar\u0131n\u0131 bitirmeye \u00e7al\u0131\u015f\u0131yoruz&#8221; mesaj\u0131 da verdi.<\/h3>\n<h3 style=\"text-align: justify\">Afganistan&#8217;daki bar\u0131\u015f g\u00f6r\u00fc\u015fmelerinin devam etti\u011fini belirten Trump, &#8220;Afganistan&#8217;da bir\u00e7o\u011fu su\u00e7suz y\u00fcz binlerce ki\u015fiyi \u00f6ld\u00fcrmek istemiyorum. Di\u011fer milletlere emniyet ajans\u0131 olarak hizmet etmek bizim g\u00f6revimiz de\u011fil. Amerika&#8217;n\u0131n en uzun sava\u015f\u0131n\u0131 bitirmeye ve askerlerimizi evlerine getirmeye \u00e7al\u0131\u015f\u0131yoruz&#8221; dedi.<\/h3>\n<h3 style=\"text-align: justify\">\u2018MADURO\u2019NUN ZORBALI\u011eI EZ\u0130LECEK VE YIKILACAK\u2019<\/h3>\n<h3 style=\"text-align: justify\">Trump konu\u015fmas\u0131nda K\u00fcba, Nikaragua ve Venezuela h\u00fck\u00fcmetlerine de y\u00fcklendi. S\u00f6z konusu \u00fclkelerdeki halk\u0131n &#8220;demokrasi umutlar\u0131n\u0131&#8221; desteklediklerini anlatan Trump, &#8220;ABD Venezuela&#8217;n\u0131n sosyalist diktat\u00f6r\u00fc Nicolas Maduro&#8217;ya kar\u015f\u0131 59 \u00fclkeden olu\u015fan diplomatik koalisyona \u00f6nc\u00fcl\u00fck ediyor. Maduro gayrime\u015fru bir y\u00f6netici ve kendi halk\u0131na zulmeden bir tirand\u0131r. Ancak Maduro&#8217;nun zorbal\u0131\u011f\u0131 ezilecek ve y\u0131k\u0131lacakt\u0131r&#8221; ifadelerini kulland\u0131.<\/h3>\n<h3 style=\"text-align: justify\">Dinleyiciler aras\u0131nda Venezuela&#8217;da kendini ge\u00e7ici devlet ba\u015fkan\u0131 ilan eden Juan Guaido&#8217;nun da oldu\u011funu belirten Trump, &#8220;Guaido t\u00fcm Venezuelal\u0131lar\u0131n umutlar\u0131n\u0131, hayallerini ve arzusunu yan\u0131nda ta\u015f\u0131yor&#8221; de\u011ferlendirmesinde bulundu.<\/h3>\n<h3 style=\"text-align: justify\">PELOS\u0130, TRUMP\u2019IN KONU\u015eMA METN\u0130N\u0130 YIRTIP ATTI<\/h3>\n<h3 style=\"text-align: justify\">\u00d6te yandan, Trump&#8217;\u0131n konu\u015fmas\u0131 s\u0131ras\u0131nda arkas\u0131nda Ba\u015fkan Yard\u0131mc\u0131s\u0131 Mike Pence ve Temsilciler Meclisi Ba\u015fkan\u0131 Nancy Pelosi yer ald\u0131.<\/h3>\n<h3 style=\"text-align: justify\">Pelosi, konu\u015fmadan \u00f6nce Ba\u015fkan&#8217;a elini uzat\u0131rken, Trump&#8217;\u0131n bunu g\u00f6rmezden gelmesi ve el s\u0131k\u0131\u015fmamas\u0131 dikkatlerden ka\u00e7mad\u0131.<\/h3>\n<h3 style=\"text-align: justify\">Konu\u015fma biter bitmez Pelosi&#8217;nin Trump&#8217;\u0131n konu\u015fma metninin kopyas\u0131n\u0131 y\u0131rt\u0131p atmas\u0131 da kameralara yans\u0131d\u0131.<\/h3>\n<p>kaynak: K24<\/p>\n","protected":false},"excerpt":{"rendered":"<p>ABD Ba\u015fkan\u0131 Donald Trump, geleneksel &#8220;Birli\u011fin Durumu&#8221; konu\u015fmas\u0131nda a\u011f\u0131rl\u0131kl\u0131 olarak kendi y\u00f6netiminin ekonomi performans\u0131n\u0131 \u00f6verken, d\u0131\u015f politikada \u0130ran&#8217;a g\u00f6zda\u011f\u0131 verdi ve ABD&#8217;nin Ortado\u011fu&#8217;daki sonsuz sava\u015flardan \u00e7\u0131kmaya kararl\u0131 oldu\u011funu vurgulad\u0131. Trump, 3 Kas\u0131m&#8217;da yap\u0131lacak ba\u015fkanl\u0131k se\u00e7imleri \u00f6ncesinde son kez geleneksel &#8220;Birli\u011fin Durumu&#8221; konu\u015fmas\u0131n\u0131 yapt\u0131. Konu\u015fmas\u0131nda 3 y\u0131l \u00f6nce &#8220;Amerika&#8217;n\u0131n geri d\u00f6n\u00fc\u015f\u00fcn\u00fc&#8221; ba\u015flatt\u0131klar\u0131na i\u015faret eden Trump, i\u015fsizli\u011fin, [&hellip;]<\/p>\n","protected":false},"author":2,"featured_media":1008448,"comment_status":"closed","ping_status":"closed","sticky":false,"template":"","format":"standard","meta":{"footnotes":""},"categories":[6],"tags":[],"class_list":["post-1008447","post","type-post","status-publish","format-standard","has-post-thumbnail","hentry","category-dunya"],"blocksy_meta":[],"seo_head":"<!-- This site is optimized with the Yoast SEO plugin v27.5 - https:\/\/yoast.com\/product\/yoast-seo-wordpress\/ -->\n<title>Trump\u2019tan Ortado\u011fu mesaj\u0131: Bitirmeye kararl\u0131y\u0131z - Darka Mazi<\/title>\n<meta name=\"robots\" content=\"index, follow, max-snippet:-1, max-image-preview:large, max-video-preview:-1\" \/>\n<link rel=\"canonical\" href=\"https:\/\/darkamazi.site\/archives\/1008447\" \/>\n<meta property=\"og:locale\" content=\"en_US\" \/>\n<meta property=\"og:type\" content=\"article\" \/>\n<meta property=\"og:title\" content=\"Trump\u2019tan Ortado\u011fu mesaj\u0131: Bitirmeye kararl\u0131y\u0131z - Darka Mazi\" \/>\n<meta property=\"og:description\" content=\"ABD Ba\u015fkan\u0131 Donald Trump, geleneksel &#8220;Birli\u011fin Durumu&#8221; konu\u015fmas\u0131nda a\u011f\u0131rl\u0131kl\u0131 olarak kendi y\u00f6netiminin ekonomi performans\u0131n\u0131 \u00f6verken, d\u0131\u015f politikada \u0130ran&#8217;a g\u00f6zda\u011f\u0131 verdi ve ABD&#8217;nin Ortado\u011fu&#8217;daki sonsuz sava\u015flardan \u00e7\u0131kmaya kararl\u0131 oldu\u011funu vurgulad\u0131. Trump, 3 Kas\u0131m&#8217;da yap\u0131lacak ba\u015fkanl\u0131k se\u00e7imleri \u00f6ncesinde son kez geleneksel &#8220;Birli\u011fin Durumu&#8221; konu\u015fmas\u0131n\u0131 yapt\u0131. Konu\u015fmas\u0131nda 3 y\u0131l \u00f6nce &#8220;Amerika&#8217;n\u0131n geri d\u00f6n\u00fc\u015f\u00fcn\u00fc&#8221; ba\u015flatt\u0131klar\u0131na i\u015faret eden Trump, i\u015fsizli\u011fin, [&hellip;]\" \/>\n<meta property=\"og:url\" content=\"https:\/\/darkamazi.site\/archives\/1008447\" \/>\n<meta property=\"og:site_name\" content=\"Darka Mazi\" \/>\n<meta property=\"article:publisher\" content=\"https:\/\/www.facebook.com\/DarkaMaziturkce\" \/>\n<meta property=\"article:published_time\" content=\"2020-02-05T05:24:03+00:00\" \/>\n<meta property=\"article:modified_time\" content=\"2026-03-31T13:45:04+00:00\" \/>\n<meta property=\"og:image\" content=\"https:\/\/darkamazi.site\/file\/2020\/02\/trump-ortadogu.jpg\" \/>\n\t<meta property=\"og:image:width\" content=\"781\" \/>\n\t<meta property=\"og:image:height\" content=\"439\" \/>\n\t<meta property=\"og:image:type\" content=\"image\/jpeg\" \/>\n<meta name=\"author\" content=\"darka mazi\" \/>\n<meta name=\"twitter:card\" content=\"summary_large_image\" \/>\n<meta name=\"twitter:creator\" content=\"@DarkaMaziTurkce\" \/>\n<meta name=\"twitter:site\" content=\"@DarkaMaziTurkce\" \/>\n<meta name=\"twitter:label1\" content=\"Written by\" \/>\n\t<meta name=\"twitter:data1\" content=\"darka mazi\" \/>\n\t<meta name=\"twitter:label2\" content=\"Est. reading time\" \/>\n\t<meta name=\"twitter:data2\" content=\"6 minutes\" \/>\n<script type=\"application\/ld+json\" class=\"seo-schema-graph\">{\"@context\":\"https:\\\/\\\/schema.org\",\"@graph\":[{\"@type\":\"NewsArticle\",\"@id\":\"https:\\\/\\\/darkamazi.site\\\/archives\\\/1008447#article\",\"isPartOf\":{\"@id\":\"https:\\\/\\\/darkamazi.site\\\/archives\\\/1008447\"},\"author\":{\"name\":\"darka mazi\",\"@id\":\"https:\\\/\\\/darkamazi.site\\\/#\\\/schema\\\/person\\\/67986a95ac546c16760365877ef4a9d3\"},\"headline\":\"Trump\u2019tan Ortado\u011fu mesaj\u0131: Bitirmeye kararl\u0131y\u0131z\",\"datePublished\":\"2020-02-05T05:24:03+00:00\",\"dateModified\":\"2026-03-31T13:45:04+00:00\",\"mainEntityOfPage\":{\"@id\":\"https:\\\/\\\/darkamazi.site\\\/archives\\\/1008447\"},\"wordCount\":1143,\"publisher\":{\"@id\":\"https:\\\/\\\/darkamazi.site\\\/#organization\"},\"image\":{\"@id\":\"https:\\\/\\\/darkamazi.site\\\/archives\\\/1008447#primaryimage\"},\"thumbnailUrl\":\"https:\\\/\\\/darkamazi.site\\\/darka-content\\\/uploads\\\/2020\\\/02\\\/trump-ortadogu.jpg\",\"articleSection\":[\"D\u00fcnya\"],\"inLanguage\":\"en-US\"},{\"@type\":\"WebPage\",\"@id\":\"https:\\\/\\\/darkamazi.site\\\/archives\\\/1008447\",\"url\":\"https:\\\/\\\/darkamazi.site\\\/archives\\\/1008447\",\"name\":\"Trump\u2019tan Ortado\u011fu mesaj\u0131: Bitirmeye kararl\u0131y\u0131z - Darka Mazi\",\"isPartOf\":{\"@id\":\"https:\\\/\\\/darkamazi.site\\\/#website\"},\"primaryImageOfPage\":{\"@id\":\"https:\\\/\\\/darkamazi.site\\\/archives\\\/1008447#primaryimage\"},\"image\":{\"@id\":\"https:\\\/\\\/darkamazi.site\\\/archives\\\/1008447#primaryimage\"},\"thumbnailUrl\":\"https:\\\/\\\/darkamazi.site\\\/darka-content\\\/uploads\\\/2020\\\/02\\\/trump-ortadogu.jpg\",\"datePublished\":\"2020-02-05T05:24:03+00:00\",\"dateModified\":\"2026-03-31T13:45:04+00:00\",\"breadcrumb\":{\"@id\":\"https:\\\/\\\/darkamazi.site\\\/archives\\\/1008447#breadcrumb\"},\"inLanguage\":\"en-US\",\"potentialAction\":[{\"@type\":\"ReadAction\",\"target\":[\"https:\\\/\\\/darkamazi.site\\\/archives\\\/1008447\"]}]},{\"@type\":\"ImageObject\",\"inLanguage\":\"en-US\",\"@id\":\"https:\\\/\\\/darkamazi.site\\\/archives\\\/1008447#primaryimage\",\"url\":\"https:\\\/\\\/darkamazi.site\\\/darka-content\\\/uploads\\\/2020\\\/02\\\/trump-ortadogu.jpg\",\"contentUrl\":\"https:\\\/\\\/darkamazi.site\\\/darka-content\\\/uploads\\\/2020\\\/02\\\/trump-ortadogu.jpg\",\"width\":781,\"height\":439,\"caption\":\"Trump\u2019tan Ortado\u011fu mesaj\u0131: Bitirmeye kararl\u0131y\u0131z\"},{\"@type\":\"BreadcrumbList\",\"@id\":\"https:\\\/\\\/darkamazi.site\\\/archives\\\/1008447#breadcrumb\",\"itemListElement\":[{\"@type\":\"ListItem\",\"position\":1,\"name\":\"Home\",\"item\":\"https:\\\/\\\/darkamazi.site\\\/\"},{\"@type\":\"ListItem\",\"position\":2,\"name\":\"Trump\u2019tan Ortado\u011fu mesaj\u0131: Bitirmeye kararl\u0131y\u0131z\"}]},{\"@type\":\"WebSite\",\"@id\":\"https:\\\/\\\/darkamazi.site\\\/#website\",\"url\":\"https:\\\/\\\/darkamazi.site\\\/\",\"name\":\"Darka Mazi\",\"description\":\"Ana Sayfa\",\"publisher\":{\"@id\":\"https:\\\/\\\/darkamazi.site\\\/#organization\"},\"potentialAction\":[{\"@type\":\"SearchAction\",\"target\":{\"@type\":\"EntryPoint\",\"urlTemplate\":\"https:\\\/\\\/darkamazi.site\\\/?s={search_term_string}\"},\"query-input\":{\"@type\":\"PropertyValueSpecification\",\"valueRequired\":true,\"valueName\":\"search_term_string\"}}],\"inLanguage\":\"en-US\"},{\"@type\":\"Organization\",\"@id\":\"https:\\\/\\\/darkamazi.site\\\/#organization\",\"name\":\"Darka Mazi T\u00fcrk\u00e7e\",\"alternateName\":\"Darka Mazi\",\"url\":\"https:\\\/\\\/darkamazi.site\\\/\",\"logo\":{\"@type\":\"ImageObject\",\"inLanguage\":\"en-US\",\"@id\":\"https:\\\/\\\/darkamazi.site\\\/#\\\/schema\\\/logo\\\/image\\\/\",\"url\":\"https:\\\/\\\/darkamazi.site\\\/darka-content\\\/uploads\\\/2017\\\/12\\\/darka-mazi-logo.png\",\"contentUrl\":\"https:\\\/\\\/darkamazi.site\\\/darka-content\\\/uploads\\\/2017\\\/12\\\/darka-mazi-logo.png\",\"width\":151,\"height\":75,\"caption\":\"Darka Mazi T\u00fcrk\u00e7e\"},\"image\":{\"@id\":\"https:\\\/\\\/darkamazi.site\\\/#\\\/schema\\\/logo\\\/image\\\/\"},\"sameAs\":[\"https:\\\/\\\/www.facebook.com\\\/DarkaMaziturkce\",\"https:\\\/\\\/x.com\\\/DarkaMaziTurkce\"]},{\"@type\":\"Person\",\"@id\":\"https:\\\/\\\/darkamazi.site\\\/#\\\/schema\\\/person\\\/67986a95ac546c16760365877ef4a9d3\",\"name\":\"darka mazi\",\"sameAs\":[\"https:\\\/\\\/darkamazi.site\"],\"url\":\"https:\\\/\\\/darkamazi.site\\\/archives\\\/author\\\/turkish\"}]}<\/script>\n<!-- \/ Yoast SEO plugin. -->","seo_head_json":{"title":"Trump\u2019tan Ortado\u011fu mesaj\u0131: Bitirmeye kararl\u0131y\u0131z - Darka Mazi","robots":{"index":"index","follow":"follow","max-snippet":"max-snippet:-1","max-image-preview":"max-image-preview:large","max-video-preview":"max-video-preview:-1"},"canonical":"https:\/\/darkamazi.site\/archives\/1008447","og_locale":"en_US","og_type":"article","og_title":"Trump\u2019tan Ortado\u011fu mesaj\u0131: Bitirmeye kararl\u0131y\u0131z - Darka Mazi","og_description":"ABD Ba\u015fkan\u0131 Donald Trump, geleneksel &#8220;Birli\u011fin Durumu&#8221; konu\u015fmas\u0131nda a\u011f\u0131rl\u0131kl\u0131 olarak kendi y\u00f6netiminin ekonomi performans\u0131n\u0131 \u00f6verken, d\u0131\u015f politikada \u0130ran&#8217;a g\u00f6zda\u011f\u0131 verdi ve ABD&#8217;nin Ortado\u011fu&#8217;daki sonsuz sava\u015flardan \u00e7\u0131kmaya kararl\u0131 oldu\u011funu vurgulad\u0131. Trump, 3 Kas\u0131m&#8217;da yap\u0131lacak ba\u015fkanl\u0131k se\u00e7imleri \u00f6ncesinde son kez geleneksel &#8220;Birli\u011fin Durumu&#8221; konu\u015fmas\u0131n\u0131 yapt\u0131. Konu\u015fmas\u0131nda 3 y\u0131l \u00f6nce &#8220;Amerika&#8217;n\u0131n geri d\u00f6n\u00fc\u015f\u00fcn\u00fc&#8221; ba\u015flatt\u0131klar\u0131na i\u015faret eden Trump, i\u015fsizli\u011fin, [&hellip;]","og_url":"https:\/\/darkamazi.site\/archives\/1008447","og_site_name":"Darka Mazi","article_publisher":"https:\/\/www.facebook.com\/DarkaMaziturkce","article_published_time":"2020-02-05T05:24:03+00:00","article_modified_time":"2026-03-31T13:45:04+00:00","og_image":[{"width":781,"height":439,"url":"https:\/\/darkamazi.site\/file\/2020\/02\/trump-ortadogu.jpg","type":"image\/jpeg"}],"author":"darka mazi","twitter_card":"summary_large_image","twitter_creator":"@DarkaMaziTurkce","twitter_site":"@DarkaMaziTurkce","twitter_misc":{"Written by":"darka mazi","Est. reading time":"6 minutes"},"schema":{"@context":"https:\/\/schema.org","@graph":[{"@type":"NewsArticle","@id":"https:\/\/darkamazi.site\/archives\/1008447#article","isPartOf":{"@id":"https:\/\/darkamazi.site\/archives\/1008447"},"author":{"name":"darka mazi","@id":"https:\/\/darkamazi.site\/#\/schema\/person\/67986a95ac546c16760365877ef4a9d3"},"headline":"Trump\u2019tan Ortado\u011fu mesaj\u0131: Bitirmeye kararl\u0131y\u0131z","datePublished":"2020-02-05T05:24:03+00:00","dateModified":"2026-03-31T13:45:04+00:00","mainEntityOfPage":{"@id":"https:\/\/darkamazi.site\/archives\/1008447"},"wordCount":1143,"publisher":{"@id":"https:\/\/darkamazi.site\/#organization"},"image":{"@id":"https:\/\/darkamazi.site\/archives\/1008447#primaryimage"},"thumbnailUrl":"https:\/\/darkamazi.site\/file\/2020\/02\/trump-ortadogu.jpg","articleSection":["D\u00fcnya"],"inLanguage":"en-US"},{"@type":"WebPage","@id":"https:\/\/darkamazi.site\/archives\/1008447","url":"https:\/\/darkamazi.site\/archives\/1008447","name":"Trump\u2019tan Ortado\u011fu mesaj\u0131: Bitirmeye kararl\u0131y\u0131z - Darka Mazi","isPartOf":{"@id":"https:\/\/darkamazi.site\/#website"},"primaryImageOfPage":{"@id":"https:\/\/darkamazi.site\/archives\/1008447#primaryimage"},"image":{"@id":"https:\/\/darkamazi.site\/archives\/1008447#primaryimage"},"thumbnailUrl":"https:\/\/darkamazi.site\/file\/2020\/02\/trump-ortadogu.jpg","datePublished":"2020-02-05T05:24:03+00:00","dateModified":"2026-03-31T13:45:04+00:00","breadcrumb":{"@id":"https:\/\/darkamazi.site\/archives\/1008447#breadcrumb"},"inLanguage":"en-US","potentialAction":[{"@type":"ReadAction","target":["https:\/\/darkamazi.site\/archives\/1008447"]}]},{"@type":"ImageObject","inLanguage":"en-US","@id":"https:\/\/darkamazi.site\/archives\/1008447#primaryimage","url":"https:\/\/darkamazi.site\/file\/2020\/02\/trump-ortadogu.jpg","contentUrl":"https:\/\/darkamazi.site\/file\/2020\/02\/trump-ortadogu.jpg","width":781,"height":439,"caption":"Trump\u2019tan Ortado\u011fu mesaj\u0131: Bitirmeye kararl\u0131y\u0131z"},{"@type":"BreadcrumbList","@id":"https:\/\/darkamazi.site\/archives\/1008447#breadcrumb","itemListElement":[{"@type":"ListItem","position":1,"name":"Home","item":"https:\/\/darkamazi.site\/"},{"@type":"ListItem","position":2,"name":"Trump\u2019tan Ortado\u011fu mesaj\u0131: Bitirmeye kararl\u0131y\u0131z"}]},{"@type":"WebSite","@id":"https:\/\/darkamazi.site\/#website","url":"https:\/\/darkamazi.site\/","name":"Darka Mazi","description":"Ana Sayfa","publisher":{"@id":"https:\/\/darkamazi.site\/#organization"},"potentialAction":[{"@type":"SearchAction","target":{"@type":"EntryPoint","urlTemplate":"https:\/\/darkamazi.site\/?s={search_term_string}"},"query-input":{"@type":"PropertyValueSpecification","valueRequired":true,"valueName":"search_term_string"}}],"inLanguage":"en-US"},{"@type":"Organization","@id":"https:\/\/darkamazi.site\/#organization","name":"Darka Mazi T\u00fcrk\u00e7e","alternateName":"Darka Mazi","url":"https:\/\/darkamazi.site\/","logo":{"@type":"ImageObject","inLanguage":"en-US","@id":"https:\/\/darkamazi.site\/#\/schema\/logo\/image\/","url":"https:\/\/darkamazi.site\/file\/2017\/12\/darka-mazi-logo.png","contentUrl":"https:\/\/darkamazi.site\/file\/2017\/12\/darka-mazi-logo.png","width":151,"height":75,"caption":"Darka Mazi T\u00fcrk\u00e7e"},"image":{"@id":"https:\/\/darkamazi.site\/#\/schema\/logo\/image\/"},"sameAs":["https:\/\/www.facebook.com\/DarkaMaziturkce","https:\/\/x.com\/DarkaMaziTurkce"]},{"@type":"Person","@id":"https:\/\/darkamazi.site\/#\/schema\/person\/67986a95ac546c16760365877ef4a9d3","name":"darka mazi","sameAs":["https:\/\/darkamazi.site"],"url":"https:\/\/darkamazi.site\/archives\/author\/turkish"}]}},"_links":{"self":[{"href":"https:\/\/darkamazi.site\/funavuv\/wp\/v2\/posts\/1008447","targetHints":{"allow":["GET"]}}],"collection":[{"href":"https:\/\/darkamazi.site\/funavuv\/wp\/v2\/posts"}],"about":[{"href":"https:\/\/darkamazi.site\/funavuv\/wp\/v2\/types\/post"}],"author":[{"embeddable":true,"href":"https:\/\/darkamazi.site\/funavuv\/wp\/v2\/users\/2"}],"replies":[{"embeddable":true,"href":"https:\/\/darkamazi.site\/funavuv\/wp\/v2\/comments?post=1008447"}],"version-history":[{"count":0,"href":"https:\/\/darkamazi.site\/funavuv\/wp\/v2\/posts\/1008447\/revisions"}],"wp:featuredmedia":[{"embeddable":true,"href":"https:\/\/darkamazi.site\/funavuv\/wp\/v2\/media\/1008448"}],"wp:attachment":[{"href":"https:\/\/darkamazi.site\/funavuv\/wp\/v2\/media?parent=1008447"}],"wp:term":[{"taxonomy":"category","embeddable":true,"href":"https:\/\/darkamazi.site\/funavuv\/wp\/v2\/categories?post=1008447"},{"taxonomy":"post_tag","embeddable":true,"href":"https:\/\/darkamazi.site\/funavuv\/wp\/v2\/tags?post=1008447"}],"curies":[{"name":"wp","href":"https:\/\/api.w.org\/{rel}","templated":true}]}}