{"id":1008453,"date":"2020-02-05T11:53:58","date_gmt":"2020-02-05T08:53:58","guid":{"rendered":"https:\/\/darkamazi.site\/?p=1008453"},"modified":"2026-03-31T16:45:04","modified_gmt":"2026-03-31T13:45:04","slug":"dsm-birlik-icin-baskan-barzaninin-rolu-onemli","status":"publish","type":"post","link":"https:\/\/darkamazi.site\/archives\/1008453","title":{"rendered":"DSM: Birlik i\u00e7in Ba\u015fkan Barzani\u2019nin rol\u00fc \u00f6nemli"},"content":{"rendered":"<h3 style=\"text-align: justify\"><span style=\"font-family: 'arial black', sans-serif\">Demokratik Suriye Meclisi (DSM) S\u00f6zc\u00fcs\u00fc, Suriye\u2019nin i\u00e7erisinde bulundu\u011fu s\u00fcre\u00e7teki \u00e7\u00f6z\u00fcmlerde yer almalar\u0131 i\u00e7in K\u00fcrtlerin birlik olmas\u0131 gerekti\u011fini ifade ederek, bu konuda Ba\u015fkan Mesud Barzani\u2019ye \u00f6nemli rol d\u00fc\u015ft\u00fc\u011f\u00fcn\u00fc s\u00f6yledi. <\/span><\/h3>\n<h3 style=\"text-align: justify\"><span style=\"font-size: 1rem\">K24\u2019e konu\u015fan Demokratik Suriye Meclisi (DSM) S\u00f6zc\u00fcs\u00fc Emced Osman, Suriye ve Rojava\u2019daki geli\u015fmelerle ENKS\u2019nin Rojava\u2019da ofislerini a\u00e7mas\u0131n\u0131 de\u011ferlendirdi.<\/span><\/h3>\n<h3 style=\"text-align: justify\">Osman, K\u00fcrtlerin yeni Suriye&#8217;nin gelece\u011finde sorunlar\u0131n \u00e7\u00f6z\u00fcm\u00fcnde aktif olmalar\u0131 i\u00e7in, K\u00fcrt parti ve hareketlerinin birlikte hakaret etmesi gerekti\u011fini vurgulad\u0131.<\/h3>\n<h3 style=\"text-align: justify\">Suriye K\u00fcrt Ulusal Konseyi&#8217;nin (ENKS) ofislerini yeniden a\u00e7mas\u0131yla ilgili de konu\u015fan Osman \u015funlar\u0131 s\u00f6yledi:<\/h3>\n<h3 style=\"text-align: justify\">\u201cENKS\u2019nin baz\u0131 talepleri vard\u0131, bu taleplerin yerine getirilmesi i\u00e7in bir komite kuruldu. Demokratik Suriye G\u00fc\u00e7leri (DSG) bunun i\u00e7in ciddi giri\u015fimlerde bulundu. ENKS de ofislerini yeniden a\u00e7mak i\u00e7in olumlu bir ad\u0131m att\u0131.\u201d<\/h3>\n<h3 style=\"text-align: justify\">Suriye\u2019deki geli\u015fmeleri de de\u011ferlendiren DSM S\u00f6zc\u00fcs\u00fc, \u201cSuriye krizi uluslararas\u0131 bir sorun haline geldi, K\u00fcrt meselesi de bunun i\u00e7erisinde yer al\u0131yor. E\u011fer K\u00fcrtler bu konuda kararl\u0131l\u0131k g\u00f6sterirlerse ba\u015far\u0131l\u0131 olurlar, yoksa ba\u015far\u0131l\u0131 olma \u015fans\u0131m\u0131z olmayacak. K\u00fcrtler b\u00f6lgedeki geli\u015fmeleri ve uluslararas\u0131 ko\u015fullar\u0131 g\u00f6z \u00f6n\u00fcne alarak ona g\u00f6re ad\u0131m atmal\u0131\u201d ifadelerini kulland\u0131.<\/h3>\n<h3 style=\"text-align: justify\">Osman, Suriye\u2019nin i\u00e7erisinde bulundu\u011fu yeni s\u00fcre\u00e7te Rojava \u00fczerindeki tehlikenin atlat\u0131lmas\u0131 i\u00e7in K\u00fcrt birlikteli\u011fine ihtiya\u00e7 oldu\u011funu vurgulad\u0131.<\/h3>\n<h3 style=\"text-align: justify\">DSM S\u00f6zc\u00fcs\u00fc Emced Osman, Suriye\u2019de krizin ba\u015flad\u0131\u011f\u0131 ilk zamanlarda K\u00fcrtlerin birlikte hareket etmesi i\u00e7in f\u0131rsat oldu\u011funu ifade ederek, \u201cNe yaz\u0131k ki bu birlik sa\u011flanmad\u0131\u201d dedi.<\/h3>\n<h3 style=\"text-align: justify\">ENKS ve DSG aras\u0131nda yeni ba\u015flayan s\u00fcre\u00e7 ile ilgili olarak da Osman, \u201cB\u00fct\u00fcn K\u00fcrdistani taraflar bu giri\u015fim i\u00e7erisinde yer almal\u0131. Say\u0131n Ba\u015fkan Mesud Barzani bu anla\u015fma olumlu sonuca var\u0131ncaya kadar b\u00fcy\u00fck bir rol \u00fcstlenmeli\u201d \u015feklinde konu\u015ftu.<\/h3>\n<h3 style=\"text-align: justify\">T\u00fcrkiye ve kendisine ba\u011fl\u0131 silahl\u0131 gruplar 9 Ekim 2019\u2019da Rojava\u2019n\u0131n Ser\u00eakaniy\u00ea ve Gir\u00ea Sp\u00ee b\u00f6lgelerine askeri operasyon d\u00fczenledikten sonra, DSG Genel Komutan\u0131 General Mazlum Abdi\u2019nin \u00e7a\u011fr\u0131s\u0131 \u00fczerine ENKS ve PYD\u2019ye ba\u011fl\u0131 \u00d6zerk Y\u00f6netim bir araya gelmi\u015fti.<\/h3>\n<h3 style=\"text-align: justify\">Daha sonra yap\u0131lan a\u00e7\u0131klamalarda, ENKS\u2019nin Rojava\u2019da yeniden ofislerini a\u00e7aca\u011f\u0131 karar\u0131 al\u0131nm\u0131\u015ft\u0131. ENKS taraf\u0131ndan yap\u0131lan a\u00e7\u0131klamalara g\u00f6re, \u00f6n\u00fcm\u00fczdeki g\u00fcnlerde ofisler yeniden a\u00e7\u0131lacak.<\/h3>\n<p>kaynak: K24<\/p>\n","protected":false},"excerpt":{"rendered":"<p>Demokratik Suriye Meclisi (DSM) S\u00f6zc\u00fcs\u00fc, Suriye\u2019nin i\u00e7erisinde bulundu\u011fu s\u00fcre\u00e7teki \u00e7\u00f6z\u00fcmlerde yer almalar\u0131 i\u00e7in K\u00fcrtlerin birlik olmas\u0131 gerekti\u011fini ifade ederek, bu konuda Ba\u015fkan Mesud Barzani\u2019ye \u00f6nemli rol d\u00fc\u015ft\u00fc\u011f\u00fcn\u00fc s\u00f6yledi. K24\u2019e konu\u015fan Demokratik Suriye Meclisi (DSM) S\u00f6zc\u00fcs\u00fc Emced Osman, Suriye ve Rojava\u2019daki geli\u015fmelerle ENKS\u2019nin Rojava\u2019da ofislerini a\u00e7mas\u0131n\u0131 de\u011ferlendirdi. Osman, K\u00fcrtlerin yeni Suriye&#8217;nin gelece\u011finde sorunlar\u0131n \u00e7\u00f6z\u00fcm\u00fcnde aktif olmalar\u0131 [&hellip;]<\/p>\n","protected":false},"author":2,"featured_media":1008454,"comment_status":"closed","ping_status":"closed","sticky":false,"template":"","format":"standard","meta":{"footnotes":""},"categories":[3],"tags":[],"class_list":["post-1008453","post","type-post","status-publish","format-standard","has-post-thumbnail","hentry","category-kurdistan"],"blocksy_meta":[],"seo_head":"<!-- This site is optimized with the Yoast SEO plugin v27.5 - https:\/\/yoast.com\/product\/yoast-seo-wordpress\/ -->\n<title>DSM: Birlik i\u00e7in Ba\u015fkan Barzani\u2019nin rol\u00fc \u00f6nemli - Darka Mazi<\/title>\n<meta name=\"robots\" content=\"index, follow, max-snippet:-1, max-image-preview:large, max-video-preview:-1\" \/>\n<link rel=\"canonical\" href=\"https:\/\/darkamazi.site\/archives\/1008453\" \/>\n<meta property=\"og:locale\" content=\"en_US\" \/>\n<meta property=\"og:type\" content=\"article\" \/>\n<meta property=\"og:title\" content=\"DSM: Birlik i\u00e7in Ba\u015fkan Barzani\u2019nin rol\u00fc \u00f6nemli - Darka Mazi\" \/>\n<meta property=\"og:description\" content=\"Demokratik Suriye Meclisi (DSM) S\u00f6zc\u00fcs\u00fc, Suriye\u2019nin i\u00e7erisinde bulundu\u011fu s\u00fcre\u00e7teki \u00e7\u00f6z\u00fcmlerde yer almalar\u0131 i\u00e7in K\u00fcrtlerin birlik olmas\u0131 gerekti\u011fini ifade ederek, bu konuda Ba\u015fkan Mesud Barzani\u2019ye \u00f6nemli rol d\u00fc\u015ft\u00fc\u011f\u00fcn\u00fc s\u00f6yledi. K24\u2019e konu\u015fan Demokratik Suriye Meclisi (DSM) S\u00f6zc\u00fcs\u00fc Emced Osman, Suriye ve Rojava\u2019daki geli\u015fmelerle ENKS\u2019nin Rojava\u2019da ofislerini a\u00e7mas\u0131n\u0131 de\u011ferlendirdi. Osman, K\u00fcrtlerin yeni Suriye&#8217;nin gelece\u011finde sorunlar\u0131n \u00e7\u00f6z\u00fcm\u00fcnde aktif olmalar\u0131 [&hellip;]\" \/>\n<meta property=\"og:url\" content=\"https:\/\/darkamazi.site\/archives\/1008453\" \/>\n<meta property=\"og:site_name\" content=\"Darka Mazi\" \/>\n<meta property=\"article:publisher\" content=\"https:\/\/www.facebook.com\/DarkaMaziturkce\" \/>\n<meta property=\"article:published_time\" content=\"2020-02-05T08:53:58+00:00\" \/>\n<meta property=\"article:modified_time\" content=\"2026-03-31T13:45:04+00:00\" \/>\n<meta property=\"og:image\" content=\"https:\/\/darkamazi.site\/file\/2020\/02\/EMCED-OSMAN-MSD-K24.jpg\" \/>\n\t<meta property=\"og:image:width\" content=\"781\" \/>\n\t<meta property=\"og:image:height\" content=\"439\" \/>\n\t<meta property=\"og:image:type\" content=\"image\/jpeg\" \/>\n<meta name=\"author\" content=\"darka mazi\" \/>\n<meta name=\"twitter:card\" content=\"summary_large_image\" \/>\n<meta name=\"twitter:creator\" content=\"@DarkaMaziTurkce\" \/>\n<meta name=\"twitter:site\" content=\"@DarkaMaziTurkce\" \/>\n<meta name=\"twitter:label1\" content=\"Written by\" \/>\n\t<meta name=\"twitter:data1\" content=\"darka mazi\" \/>\n\t<meta name=\"twitter:label2\" content=\"Est. reading time\" \/>\n\t<meta name=\"twitter:data2\" content=\"2 minutes\" \/>\n<script type=\"application\/ld+json\" class=\"seo-schema-graph\">{\"@context\":\"https:\\\/\\\/schema.org\",\"@graph\":[{\"@type\":\"NewsArticle\",\"@id\":\"https:\\\/\\\/darkamazi.site\\\/archives\\\/1008453#article\",\"isPartOf\":{\"@id\":\"https:\\\/\\\/darkamazi.site\\\/archives\\\/1008453\"},\"author\":{\"name\":\"darka mazi\",\"@id\":\"https:\\\/\\\/darkamazi.site\\\/#\\\/schema\\\/person\\\/67986a95ac546c16760365877ef4a9d3\"},\"headline\":\"DSM: Birlik i\u00e7in Ba\u015fkan Barzani\u2019nin rol\u00fc \u00f6nemli\",\"datePublished\":\"2020-02-05T08:53:58+00:00\",\"dateModified\":\"2026-03-31T13:45:04+00:00\",\"mainEntityOfPage\":{\"@id\":\"https:\\\/\\\/darkamazi.site\\\/archives\\\/1008453\"},\"wordCount\":444,\"publisher\":{\"@id\":\"https:\\\/\\\/darkamazi.site\\\/#organization\"},\"image\":{\"@id\":\"https:\\\/\\\/darkamazi.site\\\/archives\\\/1008453#primaryimage\"},\"thumbnailUrl\":\"https:\\\/\\\/darkamazi.site\\\/darka-content\\\/uploads\\\/2020\\\/02\\\/EMCED-OSMAN-MSD-K24.jpg\",\"articleSection\":[\"Kurdistan\"],\"inLanguage\":\"en-US\"},{\"@type\":\"WebPage\",\"@id\":\"https:\\\/\\\/darkamazi.site\\\/archives\\\/1008453\",\"url\":\"https:\\\/\\\/darkamazi.site\\\/archives\\\/1008453\",\"name\":\"DSM: Birlik i\u00e7in Ba\u015fkan Barzani\u2019nin rol\u00fc \u00f6nemli - Darka Mazi\",\"isPartOf\":{\"@id\":\"https:\\\/\\\/darkamazi.site\\\/#website\"},\"primaryImageOfPage\":{\"@id\":\"https:\\\/\\\/darkamazi.site\\\/archives\\\/1008453#primaryimage\"},\"image\":{\"@id\":\"https:\\\/\\\/darkamazi.site\\\/archives\\\/1008453#primaryimage\"},\"thumbnailUrl\":\"https:\\\/\\\/darkamazi.site\\\/darka-content\\\/uploads\\\/2020\\\/02\\\/EMCED-OSMAN-MSD-K24.jpg\",\"datePublished\":\"2020-02-05T08:53:58+00:00\",\"dateModified\":\"2026-03-31T13:45:04+00:00\",\"breadcrumb\":{\"@id\":\"https:\\\/\\\/darkamazi.site\\\/archives\\\/1008453#breadcrumb\"},\"inLanguage\":\"en-US\",\"potentialAction\":[{\"@type\":\"ReadAction\",\"target\":[\"https:\\\/\\\/darkamazi.site\\\/archives\\\/1008453\"]}]},{\"@type\":\"ImageObject\",\"inLanguage\":\"en-US\",\"@id\":\"https:\\\/\\\/darkamazi.site\\\/archives\\\/1008453#primaryimage\",\"url\":\"https:\\\/\\\/darkamazi.site\\\/darka-content\\\/uploads\\\/2020\\\/02\\\/EMCED-OSMAN-MSD-K24.jpg\",\"contentUrl\":\"https:\\\/\\\/darkamazi.site\\\/darka-content\\\/uploads\\\/2020\\\/02\\\/EMCED-OSMAN-MSD-K24.jpg\",\"width\":781,\"height\":439,\"caption\":\"DSM: Birlik i\u00e7in Ba\u015fkan Barzani\u2019nin rol\u00fc \u00f6nemli\"},{\"@type\":\"BreadcrumbList\",\"@id\":\"https:\\\/\\\/darkamazi.site\\\/archives\\\/1008453#breadcrumb\",\"itemListElement\":[{\"@type\":\"ListItem\",\"position\":1,\"name\":\"Home\",\"item\":\"https:\\\/\\\/darkamazi.site\\\/\"},{\"@type\":\"ListItem\",\"position\":2,\"name\":\"DSM: Birlik i\u00e7in Ba\u015fkan Barzani\u2019nin rol\u00fc \u00f6nemli\"}]},{\"@type\":\"WebSite\",\"@id\":\"https:\\\/\\\/darkamazi.site\\\/#website\",\"url\":\"https:\\\/\\\/darkamazi.site\\\/\",\"name\":\"Darka Mazi\",\"description\":\"Ana Sayfa\",\"publisher\":{\"@id\":\"https:\\\/\\\/darkamazi.site\\\/#organization\"},\"potentialAction\":[{\"@type\":\"SearchAction\",\"target\":{\"@type\":\"EntryPoint\",\"urlTemplate\":\"https:\\\/\\\/darkamazi.site\\\/?s={search_term_string}\"},\"query-input\":{\"@type\":\"PropertyValueSpecification\",\"valueRequired\":true,\"valueName\":\"search_term_string\"}}],\"inLanguage\":\"en-US\"},{\"@type\":\"Organization\",\"@id\":\"https:\\\/\\\/darkamazi.site\\\/#organization\",\"name\":\"Darka Mazi T\u00fcrk\u00e7e\",\"alternateName\":\"Darka Mazi\",\"url\":\"https:\\\/\\\/darkamazi.site\\\/\",\"logo\":{\"@type\":\"ImageObject\",\"inLanguage\":\"en-US\",\"@id\":\"https:\\\/\\\/darkamazi.site\\\/#\\\/schema\\\/logo\\\/image\\\/\",\"url\":\"https:\\\/\\\/darkamazi.site\\\/darka-content\\\/uploads\\\/2017\\\/12\\\/darka-mazi-logo.png\",\"contentUrl\":\"https:\\\/\\\/darkamazi.site\\\/darka-content\\\/uploads\\\/2017\\\/12\\\/darka-mazi-logo.png\",\"width\":151,\"height\":75,\"caption\":\"Darka Mazi T\u00fcrk\u00e7e\"},\"image\":{\"@id\":\"https:\\\/\\\/darkamazi.site\\\/#\\\/schema\\\/logo\\\/image\\\/\"},\"sameAs\":[\"https:\\\/\\\/www.facebook.com\\\/DarkaMaziturkce\",\"https:\\\/\\\/x.com\\\/DarkaMaziTurkce\"]},{\"@type\":\"Person\",\"@id\":\"https:\\\/\\\/darkamazi.site\\\/#\\\/schema\\\/person\\\/67986a95ac546c16760365877ef4a9d3\",\"name\":\"darka mazi\",\"sameAs\":[\"https:\\\/\\\/darkamazi.site\"],\"url\":\"https:\\\/\\\/darkamazi.site\\\/archives\\\/author\\\/turkish\"}]}<\/script>\n<!-- \/ Yoast SEO plugin. -->","seo_head_json":{"title":"DSM: Birlik i\u00e7in Ba\u015fkan Barzani\u2019nin rol\u00fc \u00f6nemli - Darka Mazi","robots":{"index":"index","follow":"follow","max-snippet":"max-snippet:-1","max-image-preview":"max-image-preview:large","max-video-preview":"max-video-preview:-1"},"canonical":"https:\/\/darkamazi.site\/archives\/1008453","og_locale":"en_US","og_type":"article","og_title":"DSM: Birlik i\u00e7in Ba\u015fkan Barzani\u2019nin rol\u00fc \u00f6nemli - Darka Mazi","og_description":"Demokratik Suriye Meclisi (DSM) S\u00f6zc\u00fcs\u00fc, Suriye\u2019nin i\u00e7erisinde bulundu\u011fu s\u00fcre\u00e7teki \u00e7\u00f6z\u00fcmlerde yer almalar\u0131 i\u00e7in K\u00fcrtlerin birlik olmas\u0131 gerekti\u011fini ifade ederek, bu konuda Ba\u015fkan Mesud Barzani\u2019ye \u00f6nemli rol d\u00fc\u015ft\u00fc\u011f\u00fcn\u00fc s\u00f6yledi. K24\u2019e konu\u015fan Demokratik Suriye Meclisi (DSM) S\u00f6zc\u00fcs\u00fc Emced Osman, Suriye ve Rojava\u2019daki geli\u015fmelerle ENKS\u2019nin Rojava\u2019da ofislerini a\u00e7mas\u0131n\u0131 de\u011ferlendirdi. Osman, K\u00fcrtlerin yeni Suriye&#8217;nin gelece\u011finde sorunlar\u0131n \u00e7\u00f6z\u00fcm\u00fcnde aktif olmalar\u0131 [&hellip;]","og_url":"https:\/\/darkamazi.site\/archives\/1008453","og_site_name":"Darka Mazi","article_publisher":"https:\/\/www.facebook.com\/DarkaMaziturkce","article_published_time":"2020-02-05T08:53:58+00:00","article_modified_time":"2026-03-31T13:45:04+00:00","og_image":[{"width":781,"height":439,"url":"https:\/\/darkamazi.site\/file\/2020\/02\/EMCED-OSMAN-MSD-K24.jpg","type":"image\/jpeg"}],"author":"darka mazi","twitter_card":"summary_large_image","twitter_creator":"@DarkaMaziTurkce","twitter_site":"@DarkaMaziTurkce","twitter_misc":{"Written by":"darka mazi","Est. reading time":"2 minutes"},"schema":{"@context":"https:\/\/schema.org","@graph":[{"@type":"NewsArticle","@id":"https:\/\/darkamazi.site\/archives\/1008453#article","isPartOf":{"@id":"https:\/\/darkamazi.site\/archives\/1008453"},"author":{"name":"darka mazi","@id":"https:\/\/darkamazi.site\/#\/schema\/person\/67986a95ac546c16760365877ef4a9d3"},"headline":"DSM: Birlik i\u00e7in Ba\u015fkan Barzani\u2019nin rol\u00fc \u00f6nemli","datePublished":"2020-02-05T08:53:58+00:00","dateModified":"2026-03-31T13:45:04+00:00","mainEntityOfPage":{"@id":"https:\/\/darkamazi.site\/archives\/1008453"},"wordCount":444,"publisher":{"@id":"https:\/\/darkamazi.site\/#organization"},"image":{"@id":"https:\/\/darkamazi.site\/archives\/1008453#primaryimage"},"thumbnailUrl":"https:\/\/darkamazi.site\/file\/2020\/02\/EMCED-OSMAN-MSD-K24.jpg","articleSection":["Kurdistan"],"inLanguage":"en-US"},{"@type":"WebPage","@id":"https:\/\/darkamazi.site\/archives\/1008453","url":"https:\/\/darkamazi.site\/archives\/1008453","name":"DSM: Birlik i\u00e7in Ba\u015fkan Barzani\u2019nin rol\u00fc \u00f6nemli - Darka Mazi","isPartOf":{"@id":"https:\/\/darkamazi.site\/#website"},"primaryImageOfPage":{"@id":"https:\/\/darkamazi.site\/archives\/1008453#primaryimage"},"image":{"@id":"https:\/\/darkamazi.site\/archives\/1008453#primaryimage"},"thumbnailUrl":"https:\/\/darkamazi.site\/file\/2020\/02\/EMCED-OSMAN-MSD-K24.jpg","datePublished":"2020-02-05T08:53:58+00:00","dateModified":"2026-03-31T13:45:04+00:00","breadcrumb":{"@id":"https:\/\/darkamazi.site\/archives\/1008453#breadcrumb"},"inLanguage":"en-US","potentialAction":[{"@type":"ReadAction","target":["https:\/\/darkamazi.site\/archives\/1008453"]}]},{"@type":"ImageObject","inLanguage":"en-US","@id":"https:\/\/darkamazi.site\/archives\/1008453#primaryimage","url":"https:\/\/darkamazi.site\/file\/2020\/02\/EMCED-OSMAN-MSD-K24.jpg","contentUrl":"https:\/\/darkamazi.site\/file\/2020\/02\/EMCED-OSMAN-MSD-K24.jpg","width":781,"height":439,"caption":"DSM: Birlik i\u00e7in Ba\u015fkan Barzani\u2019nin rol\u00fc \u00f6nemli"},{"@type":"BreadcrumbList","@id":"https:\/\/darkamazi.site\/archives\/1008453#breadcrumb","itemListElement":[{"@type":"ListItem","position":1,"name":"Home","item":"https:\/\/darkamazi.site\/"},{"@type":"ListItem","position":2,"name":"DSM: Birlik i\u00e7in Ba\u015fkan Barzani\u2019nin rol\u00fc \u00f6nemli"}]},{"@type":"WebSite","@id":"https:\/\/darkamazi.site\/#website","url":"https:\/\/darkamazi.site\/","name":"Darka Mazi","description":"Ana Sayfa","publisher":{"@id":"https:\/\/darkamazi.site\/#organization"},"potentialAction":[{"@type":"SearchAction","target":{"@type":"EntryPoint","urlTemplate":"https:\/\/darkamazi.site\/?s={search_term_string}"},"query-input":{"@type":"PropertyValueSpecification","valueRequired":true,"valueName":"search_term_string"}}],"inLanguage":"en-US"},{"@type":"Organization","@id":"https:\/\/darkamazi.site\/#organization","name":"Darka Mazi T\u00fcrk\u00e7e","alternateName":"Darka Mazi","url":"https:\/\/darkamazi.site\/","logo":{"@type":"ImageObject","inLanguage":"en-US","@id":"https:\/\/darkamazi.site\/#\/schema\/logo\/image\/","url":"https:\/\/darkamazi.site\/file\/2017\/12\/darka-mazi-logo.png","contentUrl":"https:\/\/darkamazi.site\/file\/2017\/12\/darka-mazi-logo.png","width":151,"height":75,"caption":"Darka Mazi T\u00fcrk\u00e7e"},"image":{"@id":"https:\/\/darkamazi.site\/#\/schema\/logo\/image\/"},"sameAs":["https:\/\/www.facebook.com\/DarkaMaziturkce","https:\/\/x.com\/DarkaMaziTurkce"]},{"@type":"Person","@id":"https:\/\/darkamazi.site\/#\/schema\/person\/67986a95ac546c16760365877ef4a9d3","name":"darka mazi","sameAs":["https:\/\/darkamazi.site"],"url":"https:\/\/darkamazi.site\/archives\/author\/turkish"}]}},"_links":{"self":[{"href":"https:\/\/darkamazi.site\/funavuv\/wp\/v2\/posts\/1008453","targetHints":{"allow":["GET"]}}],"collection":[{"href":"https:\/\/darkamazi.site\/funavuv\/wp\/v2\/posts"}],"about":[{"href":"https:\/\/darkamazi.site\/funavuv\/wp\/v2\/types\/post"}],"author":[{"embeddable":true,"href":"https:\/\/darkamazi.site\/funavuv\/wp\/v2\/users\/2"}],"replies":[{"embeddable":true,"href":"https:\/\/darkamazi.site\/funavuv\/wp\/v2\/comments?post=1008453"}],"version-history":[{"count":0,"href":"https:\/\/darkamazi.site\/funavuv\/wp\/v2\/posts\/1008453\/revisions"}],"wp:featuredmedia":[{"embeddable":true,"href":"https:\/\/darkamazi.site\/funavuv\/wp\/v2\/media\/1008454"}],"wp:attachment":[{"href":"https:\/\/darkamazi.site\/funavuv\/wp\/v2\/media?parent=1008453"}],"wp:term":[{"taxonomy":"category","embeddable":true,"href":"https:\/\/darkamazi.site\/funavuv\/wp\/v2\/categories?post=1008453"},{"taxonomy":"post_tag","embeddable":true,"href":"https:\/\/darkamazi.site\/funavuv\/wp\/v2\/tags?post=1008453"}],"curies":[{"name":"wp","href":"https:\/\/api.w.org\/{rel}","templated":true}]}}