{"id":1008504,"date":"2020-02-11T16:16:43","date_gmt":"2020-02-11T13:16:43","guid":{"rendered":"https:\/\/darkamazi.site\/?p=1008504"},"modified":"2026-03-31T16:45:03","modified_gmt":"2026-03-31T13:45:03","slug":"rusya-sorumluluk-turk-tarafina-ait","status":"publish","type":"post","link":"https:\/\/darkamazi.site\/archives\/1008504","title":{"rendered":"Rusya: Sorumluluk T\u00fcrk Taraf\u0131na ait"},"content":{"rendered":"<h3 style=\"text-align: justify\"><span style=\"font-size: 12pt;font-family: 'arial black', sans-serif\">Kremlin S\u00f6zc\u00fcs\u00fc Dmitriy Peskov, \u0130dlib&#8217;de Suriye ordusuna ve Rus askeri g\u00fc\u00e7lerine y\u00f6nelik her t\u00fcrl\u00fc ter\u00f6rist faaliyetlerin sona ermesi ve Suriye&#8217;nin kuzeydo\u011fusuna y\u00f6nelik Rus-T\u00fcrk mutabakat\u0131n\u0131n uygulanmas\u0131 gerekti\u011fini s\u00f6yledi.<\/span><\/h3>\n<h3 style=\"text-align: justify\"><span style=\"font-size: 12pt\">Rusya&#8217;n\u0131n \u0130dlib&#8217;deki durumdan endi\u015fe duydu\u011funu belirten Kremlin S\u00f6zc\u00fcs\u00fc Dmitriy Peskov, &#8220;\u0130dlib&#8217;deki gerilimi azaltma b\u00f6lgesinde bulunan ter\u00f6ristlerin uzun s\u00fcredir olduk\u00e7a rahat hareket etmelerinden duydu\u011fumuz endi\u015feyi saklamad\u0131k. En \u00f6nemlisi de, bu gruplar rahat davranmakla kalm\u0131yor, Suriyelilere ve Rus tesislerine y\u00f6nelik sald\u0131r\u0131lar ve sald\u0131rganl\u0131k eylemleri d\u00fczenliyor&#8221; dedi.<\/span><\/h3>\n<h3 style=\"text-align: justify\"><span style=\"font-size: 12pt\">Peskov, bu durumu d\u00fczeltme sorumlulu\u011funun T\u00fcrk taraf\u0131na ait oldu\u011funu kaydederek &#8220;Bu hususa So\u00e7i anla\u015fmalar\u0131nda yer verildi. Biz, herhangi bir de\u011ferlendirme yapm\u0131yoruz, imzalanan belgede yer alan metne dikkat \u00e7ekiyoruz. Burada herhangi bir de\u011ferlendirmeye veya yoruma yer yok&#8221; diye konu\u015ftu.<\/span><\/h3>\n<h3 style=\"text-align: justify\"><span style=\"font-size: 12pt\">\u201cSALDIRILARI KABUL ED\u0130LEMEZ BULUYORUZ\u201d<\/span><\/h3>\n<h3 style=\"text-align: justify\"><span style=\"font-size: 12pt\">\u0130dlib gerilimi azaltma b\u00f6lgesinde T\u00fcrkiye ile Suriye aras\u0131nda ya\u015fanan gerilimi \u00e7\u00f6zmenin yollar\u0131 hakk\u0131ndaki bir soru kar\u015f\u0131s\u0131nda, \u015fu anda So\u00e7i mutabakatlar\u0131n\u0131n uygulanmas\u0131n\u0131 en \u00f6nemli husus olarak g\u00f6rd\u00fckleri yan\u0131t\u0131n\u0131 veren Peskov, &#8220;Elbette Suriye ordusuna ve Rus askeri tesislerine y\u00f6nelik her t\u00fcrl\u00fc ter\u00f6rist faaliyetler de son bulmal\u0131. \u0130dlib&#8217;den d\u00fczenlenen sald\u0131r\u0131lar\u0131 kabul edilemez buluyoruz&#8221; yorumunu yapt\u0131.<\/span><\/h3>\n<h3 style=\"text-align: justify\"><span style=\"font-size: 12pt\">Peskov, \u015fu anda Rusya Devlet Ba\u015fkan\u0131 Vladimir Putin ile t\u00fcrkiye Cumhurba\u015fkan\u0131 Recep Tayyip Erdo\u011fan aras\u0131nda bir g\u00f6r\u00fc\u015fme planlanmad\u0131\u011f\u0131n\u0131 belirtti.<\/span><\/h3>\n<h3 style=\"text-align: justify\"><span style=\"font-size: 12pt\">Liderlerin gerekli g\u00f6rmeleri halinde g\u00f6r\u00fc\u015fmenin yap\u0131laca\u011f\u0131n\u0131 kaydeden Peskov, \u015fu an i\u00e7in bu y\u00f6nde bir karar al\u0131nmad\u0131\u011f\u0131n\u0131n alt\u0131n\u0131 \u00e7izdi.<\/span><\/h3>\n","protected":false},"excerpt":{"rendered":"<p>Kremlin S\u00f6zc\u00fcs\u00fc Dmitriy Peskov, \u0130dlib&#8217;de Suriye ordusuna ve Rus askeri g\u00fc\u00e7lerine y\u00f6nelik her t\u00fcrl\u00fc ter\u00f6rist faaliyetlerin sona ermesi ve Suriye&#8217;nin kuzeydo\u011fusuna y\u00f6nelik Rus-T\u00fcrk mutabakat\u0131n\u0131n uygulanmas\u0131 gerekti\u011fini s\u00f6yledi. Rusya&#8217;n\u0131n \u0130dlib&#8217;deki durumdan endi\u015fe duydu\u011funu belirten Kremlin S\u00f6zc\u00fcs\u00fc Dmitriy Peskov, &#8220;\u0130dlib&#8217;deki gerilimi azaltma b\u00f6lgesinde bulunan ter\u00f6ristlerin uzun s\u00fcredir olduk\u00e7a rahat hareket etmelerinden duydu\u011fumuz endi\u015feyi saklamad\u0131k. En \u00f6nemlisi de, [&hellip;]<\/p>\n","protected":false},"author":2,"featured_media":1008505,"comment_status":"closed","ping_status":"closed","sticky":false,"template":"","format":"standard","meta":{"footnotes":""},"categories":[6],"tags":[],"class_list":["post-1008504","post","type-post","status-publish","format-standard","has-post-thumbnail","hentry","category-dunya"],"blocksy_meta":[],"seo_head":"<!-- This site is optimized with the Yoast SEO plugin v27.5 - https:\/\/yoast.com\/product\/yoast-seo-wordpress\/ -->\n<title>Rusya: Sorumluluk T\u00fcrk Taraf\u0131na ait - Darka Mazi<\/title>\n<meta name=\"robots\" content=\"index, follow, max-snippet:-1, max-image-preview:large, max-video-preview:-1\" \/>\n<link rel=\"canonical\" href=\"https:\/\/darkamazi.site\/archives\/1008504\" \/>\n<meta property=\"og:locale\" content=\"en_US\" \/>\n<meta property=\"og:type\" content=\"article\" \/>\n<meta property=\"og:title\" content=\"Rusya: Sorumluluk T\u00fcrk Taraf\u0131na ait - Darka Mazi\" \/>\n<meta property=\"og:description\" content=\"Kremlin S\u00f6zc\u00fcs\u00fc Dmitriy Peskov, \u0130dlib&#8217;de Suriye ordusuna ve Rus askeri g\u00fc\u00e7lerine y\u00f6nelik her t\u00fcrl\u00fc ter\u00f6rist faaliyetlerin sona ermesi ve Suriye&#8217;nin kuzeydo\u011fusuna y\u00f6nelik Rus-T\u00fcrk mutabakat\u0131n\u0131n uygulanmas\u0131 gerekti\u011fini s\u00f6yledi. Rusya&#8217;n\u0131n \u0130dlib&#8217;deki durumdan endi\u015fe duydu\u011funu belirten Kremlin S\u00f6zc\u00fcs\u00fc Dmitriy Peskov, &#8220;\u0130dlib&#8217;deki gerilimi azaltma b\u00f6lgesinde bulunan ter\u00f6ristlerin uzun s\u00fcredir olduk\u00e7a rahat hareket etmelerinden duydu\u011fumuz endi\u015feyi saklamad\u0131k. En \u00f6nemlisi de, [&hellip;]\" \/>\n<meta property=\"og:url\" content=\"https:\/\/darkamazi.site\/archives\/1008504\" \/>\n<meta property=\"og:site_name\" content=\"Darka Mazi\" \/>\n<meta property=\"article:publisher\" content=\"https:\/\/www.facebook.com\/DarkaMaziturkce\" \/>\n<meta property=\"article:published_time\" content=\"2020-02-11T13:16:43+00:00\" \/>\n<meta property=\"article:modified_time\" content=\"2026-03-31T13:45:03+00:00\" \/>\n<meta property=\"og:image\" content=\"https:\/\/darkamazi.site\/file\/2020\/02\/peskov12.jpg\" \/>\n\t<meta property=\"og:image:width\" content=\"781\" \/>\n\t<meta property=\"og:image:height\" content=\"439\" \/>\n\t<meta property=\"og:image:type\" content=\"image\/jpeg\" \/>\n<meta name=\"author\" content=\"darka mazi\" \/>\n<meta name=\"twitter:card\" content=\"summary_large_image\" \/>\n<meta name=\"twitter:creator\" content=\"@DarkaMaziTurkce\" \/>\n<meta name=\"twitter:site\" content=\"@DarkaMaziTurkce\" \/>\n<meta name=\"twitter:label1\" content=\"Written by\" \/>\n\t<meta name=\"twitter:data1\" content=\"darka mazi\" \/>\n\t<meta name=\"twitter:label2\" content=\"Est. reading time\" \/>\n\t<meta name=\"twitter:data2\" content=\"1 minute\" \/>\n<script type=\"application\/ld+json\" class=\"seo-schema-graph\">{\"@context\":\"https:\\\/\\\/schema.org\",\"@graph\":[{\"@type\":\"NewsArticle\",\"@id\":\"https:\\\/\\\/darkamazi.site\\\/archives\\\/1008504#article\",\"isPartOf\":{\"@id\":\"https:\\\/\\\/darkamazi.site\\\/archives\\\/1008504\"},\"author\":{\"name\":\"darka mazi\",\"@id\":\"https:\\\/\\\/darkamazi.site\\\/#\\\/schema\\\/person\\\/67986a95ac546c16760365877ef4a9d3\"},\"headline\":\"Rusya: Sorumluluk T\u00fcrk Taraf\u0131na ait\",\"datePublished\":\"2020-02-11T13:16:43+00:00\",\"dateModified\":\"2026-03-31T13:45:03+00:00\",\"mainEntityOfPage\":{\"@id\":\"https:\\\/\\\/darkamazi.site\\\/archives\\\/1008504\"},\"wordCount\":300,\"publisher\":{\"@id\":\"https:\\\/\\\/darkamazi.site\\\/#organization\"},\"image\":{\"@id\":\"https:\\\/\\\/darkamazi.site\\\/archives\\\/1008504#primaryimage\"},\"thumbnailUrl\":\"https:\\\/\\\/darkamazi.site\\\/darka-content\\\/uploads\\\/2020\\\/02\\\/peskov12.jpg\",\"articleSection\":[\"D\u00fcnya\"],\"inLanguage\":\"en-US\"},{\"@type\":\"WebPage\",\"@id\":\"https:\\\/\\\/darkamazi.site\\\/archives\\\/1008504\",\"url\":\"https:\\\/\\\/darkamazi.site\\\/archives\\\/1008504\",\"name\":\"Rusya: Sorumluluk T\u00fcrk Taraf\u0131na ait - Darka Mazi\",\"isPartOf\":{\"@id\":\"https:\\\/\\\/darkamazi.site\\\/#website\"},\"primaryImageOfPage\":{\"@id\":\"https:\\\/\\\/darkamazi.site\\\/archives\\\/1008504#primaryimage\"},\"image\":{\"@id\":\"https:\\\/\\\/darkamazi.site\\\/archives\\\/1008504#primaryimage\"},\"thumbnailUrl\":\"https:\\\/\\\/darkamazi.site\\\/darka-content\\\/uploads\\\/2020\\\/02\\\/peskov12.jpg\",\"datePublished\":\"2020-02-11T13:16:43+00:00\",\"dateModified\":\"2026-03-31T13:45:03+00:00\",\"breadcrumb\":{\"@id\":\"https:\\\/\\\/darkamazi.site\\\/archives\\\/1008504#breadcrumb\"},\"inLanguage\":\"en-US\",\"potentialAction\":[{\"@type\":\"ReadAction\",\"target\":[\"https:\\\/\\\/darkamazi.site\\\/archives\\\/1008504\"]}]},{\"@type\":\"ImageObject\",\"inLanguage\":\"en-US\",\"@id\":\"https:\\\/\\\/darkamazi.site\\\/archives\\\/1008504#primaryimage\",\"url\":\"https:\\\/\\\/darkamazi.site\\\/darka-content\\\/uploads\\\/2020\\\/02\\\/peskov12.jpg\",\"contentUrl\":\"https:\\\/\\\/darkamazi.site\\\/darka-content\\\/uploads\\\/2020\\\/02\\\/peskov12.jpg\",\"width\":781,\"height\":439,\"caption\":\"Rusya: Sorumluluk T\u00fcrk Taraf\u0131na ait\"},{\"@type\":\"BreadcrumbList\",\"@id\":\"https:\\\/\\\/darkamazi.site\\\/archives\\\/1008504#breadcrumb\",\"itemListElement\":[{\"@type\":\"ListItem\",\"position\":1,\"name\":\"Home\",\"item\":\"https:\\\/\\\/darkamazi.site\\\/\"},{\"@type\":\"ListItem\",\"position\":2,\"name\":\"Rusya: Sorumluluk T\u00fcrk Taraf\u0131na ait\"}]},{\"@type\":\"WebSite\",\"@id\":\"https:\\\/\\\/darkamazi.site\\\/#website\",\"url\":\"https:\\\/\\\/darkamazi.site\\\/\",\"name\":\"Darka Mazi\",\"description\":\"Ana Sayfa\",\"publisher\":{\"@id\":\"https:\\\/\\\/darkamazi.site\\\/#organization\"},\"potentialAction\":[{\"@type\":\"SearchAction\",\"target\":{\"@type\":\"EntryPoint\",\"urlTemplate\":\"https:\\\/\\\/darkamazi.site\\\/?s={search_term_string}\"},\"query-input\":{\"@type\":\"PropertyValueSpecification\",\"valueRequired\":true,\"valueName\":\"search_term_string\"}}],\"inLanguage\":\"en-US\"},{\"@type\":\"Organization\",\"@id\":\"https:\\\/\\\/darkamazi.site\\\/#organization\",\"name\":\"Darka Mazi T\u00fcrk\u00e7e\",\"alternateName\":\"Darka Mazi\",\"url\":\"https:\\\/\\\/darkamazi.site\\\/\",\"logo\":{\"@type\":\"ImageObject\",\"inLanguage\":\"en-US\",\"@id\":\"https:\\\/\\\/darkamazi.site\\\/#\\\/schema\\\/logo\\\/image\\\/\",\"url\":\"https:\\\/\\\/darkamazi.site\\\/darka-content\\\/uploads\\\/2017\\\/12\\\/darka-mazi-logo.png\",\"contentUrl\":\"https:\\\/\\\/darkamazi.site\\\/darka-content\\\/uploads\\\/2017\\\/12\\\/darka-mazi-logo.png\",\"width\":151,\"height\":75,\"caption\":\"Darka Mazi T\u00fcrk\u00e7e\"},\"image\":{\"@id\":\"https:\\\/\\\/darkamazi.site\\\/#\\\/schema\\\/logo\\\/image\\\/\"},\"sameAs\":[\"https:\\\/\\\/www.facebook.com\\\/DarkaMaziturkce\",\"https:\\\/\\\/x.com\\\/DarkaMaziTurkce\"]},{\"@type\":\"Person\",\"@id\":\"https:\\\/\\\/darkamazi.site\\\/#\\\/schema\\\/person\\\/67986a95ac546c16760365877ef4a9d3\",\"name\":\"darka mazi\",\"sameAs\":[\"https:\\\/\\\/darkamazi.site\"],\"url\":\"https:\\\/\\\/darkamazi.site\\\/archives\\\/author\\\/turkish\"}]}<\/script>\n<!-- \/ Yoast SEO plugin. -->","seo_head_json":{"title":"Rusya: Sorumluluk T\u00fcrk Taraf\u0131na ait - Darka Mazi","robots":{"index":"index","follow":"follow","max-snippet":"max-snippet:-1","max-image-preview":"max-image-preview:large","max-video-preview":"max-video-preview:-1"},"canonical":"https:\/\/darkamazi.site\/archives\/1008504","og_locale":"en_US","og_type":"article","og_title":"Rusya: Sorumluluk T\u00fcrk Taraf\u0131na ait - Darka Mazi","og_description":"Kremlin S\u00f6zc\u00fcs\u00fc Dmitriy Peskov, \u0130dlib&#8217;de Suriye ordusuna ve Rus askeri g\u00fc\u00e7lerine y\u00f6nelik her t\u00fcrl\u00fc ter\u00f6rist faaliyetlerin sona ermesi ve Suriye&#8217;nin kuzeydo\u011fusuna y\u00f6nelik Rus-T\u00fcrk mutabakat\u0131n\u0131n uygulanmas\u0131 gerekti\u011fini s\u00f6yledi. Rusya&#8217;n\u0131n \u0130dlib&#8217;deki durumdan endi\u015fe duydu\u011funu belirten Kremlin S\u00f6zc\u00fcs\u00fc Dmitriy Peskov, &#8220;\u0130dlib&#8217;deki gerilimi azaltma b\u00f6lgesinde bulunan ter\u00f6ristlerin uzun s\u00fcredir olduk\u00e7a rahat hareket etmelerinden duydu\u011fumuz endi\u015feyi saklamad\u0131k. En \u00f6nemlisi de, [&hellip;]","og_url":"https:\/\/darkamazi.site\/archives\/1008504","og_site_name":"Darka Mazi","article_publisher":"https:\/\/www.facebook.com\/DarkaMaziturkce","article_published_time":"2020-02-11T13:16:43+00:00","article_modified_time":"2026-03-31T13:45:03+00:00","og_image":[{"width":781,"height":439,"url":"https:\/\/darkamazi.site\/file\/2020\/02\/peskov12.jpg","type":"image\/jpeg"}],"author":"darka mazi","twitter_card":"summary_large_image","twitter_creator":"@DarkaMaziTurkce","twitter_site":"@DarkaMaziTurkce","twitter_misc":{"Written by":"darka mazi","Est. reading time":"1 minute"},"schema":{"@context":"https:\/\/schema.org","@graph":[{"@type":"NewsArticle","@id":"https:\/\/darkamazi.site\/archives\/1008504#article","isPartOf":{"@id":"https:\/\/darkamazi.site\/archives\/1008504"},"author":{"name":"darka mazi","@id":"https:\/\/darkamazi.site\/#\/schema\/person\/67986a95ac546c16760365877ef4a9d3"},"headline":"Rusya: Sorumluluk T\u00fcrk Taraf\u0131na ait","datePublished":"2020-02-11T13:16:43+00:00","dateModified":"2026-03-31T13:45:03+00:00","mainEntityOfPage":{"@id":"https:\/\/darkamazi.site\/archives\/1008504"},"wordCount":300,"publisher":{"@id":"https:\/\/darkamazi.site\/#organization"},"image":{"@id":"https:\/\/darkamazi.site\/archives\/1008504#primaryimage"},"thumbnailUrl":"https:\/\/darkamazi.site\/file\/2020\/02\/peskov12.jpg","articleSection":["D\u00fcnya"],"inLanguage":"en-US"},{"@type":"WebPage","@id":"https:\/\/darkamazi.site\/archives\/1008504","url":"https:\/\/darkamazi.site\/archives\/1008504","name":"Rusya: Sorumluluk T\u00fcrk Taraf\u0131na ait - Darka Mazi","isPartOf":{"@id":"https:\/\/darkamazi.site\/#website"},"primaryImageOfPage":{"@id":"https:\/\/darkamazi.site\/archives\/1008504#primaryimage"},"image":{"@id":"https:\/\/darkamazi.site\/archives\/1008504#primaryimage"},"thumbnailUrl":"https:\/\/darkamazi.site\/file\/2020\/02\/peskov12.jpg","datePublished":"2020-02-11T13:16:43+00:00","dateModified":"2026-03-31T13:45:03+00:00","breadcrumb":{"@id":"https:\/\/darkamazi.site\/archives\/1008504#breadcrumb"},"inLanguage":"en-US","potentialAction":[{"@type":"ReadAction","target":["https:\/\/darkamazi.site\/archives\/1008504"]}]},{"@type":"ImageObject","inLanguage":"en-US","@id":"https:\/\/darkamazi.site\/archives\/1008504#primaryimage","url":"https:\/\/darkamazi.site\/file\/2020\/02\/peskov12.jpg","contentUrl":"https:\/\/darkamazi.site\/file\/2020\/02\/peskov12.jpg","width":781,"height":439,"caption":"Rusya: Sorumluluk T\u00fcrk Taraf\u0131na ait"},{"@type":"BreadcrumbList","@id":"https:\/\/darkamazi.site\/archives\/1008504#breadcrumb","itemListElement":[{"@type":"ListItem","position":1,"name":"Home","item":"https:\/\/darkamazi.site\/"},{"@type":"ListItem","position":2,"name":"Rusya: Sorumluluk T\u00fcrk Taraf\u0131na ait"}]},{"@type":"WebSite","@id":"https:\/\/darkamazi.site\/#website","url":"https:\/\/darkamazi.site\/","name":"Darka Mazi","description":"Ana Sayfa","publisher":{"@id":"https:\/\/darkamazi.site\/#organization"},"potentialAction":[{"@type":"SearchAction","target":{"@type":"EntryPoint","urlTemplate":"https:\/\/darkamazi.site\/?s={search_term_string}"},"query-input":{"@type":"PropertyValueSpecification","valueRequired":true,"valueName":"search_term_string"}}],"inLanguage":"en-US"},{"@type":"Organization","@id":"https:\/\/darkamazi.site\/#organization","name":"Darka Mazi T\u00fcrk\u00e7e","alternateName":"Darka Mazi","url":"https:\/\/darkamazi.site\/","logo":{"@type":"ImageObject","inLanguage":"en-US","@id":"https:\/\/darkamazi.site\/#\/schema\/logo\/image\/","url":"https:\/\/darkamazi.site\/file\/2017\/12\/darka-mazi-logo.png","contentUrl":"https:\/\/darkamazi.site\/file\/2017\/12\/darka-mazi-logo.png","width":151,"height":75,"caption":"Darka Mazi T\u00fcrk\u00e7e"},"image":{"@id":"https:\/\/darkamazi.site\/#\/schema\/logo\/image\/"},"sameAs":["https:\/\/www.facebook.com\/DarkaMaziturkce","https:\/\/x.com\/DarkaMaziTurkce"]},{"@type":"Person","@id":"https:\/\/darkamazi.site\/#\/schema\/person\/67986a95ac546c16760365877ef4a9d3","name":"darka mazi","sameAs":["https:\/\/darkamazi.site"],"url":"https:\/\/darkamazi.site\/archives\/author\/turkish"}]}},"_links":{"self":[{"href":"https:\/\/darkamazi.site\/funavuv\/wp\/v2\/posts\/1008504","targetHints":{"allow":["GET"]}}],"collection":[{"href":"https:\/\/darkamazi.site\/funavuv\/wp\/v2\/posts"}],"about":[{"href":"https:\/\/darkamazi.site\/funavuv\/wp\/v2\/types\/post"}],"author":[{"embeddable":true,"href":"https:\/\/darkamazi.site\/funavuv\/wp\/v2\/users\/2"}],"replies":[{"embeddable":true,"href":"https:\/\/darkamazi.site\/funavuv\/wp\/v2\/comments?post=1008504"}],"version-history":[{"count":0,"href":"https:\/\/darkamazi.site\/funavuv\/wp\/v2\/posts\/1008504\/revisions"}],"wp:featuredmedia":[{"embeddable":true,"href":"https:\/\/darkamazi.site\/funavuv\/wp\/v2\/media\/1008505"}],"wp:attachment":[{"href":"https:\/\/darkamazi.site\/funavuv\/wp\/v2\/media?parent=1008504"}],"wp:term":[{"taxonomy":"category","embeddable":true,"href":"https:\/\/darkamazi.site\/funavuv\/wp\/v2\/categories?post=1008504"},{"taxonomy":"post_tag","embeddable":true,"href":"https:\/\/darkamazi.site\/funavuv\/wp\/v2\/tags?post=1008504"}],"curies":[{"name":"wp","href":"https:\/\/api.w.org\/{rel}","templated":true}]}}