{"id":1008510,"date":"2020-02-11T16:45:59","date_gmt":"2020-02-11T13:45:59","guid":{"rendered":"https:\/\/darkamazi.site\/?p=1008510"},"modified":"2026-03-31T16:45:03","modified_gmt":"2026-03-31T13:45:03","slug":"natodan-idlib-cagrisi","status":"publish","type":"post","link":"https:\/\/darkamazi.site\/archives\/1008510","title":{"rendered":"NATO&#8217;dan \u0130dlib \u00e7a\u011fr\u0131s\u0131"},"content":{"rendered":"<h3 style=\"text-align: justify\"><\/h3>\n<h3 style=\"text-align: justify\"><span style=\"font-family: 'arial black', sans-serif\">NATO Genel Sekreteri Jens Stoltenberg, \u0130dlib&#8217;deki durumun son derece endi\u015fe verici oldu\u011funu belirterek, Suriye rejimine ve Rusya\u2019ya \u2018sald\u0131r\u0131lara son vermeli\u2019 \u00e7a\u011fr\u0131s\u0131n\u0131 yapt\u0131.<\/span><\/h3>\n<p style=\"text-align: justify\">Stoltenberg, Br\u00fcksel&#8217;de yar\u0131n ba\u015flayacak iki g\u00fcnl\u00fck Savunma Bakanlar\u0131 Toplant\u0131s\u0131 \u00f6ncesinde konu\u015ftu.<\/p>\n<p style=\"text-align: justify\">B\u00f6lgedeki geli\u015fmeler hakk\u0131nda konu\u015fan Stoltenberg, Suriye rejimi ve Rusya&#8217;ya \u0130dlib&#8217;deki sald\u0131r\u0131lar\u0131n durdurulmas\u0131 \u00e7a\u011fr\u0131s\u0131nda bulundu.<\/p>\n<p style=\"text-align: justify\">&#8220;\u0130dlib&#8217;deki durum son derece endi\u015fe verici&#8221; diyen Stoltenberg \u015funlar\u0131 s\u00f6yledi:<\/p>\n<p style=\"text-align: justify\">&#8220;Suriye rejimi ve Rusya&#8217;ya \u00e7a\u011fr\u0131da bulunuyorum. \u00c7\u00fcnk\u00fc Moskova, rejimin sald\u0131r\u0131lar\u0131na destek oluyor. \u0130dlib&#8217;deki sald\u0131r\u0131lar derhal durdurulmal\u0131.&#8221;<\/p>\n<p style=\"text-align: justify\">&#8220;Rejim ve Rusya&#8217;n\u0131n sald\u0131r\u0131lar\u0131 sebebiyle insani kriz ya\u015fan\u0131yor&#8221; diyen Stoltenberg y\u00fczbinlerce ki\u015finin evlerini terk etmek zorunda kald\u0131\u011f\u0131na vurgu yapt\u0131.<\/p>\n<p style=\"text-align: justify\">NATO Savunma Bakanlar\u0131 Toplan\u0131yor<\/p>\n<p style=\"text-align: justify\">NATO\u00a0\u00fcyesi \u00fclkelerin savunma bakanlar\u0131\u00a0Ortado\u011fu&#8217;daki geli\u015fmeler, ter\u00f6rle m\u00fccadele, Rusya, Ukrayna, Afganistan\u00a0ve NATO-AB ili\u015fkileri gibi konular\u0131 g\u00f6r\u00fc\u015fmek i\u00e7in Br\u00fcksel&#8217;de toplanacak.<\/p>\n<p style=\"text-align: justify\">Bas\u0131n a\u00e7\u0131klamas\u0131nda toplant\u0131ya ili\u015fkin de\u011ferlendirmelerde bulunan NATO Genel Sekreteri Jens Stoltenberg, savunma bakanlar\u0131n\u0131n ittifak i\u00e7in \u00f6nem ta\u015f\u0131yan konular\u0131 g\u00f6r\u00fc\u015fmek i\u00e7in iki g\u00fcnl\u00fc\u011f\u00fcne bir araya gelece\u011fini belirtti<\/p>\n<p style=\"text-align: justify\"><span style=\"font-family: 'arial black', sans-serif\">Ortado\u011fu<\/span><\/p>\n<p style=\"text-align: justify\">Bakanlar\u0131n NATO&#8217;nun Ortado\u011fu&#8217;da g\u00fcvenlik ve istikrar\u0131n sa\u011flanmas\u0131 i\u00e7in daha fazla ne yapabilece\u011fini g\u00f6r\u00fc\u015fece\u011fini kaydeden Stoltenberg, &#8220;G\u00fcney b\u00f6lgemizdeki \u015fiddet ve istikrars\u0131zl\u0131k b\u00f6lgede ac\u0131 ve m\u00fclteci krizine yol a\u00e7m\u0131\u015f, ter\u00f6rizmi beslemi\u015ftir&#8221; de\u011ferlendirmesinde bulundu.<\/p>\n<p style=\"text-align: justify\">Stoltenberg, NATO&#8217;nun bu \u00e7er\u00e7evede b\u00f6lgede ortakl\u0131klara da \u00f6nem verdi\u011fine dikkati \u00e7ekerek, I\u015e\u0130D\u2019le M\u00fccadele Uluslararas\u0131 Koalisyonu&#8217;nun ter\u00f6r \u00f6rg\u00fct\u00fcne kar\u015f\u0131 \u00f6nemli ba\u015far\u0131 kaydetti\u011fini an\u0131msatt\u0131.<\/p>\n<p style=\"text-align: justify\">NATO&#8217;nun b\u00f6lgede daha fazla katk\u0131 sa\u011flayabilece\u011fini ifade eden Stoltenberg, savunma bakanlar\u0131n\u0131n ayn\u0131 zamanda Irak e\u011fitim misyonunun gelece\u011fini g\u00f6r\u00fc\u015fece\u011fini s\u00f6yledi.<\/p>\n<p style=\"text-align: justify\"><span style=\"font-family: 'arial black', sans-serif\">Rusya ve Ukrayna<\/span><\/p>\n<p style=\"text-align: justify\">Stoltenberg, savunma bakanlar\u0131n\u0131n ikinci g\u00fcn ise ilk olarak Rusya&#8217;y\u0131 ele alaca\u011f\u0131n\u0131 belirtti. Rusya&#8217;n\u0131n yeni f\u00fcze sistemlerinin te\u015fkil etti\u011fi s\u0131namalar\u0131n g\u00f6r\u00fc\u015f\u00fclece\u011fini kaydeden Stoltenberg, &#8220;Savunma odakl\u0131 baz\u0131 tedbirler \u00fczerinde anla\u015ft\u0131k. Ayn\u0131 zamanda silahlar\u0131n kontrol\u00fc ve silahs\u0131zlanmaya ili\u015fkin kararl\u0131l\u0131\u011f\u0131m\u0131z s\u00fcr\u00fcyor&#8221; ifadelerini kulland\u0131.<\/p>\n<p style=\"text-align: justify\">Rusya&#8217;n\u0131n SSC-8 f\u00fcze sisteminin tek sorun olmad\u0131\u011f\u0131n\u0131 belirten Stoltenberg, savunma bakanlar\u0131n\u0131n t\u00fcm Rus f\u00fcze sistemlerine ili\u015fkin bir g\u00f6r\u00fc\u015fme yapaca\u011f\u0131n\u0131 a\u00e7\u0131klad\u0131.<\/p>\n<p style=\"text-align: justify\">Stoltenberg, Ukrayna&#8217;n\u0131n da toplant\u0131 kapsam\u0131nda g\u00fcndeme gelece\u011fini; m\u00fcttefiklerin Ukrayna&#8217;ya g\u00fc\u00e7l\u00fc deste\u011finin s\u00fcrd\u00fc\u011f\u00fcn\u00fc belirtti.<\/p>\n<p style=\"text-align: justify\"><span style=\"font-family: 'arial black', sans-serif\">Afganistan<\/span><\/p>\n<p style=\"text-align: justify\">NATO Genel Sekreteri Stoltenberg, bakanlar\u0131n ayn\u0131 zamanda Afganistan&#8217;daki e\u011fitim misyonunu da ele alaca\u011f\u0131n\u0131 aktard\u0131.<\/p>\n<p style=\"text-align: justify\">&#8220;Kararl\u0131 Destek Misyonu \u00f6nemli katk\u0131lar sa\u011fl\u0131yor. Mevcut s\u0131namalara ra\u011fmen Afgan g\u00fcvenlik g\u00fc\u00e7leri kuvvetleniyor ve bar\u0131\u015f i\u00e7in ko\u015fullar\u0131n sa\u011flanmas\u0131na yard\u0131mc\u0131 oluyor&#8221; diyen Stoltenberg, Taliban&#8217;\u0131n sava\u015f sahas\u0131nda kazanamayaca\u011f\u0131n\u0131 art\u0131k kabul etmesi gerekti\u011finin alt\u0131n\u0131 \u00e7izdi.<\/p>\n<p style=\"text-align: justify\"><span style=\"font-family: 'arial black', sans-serif\">NATO-AB ili\u015fkileri<\/span><\/p>\n<p style=\"text-align: justify\">Stoltenberg, NATO-AB ili\u015fkilerinin de ele al\u0131naca\u011f\u0131 toplant\u0131ya, AB D\u0131\u015f \u0130li\u015fkiler ve G\u00fcvenlik Politikalar\u0131 Y\u00fcksek Temsilcisi Josep Borrell ile ortaklar Finlandiya ve \u0130sve\u00e7&#8217;in kat\u0131laca\u011f\u0131n\u0131 duyurdu.<\/p>\n","protected":false},"excerpt":{"rendered":"<p>NATO Genel Sekreteri Jens Stoltenberg, \u0130dlib&#8217;deki durumun son derece endi\u015fe verici oldu\u011funu belirterek, Suriye rejimine ve Rusya\u2019ya \u2018sald\u0131r\u0131lara son vermeli\u2019 \u00e7a\u011fr\u0131s\u0131n\u0131 yapt\u0131. Stoltenberg, Br\u00fcksel&#8217;de yar\u0131n ba\u015flayacak iki g\u00fcnl\u00fck Savunma Bakanlar\u0131 Toplant\u0131s\u0131 \u00f6ncesinde konu\u015ftu. B\u00f6lgedeki geli\u015fmeler hakk\u0131nda konu\u015fan Stoltenberg, Suriye rejimi ve Rusya&#8217;ya \u0130dlib&#8217;deki sald\u0131r\u0131lar\u0131n durdurulmas\u0131 \u00e7a\u011fr\u0131s\u0131nda bulundu. &#8220;\u0130dlib&#8217;deki durum son derece endi\u015fe verici&#8221; diyen Stoltenberg [&hellip;]<\/p>\n","protected":false},"author":2,"featured_media":1008513,"comment_status":"closed","ping_status":"closed","sticky":false,"template":"","format":"standard","meta":{"footnotes":""},"categories":[6],"tags":[],"class_list":["post-1008510","post","type-post","status-publish","format-standard","has-post-thumbnail","hentry","category-dunya"],"blocksy_meta":[],"seo_head":"<!-- This site is optimized with the Yoast SEO plugin v27.5 - https:\/\/yoast.com\/product\/yoast-seo-wordpress\/ -->\n<title>NATO&#039;dan \u0130dlib \u00e7a\u011fr\u0131s\u0131 - Darka Mazi<\/title>\n<meta name=\"robots\" content=\"index, follow, max-snippet:-1, max-image-preview:large, max-video-preview:-1\" \/>\n<link rel=\"canonical\" href=\"https:\/\/darkamazi.site\/archives\/1008510\" \/>\n<meta property=\"og:locale\" content=\"en_US\" \/>\n<meta property=\"og:type\" content=\"article\" \/>\n<meta property=\"og:title\" content=\"NATO&#039;dan \u0130dlib \u00e7a\u011fr\u0131s\u0131 - Darka Mazi\" \/>\n<meta property=\"og:description\" content=\"NATO Genel Sekreteri Jens Stoltenberg, \u0130dlib&#8217;deki durumun son derece endi\u015fe verici oldu\u011funu belirterek, Suriye rejimine ve Rusya\u2019ya \u2018sald\u0131r\u0131lara son vermeli\u2019 \u00e7a\u011fr\u0131s\u0131n\u0131 yapt\u0131. Stoltenberg, Br\u00fcksel&#8217;de yar\u0131n ba\u015flayacak iki g\u00fcnl\u00fck Savunma Bakanlar\u0131 Toplant\u0131s\u0131 \u00f6ncesinde konu\u015ftu. B\u00f6lgedeki geli\u015fmeler hakk\u0131nda konu\u015fan Stoltenberg, Suriye rejimi ve Rusya&#8217;ya \u0130dlib&#8217;deki sald\u0131r\u0131lar\u0131n durdurulmas\u0131 \u00e7a\u011fr\u0131s\u0131nda bulundu. &#8220;\u0130dlib&#8217;deki durum son derece endi\u015fe verici&#8221; diyen Stoltenberg [&hellip;]\" \/>\n<meta property=\"og:url\" content=\"https:\/\/darkamazi.site\/archives\/1008510\" \/>\n<meta property=\"og:site_name\" content=\"Darka Mazi\" \/>\n<meta property=\"article:publisher\" content=\"https:\/\/www.facebook.com\/DarkaMaziturkce\" \/>\n<meta property=\"article:published_time\" content=\"2020-02-11T13:45:59+00:00\" \/>\n<meta property=\"article:modified_time\" content=\"2026-03-31T13:45:03+00:00\" \/>\n<meta property=\"og:image\" content=\"https:\/\/darkamazi.site\/file\/2020\/02\/nato.jpg\" \/>\n\t<meta property=\"og:image:width\" content=\"900\" \/>\n\t<meta property=\"og:image:height\" content=\"506\" \/>\n\t<meta property=\"og:image:type\" content=\"image\/jpeg\" \/>\n<meta name=\"author\" content=\"darka mazi\" \/>\n<meta name=\"twitter:card\" content=\"summary_large_image\" \/>\n<meta name=\"twitter:creator\" content=\"@DarkaMaziTurkce\" \/>\n<meta name=\"twitter:site\" content=\"@DarkaMaziTurkce\" \/>\n<meta name=\"twitter:label1\" content=\"Written by\" \/>\n\t<meta name=\"twitter:data1\" content=\"darka mazi\" \/>\n\t<meta name=\"twitter:label2\" content=\"Est. reading time\" \/>\n\t<meta name=\"twitter:data2\" content=\"3 minutes\" \/>\n<script type=\"application\/ld+json\" class=\"seo-schema-graph\">{\"@context\":\"https:\\\/\\\/schema.org\",\"@graph\":[{\"@type\":\"NewsArticle\",\"@id\":\"https:\\\/\\\/darkamazi.site\\\/archives\\\/1008510#article\",\"isPartOf\":{\"@id\":\"https:\\\/\\\/darkamazi.site\\\/archives\\\/1008510\"},\"author\":{\"name\":\"darka mazi\",\"@id\":\"https:\\\/\\\/darkamazi.site\\\/#\\\/schema\\\/person\\\/67986a95ac546c16760365877ef4a9d3\"},\"headline\":\"NATO&#8217;dan \u0130dlib \u00e7a\u011fr\u0131s\u0131\",\"datePublished\":\"2020-02-11T13:45:59+00:00\",\"dateModified\":\"2026-03-31T13:45:03+00:00\",\"mainEntityOfPage\":{\"@id\":\"https:\\\/\\\/darkamazi.site\\\/archives\\\/1008510\"},\"wordCount\":580,\"publisher\":{\"@id\":\"https:\\\/\\\/darkamazi.site\\\/#organization\"},\"image\":{\"@id\":\"https:\\\/\\\/darkamazi.site\\\/archives\\\/1008510#primaryimage\"},\"thumbnailUrl\":\"https:\\\/\\\/darkamazi.site\\\/darka-content\\\/uploads\\\/2020\\\/02\\\/nato.jpg\",\"articleSection\":[\"D\u00fcnya\"],\"inLanguage\":\"en-US\"},{\"@type\":\"WebPage\",\"@id\":\"https:\\\/\\\/darkamazi.site\\\/archives\\\/1008510\",\"url\":\"https:\\\/\\\/darkamazi.site\\\/archives\\\/1008510\",\"name\":\"NATO'dan \u0130dlib \u00e7a\u011fr\u0131s\u0131 - Darka Mazi\",\"isPartOf\":{\"@id\":\"https:\\\/\\\/darkamazi.site\\\/#website\"},\"primaryImageOfPage\":{\"@id\":\"https:\\\/\\\/darkamazi.site\\\/archives\\\/1008510#primaryimage\"},\"image\":{\"@id\":\"https:\\\/\\\/darkamazi.site\\\/archives\\\/1008510#primaryimage\"},\"thumbnailUrl\":\"https:\\\/\\\/darkamazi.site\\\/darka-content\\\/uploads\\\/2020\\\/02\\\/nato.jpg\",\"datePublished\":\"2020-02-11T13:45:59+00:00\",\"dateModified\":\"2026-03-31T13:45:03+00:00\",\"breadcrumb\":{\"@id\":\"https:\\\/\\\/darkamazi.site\\\/archives\\\/1008510#breadcrumb\"},\"inLanguage\":\"en-US\",\"potentialAction\":[{\"@type\":\"ReadAction\",\"target\":[\"https:\\\/\\\/darkamazi.site\\\/archives\\\/1008510\"]}]},{\"@type\":\"ImageObject\",\"inLanguage\":\"en-US\",\"@id\":\"https:\\\/\\\/darkamazi.site\\\/archives\\\/1008510#primaryimage\",\"url\":\"https:\\\/\\\/darkamazi.site\\\/darka-content\\\/uploads\\\/2020\\\/02\\\/nato.jpg\",\"contentUrl\":\"https:\\\/\\\/darkamazi.site\\\/darka-content\\\/uploads\\\/2020\\\/02\\\/nato.jpg\",\"width\":900,\"height\":506,\"caption\":\"NATO'dan \u0130dlib \u00e7a\u011fr\u0131s\u0131\"},{\"@type\":\"BreadcrumbList\",\"@id\":\"https:\\\/\\\/darkamazi.site\\\/archives\\\/1008510#breadcrumb\",\"itemListElement\":[{\"@type\":\"ListItem\",\"position\":1,\"name\":\"Home\",\"item\":\"https:\\\/\\\/darkamazi.site\\\/\"},{\"@type\":\"ListItem\",\"position\":2,\"name\":\"NATO&#8217;dan \u0130dlib \u00e7a\u011fr\u0131s\u0131\"}]},{\"@type\":\"WebSite\",\"@id\":\"https:\\\/\\\/darkamazi.site\\\/#website\",\"url\":\"https:\\\/\\\/darkamazi.site\\\/\",\"name\":\"Darka Mazi\",\"description\":\"Ana Sayfa\",\"publisher\":{\"@id\":\"https:\\\/\\\/darkamazi.site\\\/#organization\"},\"potentialAction\":[{\"@type\":\"SearchAction\",\"target\":{\"@type\":\"EntryPoint\",\"urlTemplate\":\"https:\\\/\\\/darkamazi.site\\\/?s={search_term_string}\"},\"query-input\":{\"@type\":\"PropertyValueSpecification\",\"valueRequired\":true,\"valueName\":\"search_term_string\"}}],\"inLanguage\":\"en-US\"},{\"@type\":\"Organization\",\"@id\":\"https:\\\/\\\/darkamazi.site\\\/#organization\",\"name\":\"Darka Mazi T\u00fcrk\u00e7e\",\"alternateName\":\"Darka Mazi\",\"url\":\"https:\\\/\\\/darkamazi.site\\\/\",\"logo\":{\"@type\":\"ImageObject\",\"inLanguage\":\"en-US\",\"@id\":\"https:\\\/\\\/darkamazi.site\\\/#\\\/schema\\\/logo\\\/image\\\/\",\"url\":\"https:\\\/\\\/darkamazi.site\\\/darka-content\\\/uploads\\\/2017\\\/12\\\/darka-mazi-logo.png\",\"contentUrl\":\"https:\\\/\\\/darkamazi.site\\\/darka-content\\\/uploads\\\/2017\\\/12\\\/darka-mazi-logo.png\",\"width\":151,\"height\":75,\"caption\":\"Darka Mazi T\u00fcrk\u00e7e\"},\"image\":{\"@id\":\"https:\\\/\\\/darkamazi.site\\\/#\\\/schema\\\/logo\\\/image\\\/\"},\"sameAs\":[\"https:\\\/\\\/www.facebook.com\\\/DarkaMaziturkce\",\"https:\\\/\\\/x.com\\\/DarkaMaziTurkce\"]},{\"@type\":\"Person\",\"@id\":\"https:\\\/\\\/darkamazi.site\\\/#\\\/schema\\\/person\\\/67986a95ac546c16760365877ef4a9d3\",\"name\":\"darka mazi\",\"sameAs\":[\"https:\\\/\\\/darkamazi.site\"],\"url\":\"https:\\\/\\\/darkamazi.site\\\/archives\\\/author\\\/turkish\"}]}<\/script>\n<!-- \/ Yoast SEO plugin. -->","seo_head_json":{"title":"NATO'dan \u0130dlib \u00e7a\u011fr\u0131s\u0131 - Darka Mazi","robots":{"index":"index","follow":"follow","max-snippet":"max-snippet:-1","max-image-preview":"max-image-preview:large","max-video-preview":"max-video-preview:-1"},"canonical":"https:\/\/darkamazi.site\/archives\/1008510","og_locale":"en_US","og_type":"article","og_title":"NATO'dan \u0130dlib \u00e7a\u011fr\u0131s\u0131 - Darka Mazi","og_description":"NATO Genel Sekreteri Jens Stoltenberg, \u0130dlib&#8217;deki durumun son derece endi\u015fe verici oldu\u011funu belirterek, Suriye rejimine ve Rusya\u2019ya \u2018sald\u0131r\u0131lara son vermeli\u2019 \u00e7a\u011fr\u0131s\u0131n\u0131 yapt\u0131. Stoltenberg, Br\u00fcksel&#8217;de yar\u0131n ba\u015flayacak iki g\u00fcnl\u00fck Savunma Bakanlar\u0131 Toplant\u0131s\u0131 \u00f6ncesinde konu\u015ftu. B\u00f6lgedeki geli\u015fmeler hakk\u0131nda konu\u015fan Stoltenberg, Suriye rejimi ve Rusya&#8217;ya \u0130dlib&#8217;deki sald\u0131r\u0131lar\u0131n durdurulmas\u0131 \u00e7a\u011fr\u0131s\u0131nda bulundu. &#8220;\u0130dlib&#8217;deki durum son derece endi\u015fe verici&#8221; diyen Stoltenberg [&hellip;]","og_url":"https:\/\/darkamazi.site\/archives\/1008510","og_site_name":"Darka Mazi","article_publisher":"https:\/\/www.facebook.com\/DarkaMaziturkce","article_published_time":"2020-02-11T13:45:59+00:00","article_modified_time":"2026-03-31T13:45:03+00:00","og_image":[{"width":900,"height":506,"url":"https:\/\/darkamazi.site\/file\/2020\/02\/nato.jpg","type":"image\/jpeg"}],"author":"darka mazi","twitter_card":"summary_large_image","twitter_creator":"@DarkaMaziTurkce","twitter_site":"@DarkaMaziTurkce","twitter_misc":{"Written by":"darka mazi","Est. reading time":"3 minutes"},"schema":{"@context":"https:\/\/schema.org","@graph":[{"@type":"NewsArticle","@id":"https:\/\/darkamazi.site\/archives\/1008510#article","isPartOf":{"@id":"https:\/\/darkamazi.site\/archives\/1008510"},"author":{"name":"darka mazi","@id":"https:\/\/darkamazi.site\/#\/schema\/person\/67986a95ac546c16760365877ef4a9d3"},"headline":"NATO&#8217;dan \u0130dlib \u00e7a\u011fr\u0131s\u0131","datePublished":"2020-02-11T13:45:59+00:00","dateModified":"2026-03-31T13:45:03+00:00","mainEntityOfPage":{"@id":"https:\/\/darkamazi.site\/archives\/1008510"},"wordCount":580,"publisher":{"@id":"https:\/\/darkamazi.site\/#organization"},"image":{"@id":"https:\/\/darkamazi.site\/archives\/1008510#primaryimage"},"thumbnailUrl":"https:\/\/darkamazi.site\/file\/2020\/02\/nato.jpg","articleSection":["D\u00fcnya"],"inLanguage":"en-US"},{"@type":"WebPage","@id":"https:\/\/darkamazi.site\/archives\/1008510","url":"https:\/\/darkamazi.site\/archives\/1008510","name":"NATO'dan \u0130dlib \u00e7a\u011fr\u0131s\u0131 - Darka Mazi","isPartOf":{"@id":"https:\/\/darkamazi.site\/#website"},"primaryImageOfPage":{"@id":"https:\/\/darkamazi.site\/archives\/1008510#primaryimage"},"image":{"@id":"https:\/\/darkamazi.site\/archives\/1008510#primaryimage"},"thumbnailUrl":"https:\/\/darkamazi.site\/file\/2020\/02\/nato.jpg","datePublished":"2020-02-11T13:45:59+00:00","dateModified":"2026-03-31T13:45:03+00:00","breadcrumb":{"@id":"https:\/\/darkamazi.site\/archives\/1008510#breadcrumb"},"inLanguage":"en-US","potentialAction":[{"@type":"ReadAction","target":["https:\/\/darkamazi.site\/archives\/1008510"]}]},{"@type":"ImageObject","inLanguage":"en-US","@id":"https:\/\/darkamazi.site\/archives\/1008510#primaryimage","url":"https:\/\/darkamazi.site\/file\/2020\/02\/nato.jpg","contentUrl":"https:\/\/darkamazi.site\/file\/2020\/02\/nato.jpg","width":900,"height":506,"caption":"NATO'dan \u0130dlib \u00e7a\u011fr\u0131s\u0131"},{"@type":"BreadcrumbList","@id":"https:\/\/darkamazi.site\/archives\/1008510#breadcrumb","itemListElement":[{"@type":"ListItem","position":1,"name":"Home","item":"https:\/\/darkamazi.site\/"},{"@type":"ListItem","position":2,"name":"NATO&#8217;dan \u0130dlib \u00e7a\u011fr\u0131s\u0131"}]},{"@type":"WebSite","@id":"https:\/\/darkamazi.site\/#website","url":"https:\/\/darkamazi.site\/","name":"Darka Mazi","description":"Ana Sayfa","publisher":{"@id":"https:\/\/darkamazi.site\/#organization"},"potentialAction":[{"@type":"SearchAction","target":{"@type":"EntryPoint","urlTemplate":"https:\/\/darkamazi.site\/?s={search_term_string}"},"query-input":{"@type":"PropertyValueSpecification","valueRequired":true,"valueName":"search_term_string"}}],"inLanguage":"en-US"},{"@type":"Organization","@id":"https:\/\/darkamazi.site\/#organization","name":"Darka Mazi T\u00fcrk\u00e7e","alternateName":"Darka Mazi","url":"https:\/\/darkamazi.site\/","logo":{"@type":"ImageObject","inLanguage":"en-US","@id":"https:\/\/darkamazi.site\/#\/schema\/logo\/image\/","url":"https:\/\/darkamazi.site\/file\/2017\/12\/darka-mazi-logo.png","contentUrl":"https:\/\/darkamazi.site\/file\/2017\/12\/darka-mazi-logo.png","width":151,"height":75,"caption":"Darka Mazi T\u00fcrk\u00e7e"},"image":{"@id":"https:\/\/darkamazi.site\/#\/schema\/logo\/image\/"},"sameAs":["https:\/\/www.facebook.com\/DarkaMaziturkce","https:\/\/x.com\/DarkaMaziTurkce"]},{"@type":"Person","@id":"https:\/\/darkamazi.site\/#\/schema\/person\/67986a95ac546c16760365877ef4a9d3","name":"darka mazi","sameAs":["https:\/\/darkamazi.site"],"url":"https:\/\/darkamazi.site\/archives\/author\/turkish"}]}},"_links":{"self":[{"href":"https:\/\/darkamazi.site\/funavuv\/wp\/v2\/posts\/1008510","targetHints":{"allow":["GET"]}}],"collection":[{"href":"https:\/\/darkamazi.site\/funavuv\/wp\/v2\/posts"}],"about":[{"href":"https:\/\/darkamazi.site\/funavuv\/wp\/v2\/types\/post"}],"author":[{"embeddable":true,"href":"https:\/\/darkamazi.site\/funavuv\/wp\/v2\/users\/2"}],"replies":[{"embeddable":true,"href":"https:\/\/darkamazi.site\/funavuv\/wp\/v2\/comments?post=1008510"}],"version-history":[{"count":0,"href":"https:\/\/darkamazi.site\/funavuv\/wp\/v2\/posts\/1008510\/revisions"}],"wp:featuredmedia":[{"embeddable":true,"href":"https:\/\/darkamazi.site\/funavuv\/wp\/v2\/media\/1008513"}],"wp:attachment":[{"href":"https:\/\/darkamazi.site\/funavuv\/wp\/v2\/media?parent=1008510"}],"wp:term":[{"taxonomy":"category","embeddable":true,"href":"https:\/\/darkamazi.site\/funavuv\/wp\/v2\/categories?post=1008510"},{"taxonomy":"post_tag","embeddable":true,"href":"https:\/\/darkamazi.site\/funavuv\/wp\/v2\/tags?post=1008510"}],"curies":[{"name":"wp","href":"https:\/\/api.w.org\/{rel}","templated":true}]}}