{"id":1008516,"date":"2020-02-11T18:08:18","date_gmt":"2020-02-11T15:08:18","guid":{"rendered":"https:\/\/darkamazi.site\/?p=1008516"},"modified":"2026-03-31T16:45:03","modified_gmt":"2026-03-31T13:45:03","slug":"baskan-necirvan-barzani-bagdattaki-kurt-temsilcilerle-gorustu","status":"publish","type":"post","link":"https:\/\/darkamazi.site\/archives\/1008516","title":{"rendered":"Ba\u015fkan Ne\u00e7irvan Barzani, Ba\u011fdat\u2019taki K\u00fcrt temsilcilerle g\u00f6r\u00fc\u015ft\u00fc"},"content":{"rendered":"<h3 style=\"text-align: justify\"><span style=\"font-size: 12pt;font-family: 'arial black', sans-serif\">K\u00fcrdistan B\u00f6lgesi Ba\u015fkan\u0131 Ne\u00e7irvan Barzani, Irak Parlamentosu\u2019ndaki K\u00fcrdistani gruplar\u0131n temsilcileri ile bir araya geldi.<\/span><\/h3>\n<h3 style=\"text-align: justify\"><span style=\"font-size: 12pt\">K\u00fcrdistan B\u00f6lgesi Ba\u015fkanl\u0131\u011f\u0131\u2019nda ger\u00e7ekle\u015ftirilen toplant\u0131ya K\u00fcrdistan B\u00f6lgesi ba\u015fkan yard\u0131mc\u0131lar\u0131 Cafer \u015eeyh Mustafa ve Mustafa Seyyid Kadir\u2019in yan\u0131 s\u0131ra Irak Parlamentosu Ba\u015fkan Yard\u0131mc\u0131s\u0131 Be\u015fir Haddad da kat\u0131ld\u0131.<\/span><\/h3>\n<h3 style=\"text-align: justify\"><span style=\"font-size: 12pt\">Ya\u015fanan geli\u015fmeler kar\u015f\u0131s\u0131nda Irak Parlamentosu\u2019ndaki K\u00fcrdistani gruplar\u0131n ortak hareket etmesi ve ortak K\u00fcrdistani Fraksiyon olu\u015fturulmas\u0131n\u0131n konu\u015fuldu\u011fu toplant\u0131da, Ba\u011fdat\u2019taki resmi kurumlarla olan ili\u015fkiler ve ya\u015fanacak geli\u015fmelere kar\u015f\u0131 yol haritas\u0131n\u0131n belirlenmesi masaya yat\u0131r\u0131ld\u0131.<\/span><\/h3>\n<h3 style=\"text-align: justify\"><span style=\"font-size: 12pt\">Toplant\u0131da, Irak\u2019ta ya\u015fanan geli\u015fmelere kar\u015f\u0131 ortak tutum sergilenmesi konusunda g\u00f6r\u00fc\u015f birli\u011fine var\u0131l\u0131rken, Irak\u2019ta ya\u015fanan geli\u015fmelerin \u00f6nemli oldu\u011fu ve g\u00f6stericilere y\u00f6nelik \u015fiddetin kabul edilemeyece\u011fi ifade edildi.<\/span><\/h3>\n<h3 style=\"text-align: justify\"><span style=\"font-size: 12pt\">Yeni kurulacak Irak H\u00fck\u00fcmeti\u2019ne destek konusunda K\u00fcrdistan B\u00f6lgesi\u2019nin y\u00fcksek menfaatleri, K\u00fcrdistan halk\u0131n\u0131n anayasal haklar\u0131 ve K\u00fcrdistani b\u00f6lgeler sorununun \u00e7\u00f6z\u00fcm\u00fcn\u00fcn esas al\u0131nmas\u0131 gerekti\u011finin kaydedildi\u011fi toplant\u0131da, yeni h\u00fck\u00fcmetle ilgili g\u00f6r\u00fc\u015fmelerin t\u00fcm K\u00fcrdistani taraflar\u0131n koordinasyonu \u00e7er\u00e7evesinde olmas\u0131 gerekti\u011fi vurguland\u0131.<\/span><\/h3>\n","protected":false},"excerpt":{"rendered":"<p>K\u00fcrdistan B\u00f6lgesi Ba\u015fkan\u0131 Ne\u00e7irvan Barzani, Irak Parlamentosu\u2019ndaki K\u00fcrdistani gruplar\u0131n temsilcileri ile bir araya geldi. K\u00fcrdistan B\u00f6lgesi Ba\u015fkanl\u0131\u011f\u0131\u2019nda ger\u00e7ekle\u015ftirilen toplant\u0131ya K\u00fcrdistan B\u00f6lgesi ba\u015fkan yard\u0131mc\u0131lar\u0131 Cafer \u015eeyh Mustafa ve Mustafa Seyyid Kadir\u2019in yan\u0131 s\u0131ra Irak Parlamentosu Ba\u015fkan Yard\u0131mc\u0131s\u0131 Be\u015fir Haddad da kat\u0131ld\u0131. Ya\u015fanan geli\u015fmeler kar\u015f\u0131s\u0131nda Irak Parlamentosu\u2019ndaki K\u00fcrdistani gruplar\u0131n ortak hareket etmesi ve ortak K\u00fcrdistani Fraksiyon olu\u015fturulmas\u0131n\u0131n [&hellip;]<\/p>\n","protected":false},"author":2,"featured_media":1008517,"comment_status":"closed","ping_status":"closed","sticky":false,"template":"","format":"standard","meta":{"footnotes":""},"categories":[3],"tags":[],"class_list":["post-1008516","post","type-post","status-publish","format-standard","has-post-thumbnail","hentry","category-kurdistan"],"blocksy_meta":[],"seo_head":"<!-- This site is optimized with the Yoast SEO plugin v27.5 - https:\/\/yoast.com\/product\/yoast-seo-wordpress\/ -->\n<title>Ba\u015fkan Ne\u00e7irvan Barzani, Ba\u011fdat\u2019taki K\u00fcrt temsilcilerle g\u00f6r\u00fc\u015ft\u00fc - Darka Mazi<\/title>\n<meta name=\"robots\" content=\"index, follow, max-snippet:-1, max-image-preview:large, max-video-preview:-1\" \/>\n<link rel=\"canonical\" href=\"https:\/\/darkamazi.site\/archives\/1008516\" \/>\n<meta property=\"og:locale\" content=\"en_US\" \/>\n<meta property=\"og:type\" content=\"article\" \/>\n<meta property=\"og:title\" content=\"Ba\u015fkan Ne\u00e7irvan Barzani, Ba\u011fdat\u2019taki K\u00fcrt temsilcilerle g\u00f6r\u00fc\u015ft\u00fc - Darka Mazi\" \/>\n<meta property=\"og:description\" content=\"K\u00fcrdistan B\u00f6lgesi Ba\u015fkan\u0131 Ne\u00e7irvan Barzani, Irak Parlamentosu\u2019ndaki K\u00fcrdistani gruplar\u0131n temsilcileri ile bir araya geldi. K\u00fcrdistan B\u00f6lgesi Ba\u015fkanl\u0131\u011f\u0131\u2019nda ger\u00e7ekle\u015ftirilen toplant\u0131ya K\u00fcrdistan B\u00f6lgesi ba\u015fkan yard\u0131mc\u0131lar\u0131 Cafer \u015eeyh Mustafa ve Mustafa Seyyid Kadir\u2019in yan\u0131 s\u0131ra Irak Parlamentosu Ba\u015fkan Yard\u0131mc\u0131s\u0131 Be\u015fir Haddad da kat\u0131ld\u0131. Ya\u015fanan geli\u015fmeler kar\u015f\u0131s\u0131nda Irak Parlamentosu\u2019ndaki K\u00fcrdistani gruplar\u0131n ortak hareket etmesi ve ortak K\u00fcrdistani Fraksiyon olu\u015fturulmas\u0131n\u0131n [&hellip;]\" \/>\n<meta property=\"og:url\" content=\"https:\/\/darkamazi.site\/archives\/1008516\" \/>\n<meta property=\"og:site_name\" content=\"Darka Mazi\" \/>\n<meta property=\"article:publisher\" content=\"https:\/\/www.facebook.com\/DarkaMaziturkce\" \/>\n<meta property=\"article:published_time\" content=\"2020-02-11T15:08:18+00:00\" \/>\n<meta property=\"article:modified_time\" content=\"2026-03-31T13:45:03+00:00\" \/>\n<meta property=\"og:image\" content=\"https:\/\/darkamazi.site\/file\/2020\/02\/baskan-necirvan-barzani-bagdattaki-kurt-temsilcilerle-gorustu.jpg\" \/>\n\t<meta property=\"og:image:width\" content=\"650\" \/>\n\t<meta property=\"og:image:height\" content=\"366\" \/>\n\t<meta property=\"og:image:type\" content=\"image\/jpeg\" \/>\n<meta name=\"author\" content=\"darka mazi\" \/>\n<meta name=\"twitter:card\" content=\"summary_large_image\" \/>\n<meta name=\"twitter:creator\" content=\"@DarkaMaziTurkce\" \/>\n<meta name=\"twitter:site\" content=\"@DarkaMaziTurkce\" \/>\n<meta name=\"twitter:label1\" content=\"Written by\" \/>\n\t<meta name=\"twitter:data1\" content=\"darka mazi\" \/>\n\t<meta name=\"twitter:label2\" content=\"Est. reading time\" \/>\n\t<meta name=\"twitter:data2\" content=\"1 minute\" \/>\n<script type=\"application\/ld+json\" class=\"seo-schema-graph\">{\"@context\":\"https:\\\/\\\/schema.org\",\"@graph\":[{\"@type\":\"NewsArticle\",\"@id\":\"https:\\\/\\\/darkamazi.site\\\/archives\\\/1008516#article\",\"isPartOf\":{\"@id\":\"https:\\\/\\\/darkamazi.site\\\/archives\\\/1008516\"},\"author\":{\"name\":\"darka mazi\",\"@id\":\"https:\\\/\\\/darkamazi.site\\\/#\\\/schema\\\/person\\\/67986a95ac546c16760365877ef4a9d3\"},\"headline\":\"Ba\u015fkan Ne\u00e7irvan Barzani, Ba\u011fdat\u2019taki K\u00fcrt temsilcilerle g\u00f6r\u00fc\u015ft\u00fc\",\"datePublished\":\"2020-02-11T15:08:18+00:00\",\"dateModified\":\"2026-03-31T13:45:03+00:00\",\"mainEntityOfPage\":{\"@id\":\"https:\\\/\\\/darkamazi.site\\\/archives\\\/1008516\"},\"wordCount\":238,\"publisher\":{\"@id\":\"https:\\\/\\\/darkamazi.site\\\/#organization\"},\"image\":{\"@id\":\"https:\\\/\\\/darkamazi.site\\\/archives\\\/1008516#primaryimage\"},\"thumbnailUrl\":\"https:\\\/\\\/darkamazi.site\\\/darka-content\\\/uploads\\\/2020\\\/02\\\/baskan-necirvan-barzani-bagdattaki-kurt-temsilcilerle-gorustu.jpg\",\"articleSection\":[\"Kurdistan\"],\"inLanguage\":\"en-US\"},{\"@type\":\"WebPage\",\"@id\":\"https:\\\/\\\/darkamazi.site\\\/archives\\\/1008516\",\"url\":\"https:\\\/\\\/darkamazi.site\\\/archives\\\/1008516\",\"name\":\"Ba\u015fkan Ne\u00e7irvan Barzani, Ba\u011fdat\u2019taki K\u00fcrt temsilcilerle g\u00f6r\u00fc\u015ft\u00fc - Darka Mazi\",\"isPartOf\":{\"@id\":\"https:\\\/\\\/darkamazi.site\\\/#website\"},\"primaryImageOfPage\":{\"@id\":\"https:\\\/\\\/darkamazi.site\\\/archives\\\/1008516#primaryimage\"},\"image\":{\"@id\":\"https:\\\/\\\/darkamazi.site\\\/archives\\\/1008516#primaryimage\"},\"thumbnailUrl\":\"https:\\\/\\\/darkamazi.site\\\/darka-content\\\/uploads\\\/2020\\\/02\\\/baskan-necirvan-barzani-bagdattaki-kurt-temsilcilerle-gorustu.jpg\",\"datePublished\":\"2020-02-11T15:08:18+00:00\",\"dateModified\":\"2026-03-31T13:45:03+00:00\",\"breadcrumb\":{\"@id\":\"https:\\\/\\\/darkamazi.site\\\/archives\\\/1008516#breadcrumb\"},\"inLanguage\":\"en-US\",\"potentialAction\":[{\"@type\":\"ReadAction\",\"target\":[\"https:\\\/\\\/darkamazi.site\\\/archives\\\/1008516\"]}]},{\"@type\":\"ImageObject\",\"inLanguage\":\"en-US\",\"@id\":\"https:\\\/\\\/darkamazi.site\\\/archives\\\/1008516#primaryimage\",\"url\":\"https:\\\/\\\/darkamazi.site\\\/darka-content\\\/uploads\\\/2020\\\/02\\\/baskan-necirvan-barzani-bagdattaki-kurt-temsilcilerle-gorustu.jpg\",\"contentUrl\":\"https:\\\/\\\/darkamazi.site\\\/darka-content\\\/uploads\\\/2020\\\/02\\\/baskan-necirvan-barzani-bagdattaki-kurt-temsilcilerle-gorustu.jpg\",\"width\":650,\"height\":366,\"caption\":\"Ba\u015fkan Ne\u00e7irvan Barzani, Ba\u011fdat\u2019taki K\u00fcrt temsilcilerle g\u00f6r\u00fc\u015ft\u00fc\"},{\"@type\":\"BreadcrumbList\",\"@id\":\"https:\\\/\\\/darkamazi.site\\\/archives\\\/1008516#breadcrumb\",\"itemListElement\":[{\"@type\":\"ListItem\",\"position\":1,\"name\":\"Home\",\"item\":\"https:\\\/\\\/darkamazi.site\\\/\"},{\"@type\":\"ListItem\",\"position\":2,\"name\":\"Ba\u015fkan Ne\u00e7irvan Barzani, Ba\u011fdat\u2019taki K\u00fcrt temsilcilerle g\u00f6r\u00fc\u015ft\u00fc\"}]},{\"@type\":\"WebSite\",\"@id\":\"https:\\\/\\\/darkamazi.site\\\/#website\",\"url\":\"https:\\\/\\\/darkamazi.site\\\/\",\"name\":\"Darka Mazi\",\"description\":\"Ana Sayfa\",\"publisher\":{\"@id\":\"https:\\\/\\\/darkamazi.site\\\/#organization\"},\"potentialAction\":[{\"@type\":\"SearchAction\",\"target\":{\"@type\":\"EntryPoint\",\"urlTemplate\":\"https:\\\/\\\/darkamazi.site\\\/?s={search_term_string}\"},\"query-input\":{\"@type\":\"PropertyValueSpecification\",\"valueRequired\":true,\"valueName\":\"search_term_string\"}}],\"inLanguage\":\"en-US\"},{\"@type\":\"Organization\",\"@id\":\"https:\\\/\\\/darkamazi.site\\\/#organization\",\"name\":\"Darka Mazi T\u00fcrk\u00e7e\",\"alternateName\":\"Darka Mazi\",\"url\":\"https:\\\/\\\/darkamazi.site\\\/\",\"logo\":{\"@type\":\"ImageObject\",\"inLanguage\":\"en-US\",\"@id\":\"https:\\\/\\\/darkamazi.site\\\/#\\\/schema\\\/logo\\\/image\\\/\",\"url\":\"https:\\\/\\\/darkamazi.site\\\/darka-content\\\/uploads\\\/2017\\\/12\\\/darka-mazi-logo.png\",\"contentUrl\":\"https:\\\/\\\/darkamazi.site\\\/darka-content\\\/uploads\\\/2017\\\/12\\\/darka-mazi-logo.png\",\"width\":151,\"height\":75,\"caption\":\"Darka Mazi T\u00fcrk\u00e7e\"},\"image\":{\"@id\":\"https:\\\/\\\/darkamazi.site\\\/#\\\/schema\\\/logo\\\/image\\\/\"},\"sameAs\":[\"https:\\\/\\\/www.facebook.com\\\/DarkaMaziturkce\",\"https:\\\/\\\/x.com\\\/DarkaMaziTurkce\"]},{\"@type\":\"Person\",\"@id\":\"https:\\\/\\\/darkamazi.site\\\/#\\\/schema\\\/person\\\/67986a95ac546c16760365877ef4a9d3\",\"name\":\"darka mazi\",\"sameAs\":[\"https:\\\/\\\/darkamazi.site\"],\"url\":\"https:\\\/\\\/darkamazi.site\\\/archives\\\/author\\\/turkish\"}]}<\/script>\n<!-- \/ Yoast SEO plugin. -->","seo_head_json":{"title":"Ba\u015fkan Ne\u00e7irvan Barzani, Ba\u011fdat\u2019taki K\u00fcrt temsilcilerle g\u00f6r\u00fc\u015ft\u00fc - Darka Mazi","robots":{"index":"index","follow":"follow","max-snippet":"max-snippet:-1","max-image-preview":"max-image-preview:large","max-video-preview":"max-video-preview:-1"},"canonical":"https:\/\/darkamazi.site\/archives\/1008516","og_locale":"en_US","og_type":"article","og_title":"Ba\u015fkan Ne\u00e7irvan Barzani, Ba\u011fdat\u2019taki K\u00fcrt temsilcilerle g\u00f6r\u00fc\u015ft\u00fc - Darka Mazi","og_description":"K\u00fcrdistan B\u00f6lgesi Ba\u015fkan\u0131 Ne\u00e7irvan Barzani, Irak Parlamentosu\u2019ndaki K\u00fcrdistani gruplar\u0131n temsilcileri ile bir araya geldi. K\u00fcrdistan B\u00f6lgesi Ba\u015fkanl\u0131\u011f\u0131\u2019nda ger\u00e7ekle\u015ftirilen toplant\u0131ya K\u00fcrdistan B\u00f6lgesi ba\u015fkan yard\u0131mc\u0131lar\u0131 Cafer \u015eeyh Mustafa ve Mustafa Seyyid Kadir\u2019in yan\u0131 s\u0131ra Irak Parlamentosu Ba\u015fkan Yard\u0131mc\u0131s\u0131 Be\u015fir Haddad da kat\u0131ld\u0131. Ya\u015fanan geli\u015fmeler kar\u015f\u0131s\u0131nda Irak Parlamentosu\u2019ndaki K\u00fcrdistani gruplar\u0131n ortak hareket etmesi ve ortak K\u00fcrdistani Fraksiyon olu\u015fturulmas\u0131n\u0131n [&hellip;]","og_url":"https:\/\/darkamazi.site\/archives\/1008516","og_site_name":"Darka Mazi","article_publisher":"https:\/\/www.facebook.com\/DarkaMaziturkce","article_published_time":"2020-02-11T15:08:18+00:00","article_modified_time":"2026-03-31T13:45:03+00:00","og_image":[{"width":650,"height":366,"url":"https:\/\/darkamazi.site\/file\/2020\/02\/baskan-necirvan-barzani-bagdattaki-kurt-temsilcilerle-gorustu.jpg","type":"image\/jpeg"}],"author":"darka mazi","twitter_card":"summary_large_image","twitter_creator":"@DarkaMaziTurkce","twitter_site":"@DarkaMaziTurkce","twitter_misc":{"Written by":"darka mazi","Est. reading time":"1 minute"},"schema":{"@context":"https:\/\/schema.org","@graph":[{"@type":"NewsArticle","@id":"https:\/\/darkamazi.site\/archives\/1008516#article","isPartOf":{"@id":"https:\/\/darkamazi.site\/archives\/1008516"},"author":{"name":"darka mazi","@id":"https:\/\/darkamazi.site\/#\/schema\/person\/67986a95ac546c16760365877ef4a9d3"},"headline":"Ba\u015fkan Ne\u00e7irvan Barzani, Ba\u011fdat\u2019taki K\u00fcrt temsilcilerle g\u00f6r\u00fc\u015ft\u00fc","datePublished":"2020-02-11T15:08:18+00:00","dateModified":"2026-03-31T13:45:03+00:00","mainEntityOfPage":{"@id":"https:\/\/darkamazi.site\/archives\/1008516"},"wordCount":238,"publisher":{"@id":"https:\/\/darkamazi.site\/#organization"},"image":{"@id":"https:\/\/darkamazi.site\/archives\/1008516#primaryimage"},"thumbnailUrl":"https:\/\/darkamazi.site\/file\/2020\/02\/baskan-necirvan-barzani-bagdattaki-kurt-temsilcilerle-gorustu.jpg","articleSection":["Kurdistan"],"inLanguage":"en-US"},{"@type":"WebPage","@id":"https:\/\/darkamazi.site\/archives\/1008516","url":"https:\/\/darkamazi.site\/archives\/1008516","name":"Ba\u015fkan Ne\u00e7irvan Barzani, Ba\u011fdat\u2019taki K\u00fcrt temsilcilerle g\u00f6r\u00fc\u015ft\u00fc - Darka Mazi","isPartOf":{"@id":"https:\/\/darkamazi.site\/#website"},"primaryImageOfPage":{"@id":"https:\/\/darkamazi.site\/archives\/1008516#primaryimage"},"image":{"@id":"https:\/\/darkamazi.site\/archives\/1008516#primaryimage"},"thumbnailUrl":"https:\/\/darkamazi.site\/file\/2020\/02\/baskan-necirvan-barzani-bagdattaki-kurt-temsilcilerle-gorustu.jpg","datePublished":"2020-02-11T15:08:18+00:00","dateModified":"2026-03-31T13:45:03+00:00","breadcrumb":{"@id":"https:\/\/darkamazi.site\/archives\/1008516#breadcrumb"},"inLanguage":"en-US","potentialAction":[{"@type":"ReadAction","target":["https:\/\/darkamazi.site\/archives\/1008516"]}]},{"@type":"ImageObject","inLanguage":"en-US","@id":"https:\/\/darkamazi.site\/archives\/1008516#primaryimage","url":"https:\/\/darkamazi.site\/file\/2020\/02\/baskan-necirvan-barzani-bagdattaki-kurt-temsilcilerle-gorustu.jpg","contentUrl":"https:\/\/darkamazi.site\/file\/2020\/02\/baskan-necirvan-barzani-bagdattaki-kurt-temsilcilerle-gorustu.jpg","width":650,"height":366,"caption":"Ba\u015fkan Ne\u00e7irvan Barzani, Ba\u011fdat\u2019taki K\u00fcrt temsilcilerle g\u00f6r\u00fc\u015ft\u00fc"},{"@type":"BreadcrumbList","@id":"https:\/\/darkamazi.site\/archives\/1008516#breadcrumb","itemListElement":[{"@type":"ListItem","position":1,"name":"Home","item":"https:\/\/darkamazi.site\/"},{"@type":"ListItem","position":2,"name":"Ba\u015fkan Ne\u00e7irvan Barzani, Ba\u011fdat\u2019taki K\u00fcrt temsilcilerle g\u00f6r\u00fc\u015ft\u00fc"}]},{"@type":"WebSite","@id":"https:\/\/darkamazi.site\/#website","url":"https:\/\/darkamazi.site\/","name":"Darka Mazi","description":"Ana Sayfa","publisher":{"@id":"https:\/\/darkamazi.site\/#organization"},"potentialAction":[{"@type":"SearchAction","target":{"@type":"EntryPoint","urlTemplate":"https:\/\/darkamazi.site\/?s={search_term_string}"},"query-input":{"@type":"PropertyValueSpecification","valueRequired":true,"valueName":"search_term_string"}}],"inLanguage":"en-US"},{"@type":"Organization","@id":"https:\/\/darkamazi.site\/#organization","name":"Darka Mazi T\u00fcrk\u00e7e","alternateName":"Darka Mazi","url":"https:\/\/darkamazi.site\/","logo":{"@type":"ImageObject","inLanguage":"en-US","@id":"https:\/\/darkamazi.site\/#\/schema\/logo\/image\/","url":"https:\/\/darkamazi.site\/file\/2017\/12\/darka-mazi-logo.png","contentUrl":"https:\/\/darkamazi.site\/file\/2017\/12\/darka-mazi-logo.png","width":151,"height":75,"caption":"Darka Mazi T\u00fcrk\u00e7e"},"image":{"@id":"https:\/\/darkamazi.site\/#\/schema\/logo\/image\/"},"sameAs":["https:\/\/www.facebook.com\/DarkaMaziturkce","https:\/\/x.com\/DarkaMaziTurkce"]},{"@type":"Person","@id":"https:\/\/darkamazi.site\/#\/schema\/person\/67986a95ac546c16760365877ef4a9d3","name":"darka mazi","sameAs":["https:\/\/darkamazi.site"],"url":"https:\/\/darkamazi.site\/archives\/author\/turkish"}]}},"_links":{"self":[{"href":"https:\/\/darkamazi.site\/funavuv\/wp\/v2\/posts\/1008516","targetHints":{"allow":["GET"]}}],"collection":[{"href":"https:\/\/darkamazi.site\/funavuv\/wp\/v2\/posts"}],"about":[{"href":"https:\/\/darkamazi.site\/funavuv\/wp\/v2\/types\/post"}],"author":[{"embeddable":true,"href":"https:\/\/darkamazi.site\/funavuv\/wp\/v2\/users\/2"}],"replies":[{"embeddable":true,"href":"https:\/\/darkamazi.site\/funavuv\/wp\/v2\/comments?post=1008516"}],"version-history":[{"count":0,"href":"https:\/\/darkamazi.site\/funavuv\/wp\/v2\/posts\/1008516\/revisions"}],"wp:featuredmedia":[{"embeddable":true,"href":"https:\/\/darkamazi.site\/funavuv\/wp\/v2\/media\/1008517"}],"wp:attachment":[{"href":"https:\/\/darkamazi.site\/funavuv\/wp\/v2\/media?parent=1008516"}],"wp:term":[{"taxonomy":"category","embeddable":true,"href":"https:\/\/darkamazi.site\/funavuv\/wp\/v2\/categories?post=1008516"},{"taxonomy":"post_tag","embeddable":true,"href":"https:\/\/darkamazi.site\/funavuv\/wp\/v2\/tags?post=1008516"}],"curies":[{"name":"wp","href":"https:\/\/api.w.org\/{rel}","templated":true}]}}