{"id":1008530,"date":"2020-02-13T21:22:27","date_gmt":"2020-02-13T18:22:27","guid":{"rendered":"https:\/\/darkamazi.site\/?p=1008530"},"modified":"2026-03-31T16:45:02","modified_gmt":"2026-03-31T13:45:02","slug":"esper-nato-iraka-daha-fazla-guc-gondermeli","status":"publish","type":"post","link":"https:\/\/darkamazi.site\/archives\/1008530","title":{"rendered":"Esper: NATO Irak\u2019a daha fazla g\u00fc\u00e7 g\u00f6ndermeli"},"content":{"rendered":"<h3 style=\"text-align: justify\"><span style=\"font-family: 'arial black', sans-serif\">ABD Savunma Bakan\u0131 Mark Esper, NATO\u2019nun Irak\u2019a daha \u00e7ok g\u00fc\u00e7 g\u00f6ndermesi gerekti\u011fini s\u00f6yledi.<\/span><\/h3>\n<h3 style=\"text-align: justify\">NATO Savunma Bakanlar\u0131 Toplant\u0131s\u0131\u2019na kat\u0131lan ABD Savunma Bakan\u0131 Mark Esper, bas\u0131n toplant\u0131s\u0131 d\u00fczenledi.<\/h3>\n<h3 style=\"text-align: justify\">Esper, NATO b\u00fcnyesinde yer alan Uluslararas\u0131 Koalisyon ortaklar\u0131n\u0131n Irak\u2019a daha \u00e7ok g\u00fc\u00e7 g\u00f6ndermesi gerekti\u011fini belirtti.<\/h3>\n<h3 style=\"text-align: justify\">NATO\u2019nun Ortado\u011fu\u2019daki faaliyetlerini art\u0131rma plan\u0131 oldu\u011funu kaydeden Esper, \u201cAyn\u0131 \u015fekilde Ba\u011fdat\u2019ta da Irak H\u00fck\u00fcmeti ve g\u00fcvenlik g\u00fc\u00e7leriyle koordinasyon halinde faaliyetlerini art\u0131rma plan\u0131 var. Bu \u015fekilde DA\u0130\u015e\u2019i t\u00fcm\u00fcyle yok edebilirler. Kendi ayaklar\u0131 \u00fcst\u00fcnde durabilmeleri ve DA\u0130\u015e\u2019in sald\u0131r\u0131lar\u0131yla m\u00fccadele edebilmeleri i\u00e7in e\u011fitim s\u00fcre\u00e7lerinin tamamlanmas\u0131 gerekiyor\u201d ifadelerini kulland\u0131.<\/h3>\n<h3 style=\"text-align: justify\">Esper, \u201cE\u011fitim d\u0131\u015f\u0131nda Irak g\u00fc\u00e7lerine dan\u0131\u015fmanl\u0131k da yap\u0131l\u0131yor. Buradaki 2 g\u00fcnl\u00fck toplant\u0131lardaki g\u00f6r\u00fc\u015fmelerde DA\u0130\u015e ve di\u011fer ter\u00f6r \u00f6rg\u00fctlerinin t\u00fcm\u00fcyle ortadan kald\u0131r\u0131lmas\u0131ndan bahsettik. Eylemlerini yapabileceklerini hi\u00e7bir yerin olmamas\u0131 gerekiyor. Toplant\u0131larda Uluslararas\u0131 Koalisyon\u2019a ba\u011fl\u0131l\u0131ktan da bahsettik\u201d diye konu\u015ftu.<\/h3>\n","protected":false},"excerpt":{"rendered":"<p>ABD Savunma Bakan\u0131 Mark Esper, NATO\u2019nun Irak\u2019a daha \u00e7ok g\u00fc\u00e7 g\u00f6ndermesi gerekti\u011fini s\u00f6yledi. NATO Savunma Bakanlar\u0131 Toplant\u0131s\u0131\u2019na kat\u0131lan ABD Savunma Bakan\u0131 Mark Esper, bas\u0131n toplant\u0131s\u0131 d\u00fczenledi. Esper, NATO b\u00fcnyesinde yer alan Uluslararas\u0131 Koalisyon ortaklar\u0131n\u0131n Irak\u2019a daha \u00e7ok g\u00fc\u00e7 g\u00f6ndermesi gerekti\u011fini belirtti. NATO\u2019nun Ortado\u011fu\u2019daki faaliyetlerini art\u0131rma plan\u0131 oldu\u011funu kaydeden Esper, \u201cAyn\u0131 \u015fekilde Ba\u011fdat\u2019ta da Irak H\u00fck\u00fcmeti [&hellip;]<\/p>\n","protected":false},"author":2,"featured_media":1008531,"comment_status":"closed","ping_status":"closed","sticky":false,"template":"","format":"standard","meta":{"footnotes":""},"categories":[29],"tags":[],"class_list":["post-1008530","post","type-post","status-publish","format-standard","has-post-thumbnail","hentry","category-ortadogu"],"blocksy_meta":[],"seo_head":"<!-- This site is optimized with the Yoast SEO plugin v27.5 - https:\/\/yoast.com\/product\/yoast-seo-wordpress\/ -->\n<title>Esper: NATO Irak\u2019a daha fazla g\u00fc\u00e7 g\u00f6ndermeli - Darka Mazi<\/title>\n<meta name=\"robots\" content=\"index, follow, max-snippet:-1, max-image-preview:large, max-video-preview:-1\" \/>\n<link rel=\"canonical\" href=\"https:\/\/darkamazi.site\/archives\/1008530\" \/>\n<meta property=\"og:locale\" content=\"en_US\" \/>\n<meta property=\"og:type\" content=\"article\" \/>\n<meta property=\"og:title\" content=\"Esper: NATO Irak\u2019a daha fazla g\u00fc\u00e7 g\u00f6ndermeli - Darka Mazi\" \/>\n<meta property=\"og:description\" content=\"ABD Savunma Bakan\u0131 Mark Esper, NATO\u2019nun Irak\u2019a daha \u00e7ok g\u00fc\u00e7 g\u00f6ndermesi gerekti\u011fini s\u00f6yledi. NATO Savunma Bakanlar\u0131 Toplant\u0131s\u0131\u2019na kat\u0131lan ABD Savunma Bakan\u0131 Mark Esper, bas\u0131n toplant\u0131s\u0131 d\u00fczenledi. Esper, NATO b\u00fcnyesinde yer alan Uluslararas\u0131 Koalisyon ortaklar\u0131n\u0131n Irak\u2019a daha \u00e7ok g\u00fc\u00e7 g\u00f6ndermesi gerekti\u011fini belirtti. NATO\u2019nun Ortado\u011fu\u2019daki faaliyetlerini art\u0131rma plan\u0131 oldu\u011funu kaydeden Esper, \u201cAyn\u0131 \u015fekilde Ba\u011fdat\u2019ta da Irak H\u00fck\u00fcmeti [&hellip;]\" \/>\n<meta property=\"og:url\" content=\"https:\/\/darkamazi.site\/archives\/1008530\" \/>\n<meta property=\"og:site_name\" content=\"Darka Mazi\" \/>\n<meta property=\"article:publisher\" content=\"https:\/\/www.facebook.com\/DarkaMaziturkce\" \/>\n<meta property=\"article:published_time\" content=\"2020-02-13T18:22:27+00:00\" \/>\n<meta property=\"article:modified_time\" content=\"2026-03-31T13:45:02+00:00\" \/>\n<meta property=\"og:image\" content=\"https:\/\/darkamazi.site\/file\/2020\/02\/esperrr.jpg\" \/>\n\t<meta property=\"og:image:width\" content=\"781\" \/>\n\t<meta property=\"og:image:height\" content=\"439\" \/>\n\t<meta property=\"og:image:type\" content=\"image\/jpeg\" \/>\n<meta name=\"author\" content=\"darka mazi\" \/>\n<meta name=\"twitter:card\" content=\"summary_large_image\" \/>\n<meta name=\"twitter:creator\" content=\"@DarkaMaziTurkce\" \/>\n<meta name=\"twitter:site\" content=\"@DarkaMaziTurkce\" \/>\n<meta name=\"twitter:label1\" content=\"Written by\" \/>\n\t<meta name=\"twitter:data1\" content=\"darka mazi\" \/>\n\t<meta name=\"twitter:label2\" content=\"Est. reading time\" \/>\n\t<meta name=\"twitter:data2\" content=\"1 minute\" \/>\n<script type=\"application\/ld+json\" class=\"seo-schema-graph\">{\"@context\":\"https:\\\/\\\/schema.org\",\"@graph\":[{\"@type\":\"NewsArticle\",\"@id\":\"https:\\\/\\\/darkamazi.site\\\/archives\\\/1008530#article\",\"isPartOf\":{\"@id\":\"https:\\\/\\\/darkamazi.site\\\/archives\\\/1008530\"},\"author\":{\"name\":\"darka mazi\",\"@id\":\"https:\\\/\\\/darkamazi.site\\\/#\\\/schema\\\/person\\\/67986a95ac546c16760365877ef4a9d3\"},\"headline\":\"Esper: NATO Irak\u2019a daha fazla g\u00fc\u00e7 g\u00f6ndermeli\",\"datePublished\":\"2020-02-13T18:22:27+00:00\",\"dateModified\":\"2026-03-31T13:45:02+00:00\",\"mainEntityOfPage\":{\"@id\":\"https:\\\/\\\/darkamazi.site\\\/archives\\\/1008530\"},\"wordCount\":199,\"publisher\":{\"@id\":\"https:\\\/\\\/darkamazi.site\\\/#organization\"},\"image\":{\"@id\":\"https:\\\/\\\/darkamazi.site\\\/archives\\\/1008530#primaryimage\"},\"thumbnailUrl\":\"https:\\\/\\\/darkamazi.site\\\/darka-content\\\/uploads\\\/2020\\\/02\\\/esperrr.jpg\",\"articleSection\":[\"Ortado\u011fu\"],\"inLanguage\":\"en-US\"},{\"@type\":\"WebPage\",\"@id\":\"https:\\\/\\\/darkamazi.site\\\/archives\\\/1008530\",\"url\":\"https:\\\/\\\/darkamazi.site\\\/archives\\\/1008530\",\"name\":\"Esper: NATO Irak\u2019a daha fazla g\u00fc\u00e7 g\u00f6ndermeli - Darka Mazi\",\"isPartOf\":{\"@id\":\"https:\\\/\\\/darkamazi.site\\\/#website\"},\"primaryImageOfPage\":{\"@id\":\"https:\\\/\\\/darkamazi.site\\\/archives\\\/1008530#primaryimage\"},\"image\":{\"@id\":\"https:\\\/\\\/darkamazi.site\\\/archives\\\/1008530#primaryimage\"},\"thumbnailUrl\":\"https:\\\/\\\/darkamazi.site\\\/darka-content\\\/uploads\\\/2020\\\/02\\\/esperrr.jpg\",\"datePublished\":\"2020-02-13T18:22:27+00:00\",\"dateModified\":\"2026-03-31T13:45:02+00:00\",\"breadcrumb\":{\"@id\":\"https:\\\/\\\/darkamazi.site\\\/archives\\\/1008530#breadcrumb\"},\"inLanguage\":\"en-US\",\"potentialAction\":[{\"@type\":\"ReadAction\",\"target\":[\"https:\\\/\\\/darkamazi.site\\\/archives\\\/1008530\"]}]},{\"@type\":\"ImageObject\",\"inLanguage\":\"en-US\",\"@id\":\"https:\\\/\\\/darkamazi.site\\\/archives\\\/1008530#primaryimage\",\"url\":\"https:\\\/\\\/darkamazi.site\\\/darka-content\\\/uploads\\\/2020\\\/02\\\/esperrr.jpg\",\"contentUrl\":\"https:\\\/\\\/darkamazi.site\\\/darka-content\\\/uploads\\\/2020\\\/02\\\/esperrr.jpg\",\"width\":781,\"height\":439,\"caption\":\"Esper: NATO Irak\u2019a daha fazla g\u00fc\u00e7 g\u00f6ndermeli\"},{\"@type\":\"BreadcrumbList\",\"@id\":\"https:\\\/\\\/darkamazi.site\\\/archives\\\/1008530#breadcrumb\",\"itemListElement\":[{\"@type\":\"ListItem\",\"position\":1,\"name\":\"Home\",\"item\":\"https:\\\/\\\/darkamazi.site\\\/\"},{\"@type\":\"ListItem\",\"position\":2,\"name\":\"Esper: NATO Irak\u2019a daha fazla g\u00fc\u00e7 g\u00f6ndermeli\"}]},{\"@type\":\"WebSite\",\"@id\":\"https:\\\/\\\/darkamazi.site\\\/#website\",\"url\":\"https:\\\/\\\/darkamazi.site\\\/\",\"name\":\"Darka Mazi\",\"description\":\"Ana Sayfa\",\"publisher\":{\"@id\":\"https:\\\/\\\/darkamazi.site\\\/#organization\"},\"potentialAction\":[{\"@type\":\"SearchAction\",\"target\":{\"@type\":\"EntryPoint\",\"urlTemplate\":\"https:\\\/\\\/darkamazi.site\\\/?s={search_term_string}\"},\"query-input\":{\"@type\":\"PropertyValueSpecification\",\"valueRequired\":true,\"valueName\":\"search_term_string\"}}],\"inLanguage\":\"en-US\"},{\"@type\":\"Organization\",\"@id\":\"https:\\\/\\\/darkamazi.site\\\/#organization\",\"name\":\"Darka Mazi T\u00fcrk\u00e7e\",\"alternateName\":\"Darka Mazi\",\"url\":\"https:\\\/\\\/darkamazi.site\\\/\",\"logo\":{\"@type\":\"ImageObject\",\"inLanguage\":\"en-US\",\"@id\":\"https:\\\/\\\/darkamazi.site\\\/#\\\/schema\\\/logo\\\/image\\\/\",\"url\":\"https:\\\/\\\/darkamazi.site\\\/darka-content\\\/uploads\\\/2017\\\/12\\\/darka-mazi-logo.png\",\"contentUrl\":\"https:\\\/\\\/darkamazi.site\\\/darka-content\\\/uploads\\\/2017\\\/12\\\/darka-mazi-logo.png\",\"width\":151,\"height\":75,\"caption\":\"Darka Mazi T\u00fcrk\u00e7e\"},\"image\":{\"@id\":\"https:\\\/\\\/darkamazi.site\\\/#\\\/schema\\\/logo\\\/image\\\/\"},\"sameAs\":[\"https:\\\/\\\/www.facebook.com\\\/DarkaMaziturkce\",\"https:\\\/\\\/x.com\\\/DarkaMaziTurkce\"]},{\"@type\":\"Person\",\"@id\":\"https:\\\/\\\/darkamazi.site\\\/#\\\/schema\\\/person\\\/67986a95ac546c16760365877ef4a9d3\",\"name\":\"darka mazi\",\"sameAs\":[\"https:\\\/\\\/darkamazi.site\"],\"url\":\"https:\\\/\\\/darkamazi.site\\\/archives\\\/author\\\/turkish\"}]}<\/script>\n<!-- \/ Yoast SEO plugin. -->","seo_head_json":{"title":"Esper: NATO Irak\u2019a daha fazla g\u00fc\u00e7 g\u00f6ndermeli - Darka Mazi","robots":{"index":"index","follow":"follow","max-snippet":"max-snippet:-1","max-image-preview":"max-image-preview:large","max-video-preview":"max-video-preview:-1"},"canonical":"https:\/\/darkamazi.site\/archives\/1008530","og_locale":"en_US","og_type":"article","og_title":"Esper: NATO Irak\u2019a daha fazla g\u00fc\u00e7 g\u00f6ndermeli - Darka Mazi","og_description":"ABD Savunma Bakan\u0131 Mark Esper, NATO\u2019nun Irak\u2019a daha \u00e7ok g\u00fc\u00e7 g\u00f6ndermesi gerekti\u011fini s\u00f6yledi. NATO Savunma Bakanlar\u0131 Toplant\u0131s\u0131\u2019na kat\u0131lan ABD Savunma Bakan\u0131 Mark Esper, bas\u0131n toplant\u0131s\u0131 d\u00fczenledi. Esper, NATO b\u00fcnyesinde yer alan Uluslararas\u0131 Koalisyon ortaklar\u0131n\u0131n Irak\u2019a daha \u00e7ok g\u00fc\u00e7 g\u00f6ndermesi gerekti\u011fini belirtti. NATO\u2019nun Ortado\u011fu\u2019daki faaliyetlerini art\u0131rma plan\u0131 oldu\u011funu kaydeden Esper, \u201cAyn\u0131 \u015fekilde Ba\u011fdat\u2019ta da Irak H\u00fck\u00fcmeti [&hellip;]","og_url":"https:\/\/darkamazi.site\/archives\/1008530","og_site_name":"Darka Mazi","article_publisher":"https:\/\/www.facebook.com\/DarkaMaziturkce","article_published_time":"2020-02-13T18:22:27+00:00","article_modified_time":"2026-03-31T13:45:02+00:00","og_image":[{"width":781,"height":439,"url":"https:\/\/darkamazi.site\/file\/2020\/02\/esperrr.jpg","type":"image\/jpeg"}],"author":"darka mazi","twitter_card":"summary_large_image","twitter_creator":"@DarkaMaziTurkce","twitter_site":"@DarkaMaziTurkce","twitter_misc":{"Written by":"darka mazi","Est. reading time":"1 minute"},"schema":{"@context":"https:\/\/schema.org","@graph":[{"@type":"NewsArticle","@id":"https:\/\/darkamazi.site\/archives\/1008530#article","isPartOf":{"@id":"https:\/\/darkamazi.site\/archives\/1008530"},"author":{"name":"darka mazi","@id":"https:\/\/darkamazi.site\/#\/schema\/person\/67986a95ac546c16760365877ef4a9d3"},"headline":"Esper: NATO Irak\u2019a daha fazla g\u00fc\u00e7 g\u00f6ndermeli","datePublished":"2020-02-13T18:22:27+00:00","dateModified":"2026-03-31T13:45:02+00:00","mainEntityOfPage":{"@id":"https:\/\/darkamazi.site\/archives\/1008530"},"wordCount":199,"publisher":{"@id":"https:\/\/darkamazi.site\/#organization"},"image":{"@id":"https:\/\/darkamazi.site\/archives\/1008530#primaryimage"},"thumbnailUrl":"https:\/\/darkamazi.site\/file\/2020\/02\/esperrr.jpg","articleSection":["Ortado\u011fu"],"inLanguage":"en-US"},{"@type":"WebPage","@id":"https:\/\/darkamazi.site\/archives\/1008530","url":"https:\/\/darkamazi.site\/archives\/1008530","name":"Esper: NATO Irak\u2019a daha fazla g\u00fc\u00e7 g\u00f6ndermeli - Darka Mazi","isPartOf":{"@id":"https:\/\/darkamazi.site\/#website"},"primaryImageOfPage":{"@id":"https:\/\/darkamazi.site\/archives\/1008530#primaryimage"},"image":{"@id":"https:\/\/darkamazi.site\/archives\/1008530#primaryimage"},"thumbnailUrl":"https:\/\/darkamazi.site\/file\/2020\/02\/esperrr.jpg","datePublished":"2020-02-13T18:22:27+00:00","dateModified":"2026-03-31T13:45:02+00:00","breadcrumb":{"@id":"https:\/\/darkamazi.site\/archives\/1008530#breadcrumb"},"inLanguage":"en-US","potentialAction":[{"@type":"ReadAction","target":["https:\/\/darkamazi.site\/archives\/1008530"]}]},{"@type":"ImageObject","inLanguage":"en-US","@id":"https:\/\/darkamazi.site\/archives\/1008530#primaryimage","url":"https:\/\/darkamazi.site\/file\/2020\/02\/esperrr.jpg","contentUrl":"https:\/\/darkamazi.site\/file\/2020\/02\/esperrr.jpg","width":781,"height":439,"caption":"Esper: NATO Irak\u2019a daha fazla g\u00fc\u00e7 g\u00f6ndermeli"},{"@type":"BreadcrumbList","@id":"https:\/\/darkamazi.site\/archives\/1008530#breadcrumb","itemListElement":[{"@type":"ListItem","position":1,"name":"Home","item":"https:\/\/darkamazi.site\/"},{"@type":"ListItem","position":2,"name":"Esper: NATO Irak\u2019a daha fazla g\u00fc\u00e7 g\u00f6ndermeli"}]},{"@type":"WebSite","@id":"https:\/\/darkamazi.site\/#website","url":"https:\/\/darkamazi.site\/","name":"Darka Mazi","description":"Ana Sayfa","publisher":{"@id":"https:\/\/darkamazi.site\/#organization"},"potentialAction":[{"@type":"SearchAction","target":{"@type":"EntryPoint","urlTemplate":"https:\/\/darkamazi.site\/?s={search_term_string}"},"query-input":{"@type":"PropertyValueSpecification","valueRequired":true,"valueName":"search_term_string"}}],"inLanguage":"en-US"},{"@type":"Organization","@id":"https:\/\/darkamazi.site\/#organization","name":"Darka Mazi T\u00fcrk\u00e7e","alternateName":"Darka Mazi","url":"https:\/\/darkamazi.site\/","logo":{"@type":"ImageObject","inLanguage":"en-US","@id":"https:\/\/darkamazi.site\/#\/schema\/logo\/image\/","url":"https:\/\/darkamazi.site\/file\/2017\/12\/darka-mazi-logo.png","contentUrl":"https:\/\/darkamazi.site\/file\/2017\/12\/darka-mazi-logo.png","width":151,"height":75,"caption":"Darka Mazi T\u00fcrk\u00e7e"},"image":{"@id":"https:\/\/darkamazi.site\/#\/schema\/logo\/image\/"},"sameAs":["https:\/\/www.facebook.com\/DarkaMaziturkce","https:\/\/x.com\/DarkaMaziTurkce"]},{"@type":"Person","@id":"https:\/\/darkamazi.site\/#\/schema\/person\/67986a95ac546c16760365877ef4a9d3","name":"darka mazi","sameAs":["https:\/\/darkamazi.site"],"url":"https:\/\/darkamazi.site\/archives\/author\/turkish"}]}},"_links":{"self":[{"href":"https:\/\/darkamazi.site\/funavuv\/wp\/v2\/posts\/1008530","targetHints":{"allow":["GET"]}}],"collection":[{"href":"https:\/\/darkamazi.site\/funavuv\/wp\/v2\/posts"}],"about":[{"href":"https:\/\/darkamazi.site\/funavuv\/wp\/v2\/types\/post"}],"author":[{"embeddable":true,"href":"https:\/\/darkamazi.site\/funavuv\/wp\/v2\/users\/2"}],"replies":[{"embeddable":true,"href":"https:\/\/darkamazi.site\/funavuv\/wp\/v2\/comments?post=1008530"}],"version-history":[{"count":0,"href":"https:\/\/darkamazi.site\/funavuv\/wp\/v2\/posts\/1008530\/revisions"}],"wp:featuredmedia":[{"embeddable":true,"href":"https:\/\/darkamazi.site\/funavuv\/wp\/v2\/media\/1008531"}],"wp:attachment":[{"href":"https:\/\/darkamazi.site\/funavuv\/wp\/v2\/media?parent=1008530"}],"wp:term":[{"taxonomy":"category","embeddable":true,"href":"https:\/\/darkamazi.site\/funavuv\/wp\/v2\/categories?post=1008530"},{"taxonomy":"post_tag","embeddable":true,"href":"https:\/\/darkamazi.site\/funavuv\/wp\/v2\/tags?post=1008530"}],"curies":[{"name":"wp","href":"https:\/\/api.w.org\/{rel}","templated":true}]}}