{"id":1008536,"date":"2020-02-13T21:54:41","date_gmt":"2020-02-13T18:54:41","guid":{"rendered":"https:\/\/darkamazi.site\/?p=1008536"},"modified":"2026-03-31T16:45:02","modified_gmt":"2026-03-31T13:45:02","slug":"kurtce-giderek-azaliyor","status":"publish","type":"post","link":"https:\/\/darkamazi.site\/archives\/1008536","title":{"rendered":"K\u00fcrt\u00e7e giderek azal\u0131yor\u00a0"},"content":{"rendered":"<h3 style=\"text-align: justify\"><span style=\"font-family: 'arial black', sans-serif\">\u00a0 \u00a0 \u00a0 \u00a0 \u00a0 \u00a0 \u00a0 \u00a0 \u00a0 \u00a0 \u00a0 \u00a0 \u00a0 \u00a0 \u00a0<\/span><\/h3>\n<h3 style=\"text-align: justify\"><span style=\"font-family: 'arial black', sans-serif\">Dilbilimciler, anadilinde e\u011fitim verilmedi\u011fi ve K\u00fcrt\u00e7e pazar diline d\u00f6n\u00fc\u015fmedi\u011fi s\u00fcrece anadilin giderek azalaca\u011f\u0131 konusunda uyar\u0131da bulunarak, bunun tehlikeli boyuta ula\u015fabilece\u011fini s\u00f6yl\u00fcyor.<\/span><\/h3>\n<h3 style=\"text-align: justify\">Sosyo Politik Saha Ara\u015ft\u0131rmalar Merkezi, 7 &#8211; 12 Ocak tarihleri aras\u0131nda 16 il il\u00e7e 49 il\u00e7ede 5 bin 600 ki\u015fiyle y\u00fcz y\u00fcze yapt\u0131\u011f\u0131 g\u00f6r\u00fc\u015fmede K\u00fcrt dilinin kullan\u0131m\u0131yla ilgili bir ara\u015ft\u0131rma yapt\u0131. S\u00f6z konusu ara\u015ft\u0131rmaya g\u00f6re evlerde K\u00fcrt\u00e7e (Kurmanci ve Zazaki) kullan\u0131m\u0131 y\u00fczde 69,4 oran\u0131nda.<\/h3>\n<h3 style=\"text-align: justify\">Ara\u015ft\u0131rmaya g\u00f6re kat\u0131l\u0131mc\u0131lar\u0131n y\u00fczde 26,6\u2019s\u0131 evlerinde T\u00fcrk\u00e7e, y\u00fczde 4\u2019\u00fc ise Arap\u00e7a konu\u015fuyor.<\/h3>\n<h3 style=\"text-align: justify\">Dilbilimciler, anadilinde e\u011fitim verilmedi\u011fi ve K\u00fcrt\u00e7e pazar diline d\u00f6n\u00fc\u015fmedi\u011fi s\u00fcrece anadili kullan\u0131m\u0131n\u0131n giderek azalaca\u011f\u0131 konusunda uyar\u0131yor.<\/h3>\n<h3 style=\"text-align: justify\">Sosyo Politik Saha Ara\u015ft\u0131rmalar Merkezi Koordinat\u00f6r\u00fc Sabri K\u0131l\u0131\u00e7, K\u00fcrt\u00e7e\u2019nin kullan\u0131m\u0131n\u0131n giderek d\u00fc\u015ft\u00fc\u011f\u00fcn\u00fc ve tehlikeli bir boyuta ula\u015ft\u0131\u011f\u0131n\u0131 vurgulad\u0131.<\/h3>\n<h3 style=\"text-align: justify\">K24\u2019e konu\u015fan Sabri K\u0131l\u0131\u00e7, \u201cBu saha \u00e7al\u0131\u015fmas\u0131yla ilgili \u015funu diyebilirim: K\u00fcrt\u00e7e kullan\u0131m\u0131 giderek azal\u0131yor. K\u00f6y ve \u015fehir ya\u015fam\u0131n\u0131 g\u00f6z \u00f6n\u00fcnde bulundurdu\u011fumuzda da k\u00f6ylerdeki K\u00fcrt\u00e7e kullan\u0131m\u0131n\u0131n \u015fehirlere oranlara daha y\u00fcksek oldu\u011funu g\u00f6r\u00fcyoruz\u201d dedi.<\/h3>\n<h3 style=\"text-align: justify\">Dilbilimci ve yazar Mikail B\u00fclb\u00fcl ise, resmi kurumlara gidi\u015fler artt\u0131k\u00e7a K\u00fcrt\u00e7e\u2019den uzakla\u015f\u0131ld\u0131\u011f\u0131na i\u015faret ederek, bunun K\u00fcrt\u00e7e\u2019nin stat\u00fcs\u00fcyle ilgili soruna i\u015faret etti\u011fini s\u00f6yledi.<\/h3>\n<h3 style=\"text-align: justify\">K24\u2019e konu\u015fan B\u00fclb\u00fcl, \u201cE\u011fitim dili T\u00fcrk\u00e7e oldu\u011fu i\u00e7in okumaktan s\u00f6z etti\u011fimiz zaman T\u00fcrk diliyle ya da egemen dille daha \u00e7ok temas s\u00f6z konusudur. Resmi kurumlarda T\u00fcrk\u00e7e\u2019nin hakimiyeti var, dolay\u0131s\u0131yla temas art\u0131yor. \u015eunu s\u00f6ylemek m\u00fcmk\u00fcn: E\u011fitim-\u00f6\u011fretimle ili\u015fki i\u00e7erisinde olanlar T\u00fcrk\u00e7e\u2019yle de daha \u00e7ok temas halinde\u201d ifadelerini kulland\u0131.<\/h3>\n<h3 style=\"text-align: justify\">ARA\u015eTIRMANIN SONU\u00c7LARI<\/h3>\n<h3 style=\"text-align: justify\">Ara\u015ft\u0131rmada, g\u00f6r\u00fc\u015fme yap\u0131lan ki\u015filerin y\u00fczde 26,9\u2019unun okur-yazar olmad\u0131\u011f\u0131, y\u00fczde 6,4\u2019\u00fcn\u00fcn diploma sahibi olmad\u0131\u011f\u0131 ancak okur-yazar olduklar\u0131, y\u00fczde 30,2\u2019sinin ise sadece ilkokul mezuniyetleri oldu\u011funa yer verildi. G\u00f6r\u00fc\u015fme yap\u0131lanlar\u0131n y\u00fczde 65,8\u2019inin gelir getiren herhangi bir i\u015fte \u00e7al\u0131\u015fmad\u0131\u011f\u0131 tespit edilirken, g\u00f6r\u00fc\u015fmecilerinin tamam\u0131n\u0131n y\u00fczde 53,5\u2019inin gelirinin 2 bin TL ve alt\u0131nda oldu\u011funa dikkat \u00e7ekildi.<\/h3>\n<h3 style=\"text-align: justify\">Anket g\u00f6r\u00fc\u015fmecilerinin y\u00fczde 78,7\u2019si K\u00fcrt, y\u00fczde 13,9\u2019u T\u00fcrk, y\u00fczde 4,6\u2019s\u0131 Arap ve y\u00fczde 0,7\u2019si farkl\u0131 kimliklerden olu\u015furken, y\u00fczde 2,9\u2019u ise etnik kimlik belirtmedi.<\/h3>\n<h3 style=\"text-align: justify\">Ara\u015ft\u0131rma sonu\u00e7lar\u0131na g\u00f6re, \u201cHane i\u00e7inde genellikle hangi dili kullan\u0131yorsunuz\u201d sorusuna kat\u0131l\u0131mc\u0131lar\u0131n y\u00fczde 65,8\u2019i Kurmanci, y\u00fczde 26,6\u2019s\u0131 T\u00fcrk\u00e7e, y\u00fczde 4\u2019\u00fc Arap\u00e7a ve y\u00fczde 3,6\u2019s\u0131 Zazaki yan\u0131tlar\u0131n\u0131 verdi. B\u00f6ylece hanelerinde K\u00fcrt\u00e7e konu\u015fanlar\u0131n oran\u0131 (Kurmanci-Zazaki) toplamda 69,4 olarak tespit edildi\u011fi belirtildi.<\/h3>\n<h3 style=\"text-align: justify\">Sokakta hangi dili konu\u015ftuklar\u0131 sorulan kat\u0131l\u0131mc\u0131lar\u0131n ise, y\u00fczde 57,4\u2019\u00fc Kurmanci, y\u00fczde 38,2\u2019si T\u00fcrk\u00e7e, y\u00fczde 2,4\u2019\u00fc Arap\u00e7a ve y\u00fczde 2\u2019si Zazaki yan\u0131tlar\u0131n\u0131 verdi. Sokakta K\u00fcrt\u00e7e konu\u015fanlar\u0131n oran\u0131 b\u00f6ylece y\u00fczde 59,4 olarak tespit edildi.<\/h3>\n","protected":false},"excerpt":{"rendered":"<p>\u00a0 \u00a0 \u00a0 \u00a0 \u00a0 \u00a0 \u00a0 \u00a0 \u00a0 \u00a0 \u00a0 \u00a0 \u00a0 \u00a0 \u00a0 Dilbilimciler, anadilinde e\u011fitim verilmedi\u011fi ve K\u00fcrt\u00e7e pazar diline d\u00f6n\u00fc\u015fmedi\u011fi s\u00fcrece anadilin giderek azalaca\u011f\u0131 konusunda uyar\u0131da bulunarak, bunun tehlikeli boyuta ula\u015fabilece\u011fini s\u00f6yl\u00fcyor. Sosyo Politik Saha Ara\u015ft\u0131rmalar Merkezi, 7 &#8211; 12 Ocak tarihleri aras\u0131nda 16 il il\u00e7e 49 il\u00e7ede 5 bin 600 [&hellip;]<\/p>\n","protected":false},"author":2,"featured_media":1008537,"comment_status":"closed","ping_status":"closed","sticky":false,"template":"","format":"standard","meta":{"footnotes":""},"categories":[3],"tags":[],"class_list":["post-1008536","post","type-post","status-publish","format-standard","has-post-thumbnail","hentry","category-kurdistan"],"blocksy_meta":[],"seo_head":"<!-- This site is optimized with the Yoast SEO plugin v27.5 - https:\/\/yoast.com\/product\/yoast-seo-wordpress\/ -->\n<title>K\u00fcrt\u00e7e giderek azal\u0131yor\u00a0 - Darka Mazi<\/title>\n<meta name=\"robots\" content=\"index, follow, max-snippet:-1, max-image-preview:large, max-video-preview:-1\" \/>\n<link rel=\"canonical\" href=\"https:\/\/darkamazi.site\/archives\/1008536\" \/>\n<meta property=\"og:locale\" content=\"en_US\" \/>\n<meta property=\"og:type\" content=\"article\" \/>\n<meta property=\"og:title\" content=\"K\u00fcrt\u00e7e giderek azal\u0131yor\u00a0 - Darka Mazi\" \/>\n<meta property=\"og:description\" content=\"\u00a0 \u00a0 \u00a0 \u00a0 \u00a0 \u00a0 \u00a0 \u00a0 \u00a0 \u00a0 \u00a0 \u00a0 \u00a0 \u00a0 \u00a0 Dilbilimciler, anadilinde e\u011fitim verilmedi\u011fi ve K\u00fcrt\u00e7e pazar diline d\u00f6n\u00fc\u015fmedi\u011fi s\u00fcrece anadilin giderek azalaca\u011f\u0131 konusunda uyar\u0131da bulunarak, bunun tehlikeli boyuta ula\u015fabilece\u011fini s\u00f6yl\u00fcyor. Sosyo Politik Saha Ara\u015ft\u0131rmalar Merkezi, 7 &#8211; 12 Ocak tarihleri aras\u0131nda 16 il il\u00e7e 49 il\u00e7ede 5 bin 600 [&hellip;]\" \/>\n<meta property=\"og:url\" content=\"https:\/\/darkamazi.site\/archives\/1008536\" \/>\n<meta property=\"og:site_name\" content=\"Darka Mazi\" \/>\n<meta property=\"article:publisher\" content=\"https:\/\/www.facebook.com\/DarkaMaziturkce\" \/>\n<meta property=\"article:published_time\" content=\"2020-02-13T18:54:41+00:00\" \/>\n<meta property=\"article:modified_time\" content=\"2026-03-31T13:45:02+00:00\" \/>\n<meta property=\"og:image\" content=\"https:\/\/darkamazi.site\/file\/2020\/02\/dil.jpg\" \/>\n\t<meta property=\"og:image:width\" content=\"285\" \/>\n\t<meta property=\"og:image:height\" content=\"177\" \/>\n\t<meta property=\"og:image:type\" content=\"image\/jpeg\" \/>\n<meta name=\"author\" content=\"darka mazi\" \/>\n<meta name=\"twitter:card\" content=\"summary_large_image\" \/>\n<meta name=\"twitter:creator\" content=\"@DarkaMaziTurkce\" \/>\n<meta name=\"twitter:site\" content=\"@DarkaMaziTurkce\" \/>\n<meta name=\"twitter:label1\" content=\"Written by\" \/>\n\t<meta name=\"twitter:data1\" content=\"darka mazi\" \/>\n\t<meta name=\"twitter:label2\" content=\"Est. reading time\" \/>\n\t<meta name=\"twitter:data2\" content=\"3 minutes\" \/>\n<script type=\"application\/ld+json\" class=\"seo-schema-graph\">{\"@context\":\"https:\\\/\\\/schema.org\",\"@graph\":[{\"@type\":\"NewsArticle\",\"@id\":\"https:\\\/\\\/darkamazi.site\\\/archives\\\/1008536#article\",\"isPartOf\":{\"@id\":\"https:\\\/\\\/darkamazi.site\\\/archives\\\/1008536\"},\"author\":{\"name\":\"darka mazi\",\"@id\":\"https:\\\/\\\/darkamazi.site\\\/#\\\/schema\\\/person\\\/67986a95ac546c16760365877ef4a9d3\"},\"headline\":\"K\u00fcrt\u00e7e giderek azal\u0131yor\u00a0\",\"datePublished\":\"2020-02-13T18:54:41+00:00\",\"dateModified\":\"2026-03-31T13:45:02+00:00\",\"mainEntityOfPage\":{\"@id\":\"https:\\\/\\\/darkamazi.site\\\/archives\\\/1008536\"},\"wordCount\":580,\"publisher\":{\"@id\":\"https:\\\/\\\/darkamazi.site\\\/#organization\"},\"image\":{\"@id\":\"https:\\\/\\\/darkamazi.site\\\/archives\\\/1008536#primaryimage\"},\"thumbnailUrl\":\"https:\\\/\\\/darkamazi.site\\\/darka-content\\\/uploads\\\/2020\\\/02\\\/dil.jpg\",\"articleSection\":[\"Kurdistan\"],\"inLanguage\":\"en-US\"},{\"@type\":\"WebPage\",\"@id\":\"https:\\\/\\\/darkamazi.site\\\/archives\\\/1008536\",\"url\":\"https:\\\/\\\/darkamazi.site\\\/archives\\\/1008536\",\"name\":\"K\u00fcrt\u00e7e giderek azal\u0131yor\u00a0 - Darka Mazi\",\"isPartOf\":{\"@id\":\"https:\\\/\\\/darkamazi.site\\\/#website\"},\"primaryImageOfPage\":{\"@id\":\"https:\\\/\\\/darkamazi.site\\\/archives\\\/1008536#primaryimage\"},\"image\":{\"@id\":\"https:\\\/\\\/darkamazi.site\\\/archives\\\/1008536#primaryimage\"},\"thumbnailUrl\":\"https:\\\/\\\/darkamazi.site\\\/darka-content\\\/uploads\\\/2020\\\/02\\\/dil.jpg\",\"datePublished\":\"2020-02-13T18:54:41+00:00\",\"dateModified\":\"2026-03-31T13:45:02+00:00\",\"breadcrumb\":{\"@id\":\"https:\\\/\\\/darkamazi.site\\\/archives\\\/1008536#breadcrumb\"},\"inLanguage\":\"en-US\",\"potentialAction\":[{\"@type\":\"ReadAction\",\"target\":[\"https:\\\/\\\/darkamazi.site\\\/archives\\\/1008536\"]}]},{\"@type\":\"ImageObject\",\"inLanguage\":\"en-US\",\"@id\":\"https:\\\/\\\/darkamazi.site\\\/archives\\\/1008536#primaryimage\",\"url\":\"https:\\\/\\\/darkamazi.site\\\/darka-content\\\/uploads\\\/2020\\\/02\\\/dil.jpg\",\"contentUrl\":\"https:\\\/\\\/darkamazi.site\\\/darka-content\\\/uploads\\\/2020\\\/02\\\/dil.jpg\",\"width\":285,\"height\":177,\"caption\":\"K\u00fcrt\u00e7e giderek azal\u0131yor\u00a0\"},{\"@type\":\"BreadcrumbList\",\"@id\":\"https:\\\/\\\/darkamazi.site\\\/archives\\\/1008536#breadcrumb\",\"itemListElement\":[{\"@type\":\"ListItem\",\"position\":1,\"name\":\"Home\",\"item\":\"https:\\\/\\\/darkamazi.site\\\/\"},{\"@type\":\"ListItem\",\"position\":2,\"name\":\"K\u00fcrt\u00e7e giderek azal\u0131yor\u00a0\"}]},{\"@type\":\"WebSite\",\"@id\":\"https:\\\/\\\/darkamazi.site\\\/#website\",\"url\":\"https:\\\/\\\/darkamazi.site\\\/\",\"name\":\"Darka Mazi\",\"description\":\"Ana Sayfa\",\"publisher\":{\"@id\":\"https:\\\/\\\/darkamazi.site\\\/#organization\"},\"potentialAction\":[{\"@type\":\"SearchAction\",\"target\":{\"@type\":\"EntryPoint\",\"urlTemplate\":\"https:\\\/\\\/darkamazi.site\\\/?s={search_term_string}\"},\"query-input\":{\"@type\":\"PropertyValueSpecification\",\"valueRequired\":true,\"valueName\":\"search_term_string\"}}],\"inLanguage\":\"en-US\"},{\"@type\":\"Organization\",\"@id\":\"https:\\\/\\\/darkamazi.site\\\/#organization\",\"name\":\"Darka Mazi T\u00fcrk\u00e7e\",\"alternateName\":\"Darka Mazi\",\"url\":\"https:\\\/\\\/darkamazi.site\\\/\",\"logo\":{\"@type\":\"ImageObject\",\"inLanguage\":\"en-US\",\"@id\":\"https:\\\/\\\/darkamazi.site\\\/#\\\/schema\\\/logo\\\/image\\\/\",\"url\":\"https:\\\/\\\/darkamazi.site\\\/darka-content\\\/uploads\\\/2017\\\/12\\\/darka-mazi-logo.png\",\"contentUrl\":\"https:\\\/\\\/darkamazi.site\\\/darka-content\\\/uploads\\\/2017\\\/12\\\/darka-mazi-logo.png\",\"width\":151,\"height\":75,\"caption\":\"Darka Mazi T\u00fcrk\u00e7e\"},\"image\":{\"@id\":\"https:\\\/\\\/darkamazi.site\\\/#\\\/schema\\\/logo\\\/image\\\/\"},\"sameAs\":[\"https:\\\/\\\/www.facebook.com\\\/DarkaMaziturkce\",\"https:\\\/\\\/x.com\\\/DarkaMaziTurkce\"]},{\"@type\":\"Person\",\"@id\":\"https:\\\/\\\/darkamazi.site\\\/#\\\/schema\\\/person\\\/67986a95ac546c16760365877ef4a9d3\",\"name\":\"darka mazi\",\"sameAs\":[\"https:\\\/\\\/darkamazi.site\"],\"url\":\"https:\\\/\\\/darkamazi.site\\\/archives\\\/author\\\/turkish\"}]}<\/script>\n<!-- \/ Yoast SEO plugin. -->","seo_head_json":{"title":"K\u00fcrt\u00e7e giderek azal\u0131yor\u00a0 - Darka Mazi","robots":{"index":"index","follow":"follow","max-snippet":"max-snippet:-1","max-image-preview":"max-image-preview:large","max-video-preview":"max-video-preview:-1"},"canonical":"https:\/\/darkamazi.site\/archives\/1008536","og_locale":"en_US","og_type":"article","og_title":"K\u00fcrt\u00e7e giderek azal\u0131yor\u00a0 - Darka Mazi","og_description":"\u00a0 \u00a0 \u00a0 \u00a0 \u00a0 \u00a0 \u00a0 \u00a0 \u00a0 \u00a0 \u00a0 \u00a0 \u00a0 \u00a0 \u00a0 Dilbilimciler, anadilinde e\u011fitim verilmedi\u011fi ve K\u00fcrt\u00e7e pazar diline d\u00f6n\u00fc\u015fmedi\u011fi s\u00fcrece anadilin giderek azalaca\u011f\u0131 konusunda uyar\u0131da bulunarak, bunun tehlikeli boyuta ula\u015fabilece\u011fini s\u00f6yl\u00fcyor. Sosyo Politik Saha Ara\u015ft\u0131rmalar Merkezi, 7 &#8211; 12 Ocak tarihleri aras\u0131nda 16 il il\u00e7e 49 il\u00e7ede 5 bin 600 [&hellip;]","og_url":"https:\/\/darkamazi.site\/archives\/1008536","og_site_name":"Darka Mazi","article_publisher":"https:\/\/www.facebook.com\/DarkaMaziturkce","article_published_time":"2020-02-13T18:54:41+00:00","article_modified_time":"2026-03-31T13:45:02+00:00","og_image":[{"width":285,"height":177,"url":"https:\/\/darkamazi.site\/file\/2020\/02\/dil.jpg","type":"image\/jpeg"}],"author":"darka mazi","twitter_card":"summary_large_image","twitter_creator":"@DarkaMaziTurkce","twitter_site":"@DarkaMaziTurkce","twitter_misc":{"Written by":"darka mazi","Est. reading time":"3 minutes"},"schema":{"@context":"https:\/\/schema.org","@graph":[{"@type":"NewsArticle","@id":"https:\/\/darkamazi.site\/archives\/1008536#article","isPartOf":{"@id":"https:\/\/darkamazi.site\/archives\/1008536"},"author":{"name":"darka mazi","@id":"https:\/\/darkamazi.site\/#\/schema\/person\/67986a95ac546c16760365877ef4a9d3"},"headline":"K\u00fcrt\u00e7e giderek azal\u0131yor\u00a0","datePublished":"2020-02-13T18:54:41+00:00","dateModified":"2026-03-31T13:45:02+00:00","mainEntityOfPage":{"@id":"https:\/\/darkamazi.site\/archives\/1008536"},"wordCount":580,"publisher":{"@id":"https:\/\/darkamazi.site\/#organization"},"image":{"@id":"https:\/\/darkamazi.site\/archives\/1008536#primaryimage"},"thumbnailUrl":"https:\/\/darkamazi.site\/file\/2020\/02\/dil.jpg","articleSection":["Kurdistan"],"inLanguage":"en-US"},{"@type":"WebPage","@id":"https:\/\/darkamazi.site\/archives\/1008536","url":"https:\/\/darkamazi.site\/archives\/1008536","name":"K\u00fcrt\u00e7e giderek azal\u0131yor\u00a0 - Darka Mazi","isPartOf":{"@id":"https:\/\/darkamazi.site\/#website"},"primaryImageOfPage":{"@id":"https:\/\/darkamazi.site\/archives\/1008536#primaryimage"},"image":{"@id":"https:\/\/darkamazi.site\/archives\/1008536#primaryimage"},"thumbnailUrl":"https:\/\/darkamazi.site\/file\/2020\/02\/dil.jpg","datePublished":"2020-02-13T18:54:41+00:00","dateModified":"2026-03-31T13:45:02+00:00","breadcrumb":{"@id":"https:\/\/darkamazi.site\/archives\/1008536#breadcrumb"},"inLanguage":"en-US","potentialAction":[{"@type":"ReadAction","target":["https:\/\/darkamazi.site\/archives\/1008536"]}]},{"@type":"ImageObject","inLanguage":"en-US","@id":"https:\/\/darkamazi.site\/archives\/1008536#primaryimage","url":"https:\/\/darkamazi.site\/file\/2020\/02\/dil.jpg","contentUrl":"https:\/\/darkamazi.site\/file\/2020\/02\/dil.jpg","width":285,"height":177,"caption":"K\u00fcrt\u00e7e giderek azal\u0131yor\u00a0"},{"@type":"BreadcrumbList","@id":"https:\/\/darkamazi.site\/archives\/1008536#breadcrumb","itemListElement":[{"@type":"ListItem","position":1,"name":"Home","item":"https:\/\/darkamazi.site\/"},{"@type":"ListItem","position":2,"name":"K\u00fcrt\u00e7e giderek azal\u0131yor\u00a0"}]},{"@type":"WebSite","@id":"https:\/\/darkamazi.site\/#website","url":"https:\/\/darkamazi.site\/","name":"Darka Mazi","description":"Ana Sayfa","publisher":{"@id":"https:\/\/darkamazi.site\/#organization"},"potentialAction":[{"@type":"SearchAction","target":{"@type":"EntryPoint","urlTemplate":"https:\/\/darkamazi.site\/?s={search_term_string}"},"query-input":{"@type":"PropertyValueSpecification","valueRequired":true,"valueName":"search_term_string"}}],"inLanguage":"en-US"},{"@type":"Organization","@id":"https:\/\/darkamazi.site\/#organization","name":"Darka Mazi T\u00fcrk\u00e7e","alternateName":"Darka Mazi","url":"https:\/\/darkamazi.site\/","logo":{"@type":"ImageObject","inLanguage":"en-US","@id":"https:\/\/darkamazi.site\/#\/schema\/logo\/image\/","url":"https:\/\/darkamazi.site\/file\/2017\/12\/darka-mazi-logo.png","contentUrl":"https:\/\/darkamazi.site\/file\/2017\/12\/darka-mazi-logo.png","width":151,"height":75,"caption":"Darka Mazi T\u00fcrk\u00e7e"},"image":{"@id":"https:\/\/darkamazi.site\/#\/schema\/logo\/image\/"},"sameAs":["https:\/\/www.facebook.com\/DarkaMaziturkce","https:\/\/x.com\/DarkaMaziTurkce"]},{"@type":"Person","@id":"https:\/\/darkamazi.site\/#\/schema\/person\/67986a95ac546c16760365877ef4a9d3","name":"darka mazi","sameAs":["https:\/\/darkamazi.site"],"url":"https:\/\/darkamazi.site\/archives\/author\/turkish"}]}},"_links":{"self":[{"href":"https:\/\/darkamazi.site\/funavuv\/wp\/v2\/posts\/1008536","targetHints":{"allow":["GET"]}}],"collection":[{"href":"https:\/\/darkamazi.site\/funavuv\/wp\/v2\/posts"}],"about":[{"href":"https:\/\/darkamazi.site\/funavuv\/wp\/v2\/types\/post"}],"author":[{"embeddable":true,"href":"https:\/\/darkamazi.site\/funavuv\/wp\/v2\/users\/2"}],"replies":[{"embeddable":true,"href":"https:\/\/darkamazi.site\/funavuv\/wp\/v2\/comments?post=1008536"}],"version-history":[{"count":0,"href":"https:\/\/darkamazi.site\/funavuv\/wp\/v2\/posts\/1008536\/revisions"}],"wp:featuredmedia":[{"embeddable":true,"href":"https:\/\/darkamazi.site\/funavuv\/wp\/v2\/media\/1008537"}],"wp:attachment":[{"href":"https:\/\/darkamazi.site\/funavuv\/wp\/v2\/media?parent=1008536"}],"wp:term":[{"taxonomy":"category","embeddable":true,"href":"https:\/\/darkamazi.site\/funavuv\/wp\/v2\/categories?post=1008536"},{"taxonomy":"post_tag","embeddable":true,"href":"https:\/\/darkamazi.site\/funavuv\/wp\/v2\/tags?post=1008536"}],"curies":[{"name":"wp","href":"https:\/\/api.w.org\/{rel}","templated":true}]}}