{"id":1008570,"date":"2020-02-18T11:01:03","date_gmt":"2020-02-18T08:01:03","guid":{"rendered":"https:\/\/darkamazi.site\/?p=1008570"},"modified":"2026-03-31T16:45:02","modified_gmt":"2026-03-31T13:45:02","slug":"abdullah-gulun-kurt-sorununa-iliskin-yorumu","status":"publish","type":"post","link":"https:\/\/darkamazi.site\/archives\/1008570","title":{"rendered":"Abdullah G\u00fcl&#8217;\u00fcn K\u00fcrt sorununa ili\u015fkin yorumu"},"content":{"rendered":"<h3 style=\"text-align: justify\"><span style=\"font-family: 'arial black', sans-serif\">T\u00fcrkiye\u2019nin 11\u2019inci Cumhurba\u015fkan\u0131 Abdullah G\u00fcl, K\u00fcrt meselesinin T\u00fcrkiye\u2019nin en \u00f6nemli konular\u0131ndan biri oldu\u011funu s\u00f6yledi.<\/span><\/h3>\n<h3 style=\"text-align: justify\">Karar gazetesine konu\u015fan Abdullah G\u00fcl, K\u00fcrt meselesi ve K\u00fcrdistan B\u00f6lgesi\u2019nde ger\u00e7ekle\u015fen ba\u011f\u0131ms\u0131zl\u0131k referandumu hakk\u0131nda a\u00e7\u0131klamalarda bulundu.<\/h3>\n<h3 style=\"text-align: justify\">\u201cBu mesele T\u00fcrkiye\u2019nin en \u00f6nemli konular\u0131ndan biridir. Buna \u015f\u00f6yle bakar\u0131m; t\u00fcm \u00fclkelerden daha fazla K\u00fcrt n\u00fcfusumuz var. Barzani\u2019nin referandum tart\u0131\u015fmalar\u0131 olurken \u00e7ok \u00e7arp\u0131c\u0131yd\u0131. CNN T\u00fcrk\u2019te bir harita \u00fczerinde tart\u0131\u015f\u0131l\u0131yor, d\u00f6rt \u00fclkedeki K\u00fcrtler g\u00f6steriliyordu haritada. Sonra CNN International\u2019e ge\u00e7tim ayn\u0131 harita \u00fczerinde konu\u015fuluyor, ama bir farkla. T\u00fcrkiye&#8217;nin \u00fczerinde 15 milyon, Irak&#8217;ta 4 milyon, Suriye&#8217;de 2 milyon, \u0130ran\u2019da 6 milyon yaz\u0131yor. T\u00fcrkiye&#8217;deki haritada ise bu yoktu. Bu bir realite, bu kadar K\u00fcrt n\u00fcfusumuz var. Cevaplanmas\u0131 gereken as\u0131l soru, bu n\u00fcfusumuzu ne kadar e\u015fit vatanda\u015f k\u0131labiliyoruz, nas\u0131l mutlu ve \u00fclkesine ba\u011fl\u0131 hale getirebiliyoruz? Bu meseleye her y\u00f6n\u00fcyle bakacaks\u0131n\u0131z. Kendi i\u00e7erimizde bu meseleyi halletti\u011fimiz takdirde, hem kendi \u00fclkemizi hem b\u00f6lgeyi sa\u011flamla\u015ft\u0131r\u0131r\u0131z. Ama kendi \u00fclkemizde bu meseleyi halledemezsek, meselenin kendi \u00fclkemizde kalmay\u0131p b\u00f6lgesel ve uluslararas\u0131 boyutlara ula\u015fmas\u0131ndan korkard\u0131m.\u201d<\/h3>\n<h3 style=\"text-align: justify\">K\u00fcrt meselesinin uluslararas\u0131 bir boyut kazand\u0131\u011f\u0131yla ilgili soru \u00fczerine Abdullah G\u00fcl \u015f\u00f6yle devam etti:<\/h3>\n<h3 style=\"text-align: justify\">\u201cUygulanan politikalar\u0131n neticesi, burada kimseyi su\u00e7lamak istemem. Hepimizin sorumlulu\u011fu. Kendi i\u00e7imizde, kendi inisiyatifimizle y\u00fcksek insan haklar\u0131 standartlar\u0131yla halledemeyince b\u00f6lgesel ve uluslararas\u0131 boyutlara gitti, zor i\u015fler.\u201d<\/h3>\n<h3 style=\"text-align: justify\">T\u00dcRK\u0130YE\u2019N\u0130N SUR\u0130YE POL\u0130T\u0130KASI<\/h3>\n<h3 style=\"text-align: justify\">T\u00fcrkiye\u2019nin Suriye politikas\u0131yla ilgili olarak da G\u00fcl, \u201cS\u00f6yleyece\u011fim \u015fey, \u00e7ok k\u0131\u015fk\u0131rt\u0131l\u0131yor olsak da Suriye ile topyek\u00fbn bir sava\u015fa girmemek y\u00f6n\u00fcnde olur. Ama meseleye genel Suriye politikas\u0131 olarak bakt\u0131\u011f\u0131m\u0131zda esasen daha i\u015fin ba\u015f\u0131nda b\u00fct\u00fcn d\u00fcnyan\u0131n Suriye\u2019ye yakla\u015f\u0131m\u0131n\u0131n \u00e7ok yanl\u0131\u015f oldu\u011funu s\u00f6yleyebilirim\u201d dedi.<\/h3>\n<h3 style=\"text-align: justify\">Suriye devletinin otoriter bir devlet oldu\u011funu ifade eden G\u00fcl, Suriye\u2019deki geli\u015fmeler hakk\u0131nda \u015funlar\u0131 s\u00f6yledi:<\/h3>\n<h3 style=\"text-align: justify\">\u201cArap Bahar\u0131 geldi\u011finde Suriye\u2019de de temel hak ve \u00f6zg\u00fcrl\u00fcklere dair daha fazla istekte bulunan insanlar sokaklara d\u00f6k\u00fcld\u00fcler. Onlar\u0131n taleplerinin kar\u015f\u0131lanmas\u0131 gerekirdi. Ama d\u00fc\u015f\u00fcn\u00fcnki Suriye devleti otoriter bir devlet. Bu t\u00fcr devletlerde sivil toplum hareketlerine kar\u015f\u0131 al\u0131nacak tedbirler ancak askeri tedbirlerden ibaret olur. Bunun \u00f6tesinde bir \u015fey beklemek zaten ger\u00e7ek\u00e7i de\u011fildi. O d\u00f6nemde asl\u0131nda Suriye h\u00fck\u00fcmetine T\u00fcrkiye olarak epeyce yard\u0131mc\u0131 olmaya \u00e7al\u0131\u015ft\u0131k, bir ge\u00e7i\u015f d\u00f6nemi i\u00e7in. Ne yaz\u0131k ki Suriye ile ili\u015fkiler \u00e7ok erken bir safhada koptu. Ancak o zamanlar b\u00f6lge d\u0131\u015f\u0131ndan, \u00f6zellikle Bat\u0131\u2019dan, ABD\u2019den gelen \u00e7ok a\u011f\u0131r bask\u0131lar, \u00e7ok radikal yakla\u015f\u0131mlar \u00f6yle bir noktaya geldi ki bu politikalar\u0131n arkas\u0131na sanki g\u00fc\u00e7 de konacak intiba\u0131 verildi. Sonra bu yakla\u015f\u0131mlar\u0131n arkas\u0131na g\u00fc\u00e7 konmayaca\u011f\u0131 ortaya \u00e7\u0131k\u0131nca da tabii ki bir ate\u015f hatt\u0131 a\u00e7\u0131lm\u0131\u015f oldu, b\u00fct\u00fcn d\u00fcnya olarak. \u015eimdi buradaki esas noksanl\u0131k \u015fu; hi\u00e7bir \u00e7\u0131k\u0131\u015f stratejisi olmadan bir cephe a\u00e7\u0131lm\u0131\u015f oldu.\u201d<\/h3>\n<h3 style=\"text-align: justify\">AL\u0130 BABACAN\u2019A DESTEK<\/h3>\n<h3 style=\"text-align: justify\">G\u00fcl, eski T\u00fcrkiye Ekonomi Bakan\u0131 Ali Babacan\u2019\u0131n kurmak \u00fczere oldu\u011fu partiye destek verdi\u011fini belirterek, parti i\u00e7inde yer al\u0131p almayaca\u011f\u0131n\u0131 \u015f\u00f6yle anlatt\u0131:<\/h3>\n<h3 style=\"text-align: justify\">\u201cAsl\u0131nda bunu Ali Bey \u00e7ok d\u00fcr\u00fcst ve samimi bir \u015fekilde kamuoyuna a\u00e7\u0131klad\u0131. Ben cumhurba\u015fkanl\u0131\u011f\u0131ndan ayr\u0131ld\u0131ktan sonra aktif siyasetin i\u00e7inde olmayaca\u011f\u0131m\u0131 s\u00f6ylemi\u015ftim. Ben tutarl\u0131 olmaya \u00e7al\u0131\u015fan bir insan\u0131m. Dolay\u0131s\u0131yla g\u00fcndelik siyasetin i\u00e7inde de\u011filim. Ancak yak\u0131c\u0131 memleket meseleleri varken tecr\u00fcbemi kendime saklayacak bir insan da olmam beklenemez. Memleketimin faydas\u0131na g\u00f6rd\u00fc\u011f\u00fcm temel konularda usul\u00fcne uygun bir \u015fekilde siyasete katk\u0131 sunmak ve g\u00f6r\u00fc\u015flerimi payla\u015fmak hem hakk\u0131m hem de g\u00f6revim. Ali Bey parti kurma \u00e7al\u0131\u015fmalar\u0131n\u0131 s\u00fcrd\u00fcr\u00fcrken kamuoyunu gerekti\u011finde bilgilendiriyor ve benimle de zaman zaman g\u00f6r\u00fc\u015f\u00fcyor.\u201d<\/h3>\n<h3 style=\"text-align: justify\">G\u00fcl, ayr\u0131ca Babacan i\u00e7in, \u201cTabii ki destekliyorum. Ali Bey\u2019in karakterine, e\u011fitimine, bilgisine, siyaset \u00fcslubuna g\u00fcvenen ve takdir eden bir insan\u0131m\u201d dedi.<\/h3>\n","protected":false},"excerpt":{"rendered":"<p>T\u00fcrkiye\u2019nin 11\u2019inci Cumhurba\u015fkan\u0131 Abdullah G\u00fcl, K\u00fcrt meselesinin T\u00fcrkiye\u2019nin en \u00f6nemli konular\u0131ndan biri oldu\u011funu s\u00f6yledi. Karar gazetesine konu\u015fan Abdullah G\u00fcl, K\u00fcrt meselesi ve K\u00fcrdistan B\u00f6lgesi\u2019nde ger\u00e7ekle\u015fen ba\u011f\u0131ms\u0131zl\u0131k referandumu hakk\u0131nda a\u00e7\u0131klamalarda bulundu. \u201cBu mesele T\u00fcrkiye\u2019nin en \u00f6nemli konular\u0131ndan biridir. Buna \u015f\u00f6yle bakar\u0131m; t\u00fcm \u00fclkelerden daha fazla K\u00fcrt n\u00fcfusumuz var. Barzani\u2019nin referandum tart\u0131\u015fmalar\u0131 olurken \u00e7ok \u00e7arp\u0131c\u0131yd\u0131. CNN T\u00fcrk\u2019te [&hellip;]<\/p>\n","protected":false},"author":2,"featured_media":1008571,"comment_status":"closed","ping_status":"closed","sticky":false,"template":"","format":"standard","meta":{"footnotes":""},"categories":[3],"tags":[],"class_list":["post-1008570","post","type-post","status-publish","format-standard","has-post-thumbnail","hentry","category-kurdistan"],"blocksy_meta":[],"seo_head":"<!-- This site is optimized with the Yoast SEO plugin v27.5 - https:\/\/yoast.com\/product\/yoast-seo-wordpress\/ -->\n<title>Abdullah G\u00fcl&#039;\u00fcn K\u00fcrt sorununa ili\u015fkin yorumu - Darka Mazi<\/title>\n<meta name=\"robots\" content=\"index, follow, max-snippet:-1, max-image-preview:large, max-video-preview:-1\" \/>\n<link rel=\"canonical\" href=\"https:\/\/darkamazi.site\/archives\/1008570\" \/>\n<meta property=\"og:locale\" content=\"en_US\" \/>\n<meta property=\"og:type\" content=\"article\" \/>\n<meta property=\"og:title\" content=\"Abdullah G\u00fcl&#039;\u00fcn K\u00fcrt sorununa ili\u015fkin yorumu - Darka Mazi\" \/>\n<meta property=\"og:description\" content=\"T\u00fcrkiye\u2019nin 11\u2019inci Cumhurba\u015fkan\u0131 Abdullah G\u00fcl, K\u00fcrt meselesinin T\u00fcrkiye\u2019nin en \u00f6nemli konular\u0131ndan biri oldu\u011funu s\u00f6yledi. Karar gazetesine konu\u015fan Abdullah G\u00fcl, K\u00fcrt meselesi ve K\u00fcrdistan B\u00f6lgesi\u2019nde ger\u00e7ekle\u015fen ba\u011f\u0131ms\u0131zl\u0131k referandumu hakk\u0131nda a\u00e7\u0131klamalarda bulundu. \u201cBu mesele T\u00fcrkiye\u2019nin en \u00f6nemli konular\u0131ndan biridir. Buna \u015f\u00f6yle bakar\u0131m; t\u00fcm \u00fclkelerden daha fazla K\u00fcrt n\u00fcfusumuz var. Barzani\u2019nin referandum tart\u0131\u015fmalar\u0131 olurken \u00e7ok \u00e7arp\u0131c\u0131yd\u0131. CNN T\u00fcrk\u2019te [&hellip;]\" \/>\n<meta property=\"og:url\" content=\"https:\/\/darkamazi.site\/archives\/1008570\" \/>\n<meta property=\"og:site_name\" content=\"Darka Mazi\" \/>\n<meta property=\"article:publisher\" content=\"https:\/\/www.facebook.com\/DarkaMaziturkce\" \/>\n<meta property=\"article:published_time\" content=\"2020-02-18T08:01:03+00:00\" \/>\n<meta property=\"article:modified_time\" content=\"2026-03-31T13:45:02+00:00\" \/>\n<meta property=\"og:image\" content=\"https:\/\/darkamazi.site\/file\/2020\/02\/abdullah-gul-.png\" \/>\n\t<meta property=\"og:image:width\" content=\"781\" \/>\n\t<meta property=\"og:image:height\" content=\"439\" \/>\n\t<meta property=\"og:image:type\" content=\"image\/png\" \/>\n<meta name=\"author\" content=\"darka mazi\" \/>\n<meta name=\"twitter:card\" content=\"summary_large_image\" \/>\n<meta name=\"twitter:creator\" content=\"@DarkaMaziTurkce\" \/>\n<meta name=\"twitter:site\" content=\"@DarkaMaziTurkce\" \/>\n<meta name=\"twitter:label1\" content=\"Written by\" \/>\n\t<meta name=\"twitter:data1\" content=\"darka mazi\" \/>\n\t<meta name=\"twitter:label2\" content=\"Est. reading time\" \/>\n\t<meta name=\"twitter:data2\" content=\"4 minutes\" \/>\n<script type=\"application\/ld+json\" class=\"seo-schema-graph\">{\"@context\":\"https:\\\/\\\/schema.org\",\"@graph\":[{\"@type\":\"NewsArticle\",\"@id\":\"https:\\\/\\\/darkamazi.site\\\/archives\\\/1008570#article\",\"isPartOf\":{\"@id\":\"https:\\\/\\\/darkamazi.site\\\/archives\\\/1008570\"},\"author\":{\"name\":\"darka mazi\",\"@id\":\"https:\\\/\\\/darkamazi.site\\\/#\\\/schema\\\/person\\\/67986a95ac546c16760365877ef4a9d3\"},\"headline\":\"Abdullah G\u00fcl&#8217;\u00fcn K\u00fcrt sorununa ili\u015fkin yorumu\",\"datePublished\":\"2020-02-18T08:01:03+00:00\",\"dateModified\":\"2026-03-31T13:45:02+00:00\",\"mainEntityOfPage\":{\"@id\":\"https:\\\/\\\/darkamazi.site\\\/archives\\\/1008570\"},\"wordCount\":750,\"publisher\":{\"@id\":\"https:\\\/\\\/darkamazi.site\\\/#organization\"},\"image\":{\"@id\":\"https:\\\/\\\/darkamazi.site\\\/archives\\\/1008570#primaryimage\"},\"thumbnailUrl\":\"https:\\\/\\\/darkamazi.site\\\/darka-content\\\/uploads\\\/2020\\\/02\\\/abdullah-gul-.png\",\"articleSection\":[\"Kurdistan\"],\"inLanguage\":\"en-US\"},{\"@type\":\"WebPage\",\"@id\":\"https:\\\/\\\/darkamazi.site\\\/archives\\\/1008570\",\"url\":\"https:\\\/\\\/darkamazi.site\\\/archives\\\/1008570\",\"name\":\"Abdullah G\u00fcl'\u00fcn K\u00fcrt sorununa ili\u015fkin yorumu - Darka Mazi\",\"isPartOf\":{\"@id\":\"https:\\\/\\\/darkamazi.site\\\/#website\"},\"primaryImageOfPage\":{\"@id\":\"https:\\\/\\\/darkamazi.site\\\/archives\\\/1008570#primaryimage\"},\"image\":{\"@id\":\"https:\\\/\\\/darkamazi.site\\\/archives\\\/1008570#primaryimage\"},\"thumbnailUrl\":\"https:\\\/\\\/darkamazi.site\\\/darka-content\\\/uploads\\\/2020\\\/02\\\/abdullah-gul-.png\",\"datePublished\":\"2020-02-18T08:01:03+00:00\",\"dateModified\":\"2026-03-31T13:45:02+00:00\",\"breadcrumb\":{\"@id\":\"https:\\\/\\\/darkamazi.site\\\/archives\\\/1008570#breadcrumb\"},\"inLanguage\":\"en-US\",\"potentialAction\":[{\"@type\":\"ReadAction\",\"target\":[\"https:\\\/\\\/darkamazi.site\\\/archives\\\/1008570\"]}]},{\"@type\":\"ImageObject\",\"inLanguage\":\"en-US\",\"@id\":\"https:\\\/\\\/darkamazi.site\\\/archives\\\/1008570#primaryimage\",\"url\":\"https:\\\/\\\/darkamazi.site\\\/darka-content\\\/uploads\\\/2020\\\/02\\\/abdullah-gul-.png\",\"contentUrl\":\"https:\\\/\\\/darkamazi.site\\\/darka-content\\\/uploads\\\/2020\\\/02\\\/abdullah-gul-.png\",\"width\":781,\"height\":439,\"caption\":\"Abdullah G\u00fcl'\u00fcn K\u00fcrt sorununa ili\u015fkin yorumu\"},{\"@type\":\"BreadcrumbList\",\"@id\":\"https:\\\/\\\/darkamazi.site\\\/archives\\\/1008570#breadcrumb\",\"itemListElement\":[{\"@type\":\"ListItem\",\"position\":1,\"name\":\"Home\",\"item\":\"https:\\\/\\\/darkamazi.site\\\/\"},{\"@type\":\"ListItem\",\"position\":2,\"name\":\"Abdullah G\u00fcl&#8217;\u00fcn K\u00fcrt sorununa ili\u015fkin yorumu\"}]},{\"@type\":\"WebSite\",\"@id\":\"https:\\\/\\\/darkamazi.site\\\/#website\",\"url\":\"https:\\\/\\\/darkamazi.site\\\/\",\"name\":\"Darka Mazi\",\"description\":\"Ana Sayfa\",\"publisher\":{\"@id\":\"https:\\\/\\\/darkamazi.site\\\/#organization\"},\"potentialAction\":[{\"@type\":\"SearchAction\",\"target\":{\"@type\":\"EntryPoint\",\"urlTemplate\":\"https:\\\/\\\/darkamazi.site\\\/?s={search_term_string}\"},\"query-input\":{\"@type\":\"PropertyValueSpecification\",\"valueRequired\":true,\"valueName\":\"search_term_string\"}}],\"inLanguage\":\"en-US\"},{\"@type\":\"Organization\",\"@id\":\"https:\\\/\\\/darkamazi.site\\\/#organization\",\"name\":\"Darka Mazi T\u00fcrk\u00e7e\",\"alternateName\":\"Darka Mazi\",\"url\":\"https:\\\/\\\/darkamazi.site\\\/\",\"logo\":{\"@type\":\"ImageObject\",\"inLanguage\":\"en-US\",\"@id\":\"https:\\\/\\\/darkamazi.site\\\/#\\\/schema\\\/logo\\\/image\\\/\",\"url\":\"https:\\\/\\\/darkamazi.site\\\/darka-content\\\/uploads\\\/2017\\\/12\\\/darka-mazi-logo.png\",\"contentUrl\":\"https:\\\/\\\/darkamazi.site\\\/darka-content\\\/uploads\\\/2017\\\/12\\\/darka-mazi-logo.png\",\"width\":151,\"height\":75,\"caption\":\"Darka Mazi T\u00fcrk\u00e7e\"},\"image\":{\"@id\":\"https:\\\/\\\/darkamazi.site\\\/#\\\/schema\\\/logo\\\/image\\\/\"},\"sameAs\":[\"https:\\\/\\\/www.facebook.com\\\/DarkaMaziturkce\",\"https:\\\/\\\/x.com\\\/DarkaMaziTurkce\"]},{\"@type\":\"Person\",\"@id\":\"https:\\\/\\\/darkamazi.site\\\/#\\\/schema\\\/person\\\/67986a95ac546c16760365877ef4a9d3\",\"name\":\"darka mazi\",\"sameAs\":[\"https:\\\/\\\/darkamazi.site\"],\"url\":\"https:\\\/\\\/darkamazi.site\\\/archives\\\/author\\\/turkish\"}]}<\/script>\n<!-- \/ Yoast SEO plugin. -->","seo_head_json":{"title":"Abdullah G\u00fcl'\u00fcn K\u00fcrt sorununa ili\u015fkin yorumu - Darka Mazi","robots":{"index":"index","follow":"follow","max-snippet":"max-snippet:-1","max-image-preview":"max-image-preview:large","max-video-preview":"max-video-preview:-1"},"canonical":"https:\/\/darkamazi.site\/archives\/1008570","og_locale":"en_US","og_type":"article","og_title":"Abdullah G\u00fcl'\u00fcn K\u00fcrt sorununa ili\u015fkin yorumu - Darka Mazi","og_description":"T\u00fcrkiye\u2019nin 11\u2019inci Cumhurba\u015fkan\u0131 Abdullah G\u00fcl, K\u00fcrt meselesinin T\u00fcrkiye\u2019nin en \u00f6nemli konular\u0131ndan biri oldu\u011funu s\u00f6yledi. Karar gazetesine konu\u015fan Abdullah G\u00fcl, K\u00fcrt meselesi ve K\u00fcrdistan B\u00f6lgesi\u2019nde ger\u00e7ekle\u015fen ba\u011f\u0131ms\u0131zl\u0131k referandumu hakk\u0131nda a\u00e7\u0131klamalarda bulundu. \u201cBu mesele T\u00fcrkiye\u2019nin en \u00f6nemli konular\u0131ndan biridir. Buna \u015f\u00f6yle bakar\u0131m; t\u00fcm \u00fclkelerden daha fazla K\u00fcrt n\u00fcfusumuz var. Barzani\u2019nin referandum tart\u0131\u015fmalar\u0131 olurken \u00e7ok \u00e7arp\u0131c\u0131yd\u0131. CNN T\u00fcrk\u2019te [&hellip;]","og_url":"https:\/\/darkamazi.site\/archives\/1008570","og_site_name":"Darka Mazi","article_publisher":"https:\/\/www.facebook.com\/DarkaMaziturkce","article_published_time":"2020-02-18T08:01:03+00:00","article_modified_time":"2026-03-31T13:45:02+00:00","og_image":[{"width":781,"height":439,"url":"https:\/\/darkamazi.site\/file\/2020\/02\/abdullah-gul-.png","type":"image\/png"}],"author":"darka mazi","twitter_card":"summary_large_image","twitter_creator":"@DarkaMaziTurkce","twitter_site":"@DarkaMaziTurkce","twitter_misc":{"Written by":"darka mazi","Est. reading time":"4 minutes"},"schema":{"@context":"https:\/\/schema.org","@graph":[{"@type":"NewsArticle","@id":"https:\/\/darkamazi.site\/archives\/1008570#article","isPartOf":{"@id":"https:\/\/darkamazi.site\/archives\/1008570"},"author":{"name":"darka mazi","@id":"https:\/\/darkamazi.site\/#\/schema\/person\/67986a95ac546c16760365877ef4a9d3"},"headline":"Abdullah G\u00fcl&#8217;\u00fcn K\u00fcrt sorununa ili\u015fkin yorumu","datePublished":"2020-02-18T08:01:03+00:00","dateModified":"2026-03-31T13:45:02+00:00","mainEntityOfPage":{"@id":"https:\/\/darkamazi.site\/archives\/1008570"},"wordCount":750,"publisher":{"@id":"https:\/\/darkamazi.site\/#organization"},"image":{"@id":"https:\/\/darkamazi.site\/archives\/1008570#primaryimage"},"thumbnailUrl":"https:\/\/darkamazi.site\/file\/2020\/02\/abdullah-gul-.png","articleSection":["Kurdistan"],"inLanguage":"en-US"},{"@type":"WebPage","@id":"https:\/\/darkamazi.site\/archives\/1008570","url":"https:\/\/darkamazi.site\/archives\/1008570","name":"Abdullah G\u00fcl'\u00fcn K\u00fcrt sorununa ili\u015fkin yorumu - Darka Mazi","isPartOf":{"@id":"https:\/\/darkamazi.site\/#website"},"primaryImageOfPage":{"@id":"https:\/\/darkamazi.site\/archives\/1008570#primaryimage"},"image":{"@id":"https:\/\/darkamazi.site\/archives\/1008570#primaryimage"},"thumbnailUrl":"https:\/\/darkamazi.site\/file\/2020\/02\/abdullah-gul-.png","datePublished":"2020-02-18T08:01:03+00:00","dateModified":"2026-03-31T13:45:02+00:00","breadcrumb":{"@id":"https:\/\/darkamazi.site\/archives\/1008570#breadcrumb"},"inLanguage":"en-US","potentialAction":[{"@type":"ReadAction","target":["https:\/\/darkamazi.site\/archives\/1008570"]}]},{"@type":"ImageObject","inLanguage":"en-US","@id":"https:\/\/darkamazi.site\/archives\/1008570#primaryimage","url":"https:\/\/darkamazi.site\/file\/2020\/02\/abdullah-gul-.png","contentUrl":"https:\/\/darkamazi.site\/file\/2020\/02\/abdullah-gul-.png","width":781,"height":439,"caption":"Abdullah G\u00fcl'\u00fcn K\u00fcrt sorununa ili\u015fkin yorumu"},{"@type":"BreadcrumbList","@id":"https:\/\/darkamazi.site\/archives\/1008570#breadcrumb","itemListElement":[{"@type":"ListItem","position":1,"name":"Home","item":"https:\/\/darkamazi.site\/"},{"@type":"ListItem","position":2,"name":"Abdullah G\u00fcl&#8217;\u00fcn K\u00fcrt sorununa ili\u015fkin yorumu"}]},{"@type":"WebSite","@id":"https:\/\/darkamazi.site\/#website","url":"https:\/\/darkamazi.site\/","name":"Darka Mazi","description":"Ana Sayfa","publisher":{"@id":"https:\/\/darkamazi.site\/#organization"},"potentialAction":[{"@type":"SearchAction","target":{"@type":"EntryPoint","urlTemplate":"https:\/\/darkamazi.site\/?s={search_term_string}"},"query-input":{"@type":"PropertyValueSpecification","valueRequired":true,"valueName":"search_term_string"}}],"inLanguage":"en-US"},{"@type":"Organization","@id":"https:\/\/darkamazi.site\/#organization","name":"Darka Mazi T\u00fcrk\u00e7e","alternateName":"Darka Mazi","url":"https:\/\/darkamazi.site\/","logo":{"@type":"ImageObject","inLanguage":"en-US","@id":"https:\/\/darkamazi.site\/#\/schema\/logo\/image\/","url":"https:\/\/darkamazi.site\/file\/2017\/12\/darka-mazi-logo.png","contentUrl":"https:\/\/darkamazi.site\/file\/2017\/12\/darka-mazi-logo.png","width":151,"height":75,"caption":"Darka Mazi T\u00fcrk\u00e7e"},"image":{"@id":"https:\/\/darkamazi.site\/#\/schema\/logo\/image\/"},"sameAs":["https:\/\/www.facebook.com\/DarkaMaziturkce","https:\/\/x.com\/DarkaMaziTurkce"]},{"@type":"Person","@id":"https:\/\/darkamazi.site\/#\/schema\/person\/67986a95ac546c16760365877ef4a9d3","name":"darka mazi","sameAs":["https:\/\/darkamazi.site"],"url":"https:\/\/darkamazi.site\/archives\/author\/turkish"}]}},"_links":{"self":[{"href":"https:\/\/darkamazi.site\/funavuv\/wp\/v2\/posts\/1008570","targetHints":{"allow":["GET"]}}],"collection":[{"href":"https:\/\/darkamazi.site\/funavuv\/wp\/v2\/posts"}],"about":[{"href":"https:\/\/darkamazi.site\/funavuv\/wp\/v2\/types\/post"}],"author":[{"embeddable":true,"href":"https:\/\/darkamazi.site\/funavuv\/wp\/v2\/users\/2"}],"replies":[{"embeddable":true,"href":"https:\/\/darkamazi.site\/funavuv\/wp\/v2\/comments?post=1008570"}],"version-history":[{"count":0,"href":"https:\/\/darkamazi.site\/funavuv\/wp\/v2\/posts\/1008570\/revisions"}],"wp:featuredmedia":[{"embeddable":true,"href":"https:\/\/darkamazi.site\/funavuv\/wp\/v2\/media\/1008571"}],"wp:attachment":[{"href":"https:\/\/darkamazi.site\/funavuv\/wp\/v2\/media?parent=1008570"}],"wp:term":[{"taxonomy":"category","embeddable":true,"href":"https:\/\/darkamazi.site\/funavuv\/wp\/v2\/categories?post=1008570"},{"taxonomy":"post_tag","embeddable":true,"href":"https:\/\/darkamazi.site\/funavuv\/wp\/v2\/tags?post=1008570"}],"curies":[{"name":"wp","href":"https:\/\/api.w.org\/{rel}","templated":true}]}}