{"id":1008573,"date":"2020-02-18T11:15:54","date_gmt":"2020-02-18T08:15:54","guid":{"rendered":"https:\/\/darkamazi.site\/?p=1008573"},"modified":"2026-03-31T16:45:02","modified_gmt":"2026-03-31T13:45:02","slug":"31-bin-isid-yakini-sengale-yerlestirilecek","status":"publish","type":"post","link":"https:\/\/darkamazi.site\/archives\/1008573","title":{"rendered":"31 bin I\u015e\u0130D yak\u0131n\u0131 \u015eengal&#8217;e yerle\u015ftirilecek"},"content":{"rendered":"<h3 style=\"text-align: justify\"><span style=\"font-family: 'arial black', sans-serif\">\u00a0Irak h\u00fck\u00fcmetinin, 31 bin I\u015e\u0130D yak\u0131n\u0131n\u0131 \u015eengal b\u00f6lgesine yerle\u015ftirmek i\u00e7in Sinune de bir kamp kuraca\u011f\u0131 bildirildi. Ge\u00e7ti\u011fimiz y\u0131l Suriye&#8217;nin Ba\u011foz il\u00e7esindeki son kalesini kaybeden I\u015e\u0130D hilafetinden geriye kalan I\u015e\u0130D&#8217;li ailelerin \u015eengal\u2019de yap\u0131m\u0131na ba\u015flanan bir kampa yerle\u015ftirilece\u011fi ileri s\u00fcr\u00fcld\u00fc.<\/span><\/h3>\n<h3 style=\"text-align: justify\">R\u00fbdaw\u2019a konu\u015fan Sinune Nahiyesi M\u00fcd\u00fcr\u00fc Hudeda \u00c7oki, \u201c\u015eengal\u2019e ba\u011fl\u0131 Sinune nahiyesinde kamp\u0131n yap\u0131m\u0131na ba\u015fland\u0131. I\u015e\u0130D yak\u0131n\u0131 yakla\u015f\u0131k 31 bin 400 ki\u015finin Hol Kap\u0131ndan al\u0131narak o b\u00f6lgeye yerle\u015ftirilmesine karar verildi\u201d dedi.<\/h3>\n<h3 style=\"text-align: justify\">Kamp projesinin y\u00fczde 50\u2019sinin tamamland\u0131\u011f\u0131n\u0131 belirten \u00c7oki, \u201cKampa yerle\u015ftirilen ki\u015filer aslen Musul, Anbar, Diyala ve Selahattin yurtta\u015flar\u0131. Onlar\u0131 yurtlar\u0131na g\u00f6nderdik ancak kabul etmediler, bu nedenle de Irak h\u00fck\u00fcmeti Sinune yak\u0131nlar\u0131nda bir kamp yapmaya karar verdi\u201d diye konu\u015ftu.<\/h3>\n<h3 style=\"text-align: justify\">\u015eengal b\u00f6lgesine yerle\u015ftirilmesi beklenen ki\u015filerin hala I\u015e\u0130D sempatizanl\u0131\u011f\u0131 yapt\u0131klar\u0131n\u0131 ifade eden \u00c7oki, \u201c\u00a0Ku\u015fkusuz ileride Ezidileri kar\u015f\u0131 bir tehdit unsuru olacaklard\u0131r\u201d dedi.<\/h3>\n<h3 style=\"text-align: justify\">\u00d6te yandan R\u00fbdaw\u2019a konu\u015fan \u015eengal Kaymakam\u0131 Mahma Halil de, \u201cKamp\u0131n iptal edilmesi i\u00e7in ge\u00e7ti\u011fimiz s\u00fcre\u00e7te Irak h\u00fck\u00fcmeti ile Irak Parlamentosuna ba\u015fvuruda bulunduk, ancak fayda etmedi. Irak h\u00fck\u00fcmeti I\u015e\u0130D yak\u0131nlar\u0131n\u0131 geri getirmek yerine g\u00f6\u00e7menlerin geri d\u00f6nmesi i\u00e7in \u00e7al\u0131\u015fmas\u0131 gerekiyor\u201d diye konu\u015ftu.<\/h3>\n<p>kaynak: Rudaw<\/p>\n","protected":false},"excerpt":{"rendered":"<p>\u00a0Irak h\u00fck\u00fcmetinin, 31 bin I\u015e\u0130D yak\u0131n\u0131n\u0131 \u015eengal b\u00f6lgesine yerle\u015ftirmek i\u00e7in Sinune de bir kamp kuraca\u011f\u0131 bildirildi. Ge\u00e7ti\u011fimiz y\u0131l Suriye&#8217;nin Ba\u011foz il\u00e7esindeki son kalesini kaybeden I\u015e\u0130D hilafetinden geriye kalan I\u015e\u0130D&#8217;li ailelerin \u015eengal\u2019de yap\u0131m\u0131na ba\u015flanan bir kampa yerle\u015ftirilece\u011fi ileri s\u00fcr\u00fcld\u00fc. R\u00fbdaw\u2019a konu\u015fan Sinune Nahiyesi M\u00fcd\u00fcr\u00fc Hudeda \u00c7oki, \u201c\u015eengal\u2019e ba\u011fl\u0131 Sinune nahiyesinde kamp\u0131n yap\u0131m\u0131na ba\u015fland\u0131. I\u015e\u0130D yak\u0131n\u0131 yakla\u015f\u0131k [&hellip;]<\/p>\n","protected":false},"author":2,"featured_media":1008574,"comment_status":"closed","ping_status":"closed","sticky":false,"template":"","format":"standard","meta":{"footnotes":""},"categories":[3],"tags":[],"class_list":["post-1008573","post","type-post","status-publish","format-standard","has-post-thumbnail","hentry","category-kurdistan"],"blocksy_meta":[],"seo_head":"<!-- This site is optimized with the Yoast SEO plugin v27.5 - https:\/\/yoast.com\/product\/yoast-seo-wordpress\/ -->\n<title>31 bin I\u015e\u0130D yak\u0131n\u0131 \u015eengal&#039;e yerle\u015ftirilecek - Darka Mazi<\/title>\n<meta name=\"robots\" content=\"index, follow, max-snippet:-1, max-image-preview:large, max-video-preview:-1\" \/>\n<link rel=\"canonical\" href=\"https:\/\/darkamazi.site\/archives\/1008573\" \/>\n<meta property=\"og:locale\" content=\"en_US\" \/>\n<meta property=\"og:type\" content=\"article\" \/>\n<meta property=\"og:title\" content=\"31 bin I\u015e\u0130D yak\u0131n\u0131 \u015eengal&#039;e yerle\u015ftirilecek - Darka Mazi\" \/>\n<meta property=\"og:description\" content=\"\u00a0Irak h\u00fck\u00fcmetinin, 31 bin I\u015e\u0130D yak\u0131n\u0131n\u0131 \u015eengal b\u00f6lgesine yerle\u015ftirmek i\u00e7in Sinune de bir kamp kuraca\u011f\u0131 bildirildi. Ge\u00e7ti\u011fimiz y\u0131l Suriye&#8217;nin Ba\u011foz il\u00e7esindeki son kalesini kaybeden I\u015e\u0130D hilafetinden geriye kalan I\u015e\u0130D&#8217;li ailelerin \u015eengal\u2019de yap\u0131m\u0131na ba\u015flanan bir kampa yerle\u015ftirilece\u011fi ileri s\u00fcr\u00fcld\u00fc. R\u00fbdaw\u2019a konu\u015fan Sinune Nahiyesi M\u00fcd\u00fcr\u00fc Hudeda \u00c7oki, \u201c\u015eengal\u2019e ba\u011fl\u0131 Sinune nahiyesinde kamp\u0131n yap\u0131m\u0131na ba\u015fland\u0131. I\u015e\u0130D yak\u0131n\u0131 yakla\u015f\u0131k [&hellip;]\" \/>\n<meta property=\"og:url\" content=\"https:\/\/darkamazi.site\/archives\/1008573\" \/>\n<meta property=\"og:site_name\" content=\"Darka Mazi\" \/>\n<meta property=\"article:publisher\" content=\"https:\/\/www.facebook.com\/DarkaMaziturkce\" \/>\n<meta property=\"article:published_time\" content=\"2020-02-18T08:15:54+00:00\" \/>\n<meta property=\"article:modified_time\" content=\"2026-03-31T13:45:02+00:00\" \/>\n<meta property=\"og:image\" content=\"https:\/\/darkamazi.site\/file\/2020\/02\/494774Image1.jpg\" \/>\n\t<meta property=\"og:image:width\" content=\"752\" \/>\n\t<meta property=\"og:image:height\" content=\"472\" \/>\n\t<meta property=\"og:image:type\" content=\"image\/jpeg\" \/>\n<meta name=\"author\" content=\"darka mazi\" \/>\n<meta name=\"twitter:card\" content=\"summary_large_image\" \/>\n<meta name=\"twitter:creator\" content=\"@DarkaMaziTurkce\" \/>\n<meta name=\"twitter:site\" content=\"@DarkaMaziTurkce\" \/>\n<meta name=\"twitter:label1\" content=\"Written by\" \/>\n\t<meta name=\"twitter:data1\" content=\"darka mazi\" \/>\n\t<meta name=\"twitter:label2\" content=\"Est. reading time\" \/>\n\t<meta name=\"twitter:data2\" content=\"1 minute\" \/>\n<script type=\"application\/ld+json\" class=\"seo-schema-graph\">{\"@context\":\"https:\\\/\\\/schema.org\",\"@graph\":[{\"@type\":\"NewsArticle\",\"@id\":\"https:\\\/\\\/darkamazi.site\\\/archives\\\/1008573#article\",\"isPartOf\":{\"@id\":\"https:\\\/\\\/darkamazi.site\\\/archives\\\/1008573\"},\"author\":{\"name\":\"darka mazi\",\"@id\":\"https:\\\/\\\/darkamazi.site\\\/#\\\/schema\\\/person\\\/67986a95ac546c16760365877ef4a9d3\"},\"headline\":\"31 bin I\u015e\u0130D yak\u0131n\u0131 \u015eengal&#8217;e yerle\u015ftirilecek\",\"datePublished\":\"2020-02-18T08:15:54+00:00\",\"dateModified\":\"2026-03-31T13:45:02+00:00\",\"mainEntityOfPage\":{\"@id\":\"https:\\\/\\\/darkamazi.site\\\/archives\\\/1008573\"},\"wordCount\":260,\"publisher\":{\"@id\":\"https:\\\/\\\/darkamazi.site\\\/#organization\"},\"image\":{\"@id\":\"https:\\\/\\\/darkamazi.site\\\/archives\\\/1008573#primaryimage\"},\"thumbnailUrl\":\"https:\\\/\\\/darkamazi.site\\\/darka-content\\\/uploads\\\/2020\\\/02\\\/494774Image1.jpg\",\"articleSection\":[\"Kurdistan\"],\"inLanguage\":\"en-US\"},{\"@type\":\"WebPage\",\"@id\":\"https:\\\/\\\/darkamazi.site\\\/archives\\\/1008573\",\"url\":\"https:\\\/\\\/darkamazi.site\\\/archives\\\/1008573\",\"name\":\"31 bin I\u015e\u0130D yak\u0131n\u0131 \u015eengal'e yerle\u015ftirilecek - Darka Mazi\",\"isPartOf\":{\"@id\":\"https:\\\/\\\/darkamazi.site\\\/#website\"},\"primaryImageOfPage\":{\"@id\":\"https:\\\/\\\/darkamazi.site\\\/archives\\\/1008573#primaryimage\"},\"image\":{\"@id\":\"https:\\\/\\\/darkamazi.site\\\/archives\\\/1008573#primaryimage\"},\"thumbnailUrl\":\"https:\\\/\\\/darkamazi.site\\\/darka-content\\\/uploads\\\/2020\\\/02\\\/494774Image1.jpg\",\"datePublished\":\"2020-02-18T08:15:54+00:00\",\"dateModified\":\"2026-03-31T13:45:02+00:00\",\"breadcrumb\":{\"@id\":\"https:\\\/\\\/darkamazi.site\\\/archives\\\/1008573#breadcrumb\"},\"inLanguage\":\"en-US\",\"potentialAction\":[{\"@type\":\"ReadAction\",\"target\":[\"https:\\\/\\\/darkamazi.site\\\/archives\\\/1008573\"]}]},{\"@type\":\"ImageObject\",\"inLanguage\":\"en-US\",\"@id\":\"https:\\\/\\\/darkamazi.site\\\/archives\\\/1008573#primaryimage\",\"url\":\"https:\\\/\\\/darkamazi.site\\\/darka-content\\\/uploads\\\/2020\\\/02\\\/494774Image1.jpg\",\"contentUrl\":\"https:\\\/\\\/darkamazi.site\\\/darka-content\\\/uploads\\\/2020\\\/02\\\/494774Image1.jpg\",\"width\":752,\"height\":472,\"caption\":\"31 bin I\u015e\u0130D yak\u0131n\u0131 \u015eengal'e yerle\u015ftirilecek\"},{\"@type\":\"BreadcrumbList\",\"@id\":\"https:\\\/\\\/darkamazi.site\\\/archives\\\/1008573#breadcrumb\",\"itemListElement\":[{\"@type\":\"ListItem\",\"position\":1,\"name\":\"Home\",\"item\":\"https:\\\/\\\/darkamazi.site\\\/\"},{\"@type\":\"ListItem\",\"position\":2,\"name\":\"31 bin I\u015e\u0130D yak\u0131n\u0131 \u015eengal&#8217;e yerle\u015ftirilecek\"}]},{\"@type\":\"WebSite\",\"@id\":\"https:\\\/\\\/darkamazi.site\\\/#website\",\"url\":\"https:\\\/\\\/darkamazi.site\\\/\",\"name\":\"Darka Mazi\",\"description\":\"Ana Sayfa\",\"publisher\":{\"@id\":\"https:\\\/\\\/darkamazi.site\\\/#organization\"},\"potentialAction\":[{\"@type\":\"SearchAction\",\"target\":{\"@type\":\"EntryPoint\",\"urlTemplate\":\"https:\\\/\\\/darkamazi.site\\\/?s={search_term_string}\"},\"query-input\":{\"@type\":\"PropertyValueSpecification\",\"valueRequired\":true,\"valueName\":\"search_term_string\"}}],\"inLanguage\":\"en-US\"},{\"@type\":\"Organization\",\"@id\":\"https:\\\/\\\/darkamazi.site\\\/#organization\",\"name\":\"Darka Mazi T\u00fcrk\u00e7e\",\"alternateName\":\"Darka Mazi\",\"url\":\"https:\\\/\\\/darkamazi.site\\\/\",\"logo\":{\"@type\":\"ImageObject\",\"inLanguage\":\"en-US\",\"@id\":\"https:\\\/\\\/darkamazi.site\\\/#\\\/schema\\\/logo\\\/image\\\/\",\"url\":\"https:\\\/\\\/darkamazi.site\\\/darka-content\\\/uploads\\\/2017\\\/12\\\/darka-mazi-logo.png\",\"contentUrl\":\"https:\\\/\\\/darkamazi.site\\\/darka-content\\\/uploads\\\/2017\\\/12\\\/darka-mazi-logo.png\",\"width\":151,\"height\":75,\"caption\":\"Darka Mazi T\u00fcrk\u00e7e\"},\"image\":{\"@id\":\"https:\\\/\\\/darkamazi.site\\\/#\\\/schema\\\/logo\\\/image\\\/\"},\"sameAs\":[\"https:\\\/\\\/www.facebook.com\\\/DarkaMaziturkce\",\"https:\\\/\\\/x.com\\\/DarkaMaziTurkce\"]},{\"@type\":\"Person\",\"@id\":\"https:\\\/\\\/darkamazi.site\\\/#\\\/schema\\\/person\\\/67986a95ac546c16760365877ef4a9d3\",\"name\":\"darka mazi\",\"sameAs\":[\"https:\\\/\\\/darkamazi.site\"],\"url\":\"https:\\\/\\\/darkamazi.site\\\/archives\\\/author\\\/turkish\"}]}<\/script>\n<!-- \/ Yoast SEO plugin. -->","seo_head_json":{"title":"31 bin I\u015e\u0130D yak\u0131n\u0131 \u015eengal'e yerle\u015ftirilecek - Darka Mazi","robots":{"index":"index","follow":"follow","max-snippet":"max-snippet:-1","max-image-preview":"max-image-preview:large","max-video-preview":"max-video-preview:-1"},"canonical":"https:\/\/darkamazi.site\/archives\/1008573","og_locale":"en_US","og_type":"article","og_title":"31 bin I\u015e\u0130D yak\u0131n\u0131 \u015eengal'e yerle\u015ftirilecek - Darka Mazi","og_description":"\u00a0Irak h\u00fck\u00fcmetinin, 31 bin I\u015e\u0130D yak\u0131n\u0131n\u0131 \u015eengal b\u00f6lgesine yerle\u015ftirmek i\u00e7in Sinune de bir kamp kuraca\u011f\u0131 bildirildi. Ge\u00e7ti\u011fimiz y\u0131l Suriye&#8217;nin Ba\u011foz il\u00e7esindeki son kalesini kaybeden I\u015e\u0130D hilafetinden geriye kalan I\u015e\u0130D&#8217;li ailelerin \u015eengal\u2019de yap\u0131m\u0131na ba\u015flanan bir kampa yerle\u015ftirilece\u011fi ileri s\u00fcr\u00fcld\u00fc. R\u00fbdaw\u2019a konu\u015fan Sinune Nahiyesi M\u00fcd\u00fcr\u00fc Hudeda \u00c7oki, \u201c\u015eengal\u2019e ba\u011fl\u0131 Sinune nahiyesinde kamp\u0131n yap\u0131m\u0131na ba\u015fland\u0131. I\u015e\u0130D yak\u0131n\u0131 yakla\u015f\u0131k [&hellip;]","og_url":"https:\/\/darkamazi.site\/archives\/1008573","og_site_name":"Darka Mazi","article_publisher":"https:\/\/www.facebook.com\/DarkaMaziturkce","article_published_time":"2020-02-18T08:15:54+00:00","article_modified_time":"2026-03-31T13:45:02+00:00","og_image":[{"width":752,"height":472,"url":"https:\/\/darkamazi.site\/file\/2020\/02\/494774Image1.jpg","type":"image\/jpeg"}],"author":"darka mazi","twitter_card":"summary_large_image","twitter_creator":"@DarkaMaziTurkce","twitter_site":"@DarkaMaziTurkce","twitter_misc":{"Written by":"darka mazi","Est. reading time":"1 minute"},"schema":{"@context":"https:\/\/schema.org","@graph":[{"@type":"NewsArticle","@id":"https:\/\/darkamazi.site\/archives\/1008573#article","isPartOf":{"@id":"https:\/\/darkamazi.site\/archives\/1008573"},"author":{"name":"darka mazi","@id":"https:\/\/darkamazi.site\/#\/schema\/person\/67986a95ac546c16760365877ef4a9d3"},"headline":"31 bin I\u015e\u0130D yak\u0131n\u0131 \u015eengal&#8217;e yerle\u015ftirilecek","datePublished":"2020-02-18T08:15:54+00:00","dateModified":"2026-03-31T13:45:02+00:00","mainEntityOfPage":{"@id":"https:\/\/darkamazi.site\/archives\/1008573"},"wordCount":260,"publisher":{"@id":"https:\/\/darkamazi.site\/#organization"},"image":{"@id":"https:\/\/darkamazi.site\/archives\/1008573#primaryimage"},"thumbnailUrl":"https:\/\/darkamazi.site\/file\/2020\/02\/494774Image1.jpg","articleSection":["Kurdistan"],"inLanguage":"en-US"},{"@type":"WebPage","@id":"https:\/\/darkamazi.site\/archives\/1008573","url":"https:\/\/darkamazi.site\/archives\/1008573","name":"31 bin I\u015e\u0130D yak\u0131n\u0131 \u015eengal'e yerle\u015ftirilecek - Darka Mazi","isPartOf":{"@id":"https:\/\/darkamazi.site\/#website"},"primaryImageOfPage":{"@id":"https:\/\/darkamazi.site\/archives\/1008573#primaryimage"},"image":{"@id":"https:\/\/darkamazi.site\/archives\/1008573#primaryimage"},"thumbnailUrl":"https:\/\/darkamazi.site\/file\/2020\/02\/494774Image1.jpg","datePublished":"2020-02-18T08:15:54+00:00","dateModified":"2026-03-31T13:45:02+00:00","breadcrumb":{"@id":"https:\/\/darkamazi.site\/archives\/1008573#breadcrumb"},"inLanguage":"en-US","potentialAction":[{"@type":"ReadAction","target":["https:\/\/darkamazi.site\/archives\/1008573"]}]},{"@type":"ImageObject","inLanguage":"en-US","@id":"https:\/\/darkamazi.site\/archives\/1008573#primaryimage","url":"https:\/\/darkamazi.site\/file\/2020\/02\/494774Image1.jpg","contentUrl":"https:\/\/darkamazi.site\/file\/2020\/02\/494774Image1.jpg","width":752,"height":472,"caption":"31 bin I\u015e\u0130D yak\u0131n\u0131 \u015eengal'e yerle\u015ftirilecek"},{"@type":"BreadcrumbList","@id":"https:\/\/darkamazi.site\/archives\/1008573#breadcrumb","itemListElement":[{"@type":"ListItem","position":1,"name":"Home","item":"https:\/\/darkamazi.site\/"},{"@type":"ListItem","position":2,"name":"31 bin I\u015e\u0130D yak\u0131n\u0131 \u015eengal&#8217;e yerle\u015ftirilecek"}]},{"@type":"WebSite","@id":"https:\/\/darkamazi.site\/#website","url":"https:\/\/darkamazi.site\/","name":"Darka Mazi","description":"Ana Sayfa","publisher":{"@id":"https:\/\/darkamazi.site\/#organization"},"potentialAction":[{"@type":"SearchAction","target":{"@type":"EntryPoint","urlTemplate":"https:\/\/darkamazi.site\/?s={search_term_string}"},"query-input":{"@type":"PropertyValueSpecification","valueRequired":true,"valueName":"search_term_string"}}],"inLanguage":"en-US"},{"@type":"Organization","@id":"https:\/\/darkamazi.site\/#organization","name":"Darka Mazi T\u00fcrk\u00e7e","alternateName":"Darka Mazi","url":"https:\/\/darkamazi.site\/","logo":{"@type":"ImageObject","inLanguage":"en-US","@id":"https:\/\/darkamazi.site\/#\/schema\/logo\/image\/","url":"https:\/\/darkamazi.site\/file\/2017\/12\/darka-mazi-logo.png","contentUrl":"https:\/\/darkamazi.site\/file\/2017\/12\/darka-mazi-logo.png","width":151,"height":75,"caption":"Darka Mazi T\u00fcrk\u00e7e"},"image":{"@id":"https:\/\/darkamazi.site\/#\/schema\/logo\/image\/"},"sameAs":["https:\/\/www.facebook.com\/DarkaMaziturkce","https:\/\/x.com\/DarkaMaziTurkce"]},{"@type":"Person","@id":"https:\/\/darkamazi.site\/#\/schema\/person\/67986a95ac546c16760365877ef4a9d3","name":"darka mazi","sameAs":["https:\/\/darkamazi.site"],"url":"https:\/\/darkamazi.site\/archives\/author\/turkish"}]}},"_links":{"self":[{"href":"https:\/\/darkamazi.site\/funavuv\/wp\/v2\/posts\/1008573","targetHints":{"allow":["GET"]}}],"collection":[{"href":"https:\/\/darkamazi.site\/funavuv\/wp\/v2\/posts"}],"about":[{"href":"https:\/\/darkamazi.site\/funavuv\/wp\/v2\/types\/post"}],"author":[{"embeddable":true,"href":"https:\/\/darkamazi.site\/funavuv\/wp\/v2\/users\/2"}],"replies":[{"embeddable":true,"href":"https:\/\/darkamazi.site\/funavuv\/wp\/v2\/comments?post=1008573"}],"version-history":[{"count":0,"href":"https:\/\/darkamazi.site\/funavuv\/wp\/v2\/posts\/1008573\/revisions"}],"wp:featuredmedia":[{"embeddable":true,"href":"https:\/\/darkamazi.site\/funavuv\/wp\/v2\/media\/1008574"}],"wp:attachment":[{"href":"https:\/\/darkamazi.site\/funavuv\/wp\/v2\/media?parent=1008573"}],"wp:term":[{"taxonomy":"category","embeddable":true,"href":"https:\/\/darkamazi.site\/funavuv\/wp\/v2\/categories?post=1008573"},{"taxonomy":"post_tag","embeddable":true,"href":"https:\/\/darkamazi.site\/funavuv\/wp\/v2\/tags?post=1008573"}],"curies":[{"name":"wp","href":"https:\/\/api.w.org\/{rel}","templated":true}]}}