{"id":1008594,"date":"2020-02-20T12:05:23","date_gmt":"2020-02-20T09:05:23","guid":{"rendered":"https:\/\/darkamazi.site\/?p=1008594"},"modified":"2023-01-17T15:03:31","modified_gmt":"2023-01-17T12:03:31","slug":"iranda-korona-viros-nedeni-ile-egitime-ara-verildi","status":"publish","type":"post","link":"https:\/\/darkamazi.site\/archives\/1008594","title":{"rendered":"\u0130ran\u2019da Korona viros nedeni ile e\u011fitime ara verildi"},"content":{"rendered":"<p style=\"text-align: justify\">\u0130ran&#8217;\u0131n kum kentinde yeni tip Korona vir\u00fcs (Kovid-19) nedeniyle 2 ki\u015finin hayat\u0131n\u0131 kaybetmesinin ard\u0131ndan t\u00fcm ilk ve orta dereceli okullar ile \u00fcniversitelerde yar\u0131n e\u011fitime ara verildi.<\/p>\n<p style=\"text-align: justify\">\u0130ran resmi ajans\u0131 IRNA&#8217;n\u0131n haberine g\u00f6re, vir\u00fcs\u00fcn \u00f6nlenmesi ve durumun kontrol alt\u0131na al\u0131nmas\u0131 i\u00e7in e\u011fitim kurumlar\u0131 yar\u0131n tatil edildi.<\/p>\n<p style=\"text-align: justify\">\u00dclkede haftal\u0131k tatil, per\u015fembe g\u00fcnleri \u00f6\u011fleden sonra ba\u015fl\u0131yor, cumartesi de haftan\u0131n ilk \u00e7al\u0131\u015fma g\u00fcn\u00fc.<\/p>\n<p style=\"text-align: justify\">\u0130ran Sa\u011fl\u0131k Bakanl\u0131\u011f\u0131 Halkla \u0130li\u015fkiler Sorumlusu Kiyanu\u015f Cihanpur, Twitter hesab\u0131ndan bug\u00fcn payla\u015ft\u0131\u011f\u0131 mesaj\u0131nda, Kum kentinde solunum yetmezli\u011fi \u015fikayetiyle g\u00f6zetim alt\u0131nda tutulan ve yeni tip Korona vir\u00fcs test sonu\u00e7lar\u0131 pozitif \u00e7\u0131kan 2 ki\u015finin ya\u015fam\u0131n\u0131 yitirdi\u011fini belirtmi\u015fti.<\/p>\n<p style=\"text-align: justify\">Kum T\u0131p \u00dcniversitesi Rekt\u00f6r\u00fc Muhammed R\u0131za Kadir de \u0130ran medyas\u0131na yapt\u0131\u011f\u0131 a\u00e7\u0131klamada, son 4 g\u00fcnde solunum yetmezli\u011fi \u015fik\u00e2yetlerinde art\u0131\u015f oldu\u011funu kaydetmi\u015fti.<\/p>\n<p style=\"text-align: justify\">\u0130lk olarak \u00c7in&#8217;in Hubey eyaletine ba\u011fl\u0131 Vuhan kentinde 12 Aral\u0131k 2019&#8217;da tespit edilen Kovid-19&#8217;un k\u0131sa s\u00fcrede di\u011fer \u015fehir ve \u00fclkelere yay\u0131lmas\u0131 \u00fczerine D\u00fcnya Sa\u011fl\u0131k \u00d6rg\u00fct\u00fc &#8220;acil durum&#8221; ilan etmi\u015fti. \u00c7in&#8217;de Kovid-19 salg\u0131n\u0131 nedeniyle can kayb\u0131 2 bin 5&#8217;e, vir\u00fcs bula\u015fan ki\u015fi say\u0131s\u0131 da 74 bin 185&#8217;e \u00e7\u0131km\u0131\u015ft\u0131.<\/p>\n","protected":false},"excerpt":{"rendered":"<p>\u0130ran&#8217;\u0131n kum kentinde yeni tip Korona vir\u00fcs (Kovid-19) nedeniyle 2 ki\u015finin hayat\u0131n\u0131 kaybetmesinin ard\u0131ndan t\u00fcm ilk ve orta dereceli okullar ile \u00fcniversitelerde yar\u0131n e\u011fitime ara verildi. \u0130ran resmi ajans\u0131 IRNA&#8217;n\u0131n haberine g\u00f6re, vir\u00fcs\u00fcn \u00f6nlenmesi ve durumun kontrol alt\u0131na al\u0131nmas\u0131 i\u00e7in e\u011fitim kurumlar\u0131 yar\u0131n tatil edildi. \u00dclkede haftal\u0131k tatil, per\u015fembe g\u00fcnleri \u00f6\u011fleden sonra ba\u015fl\u0131yor, cumartesi de [&hellip;]<\/p>\n","protected":false},"author":2,"featured_media":1008595,"comment_status":"closed","ping_status":"closed","sticky":false,"template":"","format":"standard","meta":{"footnotes":""},"categories":[4],"tags":[31],"class_list":["post-1008594","post","type-post","status-publish","format-standard","has-post-thumbnail","hentry","category-yasamdan","tag-onemli"],"blocksy_meta":[],"seo_head":"<!-- This site is optimized with the Yoast SEO plugin v27.5 - https:\/\/yoast.com\/product\/yoast-seo-wordpress\/ -->\n<title>\u0130ran\u2019da Korona viros nedeni ile e\u011fitime ara verildi - Darka Mazi<\/title>\n<meta name=\"robots\" content=\"index, follow, max-snippet:-1, max-image-preview:large, max-video-preview:-1\" \/>\n<link rel=\"canonical\" href=\"https:\/\/darkamazi.site\/archives\/1008594\" \/>\n<meta property=\"og:locale\" content=\"en_US\" \/>\n<meta property=\"og:type\" content=\"article\" \/>\n<meta property=\"og:title\" content=\"\u0130ran\u2019da Korona viros nedeni ile e\u011fitime ara verildi - Darka Mazi\" \/>\n<meta property=\"og:description\" content=\"\u0130ran&#8217;\u0131n kum kentinde yeni tip Korona vir\u00fcs (Kovid-19) nedeniyle 2 ki\u015finin hayat\u0131n\u0131 kaybetmesinin ard\u0131ndan t\u00fcm ilk ve orta dereceli okullar ile \u00fcniversitelerde yar\u0131n e\u011fitime ara verildi. \u0130ran resmi ajans\u0131 IRNA&#8217;n\u0131n haberine g\u00f6re, vir\u00fcs\u00fcn \u00f6nlenmesi ve durumun kontrol alt\u0131na al\u0131nmas\u0131 i\u00e7in e\u011fitim kurumlar\u0131 yar\u0131n tatil edildi. \u00dclkede haftal\u0131k tatil, per\u015fembe g\u00fcnleri \u00f6\u011fleden sonra ba\u015fl\u0131yor, cumartesi de [&hellip;]\" \/>\n<meta property=\"og:url\" content=\"https:\/\/darkamazi.site\/archives\/1008594\" \/>\n<meta property=\"og:site_name\" content=\"Darka Mazi\" \/>\n<meta property=\"article:publisher\" content=\"https:\/\/www.facebook.com\/DarkaMaziturkce\" \/>\n<meta property=\"article:published_time\" content=\"2020-02-20T09:05:23+00:00\" \/>\n<meta property=\"article:modified_time\" content=\"2023-01-17T12:03:31+00:00\" \/>\n<meta property=\"og:image\" content=\"https:\/\/darkamazi.site\/file\/2020\/02\/COVID-19.jpg\" \/>\n\t<meta property=\"og:image:width\" content=\"709\" \/>\n\t<meta property=\"og:image:height\" content=\"399\" \/>\n\t<meta property=\"og:image:type\" content=\"image\/jpeg\" \/>\n<meta name=\"author\" content=\"darka mazi\" \/>\n<meta name=\"twitter:card\" content=\"summary_large_image\" \/>\n<meta name=\"twitter:creator\" content=\"@DarkaMaziTurkce\" \/>\n<meta name=\"twitter:site\" content=\"@DarkaMaziTurkce\" \/>\n<meta name=\"twitter:label1\" content=\"Written by\" \/>\n\t<meta name=\"twitter:data1\" content=\"darka mazi\" \/>\n\t<meta name=\"twitter:label2\" content=\"Est. reading time\" \/>\n\t<meta name=\"twitter:data2\" content=\"1 minute\" \/>\n<script type=\"application\/ld+json\" class=\"seo-schema-graph\">{\"@context\":\"https:\\\/\\\/schema.org\",\"@graph\":[{\"@type\":\"NewsArticle\",\"@id\":\"https:\\\/\\\/darkamazi.site\\\/archives\\\/1008594#article\",\"isPartOf\":{\"@id\":\"https:\\\/\\\/darkamazi.site\\\/archives\\\/1008594\"},\"author\":{\"name\":\"darka mazi\",\"@id\":\"https:\\\/\\\/darkamazi.site\\\/#\\\/schema\\\/person\\\/67986a95ac546c16760365877ef4a9d3\"},\"headline\":\"\u0130ran\u2019da Korona viros nedeni ile e\u011fitime ara verildi\",\"datePublished\":\"2020-02-20T09:05:23+00:00\",\"dateModified\":\"2023-01-17T12:03:31+00:00\",\"mainEntityOfPage\":{\"@id\":\"https:\\\/\\\/darkamazi.site\\\/archives\\\/1008594\"},\"wordCount\":239,\"publisher\":{\"@id\":\"https:\\\/\\\/darkamazi.site\\\/#organization\"},\"image\":{\"@id\":\"https:\\\/\\\/darkamazi.site\\\/archives\\\/1008594#primaryimage\"},\"thumbnailUrl\":\"https:\\\/\\\/darkamazi.site\\\/darka-content\\\/uploads\\\/2020\\\/02\\\/COVID-19.jpg\",\"keywords\":[\"\u00f6nemli\"],\"articleSection\":[\"ya\u015famdan\"],\"inLanguage\":\"en-US\"},{\"@type\":\"WebPage\",\"@id\":\"https:\\\/\\\/darkamazi.site\\\/archives\\\/1008594\",\"url\":\"https:\\\/\\\/darkamazi.site\\\/archives\\\/1008594\",\"name\":\"\u0130ran\u2019da Korona viros nedeni ile e\u011fitime ara verildi - Darka Mazi\",\"isPartOf\":{\"@id\":\"https:\\\/\\\/darkamazi.site\\\/#website\"},\"primaryImageOfPage\":{\"@id\":\"https:\\\/\\\/darkamazi.site\\\/archives\\\/1008594#primaryimage\"},\"image\":{\"@id\":\"https:\\\/\\\/darkamazi.site\\\/archives\\\/1008594#primaryimage\"},\"thumbnailUrl\":\"https:\\\/\\\/darkamazi.site\\\/darka-content\\\/uploads\\\/2020\\\/02\\\/COVID-19.jpg\",\"datePublished\":\"2020-02-20T09:05:23+00:00\",\"dateModified\":\"2023-01-17T12:03:31+00:00\",\"breadcrumb\":{\"@id\":\"https:\\\/\\\/darkamazi.site\\\/archives\\\/1008594#breadcrumb\"},\"inLanguage\":\"en-US\",\"potentialAction\":[{\"@type\":\"ReadAction\",\"target\":[\"https:\\\/\\\/darkamazi.site\\\/archives\\\/1008594\"]}]},{\"@type\":\"ImageObject\",\"inLanguage\":\"en-US\",\"@id\":\"https:\\\/\\\/darkamazi.site\\\/archives\\\/1008594#primaryimage\",\"url\":\"https:\\\/\\\/darkamazi.site\\\/darka-content\\\/uploads\\\/2020\\\/02\\\/COVID-19.jpg\",\"contentUrl\":\"https:\\\/\\\/darkamazi.site\\\/darka-content\\\/uploads\\\/2020\\\/02\\\/COVID-19.jpg\",\"width\":709,\"height\":399,\"caption\":\"\u0130ran\u2019da Korona viros nedeni ile e\u011fitime ara verildi\"},{\"@type\":\"BreadcrumbList\",\"@id\":\"https:\\\/\\\/darkamazi.site\\\/archives\\\/1008594#breadcrumb\",\"itemListElement\":[{\"@type\":\"ListItem\",\"position\":1,\"name\":\"Home\",\"item\":\"https:\\\/\\\/darkamazi.site\\\/\"},{\"@type\":\"ListItem\",\"position\":2,\"name\":\"\u0130ran\u2019da Korona viros nedeni ile e\u011fitime ara verildi\"}]},{\"@type\":\"WebSite\",\"@id\":\"https:\\\/\\\/darkamazi.site\\\/#website\",\"url\":\"https:\\\/\\\/darkamazi.site\\\/\",\"name\":\"Darka Mazi\",\"description\":\"Ana Sayfa\",\"publisher\":{\"@id\":\"https:\\\/\\\/darkamazi.site\\\/#organization\"},\"potentialAction\":[{\"@type\":\"SearchAction\",\"target\":{\"@type\":\"EntryPoint\",\"urlTemplate\":\"https:\\\/\\\/darkamazi.site\\\/?s={search_term_string}\"},\"query-input\":{\"@type\":\"PropertyValueSpecification\",\"valueRequired\":true,\"valueName\":\"search_term_string\"}}],\"inLanguage\":\"en-US\"},{\"@type\":\"Organization\",\"@id\":\"https:\\\/\\\/darkamazi.site\\\/#organization\",\"name\":\"Darka Mazi T\u00fcrk\u00e7e\",\"alternateName\":\"Darka Mazi\",\"url\":\"https:\\\/\\\/darkamazi.site\\\/\",\"logo\":{\"@type\":\"ImageObject\",\"inLanguage\":\"en-US\",\"@id\":\"https:\\\/\\\/darkamazi.site\\\/#\\\/schema\\\/logo\\\/image\\\/\",\"url\":\"https:\\\/\\\/darkamazi.site\\\/darka-content\\\/uploads\\\/2017\\\/12\\\/darka-mazi-logo.png\",\"contentUrl\":\"https:\\\/\\\/darkamazi.site\\\/darka-content\\\/uploads\\\/2017\\\/12\\\/darka-mazi-logo.png\",\"width\":151,\"height\":75,\"caption\":\"Darka Mazi T\u00fcrk\u00e7e\"},\"image\":{\"@id\":\"https:\\\/\\\/darkamazi.site\\\/#\\\/schema\\\/logo\\\/image\\\/\"},\"sameAs\":[\"https:\\\/\\\/www.facebook.com\\\/DarkaMaziturkce\",\"https:\\\/\\\/x.com\\\/DarkaMaziTurkce\"]},{\"@type\":\"Person\",\"@id\":\"https:\\\/\\\/darkamazi.site\\\/#\\\/schema\\\/person\\\/67986a95ac546c16760365877ef4a9d3\",\"name\":\"darka mazi\",\"sameAs\":[\"https:\\\/\\\/darkamazi.site\"],\"url\":\"https:\\\/\\\/darkamazi.site\\\/archives\\\/author\\\/turkish\"}]}<\/script>\n<!-- \/ Yoast SEO plugin. -->","seo_head_json":{"title":"\u0130ran\u2019da Korona viros nedeni ile e\u011fitime ara verildi - Darka Mazi","robots":{"index":"index","follow":"follow","max-snippet":"max-snippet:-1","max-image-preview":"max-image-preview:large","max-video-preview":"max-video-preview:-1"},"canonical":"https:\/\/darkamazi.site\/archives\/1008594","og_locale":"en_US","og_type":"article","og_title":"\u0130ran\u2019da Korona viros nedeni ile e\u011fitime ara verildi - Darka Mazi","og_description":"\u0130ran&#8217;\u0131n kum kentinde yeni tip Korona vir\u00fcs (Kovid-19) nedeniyle 2 ki\u015finin hayat\u0131n\u0131 kaybetmesinin ard\u0131ndan t\u00fcm ilk ve orta dereceli okullar ile \u00fcniversitelerde yar\u0131n e\u011fitime ara verildi. \u0130ran resmi ajans\u0131 IRNA&#8217;n\u0131n haberine g\u00f6re, vir\u00fcs\u00fcn \u00f6nlenmesi ve durumun kontrol alt\u0131na al\u0131nmas\u0131 i\u00e7in e\u011fitim kurumlar\u0131 yar\u0131n tatil edildi. \u00dclkede haftal\u0131k tatil, per\u015fembe g\u00fcnleri \u00f6\u011fleden sonra ba\u015fl\u0131yor, cumartesi de [&hellip;]","og_url":"https:\/\/darkamazi.site\/archives\/1008594","og_site_name":"Darka Mazi","article_publisher":"https:\/\/www.facebook.com\/DarkaMaziturkce","article_published_time":"2020-02-20T09:05:23+00:00","article_modified_time":"2023-01-17T12:03:31+00:00","og_image":[{"width":709,"height":399,"url":"https:\/\/darkamazi.site\/file\/2020\/02\/COVID-19.jpg","type":"image\/jpeg"}],"author":"darka mazi","twitter_card":"summary_large_image","twitter_creator":"@DarkaMaziTurkce","twitter_site":"@DarkaMaziTurkce","twitter_misc":{"Written by":"darka mazi","Est. reading time":"1 minute"},"schema":{"@context":"https:\/\/schema.org","@graph":[{"@type":"NewsArticle","@id":"https:\/\/darkamazi.site\/archives\/1008594#article","isPartOf":{"@id":"https:\/\/darkamazi.site\/archives\/1008594"},"author":{"name":"darka mazi","@id":"https:\/\/darkamazi.site\/#\/schema\/person\/67986a95ac546c16760365877ef4a9d3"},"headline":"\u0130ran\u2019da Korona viros nedeni ile e\u011fitime ara verildi","datePublished":"2020-02-20T09:05:23+00:00","dateModified":"2023-01-17T12:03:31+00:00","mainEntityOfPage":{"@id":"https:\/\/darkamazi.site\/archives\/1008594"},"wordCount":239,"publisher":{"@id":"https:\/\/darkamazi.site\/#organization"},"image":{"@id":"https:\/\/darkamazi.site\/archives\/1008594#primaryimage"},"thumbnailUrl":"https:\/\/darkamazi.site\/file\/2020\/02\/COVID-19.jpg","keywords":["\u00f6nemli"],"articleSection":["ya\u015famdan"],"inLanguage":"en-US"},{"@type":"WebPage","@id":"https:\/\/darkamazi.site\/archives\/1008594","url":"https:\/\/darkamazi.site\/archives\/1008594","name":"\u0130ran\u2019da Korona viros nedeni ile e\u011fitime ara verildi - Darka Mazi","isPartOf":{"@id":"https:\/\/darkamazi.site\/#website"},"primaryImageOfPage":{"@id":"https:\/\/darkamazi.site\/archives\/1008594#primaryimage"},"image":{"@id":"https:\/\/darkamazi.site\/archives\/1008594#primaryimage"},"thumbnailUrl":"https:\/\/darkamazi.site\/file\/2020\/02\/COVID-19.jpg","datePublished":"2020-02-20T09:05:23+00:00","dateModified":"2023-01-17T12:03:31+00:00","breadcrumb":{"@id":"https:\/\/darkamazi.site\/archives\/1008594#breadcrumb"},"inLanguage":"en-US","potentialAction":[{"@type":"ReadAction","target":["https:\/\/darkamazi.site\/archives\/1008594"]}]},{"@type":"ImageObject","inLanguage":"en-US","@id":"https:\/\/darkamazi.site\/archives\/1008594#primaryimage","url":"https:\/\/darkamazi.site\/file\/2020\/02\/COVID-19.jpg","contentUrl":"https:\/\/darkamazi.site\/file\/2020\/02\/COVID-19.jpg","width":709,"height":399,"caption":"\u0130ran\u2019da Korona viros nedeni ile e\u011fitime ara verildi"},{"@type":"BreadcrumbList","@id":"https:\/\/darkamazi.site\/archives\/1008594#breadcrumb","itemListElement":[{"@type":"ListItem","position":1,"name":"Home","item":"https:\/\/darkamazi.site\/"},{"@type":"ListItem","position":2,"name":"\u0130ran\u2019da Korona viros nedeni ile e\u011fitime ara verildi"}]},{"@type":"WebSite","@id":"https:\/\/darkamazi.site\/#website","url":"https:\/\/darkamazi.site\/","name":"Darka Mazi","description":"Ana Sayfa","publisher":{"@id":"https:\/\/darkamazi.site\/#organization"},"potentialAction":[{"@type":"SearchAction","target":{"@type":"EntryPoint","urlTemplate":"https:\/\/darkamazi.site\/?s={search_term_string}"},"query-input":{"@type":"PropertyValueSpecification","valueRequired":true,"valueName":"search_term_string"}}],"inLanguage":"en-US"},{"@type":"Organization","@id":"https:\/\/darkamazi.site\/#organization","name":"Darka Mazi T\u00fcrk\u00e7e","alternateName":"Darka Mazi","url":"https:\/\/darkamazi.site\/","logo":{"@type":"ImageObject","inLanguage":"en-US","@id":"https:\/\/darkamazi.site\/#\/schema\/logo\/image\/","url":"https:\/\/darkamazi.site\/file\/2017\/12\/darka-mazi-logo.png","contentUrl":"https:\/\/darkamazi.site\/file\/2017\/12\/darka-mazi-logo.png","width":151,"height":75,"caption":"Darka Mazi T\u00fcrk\u00e7e"},"image":{"@id":"https:\/\/darkamazi.site\/#\/schema\/logo\/image\/"},"sameAs":["https:\/\/www.facebook.com\/DarkaMaziturkce","https:\/\/x.com\/DarkaMaziTurkce"]},{"@type":"Person","@id":"https:\/\/darkamazi.site\/#\/schema\/person\/67986a95ac546c16760365877ef4a9d3","name":"darka mazi","sameAs":["https:\/\/darkamazi.site"],"url":"https:\/\/darkamazi.site\/archives\/author\/turkish"}]}},"_links":{"self":[{"href":"https:\/\/darkamazi.site\/funavuv\/wp\/v2\/posts\/1008594","targetHints":{"allow":["GET"]}}],"collection":[{"href":"https:\/\/darkamazi.site\/funavuv\/wp\/v2\/posts"}],"about":[{"href":"https:\/\/darkamazi.site\/funavuv\/wp\/v2\/types\/post"}],"author":[{"embeddable":true,"href":"https:\/\/darkamazi.site\/funavuv\/wp\/v2\/users\/2"}],"replies":[{"embeddable":true,"href":"https:\/\/darkamazi.site\/funavuv\/wp\/v2\/comments?post=1008594"}],"version-history":[{"count":0,"href":"https:\/\/darkamazi.site\/funavuv\/wp\/v2\/posts\/1008594\/revisions"}],"wp:featuredmedia":[{"embeddable":true,"href":"https:\/\/darkamazi.site\/funavuv\/wp\/v2\/media\/1008595"}],"wp:attachment":[{"href":"https:\/\/darkamazi.site\/funavuv\/wp\/v2\/media?parent=1008594"}],"wp:term":[{"taxonomy":"category","embeddable":true,"href":"https:\/\/darkamazi.site\/funavuv\/wp\/v2\/categories?post=1008594"},{"taxonomy":"post_tag","embeddable":true,"href":"https:\/\/darkamazi.site\/funavuv\/wp\/v2\/tags?post=1008594"}],"curies":[{"name":"wp","href":"https:\/\/api.w.org\/{rel}","templated":true}]}}