{"id":1008604,"date":"2020-02-21T17:48:08","date_gmt":"2020-02-21T14:48:08","guid":{"rendered":"https:\/\/darkamazi.site\/?p=1008604"},"modified":"2026-03-31T16:45:01","modified_gmt":"2026-03-31T13:45:01","slug":"sasiwar-abdilwahid-halkin-parasindan-sonra-halkin-basini-yemeye-basladi","status":"publish","type":"post","link":"https:\/\/darkamazi.site\/archives\/1008604","title":{"rendered":"\u015eAS\u0130WAR ABD\u0130LWAH\u0130D: \u201cHALKIN PARASINDAN SONRA HALKIN BA\u015eINI YEMEYE BA\u015eLADI\u201d"},"content":{"rendered":"<h3 style=\"text-align: justify\"><span style=\"font-size: 12pt;font-family: 'arial black', sans-serif\">Birinci B\u00f6l\u00fcm<\/span><\/h3>\n<h3 style=\"text-align: justify\"><span style=\"font-size: 12pt;font-family: 'arial black', sans-serif\">G\u00fcney K\u00fcrdistan\u2019da fakir ve yoksul halk\u0131n omuzlar\u0131 \u00fczerinden bir t\u00fcccar \u00e7e\u015fidi t\u00fcremi\u015f. Bu t\u00fcccar g\u00fcruh g\u00fcney K\u00fcrdistan\u2019\u0131n yasalar\u0131n\u0131 ve Dai\u015f sava\u015f\u0131 d\u00f6nemini kendilerine f\u0131rsat bilip bireysel \u00e7\u0131kar avc\u0131l\u0131\u011f\u0131na giri\u015fmi\u015flerdir. Ba\u015fka bir ifade ile \u201c bu t\u00fcccar tak\u0131m\u0131 halk\u0131n \u00fcz\u00fcnt\u00fc ve s\u0131k\u0131nt\u0131lar\u0131n\u0131 istismar ederek, h\u00fck\u00fcmete kar\u015f\u0131 kullanmay\u0131 ama\u00e7lamaktad\u0131rlar\u201d<\/span><\/h3>\n<h3 style=\"text-align: justify\"><span style=\"font-size: 12pt\">Darka mazi\u2019nin g\u00fcney K\u00fcrdistan\u2019daki haber kaynaklar\u0131n\u0131n g\u00f6nderdi\u011fi ve i\u00e7erisinde\u00a0 \u201chalk\u0131n ve h\u00fck\u00fcmetin durumu\u201dnu \u00f6zetleyen rapora g\u00f6re; \u00a0gaz, mutfak t\u00fcp\u00fc\u00a0 krizi ve yeni reform paketinin yans\u0131malar\u0131 \u00fczerine kapsaml\u0131 bilgiler i\u00e7ermektedir. Bu bilgiler, yeni t\u00fcreyen yabanc\u0131 patentli t\u00fcccar tak\u0131m\u0131n\u0131n yoksul halk\u0131n duygular\u0131 ile dalga ge\u00e7ti\u011fini g\u00f6steriyor.<\/span><\/h3>\n<h3 style=\"text-align: justify\"><span style=\"font-size: 12pt\"><strong>\u015easiwar Ebdullwahit, yoksullar\u0131n duygu ve beklentilerinin t\u00fcccar\u0131d\u0131r.<\/strong><\/span><\/h3>\n<h3 style=\"text-align: justify\"><span style=\"font-size: 12pt\">\u015easiwar Abdulwahid g\u00fcney K\u00fcrdistanl\u0131\u00a0 kendisini siyaset\u00e7i, gazeteci\u00a0 ve i\u015f adam\u0131 olarak tan\u0131tmaktad\u0131r. S\u00fcleymaniye de\u00a0 NRT tv uydu kanal\u0131n\u0131 Naliya \u015firketi ad\u0131na kurmu\u015ftur. Ayn\u0131 zamanda kimi ticari projelerin de (\u00e7avi-land) sahibidir.<\/span><\/h3>\n<h3 style=\"text-align: justify\"><span style=\"font-size: 12pt\">\u015easiwar abdullwahid 41 ya\u015f\u0131nda olup 2017 G\u00fcney K\u00fcrdistan\u2019daki Ba\u011f\u0131ms\u0131zl\u0131k referandumuna a\u00e7\u0131k bir \u015fekilde kar\u015f\u0131 duran ve \u201creferanduma hay\u0131r\u201d cephesinin \u00f6nderli\u011fini yapan ki\u015fidir. Ayn\u0131 y\u0131l kendisinin kurdu\u011fu \u201cnewey N\u00fbwe\u201d partisi ile \u0131rak ve K\u00fcrdistan genel se\u00e7imlerine kat\u0131ld\u0131.<\/span><\/h3>\n<h3 style=\"text-align: justify\"><span style=\"font-size: 12pt\">\u015easiwar abdullwehid\u2019in ans\u0131z\u0131n \u00e7\u0131k\u0131\u015f\u0131, ticari ve siyasi hayat\u0131n\u0131n perde arkas\u0131 her zaman i\u00e7in bir y\u0131\u011f\u0131n soru i\u015faretlerini beraberinde getirmi\u015ftir. T\u00fcrkiye\u2019deki \u201cCem Uzan\u201d gibi medya, sermaye ve siyasette para\u015f\u00fctle indi-rildi. Ancak kendi ak\u0131betini \u00f6\u011frenmesi i\u00e7in Cem Uzan\u2019 \u0131n hayat hikayesini bilmesinde yarar var.<\/span><\/h3>\n<h3 style=\"text-align: justify\"><span style=\"font-size: 12pt\">Darka Mazi\u2019nin G\u00fcney K\u00fcrdistan\u2019daki haber kaynaklar\u0131 \u015fasiwar abdulwehid\u00a0 hakk\u0131nda\u00a0 baz\u0131\u00a0 bilgiler elde etti.<\/span><\/h3>\n<h3 style=\"text-align: justify\"><span style=\"font-size: 12pt\">\u015easiwar abdullwehid ilk ticari hayat\u0131na tefecilikle ba\u015flar. Daha sonra \u201c\u00c7avi Land\u201d projesi ile ayn\u0131 daireyi birka\u00e7 ki\u015fiye satarak 20 milyon dolar\u0131n \u00fcst\u00fcnde bir kar dev\u015firdi. Proje tamamlanmad\u0131\u011f\u0131 gibi elde etti\u011fi paray\u0131 da sahiplerine geri iade etmedi. Ayn\u0131 zaman da bu \u015fah\u0131s sadece yoksul halk\u0131 kand\u0131rmakla yetinmeyip G\u00fcney K\u00fcrdistan H\u00fck\u00fcmetini de doland\u0131rma plan\u0131na katm\u0131\u015ft\u0131r. Dr Behrem Salih\u2019in ba\u015fbakanl\u0131\u011f\u0131 d\u00f6neminde maliye bakanl\u0131\u011f\u0131ndan 51 milyon dolar bor\u00e7 para alm\u0131\u015f ve o para halen maliye bakanl\u0131\u011f\u0131n\u0131n geri \u00f6dememi\u015ftir.<\/span><\/h3>\n<h3 style=\"text-align: justify\"><span style=\"font-size: 12pt\">\u015easiwar Abdullwehid niye G. K\u00fcrdistan\u2019daki Reform projesinden sonra kar\u0131\u015f\u0131kl\u0131k \u00e7\u0131kartmaya \u00e7al\u0131\u015f\u0131yor?<\/span><\/h3>\n<h3 style=\"text-align: justify\"><span style=\"font-size: 12pt\">Darka Mazi haber kayna\u011f\u0131 bu soruyu \u015easiwar abdullwehid\u2019e yak\u0131n birine sordu. Her ne kadar sorumuza a\u00e7\u0131k cevap verilmese de ancak \u015f\u00f6yle s\u00f6yledi: \u201cas\u0131l amac\u0131 reform paketinin \u00e7\u0131kmas\u0131n\u0131 engellemek. Ge\u00e7ti\u011fimiz ayda K\u00fcrdistan parlamentosunda onaylanan yeni reform paketi h\u00fck\u00fcmetin kararl\u0131 duru\u015fuyla uygulamaya ge\u00e7mi\u015ftir. Bu projenin parlamentodan ge\u00e7memesi i\u00e7in \u015easiwar defalarca tehditler savurarak engellemeye \u00e7al\u0131\u015fm\u0131\u015ft\u0131r. Reform paketinin onaylanmas\u0131 halinde G\u00fcney K\u00fcrdistan\u2019\u0131 Ba\u011fdat\u2019taki \u201cTahrir meydan\u0131\u201d\u00a0 gibi yapaca\u011f\u0131n\u0131 s\u00f6yl\u00fcyordu.<\/span><\/h3>\n<h3 style=\"text-align: justify\"><span style=\"font-size: 12pt\">Projeye g\u00f6re ge\u00e7mi\u015f y\u0131llarda H\u00fck\u00fcmetin t\u00fcccarlara verdi\u011fi t\u00fcm bor\u00e7lar en k\u0131sa zamanda geri \u00f6denmeli yani h\u00fck\u00fcmetin tam 800 milyon dolar t\u00fcccarlardan alaca\u011f\u0131 var. Bu paradan 51 milyon dolar \u015fasiwar abdullwehid yan\u0131ndad\u0131r. Bu borcu \u00f6dememek i\u00e7in \u015fasiwar her t\u00fcrl\u00fc yolu denemeye ba\u015flad\u0131. \u00d6zellikle borcunu gizleme, siyasi kar\u0131\u015f\u0131kl\u0131k \u00e7\u0131kartma tehdidi yan\u0131n da \u0130ran\u2019a ba\u011fl\u0131 kurumlardan ve \u0131rak \u015fii partiler den yard\u0131m alarak var olan \u201cmutfak t\u00fcp\u00fc\u201d krizini h\u00fck\u00fcmet kar\u015f\u0131t\u0131 g\u00f6sterilere \u00e7evirme u\u011fra\u015f\u0131s\u0131 i\u00e7in de.<\/span><\/h3>\n<h3 style=\"text-align: justify\"><span style=\"font-size: 12pt;font-family: 'arial black', sans-serif\">\u015easiwar ve 20 Litre \u201cGaz\u201d Oyunu<\/span><\/h3>\n<h3 style=\"text-align: justify\"><span style=\"font-size: 12pt\">Ge\u00e7ti\u011fimiz g\u00fcnlerde \u015fasiwar bir tanker beyaz gaz al\u0131p Duhok\u2019un fakir bir mahallesinde her aile ye 20 litre gaz da\u011f\u0131tt\u0131. Ve bu giri\u015fimi ile kendisinin bir yard\u0131m kampanyas\u0131 ba\u015flatt\u0131\u011f\u0131n\u0131 duyurdu. Ama ger\u00e7ek \u015fu ki \u015fasiwar\u2019in gaz da\u011f\u0131tma kampanyas\u0131n\u0131n amac\u0131 K\u00fcrdistan h\u00fck\u00fcmeti kar\u015f\u0131t\u0131 g\u00f6sterilere taraftar toplamak ve b\u00f6lge g\u00fc\u00e7leri ile ortakla\u015fa yapt\u0131\u011f\u0131 siyasi plan\u0131n kitle taban\u0131n\u0131 yaratma \u00e7abas\u0131d\u0131r.\u00a0 Zaten yard\u0131m diye sundu\u011fu \u015feyin paras\u0131 da yine o yoksul halk\u0131n cebinden ve h\u00fck\u00fcmetten bor\u00e7 ald\u0131\u011f\u0131 paradan yap\u0131yor. Yani halk\u0131n paras\u0131n\u0131 halka yard\u0131m olarak g\u00f6sterip, kand\u0131r\u0131yor. Her ne kadar bu yard\u0131m paketi sosyal medya da g\u00fcndem olmu\u015fsa da bu plan\u0131n arkas\u0131nda ki art niyetini halk \u00e7ok k\u0131sa bir s\u00fcrede fark etti. \u015easiwar h\u00fck\u00fcmete olan 51 milyon dolar borcunu bu t\u00fcr giri\u015fimlerle savsaklayamaz ve gizleyemez. Tek yol olarak kendisine \u00e7izdi\u011fi \u201c\u015fayet yeni h\u00fck\u00fcmeti siyasi krizle oyalarsam bu borcu aklar\u0131m\u201d mant\u0131\u011f\u0131d\u0131r. Ancak h\u00fck\u00fcmetin yeni reform \u00e7al\u0131\u015fmalar\u0131 halk\u0131n taktirini toplam\u0131\u015f ve t\u00fcm uygulamalar\u0131 ile desteklenmektedir.<\/span><\/h3>\n<h3 style=\"text-align: justify\"><span style=\"font-size: 12pt;font-family: 'arial black', sans-serif\">Kirli ve Karanl\u0131k Siyaset\u00e7i<\/span><\/h3>\n<h3 style=\"text-align: justify\"><span style=\"font-size: 12pt\">Darka Mazi haber kayna\u011f\u0131 g\u00fcney K\u00fcrdistan\u2019daki bir \u00e7ok siyasi \u00a0parti aralar\u0131n da Goran, K\u00fcrdistan Demokrat parti, K\u00fcrdistan Yurtseverler ve islami parti \u00fcyelerinin bulundu\u011fu siyasi \u015fahsiyetlerden \u015fasiwar hakk\u0131nda toplad\u0131. Bu bilgilerin ortak yan\u0131 \u015easiwar\u2019\u0131n K\u00fcrt ulusal \u00e7izgisinden uzak, K\u00fcrt birli\u011fini par\u00e7alamay\u0131 ama\u00e7layan, h\u00fck\u00fcmetin zay\u0131fl\u0131klar\u0131n\u0131 kullanmay\u0131 g\u00f6zeten ve b\u00f6lgedeki K\u00fcrt d\u00fc\u015fman\u0131 g\u00fc\u00e7lerle ortak hareket eden \u00f6zellikle de \u0130ran\u2019\u0131n K\u00fcrdistan b\u00f6lgesini ve Irak\u2019\u0131 kar\u0131\u015ft\u0131rmada ki belirgin rol\u00fcn\u00fc destekleyen ve K\u00fcrdistan\u2019\u0131 istikrars\u0131zl\u0131\u011fa s\u00fcr\u00fckleme g\u00f6revini \u00fcstlenen ki\u015fi olarak tan\u0131mlan\u0131r.<\/span><\/h3>\n<h3 style=\"text-align: justify\"><span style=\"font-size: 12pt\">\u00a0Nas\u0131l ki Mukteda el Sad\u0131r \u0130ran\u2019\u0131n direktifleri ile Irak\u2019\u0131n caddelerini kar\u0131\u015ft\u0131r\u0131yorsa \u015easiwar da ayn\u0131 misyonu K\u00fcrdistan\u2019da yerine getirmek istiyor. Ancak \u015easiwar\u2019\u0131n kafas\u0131n da ne k\u00fclah nede \u00fczerin de dini c\u00fcbbesi var.\u00a0 Kendi ger\u00e7e\u011fini do\u011fru alg\u0131lamas\u0131 gerekiyor. Burada g\u00fcneyli halk\u0131n bu s\u00f6z\u00fcn\u00fc hat\u0131rlatmakta fayda g\u00f6r\u00fcyorum \u201c Miri\u015fk\u00ea \u00e7av da qaz\u00ea, q\u00fbn l\u00eabu gely\u00ea Baz\u00ea\u201d<\/span><\/h3>\n<h3 style=\"text-align: justify\"><span style=\"font-size: 12pt\">Ancak burada ilgin\u00e7 olan \u015fey,\u00a0 \u201cnewey Nuwe\u201d kurulu\u015funun daha ikinci y\u0131l\u0131n da \u00e7ok ciddi \u00f6rg\u00fctsel krizler ya\u015fad\u0131. Bu krizler \u015easiwar\u2019\u0131n siyasi g\u00f6r\u00fc\u015flerin den \u00e7ok \u015easiwar\u2019\u0131n ahlaki durumu ile ilgili krizlerdir. Bu sebeplerden dolay\u0131\u00a0 parlamentoda bulunan\u00a0 Newey Nuwe\u00a0 parlamenteri \u201c\u015eadi Newzad\u201d \u015easiwar\u2019\u0131n kendisine (video g\u00f6r\u00fcnt\u00fcleri) d\u00fczenledi\u011fi ahlaki koplu dan dolay\u0131 g\u00f6revinden istifa etti. Onun la birlikte bir s\u00fcr\u00fc parti \u00fcye ve y\u00f6neticisi de Newey Nuwe den istifa etti. Bu olay \u015easiwar\u2019\u0131n neme nem bir siyaset\u00e7i oldu\u011funu g\u00f6steriyor. \u015easiwar kendi kadrosunun ve ailesi olan \u201cSirwe\u201d nin namusunu koruyam\u0131yor nas\u0131l olur da K\u00fcrt halk\u0131n\u0131n namusunu kuruyabilsin.<\/span><\/h3>\n<h3 style=\"text-align: justify\"><span style=\"font-size: 12pt;font-family: 'arial black', sans-serif\">16 Ekim ve \u015easiwar\u2019\u0131n ikinci \u0130hanet D\u00f6nemi<\/span><\/h3>\n<h3 style=\"text-align: justify\"><span style=\"font-size: 12pt\">Ba\u015far\u0131l\u0131 ge\u00e7en ba\u011f\u0131ms\u0131zl\u0131k referandumundan sonra i\u015fgalci b\u00f6lge g\u00fc\u00e7leri G\u00fcney K\u00fcrdistan\u2019a kar\u015f\u0131 ortak planlar yapmaya ba\u015flad\u0131lar. 16 Ekim 2017 de yani referandumdan sadece 20 g\u00fcn sonra i\u015fgalci devletler \u0130ran, Irak ve T\u00fcrkiye G\u00fcney K\u00fcrdistan \u0130dari sistemini de\u011fi\u015ftirmek ve referandum ile elde edilen ulusal kazan\u0131mlar\u0131n la\u011fvedilmesi i\u00e7in yo\u011fun \u00e7al\u0131\u015fmalar i\u00e7erisine girdiler. Yanlar\u0131na \u201ckuzenler grubu\u201d(bafil-Lahur) olarak adland\u0131r\u0131lan ihanet \u00e7etesini de alarak g\u00fcney K\u00fcrdistan topra\u011f\u0131n\u0131n %50 sini i\u015fgale etmeye ba\u015flad\u0131lar. As\u0131l ama\u00e7lar\u0131 bu ihanet \u015febekesini \u201ckuzenler grubunu\u201d yard\u0131m\u0131 ile g\u00fcney K\u00fcrdistan\u2019\u0131n stat\u00fcs\u00fcn\u00fc t\u00fcmden de\u011fi\u015ftirmek. Federal b\u00f6lge h\u00fck\u00fbmetini ve parlamentosunu ortadan kald\u0131rmakt\u0131. Sonras\u0131n da vilayetler sistemi ile Ba\u011fdat\u2019a\u00a0 ba\u011flamakt\u0131. Elde edilen t\u00fcm kazan\u0131mlar\u0131 ortadan kald\u0131rmakt\u0131. Ancak k\u00fcrt halk\u0131 ve P\u00ea\u015fmergesi\u2019nin Mahmud\u00eeye,Sih\u00eala ve Pird\u00ea deki direni\u015fi t\u00fcm bu planlar\u0131 yerle bir etti.<\/span><\/h3>\n<h3 style=\"text-align: justify\"><span style=\"font-size: 12pt\">\u00a0\u015eimdi de ekonomik kriz bahane edilerek, K\u00fcrdistan\u2019\u0131n bu durumundan sorumlu olan d\u00fc\u015fman g\u00fc\u00e7lerden yard\u0131m isteyerek 16 Ekim ihanetini yeniden hortlatmak istiyorlar.\u00a0 Bu yeni plan ile ray\u0131na giren ekonomik, siyasal ve diplomatik gidi\u015fat\u0131n \u00f6n\u00fcn\u00fc kesmek ve Kerk\u00fck ihanetinin ikinci a\u015famas\u0131n\u0131 ger\u00e7ekle\u015ftirmek istiyorlar. \u015easiwar Abdullwehid\u2019in liderli\u011fini yapt\u0131\u011f\u0131 bu ihanet plan\u0131 K\u00fcrt halk\u0131 taraf\u0131ndan de\u015fifre edilmi\u015ftir. G\u00fcney K\u00fcrdistan halk\u0131 Kerk\u00fck \u0130hanetinden sonra bu t\u00fcr planlara asla yol vermeyecektir.<\/span><\/h3>\n","protected":false},"excerpt":{"rendered":"<p>Birinci B\u00f6l\u00fcm G\u00fcney K\u00fcrdistan\u2019da fakir ve yoksul halk\u0131n omuzlar\u0131 \u00fczerinden bir t\u00fcccar \u00e7e\u015fidi t\u00fcremi\u015f. Bu t\u00fcccar g\u00fcruh g\u00fcney K\u00fcrdistan\u2019\u0131n yasalar\u0131n\u0131 ve Dai\u015f sava\u015f\u0131 d\u00f6nemini kendilerine f\u0131rsat bilip bireysel \u00e7\u0131kar avc\u0131l\u0131\u011f\u0131na giri\u015fmi\u015flerdir. Ba\u015fka bir ifade ile \u201c bu t\u00fcccar tak\u0131m\u0131 halk\u0131n \u00fcz\u00fcnt\u00fc ve s\u0131k\u0131nt\u0131lar\u0131n\u0131 istismar ederek, h\u00fck\u00fcmete kar\u015f\u0131 kullanmay\u0131 ama\u00e7lamaktad\u0131rlar\u201d Darka mazi\u2019nin g\u00fcney K\u00fcrdistan\u2019daki haber kaynaklar\u0131n\u0131n [&hellip;]<\/p>\n","protected":false},"author":2,"featured_media":1008605,"comment_status":"closed","ping_status":"closed","sticky":false,"template":"","format":"standard","meta":{"footnotes":""},"categories":[3],"tags":[31],"class_list":["post-1008604","post","type-post","status-publish","format-standard","has-post-thumbnail","hentry","category-kurdistan","tag-onemli"],"blocksy_meta":[],"seo_head":"<!-- This site is optimized with the Yoast SEO plugin v27.5 - https:\/\/yoast.com\/product\/yoast-seo-wordpress\/ -->\n<title>\u015eAS\u0130WAR ABD\u0130LWAH\u0130D: \u201cHALKIN PARASINDAN SONRA HALKIN BA\u015eINI YEMEYE BA\u015eLADI\u201d - Darka Mazi<\/title>\n<meta name=\"robots\" content=\"index, follow, max-snippet:-1, max-image-preview:large, max-video-preview:-1\" \/>\n<link rel=\"canonical\" href=\"https:\/\/darkamazi.site\/archives\/1008604\" \/>\n<meta property=\"og:locale\" content=\"en_US\" \/>\n<meta property=\"og:type\" content=\"article\" \/>\n<meta property=\"og:title\" content=\"\u015eAS\u0130WAR ABD\u0130LWAH\u0130D: \u201cHALKIN PARASINDAN SONRA HALKIN BA\u015eINI YEMEYE BA\u015eLADI\u201d - Darka Mazi\" \/>\n<meta property=\"og:description\" content=\"Birinci B\u00f6l\u00fcm G\u00fcney K\u00fcrdistan\u2019da fakir ve yoksul halk\u0131n omuzlar\u0131 \u00fczerinden bir t\u00fcccar \u00e7e\u015fidi t\u00fcremi\u015f. Bu t\u00fcccar g\u00fcruh g\u00fcney K\u00fcrdistan\u2019\u0131n yasalar\u0131n\u0131 ve Dai\u015f sava\u015f\u0131 d\u00f6nemini kendilerine f\u0131rsat bilip bireysel \u00e7\u0131kar avc\u0131l\u0131\u011f\u0131na giri\u015fmi\u015flerdir. Ba\u015fka bir ifade ile \u201c bu t\u00fcccar tak\u0131m\u0131 halk\u0131n \u00fcz\u00fcnt\u00fc ve s\u0131k\u0131nt\u0131lar\u0131n\u0131 istismar ederek, h\u00fck\u00fcmete kar\u015f\u0131 kullanmay\u0131 ama\u00e7lamaktad\u0131rlar\u201d Darka mazi\u2019nin g\u00fcney K\u00fcrdistan\u2019daki haber kaynaklar\u0131n\u0131n [&hellip;]\" \/>\n<meta property=\"og:url\" content=\"https:\/\/darkamazi.site\/archives\/1008604\" \/>\n<meta property=\"og:site_name\" content=\"Darka Mazi\" \/>\n<meta property=\"article:publisher\" content=\"https:\/\/www.facebook.com\/DarkaMaziturkce\" \/>\n<meta property=\"article:published_time\" content=\"2020-02-21T14:48:08+00:00\" \/>\n<meta property=\"article:modified_time\" content=\"2026-03-31T13:45:01+00:00\" \/>\n<meta property=\"og:image\" content=\"https:\/\/darkamazi.site\/file\/2020\/02\/Shaswar_Abdulwahid-2-1.jpg\" \/>\n\t<meta property=\"og:image:width\" content=\"950\" \/>\n\t<meta property=\"og:image:height\" content=\"541\" \/>\n\t<meta property=\"og:image:type\" content=\"image\/jpeg\" \/>\n<meta name=\"author\" content=\"darka mazi\" \/>\n<meta name=\"twitter:card\" content=\"summary_large_image\" \/>\n<meta name=\"twitter:creator\" content=\"@DarkaMaziTurkce\" \/>\n<meta name=\"twitter:site\" content=\"@DarkaMaziTurkce\" \/>\n<meta name=\"twitter:label1\" content=\"Written by\" \/>\n\t<meta name=\"twitter:data1\" content=\"darka mazi\" \/>\n\t<meta name=\"twitter:label2\" content=\"Est. reading time\" \/>\n\t<meta name=\"twitter:data2\" content=\"7 minutes\" \/>\n<script type=\"application\/ld+json\" class=\"seo-schema-graph\">{\"@context\":\"https:\\\/\\\/schema.org\",\"@graph\":[{\"@type\":\"NewsArticle\",\"@id\":\"https:\\\/\\\/darkamazi.site\\\/archives\\\/1008604#article\",\"isPartOf\":{\"@id\":\"https:\\\/\\\/darkamazi.site\\\/archives\\\/1008604\"},\"author\":{\"name\":\"darka mazi\",\"@id\":\"https:\\\/\\\/darkamazi.site\\\/#\\\/schema\\\/person\\\/67986a95ac546c16760365877ef4a9d3\"},\"headline\":\"\u015eAS\u0130WAR ABD\u0130LWAH\u0130D: \u201cHALKIN PARASINDAN SONRA HALKIN BA\u015eINI YEMEYE BA\u015eLADI\u201d\",\"datePublished\":\"2020-02-21T14:48:08+00:00\",\"dateModified\":\"2026-03-31T13:45:01+00:00\",\"mainEntityOfPage\":{\"@id\":\"https:\\\/\\\/darkamazi.site\\\/archives\\\/1008604\"},\"wordCount\":1452,\"publisher\":{\"@id\":\"https:\\\/\\\/darkamazi.site\\\/#organization\"},\"image\":{\"@id\":\"https:\\\/\\\/darkamazi.site\\\/archives\\\/1008604#primaryimage\"},\"thumbnailUrl\":\"https:\\\/\\\/darkamazi.site\\\/darka-content\\\/uploads\\\/2020\\\/02\\\/Shaswar_Abdulwahid-2-1.jpg\",\"keywords\":[\"\u00f6nemli\"],\"articleSection\":[\"Kurdistan\"],\"inLanguage\":\"en-US\"},{\"@type\":\"WebPage\",\"@id\":\"https:\\\/\\\/darkamazi.site\\\/archives\\\/1008604\",\"url\":\"https:\\\/\\\/darkamazi.site\\\/archives\\\/1008604\",\"name\":\"\u015eAS\u0130WAR ABD\u0130LWAH\u0130D: \u201cHALKIN PARASINDAN SONRA HALKIN BA\u015eINI YEMEYE BA\u015eLADI\u201d - Darka Mazi\",\"isPartOf\":{\"@id\":\"https:\\\/\\\/darkamazi.site\\\/#website\"},\"primaryImageOfPage\":{\"@id\":\"https:\\\/\\\/darkamazi.site\\\/archives\\\/1008604#primaryimage\"},\"image\":{\"@id\":\"https:\\\/\\\/darkamazi.site\\\/archives\\\/1008604#primaryimage\"},\"thumbnailUrl\":\"https:\\\/\\\/darkamazi.site\\\/darka-content\\\/uploads\\\/2020\\\/02\\\/Shaswar_Abdulwahid-2-1.jpg\",\"datePublished\":\"2020-02-21T14:48:08+00:00\",\"dateModified\":\"2026-03-31T13:45:01+00:00\",\"breadcrumb\":{\"@id\":\"https:\\\/\\\/darkamazi.site\\\/archives\\\/1008604#breadcrumb\"},\"inLanguage\":\"en-US\",\"potentialAction\":[{\"@type\":\"ReadAction\",\"target\":[\"https:\\\/\\\/darkamazi.site\\\/archives\\\/1008604\"]}]},{\"@type\":\"ImageObject\",\"inLanguage\":\"en-US\",\"@id\":\"https:\\\/\\\/darkamazi.site\\\/archives\\\/1008604#primaryimage\",\"url\":\"https:\\\/\\\/darkamazi.site\\\/darka-content\\\/uploads\\\/2020\\\/02\\\/Shaswar_Abdulwahid-2-1.jpg\",\"contentUrl\":\"https:\\\/\\\/darkamazi.site\\\/darka-content\\\/uploads\\\/2020\\\/02\\\/Shaswar_Abdulwahid-2-1.jpg\",\"width\":950,\"height\":541,\"caption\":\"\u015eAS\u0130WAR ABD\u0130LWAH\u0130D: \u201cHALKIN PARASINDAN SONRA HALKIN BA\u015eINI YEMEYE BA\u015eLADI\u201d\"},{\"@type\":\"BreadcrumbList\",\"@id\":\"https:\\\/\\\/darkamazi.site\\\/archives\\\/1008604#breadcrumb\",\"itemListElement\":[{\"@type\":\"ListItem\",\"position\":1,\"name\":\"Home\",\"item\":\"https:\\\/\\\/darkamazi.site\\\/\"},{\"@type\":\"ListItem\",\"position\":2,\"name\":\"\u015eAS\u0130WAR ABD\u0130LWAH\u0130D: \u201cHALKIN PARASINDAN SONRA HALKIN BA\u015eINI YEMEYE BA\u015eLADI\u201d\"}]},{\"@type\":\"WebSite\",\"@id\":\"https:\\\/\\\/darkamazi.site\\\/#website\",\"url\":\"https:\\\/\\\/darkamazi.site\\\/\",\"name\":\"Darka Mazi\",\"description\":\"Ana Sayfa\",\"publisher\":{\"@id\":\"https:\\\/\\\/darkamazi.site\\\/#organization\"},\"potentialAction\":[{\"@type\":\"SearchAction\",\"target\":{\"@type\":\"EntryPoint\",\"urlTemplate\":\"https:\\\/\\\/darkamazi.site\\\/?s={search_term_string}\"},\"query-input\":{\"@type\":\"PropertyValueSpecification\",\"valueRequired\":true,\"valueName\":\"search_term_string\"}}],\"inLanguage\":\"en-US\"},{\"@type\":\"Organization\",\"@id\":\"https:\\\/\\\/darkamazi.site\\\/#organization\",\"name\":\"Darka Mazi T\u00fcrk\u00e7e\",\"alternateName\":\"Darka Mazi\",\"url\":\"https:\\\/\\\/darkamazi.site\\\/\",\"logo\":{\"@type\":\"ImageObject\",\"inLanguage\":\"en-US\",\"@id\":\"https:\\\/\\\/darkamazi.site\\\/#\\\/schema\\\/logo\\\/image\\\/\",\"url\":\"https:\\\/\\\/darkamazi.site\\\/darka-content\\\/uploads\\\/2017\\\/12\\\/darka-mazi-logo.png\",\"contentUrl\":\"https:\\\/\\\/darkamazi.site\\\/darka-content\\\/uploads\\\/2017\\\/12\\\/darka-mazi-logo.png\",\"width\":151,\"height\":75,\"caption\":\"Darka Mazi T\u00fcrk\u00e7e\"},\"image\":{\"@id\":\"https:\\\/\\\/darkamazi.site\\\/#\\\/schema\\\/logo\\\/image\\\/\"},\"sameAs\":[\"https:\\\/\\\/www.facebook.com\\\/DarkaMaziturkce\",\"https:\\\/\\\/x.com\\\/DarkaMaziTurkce\"]},{\"@type\":\"Person\",\"@id\":\"https:\\\/\\\/darkamazi.site\\\/#\\\/schema\\\/person\\\/67986a95ac546c16760365877ef4a9d3\",\"name\":\"darka mazi\",\"sameAs\":[\"https:\\\/\\\/darkamazi.site\"],\"url\":\"https:\\\/\\\/darkamazi.site\\\/archives\\\/author\\\/turkish\"}]}<\/script>\n<!-- \/ Yoast SEO plugin. -->","seo_head_json":{"title":"\u015eAS\u0130WAR ABD\u0130LWAH\u0130D: \u201cHALKIN PARASINDAN SONRA HALKIN BA\u015eINI YEMEYE BA\u015eLADI\u201d - Darka Mazi","robots":{"index":"index","follow":"follow","max-snippet":"max-snippet:-1","max-image-preview":"max-image-preview:large","max-video-preview":"max-video-preview:-1"},"canonical":"https:\/\/darkamazi.site\/archives\/1008604","og_locale":"en_US","og_type":"article","og_title":"\u015eAS\u0130WAR ABD\u0130LWAH\u0130D: \u201cHALKIN PARASINDAN SONRA HALKIN BA\u015eINI YEMEYE BA\u015eLADI\u201d - Darka Mazi","og_description":"Birinci B\u00f6l\u00fcm G\u00fcney K\u00fcrdistan\u2019da fakir ve yoksul halk\u0131n omuzlar\u0131 \u00fczerinden bir t\u00fcccar \u00e7e\u015fidi t\u00fcremi\u015f. Bu t\u00fcccar g\u00fcruh g\u00fcney K\u00fcrdistan\u2019\u0131n yasalar\u0131n\u0131 ve Dai\u015f sava\u015f\u0131 d\u00f6nemini kendilerine f\u0131rsat bilip bireysel \u00e7\u0131kar avc\u0131l\u0131\u011f\u0131na giri\u015fmi\u015flerdir. Ba\u015fka bir ifade ile \u201c bu t\u00fcccar tak\u0131m\u0131 halk\u0131n \u00fcz\u00fcnt\u00fc ve s\u0131k\u0131nt\u0131lar\u0131n\u0131 istismar ederek, h\u00fck\u00fcmete kar\u015f\u0131 kullanmay\u0131 ama\u00e7lamaktad\u0131rlar\u201d Darka mazi\u2019nin g\u00fcney K\u00fcrdistan\u2019daki haber kaynaklar\u0131n\u0131n [&hellip;]","og_url":"https:\/\/darkamazi.site\/archives\/1008604","og_site_name":"Darka Mazi","article_publisher":"https:\/\/www.facebook.com\/DarkaMaziturkce","article_published_time":"2020-02-21T14:48:08+00:00","article_modified_time":"2026-03-31T13:45:01+00:00","og_image":[{"width":950,"height":541,"url":"https:\/\/darkamazi.site\/file\/2020\/02\/Shaswar_Abdulwahid-2-1.jpg","type":"image\/jpeg"}],"author":"darka mazi","twitter_card":"summary_large_image","twitter_creator":"@DarkaMaziTurkce","twitter_site":"@DarkaMaziTurkce","twitter_misc":{"Written by":"darka mazi","Est. reading time":"7 minutes"},"schema":{"@context":"https:\/\/schema.org","@graph":[{"@type":"NewsArticle","@id":"https:\/\/darkamazi.site\/archives\/1008604#article","isPartOf":{"@id":"https:\/\/darkamazi.site\/archives\/1008604"},"author":{"name":"darka mazi","@id":"https:\/\/darkamazi.site\/#\/schema\/person\/67986a95ac546c16760365877ef4a9d3"},"headline":"\u015eAS\u0130WAR ABD\u0130LWAH\u0130D: \u201cHALKIN PARASINDAN SONRA HALKIN BA\u015eINI YEMEYE BA\u015eLADI\u201d","datePublished":"2020-02-21T14:48:08+00:00","dateModified":"2026-03-31T13:45:01+00:00","mainEntityOfPage":{"@id":"https:\/\/darkamazi.site\/archives\/1008604"},"wordCount":1452,"publisher":{"@id":"https:\/\/darkamazi.site\/#organization"},"image":{"@id":"https:\/\/darkamazi.site\/archives\/1008604#primaryimage"},"thumbnailUrl":"https:\/\/darkamazi.site\/file\/2020\/02\/Shaswar_Abdulwahid-2-1.jpg","keywords":["\u00f6nemli"],"articleSection":["Kurdistan"],"inLanguage":"en-US"},{"@type":"WebPage","@id":"https:\/\/darkamazi.site\/archives\/1008604","url":"https:\/\/darkamazi.site\/archives\/1008604","name":"\u015eAS\u0130WAR ABD\u0130LWAH\u0130D: \u201cHALKIN PARASINDAN SONRA HALKIN BA\u015eINI YEMEYE BA\u015eLADI\u201d - Darka Mazi","isPartOf":{"@id":"https:\/\/darkamazi.site\/#website"},"primaryImageOfPage":{"@id":"https:\/\/darkamazi.site\/archives\/1008604#primaryimage"},"image":{"@id":"https:\/\/darkamazi.site\/archives\/1008604#primaryimage"},"thumbnailUrl":"https:\/\/darkamazi.site\/file\/2020\/02\/Shaswar_Abdulwahid-2-1.jpg","datePublished":"2020-02-21T14:48:08+00:00","dateModified":"2026-03-31T13:45:01+00:00","breadcrumb":{"@id":"https:\/\/darkamazi.site\/archives\/1008604#breadcrumb"},"inLanguage":"en-US","potentialAction":[{"@type":"ReadAction","target":["https:\/\/darkamazi.site\/archives\/1008604"]}]},{"@type":"ImageObject","inLanguage":"en-US","@id":"https:\/\/darkamazi.site\/archives\/1008604#primaryimage","url":"https:\/\/darkamazi.site\/file\/2020\/02\/Shaswar_Abdulwahid-2-1.jpg","contentUrl":"https:\/\/darkamazi.site\/file\/2020\/02\/Shaswar_Abdulwahid-2-1.jpg","width":950,"height":541,"caption":"\u015eAS\u0130WAR ABD\u0130LWAH\u0130D: \u201cHALKIN PARASINDAN SONRA HALKIN BA\u015eINI YEMEYE BA\u015eLADI\u201d"},{"@type":"BreadcrumbList","@id":"https:\/\/darkamazi.site\/archives\/1008604#breadcrumb","itemListElement":[{"@type":"ListItem","position":1,"name":"Home","item":"https:\/\/darkamazi.site\/"},{"@type":"ListItem","position":2,"name":"\u015eAS\u0130WAR ABD\u0130LWAH\u0130D: \u201cHALKIN PARASINDAN SONRA HALKIN BA\u015eINI YEMEYE BA\u015eLADI\u201d"}]},{"@type":"WebSite","@id":"https:\/\/darkamazi.site\/#website","url":"https:\/\/darkamazi.site\/","name":"Darka Mazi","description":"Ana Sayfa","publisher":{"@id":"https:\/\/darkamazi.site\/#organization"},"potentialAction":[{"@type":"SearchAction","target":{"@type":"EntryPoint","urlTemplate":"https:\/\/darkamazi.site\/?s={search_term_string}"},"query-input":{"@type":"PropertyValueSpecification","valueRequired":true,"valueName":"search_term_string"}}],"inLanguage":"en-US"},{"@type":"Organization","@id":"https:\/\/darkamazi.site\/#organization","name":"Darka Mazi T\u00fcrk\u00e7e","alternateName":"Darka Mazi","url":"https:\/\/darkamazi.site\/","logo":{"@type":"ImageObject","inLanguage":"en-US","@id":"https:\/\/darkamazi.site\/#\/schema\/logo\/image\/","url":"https:\/\/darkamazi.site\/file\/2017\/12\/darka-mazi-logo.png","contentUrl":"https:\/\/darkamazi.site\/file\/2017\/12\/darka-mazi-logo.png","width":151,"height":75,"caption":"Darka Mazi T\u00fcrk\u00e7e"},"image":{"@id":"https:\/\/darkamazi.site\/#\/schema\/logo\/image\/"},"sameAs":["https:\/\/www.facebook.com\/DarkaMaziturkce","https:\/\/x.com\/DarkaMaziTurkce"]},{"@type":"Person","@id":"https:\/\/darkamazi.site\/#\/schema\/person\/67986a95ac546c16760365877ef4a9d3","name":"darka mazi","sameAs":["https:\/\/darkamazi.site"],"url":"https:\/\/darkamazi.site\/archives\/author\/turkish"}]}},"_links":{"self":[{"href":"https:\/\/darkamazi.site\/funavuv\/wp\/v2\/posts\/1008604","targetHints":{"allow":["GET"]}}],"collection":[{"href":"https:\/\/darkamazi.site\/funavuv\/wp\/v2\/posts"}],"about":[{"href":"https:\/\/darkamazi.site\/funavuv\/wp\/v2\/types\/post"}],"author":[{"embeddable":true,"href":"https:\/\/darkamazi.site\/funavuv\/wp\/v2\/users\/2"}],"replies":[{"embeddable":true,"href":"https:\/\/darkamazi.site\/funavuv\/wp\/v2\/comments?post=1008604"}],"version-history":[{"count":0,"href":"https:\/\/darkamazi.site\/funavuv\/wp\/v2\/posts\/1008604\/revisions"}],"wp:featuredmedia":[{"embeddable":true,"href":"https:\/\/darkamazi.site\/funavuv\/wp\/v2\/media\/1008605"}],"wp:attachment":[{"href":"https:\/\/darkamazi.site\/funavuv\/wp\/v2\/media?parent=1008604"}],"wp:term":[{"taxonomy":"category","embeddable":true,"href":"https:\/\/darkamazi.site\/funavuv\/wp\/v2\/categories?post=1008604"},{"taxonomy":"post_tag","embeddable":true,"href":"https:\/\/darkamazi.site\/funavuv\/wp\/v2\/tags?post=1008604"}],"curies":[{"name":"wp","href":"https:\/\/api.w.org\/{rel}","templated":true}]}}