{"id":1008609,"date":"2020-02-21T19:19:06","date_gmt":"2020-02-21T16:19:06","guid":{"rendered":"https:\/\/darkamazi.site\/?p=1008609"},"modified":"2026-03-31T16:45:01","modified_gmt":"2026-03-31T13:45:01","slug":"sanider-magarasinda-neandertallerin-olulerini-cicekle-gomdugune-dair-yeni-kanitlar-ortaya-cikti","status":"publish","type":"post","link":"https:\/\/darkamazi.site\/archives\/1008609","title":{"rendered":"\u015ean\u00eeder Ma\u011faras\u0131nda Neandertallerin \u00f6l\u00fclerini \u00e7i\u00e7ekle g\u00f6md\u00fc\u011f\u00fcne dair yeni kan\u0131tlar ortaya \u00e7\u0131kt\u0131"},"content":{"rendered":"<h3 style=\"text-align: justify\"><span style=\"font-family: 'arial black', sans-serif\">Yeti\u015fkin Neandertal iskeletinin bir k\u0131sm\u0131 bilerek olu\u015fturuldu\u011funu d\u00fc\u015f\u00fcnd\u00fcrecek bir mezar i\u00e7inde bulundu.<\/span><\/h3>\n<h3 style=\"text-align: justify\">Irak K\u00fcrdistan B\u00f6lgesel Y\u00f6netimi s\u0131n\u0131rlar\u0131 i\u00e7inde\u00a0ger\u00e7ekle\u015ftirilen kaz\u0131yla <a href=\"https:\/\/www.independentturkish.com\/tags\/neandertal\">Neandertallerin<\/a> \u00f6l\u00fclerini bilerek g\u00f6md\u00fc\u011f\u00fcne y\u00f6nelik uzun s\u00fcredir devam eden tart\u0131\u015fma nihayete ermi\u015f g\u00f6r\u00fcn\u00fcyor.<\/h3>\n<h3 style=\"text-align: justify\">Antiquity isimli bilimsel yay\u0131nda yay\u0131mlanan raporda, \u015eanidar Ma\u011faras\u0131\u2019n\u0131n bulundu\u011fu b\u00f6lgede ger\u00e7ekle\u015ftirilen kaz\u0131da \u00e7\u0131kar\u0131lan <a href=\"https:\/\/www.independentturkish.com\/tags\/fosil\">fosiller<\/a> ve etraf\u0131ndaki tortunun incelenmesinin bedenin ba\u015fka birinin kazd\u0131\u011f\u0131 \u00e7ok derin olmayan bir \u00e7ukurun i\u00e7ine yerle\u015ftirildi\u011fine i\u015faret etti\u011fi belirtildi.<\/h3>\n<h3 style=\"text-align: justify\">Neandertallerin \u00f6l\u00fclerini g\u00f6md\u00fc\u011f\u00fcne y\u00f6nelik ilk ke\u015fif Ralph Solecki\u2019nin 1950\u2019lerde ve 1960\u2019larda Irak\u2019\u0131n kuzeyinde ger\u00e7ekle\u015ftirilen kaz\u0131da ortaya \u00e7\u0131kar\u0131lm\u0131\u015ft\u0131. Bu kaz\u0131larda ortaya \u00e7\u0131kar\u0131lan 10 Neandertal kal\u0131nt\u0131s\u0131n\u0131n ve bedenler \u00fczerinde da\u011f\u0131lm\u0131\u015f \u00e7i\u00e7eklerin cenaze rit\u00fcellerine i\u015faret etti\u011fi belirtilmi\u015fti.<\/h3>\n<h3 style=\"text-align: justify\">Science News&#8217;un <a href=\"https:\/\/www.sciencenews.org\/article\/new-cave-fossils-have-revived-debate-over-neandertal-burials\">haberine<\/a> g\u00f6re genelde Homo sapiens\u2019le ili\u015fkilendirilen \u00f6l\u00fcy\u00fc g\u00f6mme davran\u0131\u015f\u0131 topluluk \u00fcyelerine kar\u015f\u0131 \u015fevkat, \u00f6zen ve \u00f6l\u00fclerin ard\u0131ndan tutulan yasa veya belki de \u00f6l\u00fcmden sonra ya\u015fama olan inanca i\u015faret ediyor.<\/h3>\n<h3 style=\"text-align: justify\">E\u011fer Solecki&#8217;nin daha \u00f6nce ortaya att\u0131\u011f\u0131 fikir do\u011fruysa, Neandertaller yine \u00e7o\u011funlukla Homo sapiens\u2019lere atfedilen ma\u011fara resimleri gibi pek \u00e7ok sembolik aktivite ger\u00e7ekle\u015ftirmi\u015f olabilir.<\/h3>\n<h3 style=\"text-align: justify\">Fakat Solecki\u2019yi ele\u015ftirenler, \u015eanidar Ma\u011faras\u0131\u2019ndaki Neandertallerin do\u011fal s\u00fcre\u00e7ler v\u00fccutlar\u0131n\u0131 toprak ve bitkilerle \u00f6rtmeden \u00f6nce d\u00fc\u015fen kayalarla \u00f6lm\u00fc\u015f olabilece\u011fini \u00f6ne s\u00fcrm\u00fc\u015ft\u00fc.<\/h3>\n<h3 style=\"text-align: justify\">Ara\u015ft\u0131rman\u0131n yazarlar\u0131ndan Cambridge \u00dcniversitesi\u2019nde arkeolog Emma Pomeroy, \u201c\u015eanidar\u2019daki bedenlerin en az\u0131ndan baz\u0131lar\u0131n\u0131n bilerek yerle\u015ftirildi\u011fine hayli ikna olduk\u201d ifadelerini kulland\u0131.<\/h3>\n<h3 style=\"text-align: justify\">Pomeroy\u2019un ara\u015ft\u0131rma ekibinin Neandertallerin bilerek g\u00f6m\u00fcld\u00fc\u011f\u00fcne y\u00f6nelik epey bulgu elde etti\u011fi belirtildi. Ekip 2016\u2019da Neandertale ait oldu\u011fu d\u00fc\u015f\u00fcn\u00fclen bir kaburga kemi\u011fi, omurga kemi\u011fi ve s\u0131k\u0131l\u0131 bir sa\u011f el kemi\u011fi ortaya \u00e7\u0131karm\u0131\u015ft\u0131. 2018 ve 2019\u2019da elde edilen ayn\u0131 bedene ait sonraki fosiller, Neandertal \u00f6zellikleri g\u00f6steren d\u00fczle\u015fmi\u015f bir kafatas\u0131n\u0131 i\u00e7eriyordu.<\/h3>\n<h3 style=\"text-align: justify\">Cinsiyeti hen\u00fcz belirlenememi\u015f bireye ait kal\u0131nt\u0131lar\u0131n 60 ila 70 bin y\u0131l \u00f6nce ya\u015fad\u0131\u011f\u0131 tahmin ediliyor.<\/h3>\n<h3 style=\"text-align: justify\">Pomeroy, antik bitkilerin kal\u0131nt\u0131lar\u0131n\u0131n yan\u0131 s\u0131ra baz\u0131 polenlerin de fosillerin bulundu\u011fu tortunun yak\u0131nlar\u0131nda bulundu\u011fu s\u00f6yledi. \u0130leriki ara\u015ft\u0131rmalar hangi bitki t\u00fcrlerinin oldu\u011funu ortaya koyacak ve \u00e7i\u00e7ekleri Neandertallerin getirip getirmedi\u011fi\u00a0belirlenecek.<\/h3>\n<h3 style=\"text-align: justify\">Independent T\u00fcrk\u00e7e, Science News<\/h3>\n","protected":false},"excerpt":{"rendered":"<p>Yeti\u015fkin Neandertal iskeletinin bir k\u0131sm\u0131 bilerek olu\u015fturuldu\u011funu d\u00fc\u015f\u00fcnd\u00fcrecek bir mezar i\u00e7inde bulundu. Irak K\u00fcrdistan B\u00f6lgesel Y\u00f6netimi s\u0131n\u0131rlar\u0131 i\u00e7inde\u00a0ger\u00e7ekle\u015ftirilen kaz\u0131yla Neandertallerin \u00f6l\u00fclerini bilerek g\u00f6md\u00fc\u011f\u00fcne y\u00f6nelik uzun s\u00fcredir devam eden tart\u0131\u015fma nihayete ermi\u015f g\u00f6r\u00fcn\u00fcyor. Antiquity isimli bilimsel yay\u0131nda yay\u0131mlanan raporda, \u015eanidar Ma\u011faras\u0131\u2019n\u0131n bulundu\u011fu b\u00f6lgede ger\u00e7ekle\u015ftirilen kaz\u0131da \u00e7\u0131kar\u0131lan fosiller ve etraf\u0131ndaki tortunun incelenmesinin bedenin ba\u015fka birinin kazd\u0131\u011f\u0131 \u00e7ok [&hellip;]<\/p>\n","protected":false},"author":2,"featured_media":1008610,"comment_status":"closed","ping_status":"closed","sticky":false,"template":"","format":"standard","meta":{"footnotes":""},"categories":[3],"tags":[],"class_list":["post-1008609","post","type-post","status-publish","format-standard","has-post-thumbnail","hentry","category-kurdistan"],"blocksy_meta":[],"seo_head":"<!-- This site is optimized with the Yoast SEO plugin v27.5 - https:\/\/yoast.com\/product\/yoast-seo-wordpress\/ -->\n<title>\u015ean\u00eeder Ma\u011faras\u0131nda Neandertallerin \u00f6l\u00fclerini \u00e7i\u00e7ekle g\u00f6md\u00fc\u011f\u00fcne dair yeni kan\u0131tlar ortaya \u00e7\u0131kt\u0131 - Darka Mazi<\/title>\n<meta name=\"robots\" content=\"index, follow, max-snippet:-1, max-image-preview:large, max-video-preview:-1\" \/>\n<link rel=\"canonical\" href=\"https:\/\/darkamazi.site\/archives\/1008609\" \/>\n<meta property=\"og:locale\" content=\"en_US\" \/>\n<meta property=\"og:type\" content=\"article\" \/>\n<meta property=\"og:title\" content=\"\u015ean\u00eeder Ma\u011faras\u0131nda Neandertallerin \u00f6l\u00fclerini \u00e7i\u00e7ekle g\u00f6md\u00fc\u011f\u00fcne dair yeni kan\u0131tlar ortaya \u00e7\u0131kt\u0131 - Darka Mazi\" \/>\n<meta property=\"og:description\" content=\"Yeti\u015fkin Neandertal iskeletinin bir k\u0131sm\u0131 bilerek olu\u015fturuldu\u011funu d\u00fc\u015f\u00fcnd\u00fcrecek bir mezar i\u00e7inde bulundu. Irak K\u00fcrdistan B\u00f6lgesel Y\u00f6netimi s\u0131n\u0131rlar\u0131 i\u00e7inde\u00a0ger\u00e7ekle\u015ftirilen kaz\u0131yla Neandertallerin \u00f6l\u00fclerini bilerek g\u00f6md\u00fc\u011f\u00fcne y\u00f6nelik uzun s\u00fcredir devam eden tart\u0131\u015fma nihayete ermi\u015f g\u00f6r\u00fcn\u00fcyor. Antiquity isimli bilimsel yay\u0131nda yay\u0131mlanan raporda, \u015eanidar Ma\u011faras\u0131\u2019n\u0131n bulundu\u011fu b\u00f6lgede ger\u00e7ekle\u015ftirilen kaz\u0131da \u00e7\u0131kar\u0131lan fosiller ve etraf\u0131ndaki tortunun incelenmesinin bedenin ba\u015fka birinin kazd\u0131\u011f\u0131 \u00e7ok [&hellip;]\" \/>\n<meta property=\"og:url\" content=\"https:\/\/darkamazi.site\/archives\/1008609\" \/>\n<meta property=\"og:site_name\" content=\"Darka Mazi\" \/>\n<meta property=\"article:publisher\" content=\"https:\/\/www.facebook.com\/DarkaMaziturkce\" \/>\n<meta property=\"article:published_time\" content=\"2020-02-21T16:19:06+00:00\" \/>\n<meta property=\"article:modified_time\" content=\"2026-03-31T13:45:01+00:00\" \/>\n<meta property=\"og:image\" content=\"https:\/\/darkamazi.site\/file\/2020\/02\/3.jpg\" \/>\n\t<meta property=\"og:image:width\" content=\"267\" \/>\n\t<meta property=\"og:image:height\" content=\"189\" \/>\n\t<meta property=\"og:image:type\" content=\"image\/jpeg\" \/>\n<meta name=\"author\" content=\"darka mazi\" \/>\n<meta name=\"twitter:card\" content=\"summary_large_image\" \/>\n<meta name=\"twitter:creator\" content=\"@DarkaMaziTurkce\" \/>\n<meta name=\"twitter:site\" content=\"@DarkaMaziTurkce\" \/>\n<meta name=\"twitter:label1\" content=\"Written by\" \/>\n\t<meta name=\"twitter:data1\" content=\"darka mazi\" \/>\n\t<meta name=\"twitter:label2\" content=\"Est. reading time\" \/>\n\t<meta name=\"twitter:data2\" content=\"2 minutes\" \/>\n<script type=\"application\/ld+json\" class=\"seo-schema-graph\">{\"@context\":\"https:\\\/\\\/schema.org\",\"@graph\":[{\"@type\":\"NewsArticle\",\"@id\":\"https:\\\/\\\/darkamazi.site\\\/archives\\\/1008609#article\",\"isPartOf\":{\"@id\":\"https:\\\/\\\/darkamazi.site\\\/archives\\\/1008609\"},\"author\":{\"name\":\"darka mazi\",\"@id\":\"https:\\\/\\\/darkamazi.site\\\/#\\\/schema\\\/person\\\/67986a95ac546c16760365877ef4a9d3\"},\"headline\":\"\u015ean\u00eeder Ma\u011faras\u0131nda Neandertallerin \u00f6l\u00fclerini \u00e7i\u00e7ekle g\u00f6md\u00fc\u011f\u00fcne dair yeni kan\u0131tlar ortaya \u00e7\u0131kt\u0131\",\"datePublished\":\"2020-02-21T16:19:06+00:00\",\"dateModified\":\"2026-03-31T13:45:01+00:00\",\"mainEntityOfPage\":{\"@id\":\"https:\\\/\\\/darkamazi.site\\\/archives\\\/1008609\"},\"wordCount\":460,\"publisher\":{\"@id\":\"https:\\\/\\\/darkamazi.site\\\/#organization\"},\"image\":{\"@id\":\"https:\\\/\\\/darkamazi.site\\\/archives\\\/1008609#primaryimage\"},\"thumbnailUrl\":\"https:\\\/\\\/darkamazi.site\\\/darka-content\\\/uploads\\\/2020\\\/02\\\/3.jpg\",\"articleSection\":[\"Kurdistan\"],\"inLanguage\":\"en-US\"},{\"@type\":\"WebPage\",\"@id\":\"https:\\\/\\\/darkamazi.site\\\/archives\\\/1008609\",\"url\":\"https:\\\/\\\/darkamazi.site\\\/archives\\\/1008609\",\"name\":\"\u015ean\u00eeder Ma\u011faras\u0131nda Neandertallerin \u00f6l\u00fclerini \u00e7i\u00e7ekle g\u00f6md\u00fc\u011f\u00fcne dair yeni kan\u0131tlar ortaya \u00e7\u0131kt\u0131 - Darka Mazi\",\"isPartOf\":{\"@id\":\"https:\\\/\\\/darkamazi.site\\\/#website\"},\"primaryImageOfPage\":{\"@id\":\"https:\\\/\\\/darkamazi.site\\\/archives\\\/1008609#primaryimage\"},\"image\":{\"@id\":\"https:\\\/\\\/darkamazi.site\\\/archives\\\/1008609#primaryimage\"},\"thumbnailUrl\":\"https:\\\/\\\/darkamazi.site\\\/darka-content\\\/uploads\\\/2020\\\/02\\\/3.jpg\",\"datePublished\":\"2020-02-21T16:19:06+00:00\",\"dateModified\":\"2026-03-31T13:45:01+00:00\",\"breadcrumb\":{\"@id\":\"https:\\\/\\\/darkamazi.site\\\/archives\\\/1008609#breadcrumb\"},\"inLanguage\":\"en-US\",\"potentialAction\":[{\"@type\":\"ReadAction\",\"target\":[\"https:\\\/\\\/darkamazi.site\\\/archives\\\/1008609\"]}]},{\"@type\":\"ImageObject\",\"inLanguage\":\"en-US\",\"@id\":\"https:\\\/\\\/darkamazi.site\\\/archives\\\/1008609#primaryimage\",\"url\":\"https:\\\/\\\/darkamazi.site\\\/darka-content\\\/uploads\\\/2020\\\/02\\\/3.jpg\",\"contentUrl\":\"https:\\\/\\\/darkamazi.site\\\/darka-content\\\/uploads\\\/2020\\\/02\\\/3.jpg\",\"width\":267,\"height\":189,\"caption\":\"\u015ean\u00eeder Ma\u011faras\u0131nda Neandertallerin \u00f6l\u00fclerini \u00e7i\u00e7ekle g\u00f6md\u00fc\u011f\u00fcne dair yeni kan\u0131tlar ortaya \u00e7\u0131kt\u0131\"},{\"@type\":\"BreadcrumbList\",\"@id\":\"https:\\\/\\\/darkamazi.site\\\/archives\\\/1008609#breadcrumb\",\"itemListElement\":[{\"@type\":\"ListItem\",\"position\":1,\"name\":\"Home\",\"item\":\"https:\\\/\\\/darkamazi.site\\\/\"},{\"@type\":\"ListItem\",\"position\":2,\"name\":\"\u015ean\u00eeder Ma\u011faras\u0131nda Neandertallerin \u00f6l\u00fclerini \u00e7i\u00e7ekle g\u00f6md\u00fc\u011f\u00fcne dair yeni kan\u0131tlar ortaya \u00e7\u0131kt\u0131\"}]},{\"@type\":\"WebSite\",\"@id\":\"https:\\\/\\\/darkamazi.site\\\/#website\",\"url\":\"https:\\\/\\\/darkamazi.site\\\/\",\"name\":\"Darka Mazi\",\"description\":\"Ana Sayfa\",\"publisher\":{\"@id\":\"https:\\\/\\\/darkamazi.site\\\/#organization\"},\"potentialAction\":[{\"@type\":\"SearchAction\",\"target\":{\"@type\":\"EntryPoint\",\"urlTemplate\":\"https:\\\/\\\/darkamazi.site\\\/?s={search_term_string}\"},\"query-input\":{\"@type\":\"PropertyValueSpecification\",\"valueRequired\":true,\"valueName\":\"search_term_string\"}}],\"inLanguage\":\"en-US\"},{\"@type\":\"Organization\",\"@id\":\"https:\\\/\\\/darkamazi.site\\\/#organization\",\"name\":\"Darka Mazi T\u00fcrk\u00e7e\",\"alternateName\":\"Darka Mazi\",\"url\":\"https:\\\/\\\/darkamazi.site\\\/\",\"logo\":{\"@type\":\"ImageObject\",\"inLanguage\":\"en-US\",\"@id\":\"https:\\\/\\\/darkamazi.site\\\/#\\\/schema\\\/logo\\\/image\\\/\",\"url\":\"https:\\\/\\\/darkamazi.site\\\/darka-content\\\/uploads\\\/2017\\\/12\\\/darka-mazi-logo.png\",\"contentUrl\":\"https:\\\/\\\/darkamazi.site\\\/darka-content\\\/uploads\\\/2017\\\/12\\\/darka-mazi-logo.png\",\"width\":151,\"height\":75,\"caption\":\"Darka Mazi T\u00fcrk\u00e7e\"},\"image\":{\"@id\":\"https:\\\/\\\/darkamazi.site\\\/#\\\/schema\\\/logo\\\/image\\\/\"},\"sameAs\":[\"https:\\\/\\\/www.facebook.com\\\/DarkaMaziturkce\",\"https:\\\/\\\/x.com\\\/DarkaMaziTurkce\"]},{\"@type\":\"Person\",\"@id\":\"https:\\\/\\\/darkamazi.site\\\/#\\\/schema\\\/person\\\/67986a95ac546c16760365877ef4a9d3\",\"name\":\"darka mazi\",\"sameAs\":[\"https:\\\/\\\/darkamazi.site\"],\"url\":\"https:\\\/\\\/darkamazi.site\\\/archives\\\/author\\\/turkish\"}]}<\/script>\n<!-- \/ Yoast SEO plugin. -->","seo_head_json":{"title":"\u015ean\u00eeder Ma\u011faras\u0131nda Neandertallerin \u00f6l\u00fclerini \u00e7i\u00e7ekle g\u00f6md\u00fc\u011f\u00fcne dair yeni kan\u0131tlar ortaya \u00e7\u0131kt\u0131 - Darka Mazi","robots":{"index":"index","follow":"follow","max-snippet":"max-snippet:-1","max-image-preview":"max-image-preview:large","max-video-preview":"max-video-preview:-1"},"canonical":"https:\/\/darkamazi.site\/archives\/1008609","og_locale":"en_US","og_type":"article","og_title":"\u015ean\u00eeder Ma\u011faras\u0131nda Neandertallerin \u00f6l\u00fclerini \u00e7i\u00e7ekle g\u00f6md\u00fc\u011f\u00fcne dair yeni kan\u0131tlar ortaya \u00e7\u0131kt\u0131 - Darka Mazi","og_description":"Yeti\u015fkin Neandertal iskeletinin bir k\u0131sm\u0131 bilerek olu\u015fturuldu\u011funu d\u00fc\u015f\u00fcnd\u00fcrecek bir mezar i\u00e7inde bulundu. Irak K\u00fcrdistan B\u00f6lgesel Y\u00f6netimi s\u0131n\u0131rlar\u0131 i\u00e7inde\u00a0ger\u00e7ekle\u015ftirilen kaz\u0131yla Neandertallerin \u00f6l\u00fclerini bilerek g\u00f6md\u00fc\u011f\u00fcne y\u00f6nelik uzun s\u00fcredir devam eden tart\u0131\u015fma nihayete ermi\u015f g\u00f6r\u00fcn\u00fcyor. Antiquity isimli bilimsel yay\u0131nda yay\u0131mlanan raporda, \u015eanidar Ma\u011faras\u0131\u2019n\u0131n bulundu\u011fu b\u00f6lgede ger\u00e7ekle\u015ftirilen kaz\u0131da \u00e7\u0131kar\u0131lan fosiller ve etraf\u0131ndaki tortunun incelenmesinin bedenin ba\u015fka birinin kazd\u0131\u011f\u0131 \u00e7ok [&hellip;]","og_url":"https:\/\/darkamazi.site\/archives\/1008609","og_site_name":"Darka Mazi","article_publisher":"https:\/\/www.facebook.com\/DarkaMaziturkce","article_published_time":"2020-02-21T16:19:06+00:00","article_modified_time":"2026-03-31T13:45:01+00:00","og_image":[{"width":267,"height":189,"url":"https:\/\/darkamazi.site\/file\/2020\/02\/3.jpg","type":"image\/jpeg"}],"author":"darka mazi","twitter_card":"summary_large_image","twitter_creator":"@DarkaMaziTurkce","twitter_site":"@DarkaMaziTurkce","twitter_misc":{"Written by":"darka mazi","Est. reading time":"2 minutes"},"schema":{"@context":"https:\/\/schema.org","@graph":[{"@type":"NewsArticle","@id":"https:\/\/darkamazi.site\/archives\/1008609#article","isPartOf":{"@id":"https:\/\/darkamazi.site\/archives\/1008609"},"author":{"name":"darka mazi","@id":"https:\/\/darkamazi.site\/#\/schema\/person\/67986a95ac546c16760365877ef4a9d3"},"headline":"\u015ean\u00eeder Ma\u011faras\u0131nda Neandertallerin \u00f6l\u00fclerini \u00e7i\u00e7ekle g\u00f6md\u00fc\u011f\u00fcne dair yeni kan\u0131tlar ortaya \u00e7\u0131kt\u0131","datePublished":"2020-02-21T16:19:06+00:00","dateModified":"2026-03-31T13:45:01+00:00","mainEntityOfPage":{"@id":"https:\/\/darkamazi.site\/archives\/1008609"},"wordCount":460,"publisher":{"@id":"https:\/\/darkamazi.site\/#organization"},"image":{"@id":"https:\/\/darkamazi.site\/archives\/1008609#primaryimage"},"thumbnailUrl":"https:\/\/darkamazi.site\/file\/2020\/02\/3.jpg","articleSection":["Kurdistan"],"inLanguage":"en-US"},{"@type":"WebPage","@id":"https:\/\/darkamazi.site\/archives\/1008609","url":"https:\/\/darkamazi.site\/archives\/1008609","name":"\u015ean\u00eeder Ma\u011faras\u0131nda Neandertallerin \u00f6l\u00fclerini \u00e7i\u00e7ekle g\u00f6md\u00fc\u011f\u00fcne dair yeni kan\u0131tlar ortaya \u00e7\u0131kt\u0131 - Darka Mazi","isPartOf":{"@id":"https:\/\/darkamazi.site\/#website"},"primaryImageOfPage":{"@id":"https:\/\/darkamazi.site\/archives\/1008609#primaryimage"},"image":{"@id":"https:\/\/darkamazi.site\/archives\/1008609#primaryimage"},"thumbnailUrl":"https:\/\/darkamazi.site\/file\/2020\/02\/3.jpg","datePublished":"2020-02-21T16:19:06+00:00","dateModified":"2026-03-31T13:45:01+00:00","breadcrumb":{"@id":"https:\/\/darkamazi.site\/archives\/1008609#breadcrumb"},"inLanguage":"en-US","potentialAction":[{"@type":"ReadAction","target":["https:\/\/darkamazi.site\/archives\/1008609"]}]},{"@type":"ImageObject","inLanguage":"en-US","@id":"https:\/\/darkamazi.site\/archives\/1008609#primaryimage","url":"https:\/\/darkamazi.site\/file\/2020\/02\/3.jpg","contentUrl":"https:\/\/darkamazi.site\/file\/2020\/02\/3.jpg","width":267,"height":189,"caption":"\u015ean\u00eeder Ma\u011faras\u0131nda Neandertallerin \u00f6l\u00fclerini \u00e7i\u00e7ekle g\u00f6md\u00fc\u011f\u00fcne dair yeni kan\u0131tlar ortaya \u00e7\u0131kt\u0131"},{"@type":"BreadcrumbList","@id":"https:\/\/darkamazi.site\/archives\/1008609#breadcrumb","itemListElement":[{"@type":"ListItem","position":1,"name":"Home","item":"https:\/\/darkamazi.site\/"},{"@type":"ListItem","position":2,"name":"\u015ean\u00eeder Ma\u011faras\u0131nda Neandertallerin \u00f6l\u00fclerini \u00e7i\u00e7ekle g\u00f6md\u00fc\u011f\u00fcne dair yeni kan\u0131tlar ortaya \u00e7\u0131kt\u0131"}]},{"@type":"WebSite","@id":"https:\/\/darkamazi.site\/#website","url":"https:\/\/darkamazi.site\/","name":"Darka Mazi","description":"Ana Sayfa","publisher":{"@id":"https:\/\/darkamazi.site\/#organization"},"potentialAction":[{"@type":"SearchAction","target":{"@type":"EntryPoint","urlTemplate":"https:\/\/darkamazi.site\/?s={search_term_string}"},"query-input":{"@type":"PropertyValueSpecification","valueRequired":true,"valueName":"search_term_string"}}],"inLanguage":"en-US"},{"@type":"Organization","@id":"https:\/\/darkamazi.site\/#organization","name":"Darka Mazi T\u00fcrk\u00e7e","alternateName":"Darka Mazi","url":"https:\/\/darkamazi.site\/","logo":{"@type":"ImageObject","inLanguage":"en-US","@id":"https:\/\/darkamazi.site\/#\/schema\/logo\/image\/","url":"https:\/\/darkamazi.site\/file\/2017\/12\/darka-mazi-logo.png","contentUrl":"https:\/\/darkamazi.site\/file\/2017\/12\/darka-mazi-logo.png","width":151,"height":75,"caption":"Darka Mazi T\u00fcrk\u00e7e"},"image":{"@id":"https:\/\/darkamazi.site\/#\/schema\/logo\/image\/"},"sameAs":["https:\/\/www.facebook.com\/DarkaMaziturkce","https:\/\/x.com\/DarkaMaziTurkce"]},{"@type":"Person","@id":"https:\/\/darkamazi.site\/#\/schema\/person\/67986a95ac546c16760365877ef4a9d3","name":"darka mazi","sameAs":["https:\/\/darkamazi.site"],"url":"https:\/\/darkamazi.site\/archives\/author\/turkish"}]}},"_links":{"self":[{"href":"https:\/\/darkamazi.site\/funavuv\/wp\/v2\/posts\/1008609","targetHints":{"allow":["GET"]}}],"collection":[{"href":"https:\/\/darkamazi.site\/funavuv\/wp\/v2\/posts"}],"about":[{"href":"https:\/\/darkamazi.site\/funavuv\/wp\/v2\/types\/post"}],"author":[{"embeddable":true,"href":"https:\/\/darkamazi.site\/funavuv\/wp\/v2\/users\/2"}],"replies":[{"embeddable":true,"href":"https:\/\/darkamazi.site\/funavuv\/wp\/v2\/comments?post=1008609"}],"version-history":[{"count":0,"href":"https:\/\/darkamazi.site\/funavuv\/wp\/v2\/posts\/1008609\/revisions"}],"wp:featuredmedia":[{"embeddable":true,"href":"https:\/\/darkamazi.site\/funavuv\/wp\/v2\/media\/1008610"}],"wp:attachment":[{"href":"https:\/\/darkamazi.site\/funavuv\/wp\/v2\/media?parent=1008609"}],"wp:term":[{"taxonomy":"category","embeddable":true,"href":"https:\/\/darkamazi.site\/funavuv\/wp\/v2\/categories?post=1008609"},{"taxonomy":"post_tag","embeddable":true,"href":"https:\/\/darkamazi.site\/funavuv\/wp\/v2\/tags?post=1008609"}],"curies":[{"name":"wp","href":"https:\/\/api.w.org\/{rel}","templated":true}]}}