{"id":1008622,"date":"2020-02-23T13:45:05","date_gmt":"2020-02-23T10:45:05","guid":{"rendered":"https:\/\/darkamazi.site\/?p=1008622"},"modified":"2026-03-31T16:45:01","modified_gmt":"2026-03-31T13:45:01","slug":"hdpnin-4uncu-olagan-kongresi-basladi","status":"publish","type":"post","link":"https:\/\/darkamazi.site\/archives\/1008622","title":{"rendered":"HDP&#8217;nin 4&#8217;\u00fcnc\u00fc Ola\u011fan Kongresi ba\u015flad\u0131"},"content":{"rendered":"<h3 class=\"itemTitle\" style=\"text-align: justify\"><\/h3>\n<h3 style=\"text-align: justify\"><span style=\"font-family: 'arial black', sans-serif\">HDP 4. Ola\u011fan Kongresinde konu\u015fan HDP E\u015f Genel Ba\u015fkan\u0131 Sezai Temeli, \u201dEmin olun ki, 21. Y\u00fczy\u0131l K\u00fcrtlerin y\u00fczy\u0131l\u0131 olacak!\u201d dedi. Temelli &#8220;Sayenizde heval Sezai oldum&#8221; diyerek e\u015f ba\u015fkanl\u0131\u011fa veda etti.<\/span><\/h3>\n<h3 style=\"text-align: justify\">Halklar\u0131n Demokratik Partisi\u2019nin (HDP) 4\u2019\u00fcnc\u00fc Ola\u011fan B\u00fcy\u00fck Kongresi Ankara Arena\u2019da yap\u0131l\u0131yor.<\/h3>\n<h3 style=\"text-align: justify\">Kongreye yurti\u00e7inden ve yurtd\u0131\u015f\u0131ndan \u00e7ok say\u0131da ki\u015fi kat\u0131ld\u0131. Kongrede; Tunus, Filistin, \u00dcrd\u00fcn, Fas, K\u0131br\u0131s, \u0130sve\u00e7, Bat\u0131 \u015eeria, Fransa, Gali\u00e7ya, Almanya, Avustralya, L\u00fcbnan, Yunanistan, Bask, M\u0131s\u0131r, \u0130talya, Katalonya, Danimarka, Norve\u00e7, \u0130ngiltere, \u0130sko\u00e7ya, Portekiz, Finlandiya, \u0130svi\u00e7re, \u0130spanya, Ermenistan ve Irak ba\u015fta olmak \u00fczere 28 farkl\u0131 \u00fclkeden konuk kat\u0131ld\u0131. Kongrede, 30\u2019dan fazla siyasi parti temsilcisi, Orta Do\u011fu\u2019dan \u00e7ok say\u0131da kad\u0131n \u00f6rg\u00fct\u00fc bulunuyor. Avrupa Konseyi Parlamenterler Meclisi Birle\u015fik Sol Grup Ba\u015fkan\u0131 Tiny Kox, Avrupa \u00d6zg\u00fcr \u0130ttifak\u0131 Ba\u015fkan\u0131 Lorena Lopez de Lacalle, Avrupa Sosyalistleri Partisi Genel Sekreter Yard\u0131mc\u0131s\u0131 Giacomo Filibeck, Avrupa Parlamentosu Sosyalistler ve Demokratlar Grubu \u00fcyesi Nikos Androulakis kongreye kat\u0131lan isimler aras\u0131nda yer ald\u0131.<\/h3>\n<h3 style=\"text-align: justify\"><strong>&#8216;Demirta\u015f ve Y\u00fcksekda\u011f&#8217;dan mesaj&#8217;<\/strong><\/h3>\n<h3 style=\"text-align: justify\">HDP\u2019nin Kongresi\u2019nde \u00f6nceki d\u00f6nem e\u015f ba\u015fkanlar\u0131 Selahattin Demirta\u015f ve Figen Y\u00fcksekda\u011f\u2019\u0131n mesaj\u0131 okundu. \u201cPartimiz HDP kuruldu\u011fu g\u00fcnden bu yana T\u00fcrkiye halkalar\u0131n\u0131n b\u00fcy\u00fcyen umudu haline geldi\u201d ifadelerine yer verilen mesajda HDP Nuh\u2019un Gemisi\u2019ne benzetildi. \u201cHDP kas\u0131rgan\u0131n, selin tufan\u0131n ortas\u0131nda ayakta kalm\u0131\u015f bir Nuh\u2019un gemisi\u201d ifadelerine yer verilen mesajda \u015funlar kaydedildi:<\/h3>\n<h3 style=\"text-align: justify\">\u201cBu gemi yeni ya\u015fam\u0131 kurmak \u00fczere a\u011f\u0131r a\u011f\u0131r yana\u015f\u0131yor limana. Biliyoruz yolculuk \u00e7ok \u00e7etin ge\u00e7ti. Gemimiz a\u011f\u0131r darbeler ald\u0131. Kaptanlar\u0131m\u0131z, deneyimli m\u00fcrettebat\u0131m\u0131zla birlikte tutukland\u0131. Ne kaptan k\u00f6\u015fk\u00fc bo\u015f kald\u0131 ne de makine dairesi. Nemrud\u2019un partisi \u015fimdiden \u00fc\u00e7 par\u00e7aya b\u00f6l\u00fcnd\u00fc ama Nuh\u2019un gemisi dimdik ayakta. Bu gemiyi in\u015fa edene de y\u00fcr\u00fctene de a\u015fk olsun. \u015eimdi hedef halk\u0131n iktidar\u0131n\u0131 kurmakt\u0131r. Zindanday\u0131z \u015fimdi ama bilin ki y\u00fcre\u011fimiz yang\u0131n yeri. Gen\u00e7ler biz direnmeyi sizden \u00f6\u011frendik. Dik durmay\u0131 sizden kad\u0131nlar, analar. Y\u00fcre\u011fimiz ruhumuz sizlerle. Her birinize ayr\u0131 ayr\u0131 kucak dolusu selamlar\u0131m\u0131z\u0131 g\u00f6nderiyoruz. Yolun a\u00e7\u0131k r\u00fczgar\u0131n bol olsun Halklar\u0131n Demokratik Partisi.\u201d<\/h3>\n<h3 style=\"text-align: justify\"><strong>3 partiye davetiye g\u00f6nderilmedi\u00a0<\/strong><\/h3>\n<h3 style=\"text-align: justify\">AK Parti, MHP ve BBP haricinde t\u00fcm siyasi partilere kongre i\u00e7in davetiye g\u00f6nderildi. CHP Genel Ba\u015fkan Yard\u0131mc\u0131s\u0131 Aykut Erdo\u011fdu, T\u0130P Genel Ba\u015fkan\u0131 Erkan Ba\u015f, DBP E\u015f Ba\u015fkan\u0131 Saliha Aydeniz, EMEP Ba\u015fkan\u0131 Selma G\u00fcrkan da kongrede yer ald\u0131.<\/h3>\n<h3 style=\"text-align: justify\"><strong>Gelecek Partisi&#8217;nden kat\u0131l\u0131m, Babacan&#8217;dan mesaj<\/strong><\/h3>\n<h3 style=\"text-align: justify\">Kongreye; Gelecek Partisi Genel Ba\u015fkan Yard\u0131mc\u0131lar\u0131 Ayhan Sefer \u00dcst\u00fcn ve Vahdettin \u0130nce ile partinin kurucular\u0131 aras\u0131nda yer alan Fevzi Donat ile Yeniden Refah Partisi Genel Ba\u015fkan Yard\u0131mc\u0131s\u0131 Do\u011fan Bekin de kat\u0131ld\u0131. Parti kurma haz\u0131rl\u0131klar\u0131n\u0131 Ali Babacan ise kongreye mesaj g\u00f6nderdi. Ali Babacan\u2019\u0131n kongreye g\u00f6nderdi\u011fi mesaj \u015f\u00f6yle:<br \/>\n\u201cSay\u0131n Pervin Buldan ve Say\u0131n Sezai Temelli, Halklar\u0131n Demokratik Partisinin 4\u2019\u00fcnc\u00fc Ola\u011fan B\u00fcy\u00fck Kongresine davetiniz i\u00e7in te\u015fekk\u00fcr ederim. Kongrede alaca\u011f\u0131n\u0131z kararlar\u0131n \u00fclkemizin demokrasisine ve toplumumuzun huzuruna katk\u0131 vermesini \u00fcmit ediyorum. Bu vesileyle selamlar\u0131m\u0131 iletiyor, kongrenizin hay\u0131rl\u0131 olmas\u0131n\u0131 diliyorum.\u201d<\/h3>\n<h3 style=\"text-align: justify\">Kongrede Divan Ba\u015fkanl\u0131\u011f\u0131\u2019na milletvekilleri T\u00fclay Hatimo\u011fullar\u0131, Mehmet R\u00fc\u015ft\u00fc Tiryaki, Garo Paylan, G\u00fclistan K\u0131l\u0131\u00e7 Ko\u00e7yi\u011fit ve Dersim Da\u011f se\u00e7ildi.<\/h3>\n<h3 style=\"text-align: justify\">Kongrede bir konu\u015fama yapan HDP E\u015f Ba\u015fkan\u0131\u00a0 SezaiTemelli\u00a0 \u015funlar\u0131 s\u00f6yledi:<\/h3>\n<h3 style=\"text-align: justify\">&#8220;Merhaba, T\u00fcrkiye\u2019nin ve d\u00fcnyan\u0131n d\u00f6rt bir yan\u0131ndan bar\u0131\u015f ve \u00f6zg\u00fcrl\u00fck umudunu b\u00fcy\u00fctmek i\u00e7in buraya gelen de\u011ferli dostlar, merhaba \u0130bo\u2019nun, Mahir\u2019in, Deniz\u2019in, Mazlum\u2019un, Hayri\u2019nin, Laz Kemal\u2019in yolda\u015flar\u0131, merhaba k\u0131rk y\u0131ll\u0131k m\u00fccadelenin kaderini ve y\u00fck\u00fcn\u00fc s\u0131rt\u0131nda ta\u015f\u0131yan analar.<\/h3>\n<h3 style=\"text-align: justify\">Umuduyla, inanc\u0131yla, enerjisi ile her zaman partimizi ayakta tutan, m\u00fccadelemizi b\u00fcy\u00fcten gen\u00e7lere selam olsun. Demokrasi m\u00fccadelesini fa\u015fizmin zindanlar\u0131nda s\u00fcrd\u00fcren t\u00fcm tutsak yolda\u015flar\u0131ma selam olsun.<\/h3>\n<h3 style=\"text-align: justify\">Evde, i\u015fte, fabrikada, tarlada, sokakta direnerek onuruna ve umuduna sahip \u00e7\u0131kan kad\u0131nlar, i\u015f\u00e7iler, emek\u00e7iler ve ezilen yolda\u015flar\u0131m\u0131z. Her t\u00fcrl\u00fc bask\u0131ya, engellemeye kar\u015f\u0131 b\u00fcy\u00fck bir inan\u00e7la salonu doldurarak demokrasi \u015f\u00f6leni yaratan her biriniz, b\u00fcy\u00fck insanl\u0131k bulu\u015fmas\u0131na ho\u015f geldiniz. Bu co\u015fku, bu heyecan, ula\u015fmas\u0131 gereken her yere \u00e7oktan ula\u015fm\u0131\u015ft\u0131r. \u0130nan\u0131n ki bu co\u015fkunuz, bu sesiniz \u0130mral\u0131\u2019ya \u00d6calan\u2019a ulam\u0131\u015ft\u0131r.&#8221;<\/h3>\n<h3 style=\"text-align: justify\">\u0130ktidar\u0131n K\u00fcrt halk\u0131na geri ad\u0131m att\u0131ramayaca\u011f\u0131n\u0131 belirten Temelli, \u201cEmin olun ki 21. y\u00fczy\u0131l K\u00fcrtlerin y\u00fczy\u0131l\u0131 olacak. \u0130ki y\u0131l \u00f6nce g\u00f6reve ba\u015flad\u0131\u011f\u0131m\u0131zda b\u00fcy\u00fck bir umutla g\u00f6reve ba\u015flad\u0131k. K\u0131rk y\u0131ld\u0131r inan\u00e7la direnen bir halk\u0131n hakikatine ula\u015ft\u0131k. Kendisine bir ad\u0131m atana bin ad\u0131m atan bar\u0131\u015f sevdal\u0131s\u0131 bir halk\u0131n ba\u011fr\u0131nda yer ald\u0131k. AKP-MHP ittifak\u0131yla \u00e7\u00f6kt\u00fcr\u00fclmek istenen HDP vard\u0131. \u015eimdi sizlerle dimdik bir HDP var. \u0130ki y\u0131l \u00f6nce ba\u015flad\u0131\u011f\u0131m\u0131z bu yolda ben Sezai Temelli\u2019ydim. Sonra sizler sayesinde\u00a0<strong>\u2018Heval Sezai\u2019<\/strong>\u00a0oldum. Bu g\u00f6zler kapanana kadar bu onurlu halk\u0131n hizmetinde olmaya devam edece\u011fim. Buna hi\u00e7 kimse engel olamayacak\u201d diye konu\u015ftu.<\/h3>\n<h3 style=\"text-align: justify\">Temelli, \u201cYolda\u015flar\u0131m ayr\u0131l\u0131klar h\u00fcz\u00fcnl\u00fc olsa da yeni bulu\u015fmalar\u0131 ba\u011fr\u0131nda ta\u015f\u0131r. D\u00f6nen d\u00f6ns\u00fcn yolundan ben d\u00f6nmeyece\u011fim. Serkeftin hevalno!\u201d diyerek konu\u015fmas\u0131n\u0131 sonland\u0131rd\u0131.<\/h3>\n<h3 style=\"text-align: justify\"><strong>Buldan: \u0130dlib&#8217;den \u00e7\u0131k\u0131\u015f\u0131n\u00a0tek yolu Dolmabah\u00e7e mutabakat\u0131na d\u00f6n\u00fc\u015ft\u00fcr<\/strong><\/h3>\n<h3 style=\"text-align: justify\">Temelli\u2019nin ard\u0131ndan HDP E\u015f Ba\u015fkan\u0131 Pervin Buldan konu\u015fmas\u0131n\u0131 ger\u00e7ekle\u015ftirdi.<br \/>\n\u201cBinlerce arkada\u015f\u0131m\u0131z rehin al\u0131nd\u0131 ama biz milyonlar olduk\u201d diyen Buldan, \u00f6zetle \u015funlar\u0131 s\u00f6yledi:<\/h3>\n<h3 style=\"text-align: justify\">\u201cTasfiye ve \u00e7\u00f6kertme planlar\u0131yla HDP\u2019yi y\u0131kamad\u0131lar, y\u0131kmalar\u0131na izin vermedik. Se\u00e7imlerde \u00f6n\u00fcm\u00fcze t\u00fcrl\u00fc engeller koydular ama bizler o barajlar\u0131 y\u0131ka y\u0131ka geldik. Bize kar\u015f\u0131 kurduklar\u0131 t\u00fcm tuzaklar\u0131 halk\u0131m\u0131zla birlikte birer birer bo\u015fa \u00e7\u0131kard\u0131k. Bizler bu \u00fclkeyi y\u00f6netece\u011fiz ve y\u00f6netmeye geliyoruz. Halklar\u0131m\u0131z demokrasi bahar\u0131n\u0131 mutlaka ya\u015fayacakt\u0131r. \u0130mral\u0131\u2019n\u0131n kap\u0131s\u0131 mutlaka demokratik \u00e7\u00f6z\u00fcme a\u00e7\u0131lacak. \u0130dlib\u2019den \u00e7\u0131k\u0131\u015f\u0131n tek yolu Dolmabah\u00e7e mutabakat\u0131na d\u00f6n\u00fc\u015ft\u00fcr.<\/h3>\n<h3 style=\"text-align: justify\">Gelin bizlerle siyaset kurumu olarak demokratik ittifakla demokratik T\u00fcrkiye\u2019ye kap\u0131 arayal\u0131m. Tek adam iktidar\u0131na de\u011fil demokratik yerel y\u00f6netimlere ve demokratik parlamenter sisteme yol a\u00e7al\u0131m. Toplumsal bar\u0131\u015f\u0131m\u0131z\u0131 kural\u0131m. Hep birlikte demokratik anayasayla yeni bir toplumsal s\u00f6zle\u015fme yapal\u0131m. Halklar\u0131n, b\u00fct\u00fcn kimliklerin ve inan\u00e7lar\u0131n kendilerini g\u00fcvende hissedece\u011fi bir anayasa yapal\u0131m.<\/h3>\n<h3 style=\"text-align: justify\">kaynak: duvar Gazetesi<\/h3>\n","protected":false},"excerpt":{"rendered":"<p>HDP 4. Ola\u011fan Kongresinde konu\u015fan HDP E\u015f Genel Ba\u015fkan\u0131 Sezai Temeli, \u201dEmin olun ki, 21. Y\u00fczy\u0131l K\u00fcrtlerin y\u00fczy\u0131l\u0131 olacak!\u201d dedi. Temelli &#8220;Sayenizde heval Sezai oldum&#8221; diyerek e\u015f ba\u015fkanl\u0131\u011fa veda etti. Halklar\u0131n Demokratik Partisi\u2019nin (HDP) 4\u2019\u00fcnc\u00fc Ola\u011fan B\u00fcy\u00fck Kongresi Ankara Arena\u2019da yap\u0131l\u0131yor. Kongreye yurti\u00e7inden ve yurtd\u0131\u015f\u0131ndan \u00e7ok say\u0131da ki\u015fi kat\u0131ld\u0131. Kongrede; Tunus, Filistin, \u00dcrd\u00fcn, Fas, K\u0131br\u0131s, [&hellip;]<\/p>\n","protected":false},"author":2,"featured_media":1008623,"comment_status":"closed","ping_status":"closed","sticky":false,"template":"","format":"standard","meta":{"footnotes":""},"categories":[29],"tags":[],"class_list":["post-1008622","post","type-post","status-publish","format-standard","has-post-thumbnail","hentry","category-ortadogu"],"blocksy_meta":[],"seo_head":"<!-- This site is optimized with the Yoast SEO plugin v27.5 - https:\/\/yoast.com\/product\/yoast-seo-wordpress\/ -->\n<title>HDP&#039;nin 4&#039;\u00fcnc\u00fc Ola\u011fan Kongresi ba\u015flad\u0131 - Darka Mazi<\/title>\n<meta name=\"robots\" content=\"index, follow, max-snippet:-1, max-image-preview:large, max-video-preview:-1\" \/>\n<link rel=\"canonical\" href=\"https:\/\/darkamazi.site\/archives\/1008622\" \/>\n<meta property=\"og:locale\" content=\"en_US\" \/>\n<meta property=\"og:type\" content=\"article\" \/>\n<meta property=\"og:title\" content=\"HDP&#039;nin 4&#039;\u00fcnc\u00fc Ola\u011fan Kongresi ba\u015flad\u0131 - Darka Mazi\" \/>\n<meta property=\"og:description\" content=\"HDP 4. Ola\u011fan Kongresinde konu\u015fan HDP E\u015f Genel Ba\u015fkan\u0131 Sezai Temeli, \u201dEmin olun ki, 21. Y\u00fczy\u0131l K\u00fcrtlerin y\u00fczy\u0131l\u0131 olacak!\u201d dedi. Temelli &#8220;Sayenizde heval Sezai oldum&#8221; diyerek e\u015f ba\u015fkanl\u0131\u011fa veda etti. Halklar\u0131n Demokratik Partisi\u2019nin (HDP) 4\u2019\u00fcnc\u00fc Ola\u011fan B\u00fcy\u00fck Kongresi Ankara Arena\u2019da yap\u0131l\u0131yor. Kongreye yurti\u00e7inden ve yurtd\u0131\u015f\u0131ndan \u00e7ok say\u0131da ki\u015fi kat\u0131ld\u0131. Kongrede; Tunus, Filistin, \u00dcrd\u00fcn, Fas, K\u0131br\u0131s, [&hellip;]\" \/>\n<meta property=\"og:url\" content=\"https:\/\/darkamazi.site\/archives\/1008622\" \/>\n<meta property=\"og:site_name\" content=\"Darka Mazi\" \/>\n<meta property=\"article:publisher\" content=\"https:\/\/www.facebook.com\/DarkaMaziturkce\" \/>\n<meta property=\"article:published_time\" content=\"2020-02-23T10:45:05+00:00\" \/>\n<meta property=\"article:modified_time\" content=\"2026-03-31T13:45:01+00:00\" \/>\n<meta property=\"og:image\" content=\"https:\/\/darkamazi.site\/file\/2020\/02\/HDP-Namzet-350x250-1.jpg\" \/>\n\t<meta property=\"og:image:width\" content=\"350\" \/>\n\t<meta property=\"og:image:height\" content=\"250\" \/>\n\t<meta property=\"og:image:type\" content=\"image\/jpeg\" \/>\n<meta name=\"author\" content=\"darka mazi\" \/>\n<meta name=\"twitter:card\" content=\"summary_large_image\" \/>\n<meta name=\"twitter:creator\" content=\"@DarkaMaziTurkce\" \/>\n<meta name=\"twitter:site\" content=\"@DarkaMaziTurkce\" \/>\n<meta name=\"twitter:label1\" content=\"Written by\" \/>\n\t<meta name=\"twitter:data1\" content=\"darka mazi\" \/>\n\t<meta name=\"twitter:label2\" content=\"Est. reading time\" \/>\n\t<meta name=\"twitter:data2\" content=\"6 minutes\" \/>\n<script type=\"application\/ld+json\" class=\"seo-schema-graph\">{\"@context\":\"https:\\\/\\\/schema.org\",\"@graph\":[{\"@type\":\"NewsArticle\",\"@id\":\"https:\\\/\\\/darkamazi.site\\\/archives\\\/1008622#article\",\"isPartOf\":{\"@id\":\"https:\\\/\\\/darkamazi.site\\\/archives\\\/1008622\"},\"author\":{\"name\":\"darka mazi\",\"@id\":\"https:\\\/\\\/darkamazi.site\\\/#\\\/schema\\\/person\\\/67986a95ac546c16760365877ef4a9d3\"},\"headline\":\"HDP&#8217;nin 4&#8217;\u00fcnc\u00fc Ola\u011fan Kongresi ba\u015flad\u0131\",\"datePublished\":\"2020-02-23T10:45:05+00:00\",\"dateModified\":\"2026-03-31T13:45:01+00:00\",\"mainEntityOfPage\":{\"@id\":\"https:\\\/\\\/darkamazi.site\\\/archives\\\/1008622\"},\"wordCount\":1196,\"publisher\":{\"@id\":\"https:\\\/\\\/darkamazi.site\\\/#organization\"},\"image\":{\"@id\":\"https:\\\/\\\/darkamazi.site\\\/archives\\\/1008622#primaryimage\"},\"thumbnailUrl\":\"https:\\\/\\\/darkamazi.site\\\/darka-content\\\/uploads\\\/2020\\\/02\\\/HDP-Namzet-350x250-1.jpg\",\"articleSection\":[\"Ortado\u011fu\"],\"inLanguage\":\"en-US\"},{\"@type\":\"WebPage\",\"@id\":\"https:\\\/\\\/darkamazi.site\\\/archives\\\/1008622\",\"url\":\"https:\\\/\\\/darkamazi.site\\\/archives\\\/1008622\",\"name\":\"HDP'nin 4'\u00fcnc\u00fc Ola\u011fan Kongresi ba\u015flad\u0131 - Darka Mazi\",\"isPartOf\":{\"@id\":\"https:\\\/\\\/darkamazi.site\\\/#website\"},\"primaryImageOfPage\":{\"@id\":\"https:\\\/\\\/darkamazi.site\\\/archives\\\/1008622#primaryimage\"},\"image\":{\"@id\":\"https:\\\/\\\/darkamazi.site\\\/archives\\\/1008622#primaryimage\"},\"thumbnailUrl\":\"https:\\\/\\\/darkamazi.site\\\/darka-content\\\/uploads\\\/2020\\\/02\\\/HDP-Namzet-350x250-1.jpg\",\"datePublished\":\"2020-02-23T10:45:05+00:00\",\"dateModified\":\"2026-03-31T13:45:01+00:00\",\"breadcrumb\":{\"@id\":\"https:\\\/\\\/darkamazi.site\\\/archives\\\/1008622#breadcrumb\"},\"inLanguage\":\"en-US\",\"potentialAction\":[{\"@type\":\"ReadAction\",\"target\":[\"https:\\\/\\\/darkamazi.site\\\/archives\\\/1008622\"]}]},{\"@type\":\"ImageObject\",\"inLanguage\":\"en-US\",\"@id\":\"https:\\\/\\\/darkamazi.site\\\/archives\\\/1008622#primaryimage\",\"url\":\"https:\\\/\\\/darkamazi.site\\\/darka-content\\\/uploads\\\/2020\\\/02\\\/HDP-Namzet-350x250-1.jpg\",\"contentUrl\":\"https:\\\/\\\/darkamazi.site\\\/darka-content\\\/uploads\\\/2020\\\/02\\\/HDP-Namzet-350x250-1.jpg\",\"width\":350,\"height\":250,\"caption\":\"HDP'nin 4'\u00fcnc\u00fc Ola\u011fan Kongresi ba\u015flad\u0131\"},{\"@type\":\"BreadcrumbList\",\"@id\":\"https:\\\/\\\/darkamazi.site\\\/archives\\\/1008622#breadcrumb\",\"itemListElement\":[{\"@type\":\"ListItem\",\"position\":1,\"name\":\"Home\",\"item\":\"https:\\\/\\\/darkamazi.site\\\/\"},{\"@type\":\"ListItem\",\"position\":2,\"name\":\"HDP&#8217;nin 4&#8217;\u00fcnc\u00fc Ola\u011fan Kongresi ba\u015flad\u0131\"}]},{\"@type\":\"WebSite\",\"@id\":\"https:\\\/\\\/darkamazi.site\\\/#website\",\"url\":\"https:\\\/\\\/darkamazi.site\\\/\",\"name\":\"Darka Mazi\",\"description\":\"Ana Sayfa\",\"publisher\":{\"@id\":\"https:\\\/\\\/darkamazi.site\\\/#organization\"},\"potentialAction\":[{\"@type\":\"SearchAction\",\"target\":{\"@type\":\"EntryPoint\",\"urlTemplate\":\"https:\\\/\\\/darkamazi.site\\\/?s={search_term_string}\"},\"query-input\":{\"@type\":\"PropertyValueSpecification\",\"valueRequired\":true,\"valueName\":\"search_term_string\"}}],\"inLanguage\":\"en-US\"},{\"@type\":\"Organization\",\"@id\":\"https:\\\/\\\/darkamazi.site\\\/#organization\",\"name\":\"Darka Mazi T\u00fcrk\u00e7e\",\"alternateName\":\"Darka Mazi\",\"url\":\"https:\\\/\\\/darkamazi.site\\\/\",\"logo\":{\"@type\":\"ImageObject\",\"inLanguage\":\"en-US\",\"@id\":\"https:\\\/\\\/darkamazi.site\\\/#\\\/schema\\\/logo\\\/image\\\/\",\"url\":\"https:\\\/\\\/darkamazi.site\\\/darka-content\\\/uploads\\\/2017\\\/12\\\/darka-mazi-logo.png\",\"contentUrl\":\"https:\\\/\\\/darkamazi.site\\\/darka-content\\\/uploads\\\/2017\\\/12\\\/darka-mazi-logo.png\",\"width\":151,\"height\":75,\"caption\":\"Darka Mazi T\u00fcrk\u00e7e\"},\"image\":{\"@id\":\"https:\\\/\\\/darkamazi.site\\\/#\\\/schema\\\/logo\\\/image\\\/\"},\"sameAs\":[\"https:\\\/\\\/www.facebook.com\\\/DarkaMaziturkce\",\"https:\\\/\\\/x.com\\\/DarkaMaziTurkce\"]},{\"@type\":\"Person\",\"@id\":\"https:\\\/\\\/darkamazi.site\\\/#\\\/schema\\\/person\\\/67986a95ac546c16760365877ef4a9d3\",\"name\":\"darka mazi\",\"sameAs\":[\"https:\\\/\\\/darkamazi.site\"],\"url\":\"https:\\\/\\\/darkamazi.site\\\/archives\\\/author\\\/turkish\"}]}<\/script>\n<!-- \/ Yoast SEO plugin. -->","seo_head_json":{"title":"HDP'nin 4'\u00fcnc\u00fc Ola\u011fan Kongresi ba\u015flad\u0131 - Darka Mazi","robots":{"index":"index","follow":"follow","max-snippet":"max-snippet:-1","max-image-preview":"max-image-preview:large","max-video-preview":"max-video-preview:-1"},"canonical":"https:\/\/darkamazi.site\/archives\/1008622","og_locale":"en_US","og_type":"article","og_title":"HDP'nin 4'\u00fcnc\u00fc Ola\u011fan Kongresi ba\u015flad\u0131 - Darka Mazi","og_description":"HDP 4. Ola\u011fan Kongresinde konu\u015fan HDP E\u015f Genel Ba\u015fkan\u0131 Sezai Temeli, \u201dEmin olun ki, 21. Y\u00fczy\u0131l K\u00fcrtlerin y\u00fczy\u0131l\u0131 olacak!\u201d dedi. Temelli &#8220;Sayenizde heval Sezai oldum&#8221; diyerek e\u015f ba\u015fkanl\u0131\u011fa veda etti. Halklar\u0131n Demokratik Partisi\u2019nin (HDP) 4\u2019\u00fcnc\u00fc Ola\u011fan B\u00fcy\u00fck Kongresi Ankara Arena\u2019da yap\u0131l\u0131yor. Kongreye yurti\u00e7inden ve yurtd\u0131\u015f\u0131ndan \u00e7ok say\u0131da ki\u015fi kat\u0131ld\u0131. Kongrede; Tunus, Filistin, \u00dcrd\u00fcn, Fas, K\u0131br\u0131s, [&hellip;]","og_url":"https:\/\/darkamazi.site\/archives\/1008622","og_site_name":"Darka Mazi","article_publisher":"https:\/\/www.facebook.com\/DarkaMaziturkce","article_published_time":"2020-02-23T10:45:05+00:00","article_modified_time":"2026-03-31T13:45:01+00:00","og_image":[{"width":350,"height":250,"url":"https:\/\/darkamazi.site\/file\/2020\/02\/HDP-Namzet-350x250-1.jpg","type":"image\/jpeg"}],"author":"darka mazi","twitter_card":"summary_large_image","twitter_creator":"@DarkaMaziTurkce","twitter_site":"@DarkaMaziTurkce","twitter_misc":{"Written by":"darka mazi","Est. reading time":"6 minutes"},"schema":{"@context":"https:\/\/schema.org","@graph":[{"@type":"NewsArticle","@id":"https:\/\/darkamazi.site\/archives\/1008622#article","isPartOf":{"@id":"https:\/\/darkamazi.site\/archives\/1008622"},"author":{"name":"darka mazi","@id":"https:\/\/darkamazi.site\/#\/schema\/person\/67986a95ac546c16760365877ef4a9d3"},"headline":"HDP&#8217;nin 4&#8217;\u00fcnc\u00fc Ola\u011fan Kongresi ba\u015flad\u0131","datePublished":"2020-02-23T10:45:05+00:00","dateModified":"2026-03-31T13:45:01+00:00","mainEntityOfPage":{"@id":"https:\/\/darkamazi.site\/archives\/1008622"},"wordCount":1196,"publisher":{"@id":"https:\/\/darkamazi.site\/#organization"},"image":{"@id":"https:\/\/darkamazi.site\/archives\/1008622#primaryimage"},"thumbnailUrl":"https:\/\/darkamazi.site\/file\/2020\/02\/HDP-Namzet-350x250-1.jpg","articleSection":["Ortado\u011fu"],"inLanguage":"en-US"},{"@type":"WebPage","@id":"https:\/\/darkamazi.site\/archives\/1008622","url":"https:\/\/darkamazi.site\/archives\/1008622","name":"HDP'nin 4'\u00fcnc\u00fc Ola\u011fan Kongresi ba\u015flad\u0131 - Darka Mazi","isPartOf":{"@id":"https:\/\/darkamazi.site\/#website"},"primaryImageOfPage":{"@id":"https:\/\/darkamazi.site\/archives\/1008622#primaryimage"},"image":{"@id":"https:\/\/darkamazi.site\/archives\/1008622#primaryimage"},"thumbnailUrl":"https:\/\/darkamazi.site\/file\/2020\/02\/HDP-Namzet-350x250-1.jpg","datePublished":"2020-02-23T10:45:05+00:00","dateModified":"2026-03-31T13:45:01+00:00","breadcrumb":{"@id":"https:\/\/darkamazi.site\/archives\/1008622#breadcrumb"},"inLanguage":"en-US","potentialAction":[{"@type":"ReadAction","target":["https:\/\/darkamazi.site\/archives\/1008622"]}]},{"@type":"ImageObject","inLanguage":"en-US","@id":"https:\/\/darkamazi.site\/archives\/1008622#primaryimage","url":"https:\/\/darkamazi.site\/file\/2020\/02\/HDP-Namzet-350x250-1.jpg","contentUrl":"https:\/\/darkamazi.site\/file\/2020\/02\/HDP-Namzet-350x250-1.jpg","width":350,"height":250,"caption":"HDP'nin 4'\u00fcnc\u00fc Ola\u011fan Kongresi ba\u015flad\u0131"},{"@type":"BreadcrumbList","@id":"https:\/\/darkamazi.site\/archives\/1008622#breadcrumb","itemListElement":[{"@type":"ListItem","position":1,"name":"Home","item":"https:\/\/darkamazi.site\/"},{"@type":"ListItem","position":2,"name":"HDP&#8217;nin 4&#8217;\u00fcnc\u00fc Ola\u011fan Kongresi ba\u015flad\u0131"}]},{"@type":"WebSite","@id":"https:\/\/darkamazi.site\/#website","url":"https:\/\/darkamazi.site\/","name":"Darka Mazi","description":"Ana Sayfa","publisher":{"@id":"https:\/\/darkamazi.site\/#organization"},"potentialAction":[{"@type":"SearchAction","target":{"@type":"EntryPoint","urlTemplate":"https:\/\/darkamazi.site\/?s={search_term_string}"},"query-input":{"@type":"PropertyValueSpecification","valueRequired":true,"valueName":"search_term_string"}}],"inLanguage":"en-US"},{"@type":"Organization","@id":"https:\/\/darkamazi.site\/#organization","name":"Darka Mazi T\u00fcrk\u00e7e","alternateName":"Darka Mazi","url":"https:\/\/darkamazi.site\/","logo":{"@type":"ImageObject","inLanguage":"en-US","@id":"https:\/\/darkamazi.site\/#\/schema\/logo\/image\/","url":"https:\/\/darkamazi.site\/file\/2017\/12\/darka-mazi-logo.png","contentUrl":"https:\/\/darkamazi.site\/file\/2017\/12\/darka-mazi-logo.png","width":151,"height":75,"caption":"Darka Mazi T\u00fcrk\u00e7e"},"image":{"@id":"https:\/\/darkamazi.site\/#\/schema\/logo\/image\/"},"sameAs":["https:\/\/www.facebook.com\/DarkaMaziturkce","https:\/\/x.com\/DarkaMaziTurkce"]},{"@type":"Person","@id":"https:\/\/darkamazi.site\/#\/schema\/person\/67986a95ac546c16760365877ef4a9d3","name":"darka mazi","sameAs":["https:\/\/darkamazi.site"],"url":"https:\/\/darkamazi.site\/archives\/author\/turkish"}]}},"_links":{"self":[{"href":"https:\/\/darkamazi.site\/funavuv\/wp\/v2\/posts\/1008622","targetHints":{"allow":["GET"]}}],"collection":[{"href":"https:\/\/darkamazi.site\/funavuv\/wp\/v2\/posts"}],"about":[{"href":"https:\/\/darkamazi.site\/funavuv\/wp\/v2\/types\/post"}],"author":[{"embeddable":true,"href":"https:\/\/darkamazi.site\/funavuv\/wp\/v2\/users\/2"}],"replies":[{"embeddable":true,"href":"https:\/\/darkamazi.site\/funavuv\/wp\/v2\/comments?post=1008622"}],"version-history":[{"count":0,"href":"https:\/\/darkamazi.site\/funavuv\/wp\/v2\/posts\/1008622\/revisions"}],"wp:featuredmedia":[{"embeddable":true,"href":"https:\/\/darkamazi.site\/funavuv\/wp\/v2\/media\/1008623"}],"wp:attachment":[{"href":"https:\/\/darkamazi.site\/funavuv\/wp\/v2\/media?parent=1008622"}],"wp:term":[{"taxonomy":"category","embeddable":true,"href":"https:\/\/darkamazi.site\/funavuv\/wp\/v2\/categories?post=1008622"},{"taxonomy":"post_tag","embeddable":true,"href":"https:\/\/darkamazi.site\/funavuv\/wp\/v2\/tags?post=1008622"}],"curies":[{"name":"wp","href":"https:\/\/api.w.org\/{rel}","templated":true}]}}