{"id":1008625,"date":"2020-02-23T13:55:17","date_gmt":"2020-02-23T10:55:17","guid":{"rendered":"https:\/\/darkamazi.site\/?p=1008625"},"modified":"2026-03-31T16:45:00","modified_gmt":"2026-03-31T13:45:00","slug":"kurdistan-bolgesi-hukumetinden-koronavirus-karari","status":"publish","type":"post","link":"https:\/\/darkamazi.site\/archives\/1008625","title":{"rendered":"K\u00fcrdistan B\u00f6lgesi H\u00fck\u00fcmeti&#8217;nden &#8216;koronavir\u00fcs&#8217; karar\u0131"},"content":{"rendered":"<p>K\u00fcrdistan B\u00f6lgesi, yeni tip coronavir\u00fcs (Covid-19) salg\u0131n\u0131 nedeniyle 5 ki\u015finin hayat\u0131n\u0131 kaybetti\u011fi \u0130ran\u2019dan d\u00f6nen K\u00fcrdistan vatanda\u015flar\u0131n\u0131, tedbir ama\u00e7l\u0131 olarak 14 g\u00fcn karantina alt\u0131nda tutma karar\u0131 ald\u0131.<\/p>\n<p>K\u00fcrdistan B\u00f6lgesi \u0130\u00e7i\u015fleri Bakan\u0131 Reb\u00ear Ehmed, Sa\u011fl\u0131k Bakan\u0131 Saman Berzenci ve H\u00fck\u00fcmet S\u00f6zc\u00fcs\u00fc Cotyar Adil ile Erbil\u2019de ortak bir bas\u0131n toplant\u0131s\u0131 d\u00fczenledi.<\/p>\n<p>Ehmed, \u0130ran ile ticaretin uluslararas\u0131 g\u00fcmr\u00fck kap\u0131lar\u0131nda normal seyirde devam edece\u011fini ancak \u0130ran\u2019dan d\u00f6nen vatanda\u015flar\u0131n 14 g\u00fcn boyunca doktorlar\u0131n g\u00f6zetiminde tutulaca\u011f\u0131n\u0131 ifade etti.<\/p>\n<p>R\u00eaber Ehmed, Coronavir\u00fcs\u00fcn\u00fc f\u0131rsat bularak mallar\u0131 pahal\u0131la\u015ft\u0131ranlara da ceza kesilece\u011fi uyar\u0131s\u0131nda bulundu.<\/p>\n<p>\u0130\u00e7i\u015fleri Bakan\u0131, K\u00fcrdistan B\u00f6lgesi&#8217;nde bulunan ve \u00fclkesine d\u00f6nmek isteyen \u0130ranl\u0131 vatanda\u015flar\u0131 evlerine g\u00f6nderileceklerini s\u00f6zlerine ekledi.<\/p>\n","protected":false},"excerpt":{"rendered":"<p>K\u00fcrdistan B\u00f6lgesi, yeni tip coronavir\u00fcs (Covid-19) salg\u0131n\u0131 nedeniyle 5 ki\u015finin hayat\u0131n\u0131 kaybetti\u011fi \u0130ran\u2019dan d\u00f6nen K\u00fcrdistan vatanda\u015flar\u0131n\u0131, tedbir ama\u00e7l\u0131 olarak 14 g\u00fcn karantina alt\u0131nda tutma karar\u0131 ald\u0131. K\u00fcrdistan B\u00f6lgesi \u0130\u00e7i\u015fleri Bakan\u0131 Reb\u00ear Ehmed, Sa\u011fl\u0131k Bakan\u0131 Saman Berzenci ve H\u00fck\u00fcmet S\u00f6zc\u00fcs\u00fc Cotyar Adil ile Erbil\u2019de ortak bir bas\u0131n toplant\u0131s\u0131 d\u00fczenledi. Ehmed, \u0130ran ile ticaretin uluslararas\u0131 g\u00fcmr\u00fck kap\u0131lar\u0131nda [&hellip;]<\/p>\n","protected":false},"author":2,"featured_media":1008626,"comment_status":"closed","ping_status":"closed","sticky":false,"template":"","format":"standard","meta":{"footnotes":""},"categories":[3],"tags":[],"class_list":["post-1008625","post","type-post","status-publish","format-standard","has-post-thumbnail","hentry","category-kurdistan"],"blocksy_meta":[],"seo_head":"<!-- This site is optimized with the Yoast SEO plugin v27.5 - https:\/\/yoast.com\/product\/yoast-seo-wordpress\/ -->\n<title>K\u00fcrdistan B\u00f6lgesi H\u00fck\u00fcmeti&#039;nden &#039;koronavir\u00fcs&#039; karar\u0131 - Darka Mazi<\/title>\n<meta name=\"robots\" content=\"index, follow, max-snippet:-1, max-image-preview:large, max-video-preview:-1\" \/>\n<link rel=\"canonical\" href=\"https:\/\/darkamazi.site\/archives\/1008625\" \/>\n<meta property=\"og:locale\" content=\"en_US\" \/>\n<meta property=\"og:type\" content=\"article\" \/>\n<meta property=\"og:title\" content=\"K\u00fcrdistan B\u00f6lgesi H\u00fck\u00fcmeti&#039;nden &#039;koronavir\u00fcs&#039; karar\u0131 - Darka Mazi\" \/>\n<meta property=\"og:description\" content=\"K\u00fcrdistan B\u00f6lgesi, yeni tip coronavir\u00fcs (Covid-19) salg\u0131n\u0131 nedeniyle 5 ki\u015finin hayat\u0131n\u0131 kaybetti\u011fi \u0130ran\u2019dan d\u00f6nen K\u00fcrdistan vatanda\u015flar\u0131n\u0131, tedbir ama\u00e7l\u0131 olarak 14 g\u00fcn karantina alt\u0131nda tutma karar\u0131 ald\u0131. K\u00fcrdistan B\u00f6lgesi \u0130\u00e7i\u015fleri Bakan\u0131 Reb\u00ear Ehmed, Sa\u011fl\u0131k Bakan\u0131 Saman Berzenci ve H\u00fck\u00fcmet S\u00f6zc\u00fcs\u00fc Cotyar Adil ile Erbil\u2019de ortak bir bas\u0131n toplant\u0131s\u0131 d\u00fczenledi. Ehmed, \u0130ran ile ticaretin uluslararas\u0131 g\u00fcmr\u00fck kap\u0131lar\u0131nda [&hellip;]\" \/>\n<meta property=\"og:url\" content=\"https:\/\/darkamazi.site\/archives\/1008625\" \/>\n<meta property=\"og:site_name\" content=\"Darka Mazi\" \/>\n<meta property=\"article:publisher\" content=\"https:\/\/www.facebook.com\/DarkaMaziturkce\" \/>\n<meta property=\"article:published_time\" content=\"2020-02-23T10:55:17+00:00\" \/>\n<meta property=\"article:modified_time\" content=\"2026-03-31T13:45:00+00:00\" \/>\n<meta property=\"og:image\" content=\"https:\/\/darkamazi.site\/file\/2020\/02\/coronavirus-Kurdistan.jpg\" \/>\n\t<meta property=\"og:image:width\" content=\"486\" \/>\n\t<meta property=\"og:image:height\" content=\"278\" \/>\n\t<meta property=\"og:image:type\" content=\"image\/jpeg\" \/>\n<meta name=\"author\" content=\"darka mazi\" \/>\n<meta name=\"twitter:card\" content=\"summary_large_image\" \/>\n<meta name=\"twitter:creator\" content=\"@DarkaMaziTurkce\" \/>\n<meta name=\"twitter:site\" content=\"@DarkaMaziTurkce\" \/>\n<meta name=\"twitter:label1\" content=\"Written by\" \/>\n\t<meta name=\"twitter:data1\" content=\"darka mazi\" \/>\n\t<meta name=\"twitter:label2\" content=\"Est. reading time\" \/>\n\t<meta name=\"twitter:data2\" content=\"1 minute\" \/>\n<script type=\"application\/ld+json\" class=\"seo-schema-graph\">{\"@context\":\"https:\\\/\\\/schema.org\",\"@graph\":[{\"@type\":\"NewsArticle\",\"@id\":\"https:\\\/\\\/darkamazi.site\\\/archives\\\/1008625#article\",\"isPartOf\":{\"@id\":\"https:\\\/\\\/darkamazi.site\\\/archives\\\/1008625\"},\"author\":{\"name\":\"darka mazi\",\"@id\":\"https:\\\/\\\/darkamazi.site\\\/#\\\/schema\\\/person\\\/67986a95ac546c16760365877ef4a9d3\"},\"headline\":\"K\u00fcrdistan B\u00f6lgesi H\u00fck\u00fcmeti&#8217;nden &#8216;koronavir\u00fcs&#8217; karar\u0131\",\"datePublished\":\"2020-02-23T10:55:17+00:00\",\"dateModified\":\"2026-03-31T13:45:00+00:00\",\"mainEntityOfPage\":{\"@id\":\"https:\\\/\\\/darkamazi.site\\\/archives\\\/1008625\"},\"wordCount\":166,\"publisher\":{\"@id\":\"https:\\\/\\\/darkamazi.site\\\/#organization\"},\"image\":{\"@id\":\"https:\\\/\\\/darkamazi.site\\\/archives\\\/1008625#primaryimage\"},\"thumbnailUrl\":\"https:\\\/\\\/darkamazi.site\\\/darka-content\\\/uploads\\\/2020\\\/02\\\/coronavirus-Kurdistan.jpg\",\"articleSection\":[\"Kurdistan\"],\"inLanguage\":\"en-US\"},{\"@type\":\"WebPage\",\"@id\":\"https:\\\/\\\/darkamazi.site\\\/archives\\\/1008625\",\"url\":\"https:\\\/\\\/darkamazi.site\\\/archives\\\/1008625\",\"name\":\"K\u00fcrdistan B\u00f6lgesi H\u00fck\u00fcmeti'nden 'koronavir\u00fcs' karar\u0131 - Darka Mazi\",\"isPartOf\":{\"@id\":\"https:\\\/\\\/darkamazi.site\\\/#website\"},\"primaryImageOfPage\":{\"@id\":\"https:\\\/\\\/darkamazi.site\\\/archives\\\/1008625#primaryimage\"},\"image\":{\"@id\":\"https:\\\/\\\/darkamazi.site\\\/archives\\\/1008625#primaryimage\"},\"thumbnailUrl\":\"https:\\\/\\\/darkamazi.site\\\/darka-content\\\/uploads\\\/2020\\\/02\\\/coronavirus-Kurdistan.jpg\",\"datePublished\":\"2020-02-23T10:55:17+00:00\",\"dateModified\":\"2026-03-31T13:45:00+00:00\",\"breadcrumb\":{\"@id\":\"https:\\\/\\\/darkamazi.site\\\/archives\\\/1008625#breadcrumb\"},\"inLanguage\":\"en-US\",\"potentialAction\":[{\"@type\":\"ReadAction\",\"target\":[\"https:\\\/\\\/darkamazi.site\\\/archives\\\/1008625\"]}]},{\"@type\":\"ImageObject\",\"inLanguage\":\"en-US\",\"@id\":\"https:\\\/\\\/darkamazi.site\\\/archives\\\/1008625#primaryimage\",\"url\":\"https:\\\/\\\/darkamazi.site\\\/darka-content\\\/uploads\\\/2020\\\/02\\\/coronavirus-Kurdistan.jpg\",\"contentUrl\":\"https:\\\/\\\/darkamazi.site\\\/darka-content\\\/uploads\\\/2020\\\/02\\\/coronavirus-Kurdistan.jpg\",\"width\":486,\"height\":278,\"caption\":\"K\u00fcrdistan B\u00f6lgesi H\u00fck\u00fcmeti'nden 'koronavir\u00fcs' karar\u0131\"},{\"@type\":\"BreadcrumbList\",\"@id\":\"https:\\\/\\\/darkamazi.site\\\/archives\\\/1008625#breadcrumb\",\"itemListElement\":[{\"@type\":\"ListItem\",\"position\":1,\"name\":\"Home\",\"item\":\"https:\\\/\\\/darkamazi.site\\\/\"},{\"@type\":\"ListItem\",\"position\":2,\"name\":\"K\u00fcrdistan B\u00f6lgesi H\u00fck\u00fcmeti&#8217;nden &#8216;koronavir\u00fcs&#8217; karar\u0131\"}]},{\"@type\":\"WebSite\",\"@id\":\"https:\\\/\\\/darkamazi.site\\\/#website\",\"url\":\"https:\\\/\\\/darkamazi.site\\\/\",\"name\":\"Darka Mazi\",\"description\":\"Ana Sayfa\",\"publisher\":{\"@id\":\"https:\\\/\\\/darkamazi.site\\\/#organization\"},\"potentialAction\":[{\"@type\":\"SearchAction\",\"target\":{\"@type\":\"EntryPoint\",\"urlTemplate\":\"https:\\\/\\\/darkamazi.site\\\/?s={search_term_string}\"},\"query-input\":{\"@type\":\"PropertyValueSpecification\",\"valueRequired\":true,\"valueName\":\"search_term_string\"}}],\"inLanguage\":\"en-US\"},{\"@type\":\"Organization\",\"@id\":\"https:\\\/\\\/darkamazi.site\\\/#organization\",\"name\":\"Darka Mazi T\u00fcrk\u00e7e\",\"alternateName\":\"Darka Mazi\",\"url\":\"https:\\\/\\\/darkamazi.site\\\/\",\"logo\":{\"@type\":\"ImageObject\",\"inLanguage\":\"en-US\",\"@id\":\"https:\\\/\\\/darkamazi.site\\\/#\\\/schema\\\/logo\\\/image\\\/\",\"url\":\"https:\\\/\\\/darkamazi.site\\\/darka-content\\\/uploads\\\/2017\\\/12\\\/darka-mazi-logo.png\",\"contentUrl\":\"https:\\\/\\\/darkamazi.site\\\/darka-content\\\/uploads\\\/2017\\\/12\\\/darka-mazi-logo.png\",\"width\":151,\"height\":75,\"caption\":\"Darka Mazi T\u00fcrk\u00e7e\"},\"image\":{\"@id\":\"https:\\\/\\\/darkamazi.site\\\/#\\\/schema\\\/logo\\\/image\\\/\"},\"sameAs\":[\"https:\\\/\\\/www.facebook.com\\\/DarkaMaziturkce\",\"https:\\\/\\\/x.com\\\/DarkaMaziTurkce\"]},{\"@type\":\"Person\",\"@id\":\"https:\\\/\\\/darkamazi.site\\\/#\\\/schema\\\/person\\\/67986a95ac546c16760365877ef4a9d3\",\"name\":\"darka mazi\",\"sameAs\":[\"https:\\\/\\\/darkamazi.site\"],\"url\":\"https:\\\/\\\/darkamazi.site\\\/archives\\\/author\\\/turkish\"}]}<\/script>\n<!-- \/ Yoast SEO plugin. -->","seo_head_json":{"title":"K\u00fcrdistan B\u00f6lgesi H\u00fck\u00fcmeti'nden 'koronavir\u00fcs' karar\u0131 - Darka Mazi","robots":{"index":"index","follow":"follow","max-snippet":"max-snippet:-1","max-image-preview":"max-image-preview:large","max-video-preview":"max-video-preview:-1"},"canonical":"https:\/\/darkamazi.site\/archives\/1008625","og_locale":"en_US","og_type":"article","og_title":"K\u00fcrdistan B\u00f6lgesi H\u00fck\u00fcmeti'nden 'koronavir\u00fcs' karar\u0131 - Darka Mazi","og_description":"K\u00fcrdistan B\u00f6lgesi, yeni tip coronavir\u00fcs (Covid-19) salg\u0131n\u0131 nedeniyle 5 ki\u015finin hayat\u0131n\u0131 kaybetti\u011fi \u0130ran\u2019dan d\u00f6nen K\u00fcrdistan vatanda\u015flar\u0131n\u0131, tedbir ama\u00e7l\u0131 olarak 14 g\u00fcn karantina alt\u0131nda tutma karar\u0131 ald\u0131. K\u00fcrdistan B\u00f6lgesi \u0130\u00e7i\u015fleri Bakan\u0131 Reb\u00ear Ehmed, Sa\u011fl\u0131k Bakan\u0131 Saman Berzenci ve H\u00fck\u00fcmet S\u00f6zc\u00fcs\u00fc Cotyar Adil ile Erbil\u2019de ortak bir bas\u0131n toplant\u0131s\u0131 d\u00fczenledi. Ehmed, \u0130ran ile ticaretin uluslararas\u0131 g\u00fcmr\u00fck kap\u0131lar\u0131nda [&hellip;]","og_url":"https:\/\/darkamazi.site\/archives\/1008625","og_site_name":"Darka Mazi","article_publisher":"https:\/\/www.facebook.com\/DarkaMaziturkce","article_published_time":"2020-02-23T10:55:17+00:00","article_modified_time":"2026-03-31T13:45:00+00:00","og_image":[{"width":486,"height":278,"url":"https:\/\/darkamazi.site\/file\/2020\/02\/coronavirus-Kurdistan.jpg","type":"image\/jpeg"}],"author":"darka mazi","twitter_card":"summary_large_image","twitter_creator":"@DarkaMaziTurkce","twitter_site":"@DarkaMaziTurkce","twitter_misc":{"Written by":"darka mazi","Est. reading time":"1 minute"},"schema":{"@context":"https:\/\/schema.org","@graph":[{"@type":"NewsArticle","@id":"https:\/\/darkamazi.site\/archives\/1008625#article","isPartOf":{"@id":"https:\/\/darkamazi.site\/archives\/1008625"},"author":{"name":"darka mazi","@id":"https:\/\/darkamazi.site\/#\/schema\/person\/67986a95ac546c16760365877ef4a9d3"},"headline":"K\u00fcrdistan B\u00f6lgesi H\u00fck\u00fcmeti&#8217;nden &#8216;koronavir\u00fcs&#8217; karar\u0131","datePublished":"2020-02-23T10:55:17+00:00","dateModified":"2026-03-31T13:45:00+00:00","mainEntityOfPage":{"@id":"https:\/\/darkamazi.site\/archives\/1008625"},"wordCount":166,"publisher":{"@id":"https:\/\/darkamazi.site\/#organization"},"image":{"@id":"https:\/\/darkamazi.site\/archives\/1008625#primaryimage"},"thumbnailUrl":"https:\/\/darkamazi.site\/file\/2020\/02\/coronavirus-Kurdistan.jpg","articleSection":["Kurdistan"],"inLanguage":"en-US"},{"@type":"WebPage","@id":"https:\/\/darkamazi.site\/archives\/1008625","url":"https:\/\/darkamazi.site\/archives\/1008625","name":"K\u00fcrdistan B\u00f6lgesi H\u00fck\u00fcmeti'nden 'koronavir\u00fcs' karar\u0131 - Darka Mazi","isPartOf":{"@id":"https:\/\/darkamazi.site\/#website"},"primaryImageOfPage":{"@id":"https:\/\/darkamazi.site\/archives\/1008625#primaryimage"},"image":{"@id":"https:\/\/darkamazi.site\/archives\/1008625#primaryimage"},"thumbnailUrl":"https:\/\/darkamazi.site\/file\/2020\/02\/coronavirus-Kurdistan.jpg","datePublished":"2020-02-23T10:55:17+00:00","dateModified":"2026-03-31T13:45:00+00:00","breadcrumb":{"@id":"https:\/\/darkamazi.site\/archives\/1008625#breadcrumb"},"inLanguage":"en-US","potentialAction":[{"@type":"ReadAction","target":["https:\/\/darkamazi.site\/archives\/1008625"]}]},{"@type":"ImageObject","inLanguage":"en-US","@id":"https:\/\/darkamazi.site\/archives\/1008625#primaryimage","url":"https:\/\/darkamazi.site\/file\/2020\/02\/coronavirus-Kurdistan.jpg","contentUrl":"https:\/\/darkamazi.site\/file\/2020\/02\/coronavirus-Kurdistan.jpg","width":486,"height":278,"caption":"K\u00fcrdistan B\u00f6lgesi H\u00fck\u00fcmeti'nden 'koronavir\u00fcs' karar\u0131"},{"@type":"BreadcrumbList","@id":"https:\/\/darkamazi.site\/archives\/1008625#breadcrumb","itemListElement":[{"@type":"ListItem","position":1,"name":"Home","item":"https:\/\/darkamazi.site\/"},{"@type":"ListItem","position":2,"name":"K\u00fcrdistan B\u00f6lgesi H\u00fck\u00fcmeti&#8217;nden &#8216;koronavir\u00fcs&#8217; karar\u0131"}]},{"@type":"WebSite","@id":"https:\/\/darkamazi.site\/#website","url":"https:\/\/darkamazi.site\/","name":"Darka Mazi","description":"Ana Sayfa","publisher":{"@id":"https:\/\/darkamazi.site\/#organization"},"potentialAction":[{"@type":"SearchAction","target":{"@type":"EntryPoint","urlTemplate":"https:\/\/darkamazi.site\/?s={search_term_string}"},"query-input":{"@type":"PropertyValueSpecification","valueRequired":true,"valueName":"search_term_string"}}],"inLanguage":"en-US"},{"@type":"Organization","@id":"https:\/\/darkamazi.site\/#organization","name":"Darka Mazi T\u00fcrk\u00e7e","alternateName":"Darka Mazi","url":"https:\/\/darkamazi.site\/","logo":{"@type":"ImageObject","inLanguage":"en-US","@id":"https:\/\/darkamazi.site\/#\/schema\/logo\/image\/","url":"https:\/\/darkamazi.site\/file\/2017\/12\/darka-mazi-logo.png","contentUrl":"https:\/\/darkamazi.site\/file\/2017\/12\/darka-mazi-logo.png","width":151,"height":75,"caption":"Darka Mazi T\u00fcrk\u00e7e"},"image":{"@id":"https:\/\/darkamazi.site\/#\/schema\/logo\/image\/"},"sameAs":["https:\/\/www.facebook.com\/DarkaMaziturkce","https:\/\/x.com\/DarkaMaziTurkce"]},{"@type":"Person","@id":"https:\/\/darkamazi.site\/#\/schema\/person\/67986a95ac546c16760365877ef4a9d3","name":"darka mazi","sameAs":["https:\/\/darkamazi.site"],"url":"https:\/\/darkamazi.site\/archives\/author\/turkish"}]}},"_links":{"self":[{"href":"https:\/\/darkamazi.site\/funavuv\/wp\/v2\/posts\/1008625","targetHints":{"allow":["GET"]}}],"collection":[{"href":"https:\/\/darkamazi.site\/funavuv\/wp\/v2\/posts"}],"about":[{"href":"https:\/\/darkamazi.site\/funavuv\/wp\/v2\/types\/post"}],"author":[{"embeddable":true,"href":"https:\/\/darkamazi.site\/funavuv\/wp\/v2\/users\/2"}],"replies":[{"embeddable":true,"href":"https:\/\/darkamazi.site\/funavuv\/wp\/v2\/comments?post=1008625"}],"version-history":[{"count":0,"href":"https:\/\/darkamazi.site\/funavuv\/wp\/v2\/posts\/1008625\/revisions"}],"wp:featuredmedia":[{"embeddable":true,"href":"https:\/\/darkamazi.site\/funavuv\/wp\/v2\/media\/1008626"}],"wp:attachment":[{"href":"https:\/\/darkamazi.site\/funavuv\/wp\/v2\/media?parent=1008625"}],"wp:term":[{"taxonomy":"category","embeddable":true,"href":"https:\/\/darkamazi.site\/funavuv\/wp\/v2\/categories?post=1008625"},{"taxonomy":"post_tag","embeddable":true,"href":"https:\/\/darkamazi.site\/funavuv\/wp\/v2\/tags?post=1008625"}],"curies":[{"name":"wp","href":"https:\/\/api.w.org\/{rel}","templated":true}]}}