{"id":1008674,"date":"2020-02-26T17:12:36","date_gmt":"2020-02-26T14:12:36","guid":{"rendered":"https:\/\/darkamazi.site\/?p=1008674"},"modified":"2020-02-26T17:12:36","modified_gmt":"2020-02-26T14:12:36","slug":"kurdistan-bolgesel-yonetiminden-coronavirus-tedbirleri-pespese-geliyor-5-ulkeye-vize-verilmeyecek","status":"publish","type":"post","link":"https:\/\/darkamazi.site\/archives\/1008674","title":{"rendered":"K\u00fcrdistan B\u00f6lgesel\u00a0 Y\u00f6netiminden Coronavir\u00fcs tedbirleri pe\u015fpe\u015fe geliyor: 5 \u00fclkeye vize verilmeyecek"},"content":{"rendered":"<h3 style=\"text-align: justify\"><span style=\"font-family: 'arial black', sans-serif;font-size: 12pt\">K\u00fcrdistan B\u00f6lgesi \u0130\u00e7i\u015fleri Bakanl\u0131\u011f\u0131, coronavir\u00fcse (Covid-19) kar\u015f\u0131 tedbirler kapsam\u0131nda 5 \u00fclkeye y\u00f6nelik vize i\u015flemlerinin durduruldu\u011funu a\u00e7\u0131klad\u0131.<\/span><\/h3>\n<p style=\"text-align: justify\">\u0130\u00e7i\u015fleri Bakanl\u0131\u011f\u0131 taraf\u0131ndan yay\u0131nlanan yaz\u0131l\u0131 a\u00e7\u0131klamada; Tayland, G\u00fcney Kore, Japonya, \u0130talya ve Singapur\u2019a y\u00f6nelik vize i\u015flemlerinin durduruldu\u011fu belirtildi.<\/p>\n<p style=\"text-align: justify\">S\u00f6z konusu \u00fclkelerin vatanda\u015flar\u0131na vize verilmezken, K\u00fcrdistan B\u00f6lgesi vatanda\u015flar\u0131n\u0131n da bu \u00fclkelere gidi\u015finin yasakland\u0131\u011f\u0131 kaydedildi.<\/p>\n<p style=\"text-align: justify\">\u00d6te yandan \u00c7in, \u0130ran, Japonya, G\u00fcney Kore, \u0130talya, Singapur ve Tayland\u2019dan d\u00f6nen K\u00fcrdistan B\u00f6lgesi vatanda\u015flar\u0131n\u0131n karantinaya al\u0131naca\u011f\u0131 ifade edildi.<\/p>\n<p style=\"text-align: justify\">K\u00fcrdistan B\u00f6lgesi Sa\u011fl\u0131k Bakan\u0131 Saman Berzenci d\u00fcn yapt\u0131\u011f\u0131 a\u00e7\u0131klamada, K\u00fcrdistan B\u00f6lgesi\u2019nde herhangi bir coronavir\u00fcs (Covid-19) vakas\u0131na rastlanmad\u0131\u011f\u0131n\u0131 s\u00f6ylemi\u015fti.<\/p>\n<p style=\"text-align: justify\">Bakanlar Kurulu da salg\u0131na kar\u015f\u0131 tedbir ama\u00e7l\u0131 t\u00fcm okullarda e\u011fitime ara verilmesi ve resm\u00ee kurumlarda tatile gidilmesine karar vermi\u015fti.<\/p>\n","protected":false},"excerpt":{"rendered":"<p>K\u00fcrdistan B\u00f6lgesi \u0130\u00e7i\u015fleri Bakanl\u0131\u011f\u0131, coronavir\u00fcse (Covid-19) kar\u015f\u0131 tedbirler kapsam\u0131nda 5 \u00fclkeye y\u00f6nelik vize i\u015flemlerinin durduruldu\u011funu a\u00e7\u0131klad\u0131. \u0130\u00e7i\u015fleri Bakanl\u0131\u011f\u0131 taraf\u0131ndan yay\u0131nlanan yaz\u0131l\u0131 a\u00e7\u0131klamada; Tayland, G\u00fcney Kore, Japonya, \u0130talya ve Singapur\u2019a y\u00f6nelik vize i\u015flemlerinin durduruldu\u011fu belirtildi. S\u00f6z konusu \u00fclkelerin vatanda\u015flar\u0131na vize verilmezken, K\u00fcrdistan B\u00f6lgesi vatanda\u015flar\u0131n\u0131n da bu \u00fclkelere gidi\u015finin yasakland\u0131\u011f\u0131 kaydedildi. \u00d6te yandan \u00c7in, \u0130ran, Japonya, G\u00fcney [&hellip;]<\/p>\n","protected":false},"author":2,"featured_media":1008675,"comment_status":"closed","ping_status":"closed","sticky":false,"template":"","format":"standard","meta":{"footnotes":""},"categories":[3],"tags":[31],"class_list":["post-1008674","post","type-post","status-publish","format-standard","has-post-thumbnail","hentry","category-kurdistan","tag-onemli"],"blocksy_meta":[],"seo_head":"<!-- This site is optimized with the Yoast SEO plugin v27.5 - https:\/\/yoast.com\/product\/yoast-seo-wordpress\/ -->\n<title>K\u00fcrdistan B\u00f6lgesel\u00a0 Y\u00f6netiminden Coronavir\u00fcs tedbirleri pe\u015fpe\u015fe geliyor: 5 \u00fclkeye vize verilmeyecek - Darka Mazi<\/title>\n<meta name=\"robots\" content=\"index, follow, max-snippet:-1, max-image-preview:large, max-video-preview:-1\" \/>\n<link rel=\"canonical\" href=\"https:\/\/darkamazi.site\/archives\/1008674\" \/>\n<meta property=\"og:locale\" content=\"en_US\" \/>\n<meta property=\"og:type\" content=\"article\" \/>\n<meta property=\"og:title\" content=\"K\u00fcrdistan B\u00f6lgesel\u00a0 Y\u00f6netiminden Coronavir\u00fcs tedbirleri pe\u015fpe\u015fe geliyor: 5 \u00fclkeye vize verilmeyecek - Darka Mazi\" \/>\n<meta property=\"og:description\" content=\"K\u00fcrdistan B\u00f6lgesi \u0130\u00e7i\u015fleri Bakanl\u0131\u011f\u0131, coronavir\u00fcse (Covid-19) kar\u015f\u0131 tedbirler kapsam\u0131nda 5 \u00fclkeye y\u00f6nelik vize i\u015flemlerinin durduruldu\u011funu a\u00e7\u0131klad\u0131. \u0130\u00e7i\u015fleri Bakanl\u0131\u011f\u0131 taraf\u0131ndan yay\u0131nlanan yaz\u0131l\u0131 a\u00e7\u0131klamada; Tayland, G\u00fcney Kore, Japonya, \u0130talya ve Singapur\u2019a y\u00f6nelik vize i\u015flemlerinin durduruldu\u011fu belirtildi. S\u00f6z konusu \u00fclkelerin vatanda\u015flar\u0131na vize verilmezken, K\u00fcrdistan B\u00f6lgesi vatanda\u015flar\u0131n\u0131n da bu \u00fclkelere gidi\u015finin yasakland\u0131\u011f\u0131 kaydedildi. \u00d6te yandan \u00c7in, \u0130ran, Japonya, G\u00fcney [&hellip;]\" \/>\n<meta property=\"og:url\" content=\"https:\/\/darkamazi.site\/archives\/1008674\" \/>\n<meta property=\"og:site_name\" content=\"Darka Mazi\" \/>\n<meta property=\"article:publisher\" content=\"https:\/\/www.facebook.com\/DarkaMaziturkce\" \/>\n<meta property=\"article:published_time\" content=\"2020-02-26T14:12:36+00:00\" \/>\n<meta property=\"og:image\" content=\"https:\/\/darkamazi.site\/file\/2020\/02\/Krg-qedexe-1.jpg\" \/>\n\t<meta property=\"og:image:width\" content=\"934\" \/>\n\t<meta property=\"og:image:height\" content=\"541\" \/>\n\t<meta property=\"og:image:type\" content=\"image\/jpeg\" \/>\n<meta name=\"author\" content=\"darka mazi\" \/>\n<meta name=\"twitter:card\" content=\"summary_large_image\" \/>\n<meta name=\"twitter:creator\" content=\"@DarkaMaziTurkce\" \/>\n<meta name=\"twitter:site\" content=\"@DarkaMaziTurkce\" \/>\n<meta name=\"twitter:label1\" content=\"Written by\" \/>\n\t<meta name=\"twitter:data1\" content=\"darka mazi\" \/>\n\t<meta name=\"twitter:label2\" content=\"Est. reading time\" \/>\n\t<meta name=\"twitter:data2\" content=\"1 minute\" \/>\n<script type=\"application\/ld+json\" class=\"seo-schema-graph\">{\"@context\":\"https:\\\/\\\/schema.org\",\"@graph\":[{\"@type\":\"NewsArticle\",\"@id\":\"https:\\\/\\\/darkamazi.site\\\/archives\\\/1008674#article\",\"isPartOf\":{\"@id\":\"https:\\\/\\\/darkamazi.site\\\/archives\\\/1008674\"},\"author\":{\"name\":\"darka mazi\",\"@id\":\"https:\\\/\\\/darkamazi.site\\\/#\\\/schema\\\/person\\\/67986a95ac546c16760365877ef4a9d3\"},\"headline\":\"K\u00fcrdistan B\u00f6lgesel\u00a0 Y\u00f6netiminden Coronavir\u00fcs tedbirleri pe\u015fpe\u015fe geliyor: 5 \u00fclkeye vize verilmeyecek\",\"datePublished\":\"2020-02-26T14:12:36+00:00\",\"mainEntityOfPage\":{\"@id\":\"https:\\\/\\\/darkamazi.site\\\/archives\\\/1008674\"},\"wordCount\":176,\"publisher\":{\"@id\":\"https:\\\/\\\/darkamazi.site\\\/#organization\"},\"image\":{\"@id\":\"https:\\\/\\\/darkamazi.site\\\/archives\\\/1008674#primaryimage\"},\"thumbnailUrl\":\"https:\\\/\\\/darkamazi.site\\\/darka-content\\\/uploads\\\/2020\\\/02\\\/Krg-qedexe-1.jpg\",\"keywords\":[\"\u00f6nemli\"],\"articleSection\":[\"Kurdistan\"],\"inLanguage\":\"en-US\"},{\"@type\":\"WebPage\",\"@id\":\"https:\\\/\\\/darkamazi.site\\\/archives\\\/1008674\",\"url\":\"https:\\\/\\\/darkamazi.site\\\/archives\\\/1008674\",\"name\":\"K\u00fcrdistan B\u00f6lgesel\u00a0 Y\u00f6netiminden Coronavir\u00fcs tedbirleri pe\u015fpe\u015fe geliyor: 5 \u00fclkeye vize verilmeyecek - Darka Mazi\",\"isPartOf\":{\"@id\":\"https:\\\/\\\/darkamazi.site\\\/#website\"},\"primaryImageOfPage\":{\"@id\":\"https:\\\/\\\/darkamazi.site\\\/archives\\\/1008674#primaryimage\"},\"image\":{\"@id\":\"https:\\\/\\\/darkamazi.site\\\/archives\\\/1008674#primaryimage\"},\"thumbnailUrl\":\"https:\\\/\\\/darkamazi.site\\\/darka-content\\\/uploads\\\/2020\\\/02\\\/Krg-qedexe-1.jpg\",\"datePublished\":\"2020-02-26T14:12:36+00:00\",\"breadcrumb\":{\"@id\":\"https:\\\/\\\/darkamazi.site\\\/archives\\\/1008674#breadcrumb\"},\"inLanguage\":\"en-US\",\"potentialAction\":[{\"@type\":\"ReadAction\",\"target\":[\"https:\\\/\\\/darkamazi.site\\\/archives\\\/1008674\"]}]},{\"@type\":\"ImageObject\",\"inLanguage\":\"en-US\",\"@id\":\"https:\\\/\\\/darkamazi.site\\\/archives\\\/1008674#primaryimage\",\"url\":\"https:\\\/\\\/darkamazi.site\\\/darka-content\\\/uploads\\\/2020\\\/02\\\/Krg-qedexe-1.jpg\",\"contentUrl\":\"https:\\\/\\\/darkamazi.site\\\/darka-content\\\/uploads\\\/2020\\\/02\\\/Krg-qedexe-1.jpg\",\"width\":934,\"height\":541,\"caption\":\"K\u00fcrdistan B\u00f6lgesel\u00a0 Y\u00f6netiminden Coronavir\u00fcs tedbirleri pe\u015fpe\u015fe geliyor: 5 \u00fclkeye vize verilmeyecek\"},{\"@type\":\"BreadcrumbList\",\"@id\":\"https:\\\/\\\/darkamazi.site\\\/archives\\\/1008674#breadcrumb\",\"itemListElement\":[{\"@type\":\"ListItem\",\"position\":1,\"name\":\"Home\",\"item\":\"https:\\\/\\\/darkamazi.site\\\/\"},{\"@type\":\"ListItem\",\"position\":2,\"name\":\"K\u00fcrdistan B\u00f6lgesel\u00a0 Y\u00f6netiminden Coronavir\u00fcs tedbirleri pe\u015fpe\u015fe geliyor: 5 \u00fclkeye vize verilmeyecek\"}]},{\"@type\":\"WebSite\",\"@id\":\"https:\\\/\\\/darkamazi.site\\\/#website\",\"url\":\"https:\\\/\\\/darkamazi.site\\\/\",\"name\":\"Darka Mazi\",\"description\":\"Ana Sayfa\",\"publisher\":{\"@id\":\"https:\\\/\\\/darkamazi.site\\\/#organization\"},\"potentialAction\":[{\"@type\":\"SearchAction\",\"target\":{\"@type\":\"EntryPoint\",\"urlTemplate\":\"https:\\\/\\\/darkamazi.site\\\/?s={search_term_string}\"},\"query-input\":{\"@type\":\"PropertyValueSpecification\",\"valueRequired\":true,\"valueName\":\"search_term_string\"}}],\"inLanguage\":\"en-US\"},{\"@type\":\"Organization\",\"@id\":\"https:\\\/\\\/darkamazi.site\\\/#organization\",\"name\":\"Darka Mazi T\u00fcrk\u00e7e\",\"alternateName\":\"Darka Mazi\",\"url\":\"https:\\\/\\\/darkamazi.site\\\/\",\"logo\":{\"@type\":\"ImageObject\",\"inLanguage\":\"en-US\",\"@id\":\"https:\\\/\\\/darkamazi.site\\\/#\\\/schema\\\/logo\\\/image\\\/\",\"url\":\"https:\\\/\\\/darkamazi.site\\\/darka-content\\\/uploads\\\/2017\\\/12\\\/darka-mazi-logo.png\",\"contentUrl\":\"https:\\\/\\\/darkamazi.site\\\/darka-content\\\/uploads\\\/2017\\\/12\\\/darka-mazi-logo.png\",\"width\":151,\"height\":75,\"caption\":\"Darka Mazi T\u00fcrk\u00e7e\"},\"image\":{\"@id\":\"https:\\\/\\\/darkamazi.site\\\/#\\\/schema\\\/logo\\\/image\\\/\"},\"sameAs\":[\"https:\\\/\\\/www.facebook.com\\\/DarkaMaziturkce\",\"https:\\\/\\\/x.com\\\/DarkaMaziTurkce\"]},{\"@type\":\"Person\",\"@id\":\"https:\\\/\\\/darkamazi.site\\\/#\\\/schema\\\/person\\\/67986a95ac546c16760365877ef4a9d3\",\"name\":\"darka mazi\",\"sameAs\":[\"https:\\\/\\\/darkamazi.site\"],\"url\":\"https:\\\/\\\/darkamazi.site\\\/archives\\\/author\\\/turkish\"}]}<\/script>\n<!-- \/ Yoast SEO plugin. -->","seo_head_json":{"title":"K\u00fcrdistan B\u00f6lgesel\u00a0 Y\u00f6netiminden Coronavir\u00fcs tedbirleri pe\u015fpe\u015fe geliyor: 5 \u00fclkeye vize verilmeyecek - Darka Mazi","robots":{"index":"index","follow":"follow","max-snippet":"max-snippet:-1","max-image-preview":"max-image-preview:large","max-video-preview":"max-video-preview:-1"},"canonical":"https:\/\/darkamazi.site\/archives\/1008674","og_locale":"en_US","og_type":"article","og_title":"K\u00fcrdistan B\u00f6lgesel\u00a0 Y\u00f6netiminden Coronavir\u00fcs tedbirleri pe\u015fpe\u015fe geliyor: 5 \u00fclkeye vize verilmeyecek - Darka Mazi","og_description":"K\u00fcrdistan B\u00f6lgesi \u0130\u00e7i\u015fleri Bakanl\u0131\u011f\u0131, coronavir\u00fcse (Covid-19) kar\u015f\u0131 tedbirler kapsam\u0131nda 5 \u00fclkeye y\u00f6nelik vize i\u015flemlerinin durduruldu\u011funu a\u00e7\u0131klad\u0131. \u0130\u00e7i\u015fleri Bakanl\u0131\u011f\u0131 taraf\u0131ndan yay\u0131nlanan yaz\u0131l\u0131 a\u00e7\u0131klamada; Tayland, G\u00fcney Kore, Japonya, \u0130talya ve Singapur\u2019a y\u00f6nelik vize i\u015flemlerinin durduruldu\u011fu belirtildi. S\u00f6z konusu \u00fclkelerin vatanda\u015flar\u0131na vize verilmezken, K\u00fcrdistan B\u00f6lgesi vatanda\u015flar\u0131n\u0131n da bu \u00fclkelere gidi\u015finin yasakland\u0131\u011f\u0131 kaydedildi. \u00d6te yandan \u00c7in, \u0130ran, Japonya, G\u00fcney [&hellip;]","og_url":"https:\/\/darkamazi.site\/archives\/1008674","og_site_name":"Darka Mazi","article_publisher":"https:\/\/www.facebook.com\/DarkaMaziturkce","article_published_time":"2020-02-26T14:12:36+00:00","og_image":[{"width":934,"height":541,"url":"https:\/\/darkamazi.site\/file\/2020\/02\/Krg-qedexe-1.jpg","type":"image\/jpeg"}],"author":"darka mazi","twitter_card":"summary_large_image","twitter_creator":"@DarkaMaziTurkce","twitter_site":"@DarkaMaziTurkce","twitter_misc":{"Written by":"darka mazi","Est. reading time":"1 minute"},"schema":{"@context":"https:\/\/schema.org","@graph":[{"@type":"NewsArticle","@id":"https:\/\/darkamazi.site\/archives\/1008674#article","isPartOf":{"@id":"https:\/\/darkamazi.site\/archives\/1008674"},"author":{"name":"darka mazi","@id":"https:\/\/darkamazi.site\/#\/schema\/person\/67986a95ac546c16760365877ef4a9d3"},"headline":"K\u00fcrdistan B\u00f6lgesel\u00a0 Y\u00f6netiminden Coronavir\u00fcs tedbirleri pe\u015fpe\u015fe geliyor: 5 \u00fclkeye vize verilmeyecek","datePublished":"2020-02-26T14:12:36+00:00","mainEntityOfPage":{"@id":"https:\/\/darkamazi.site\/archives\/1008674"},"wordCount":176,"publisher":{"@id":"https:\/\/darkamazi.site\/#organization"},"image":{"@id":"https:\/\/darkamazi.site\/archives\/1008674#primaryimage"},"thumbnailUrl":"https:\/\/darkamazi.site\/file\/2020\/02\/Krg-qedexe-1.jpg","keywords":["\u00f6nemli"],"articleSection":["Kurdistan"],"inLanguage":"en-US"},{"@type":"WebPage","@id":"https:\/\/darkamazi.site\/archives\/1008674","url":"https:\/\/darkamazi.site\/archives\/1008674","name":"K\u00fcrdistan B\u00f6lgesel\u00a0 Y\u00f6netiminden Coronavir\u00fcs tedbirleri pe\u015fpe\u015fe geliyor: 5 \u00fclkeye vize verilmeyecek - Darka Mazi","isPartOf":{"@id":"https:\/\/darkamazi.site\/#website"},"primaryImageOfPage":{"@id":"https:\/\/darkamazi.site\/archives\/1008674#primaryimage"},"image":{"@id":"https:\/\/darkamazi.site\/archives\/1008674#primaryimage"},"thumbnailUrl":"https:\/\/darkamazi.site\/file\/2020\/02\/Krg-qedexe-1.jpg","datePublished":"2020-02-26T14:12:36+00:00","breadcrumb":{"@id":"https:\/\/darkamazi.site\/archives\/1008674#breadcrumb"},"inLanguage":"en-US","potentialAction":[{"@type":"ReadAction","target":["https:\/\/darkamazi.site\/archives\/1008674"]}]},{"@type":"ImageObject","inLanguage":"en-US","@id":"https:\/\/darkamazi.site\/archives\/1008674#primaryimage","url":"https:\/\/darkamazi.site\/file\/2020\/02\/Krg-qedexe-1.jpg","contentUrl":"https:\/\/darkamazi.site\/file\/2020\/02\/Krg-qedexe-1.jpg","width":934,"height":541,"caption":"K\u00fcrdistan B\u00f6lgesel\u00a0 Y\u00f6netiminden Coronavir\u00fcs tedbirleri pe\u015fpe\u015fe geliyor: 5 \u00fclkeye vize verilmeyecek"},{"@type":"BreadcrumbList","@id":"https:\/\/darkamazi.site\/archives\/1008674#breadcrumb","itemListElement":[{"@type":"ListItem","position":1,"name":"Home","item":"https:\/\/darkamazi.site\/"},{"@type":"ListItem","position":2,"name":"K\u00fcrdistan B\u00f6lgesel\u00a0 Y\u00f6netiminden Coronavir\u00fcs tedbirleri pe\u015fpe\u015fe geliyor: 5 \u00fclkeye vize verilmeyecek"}]},{"@type":"WebSite","@id":"https:\/\/darkamazi.site\/#website","url":"https:\/\/darkamazi.site\/","name":"Darka Mazi","description":"Ana Sayfa","publisher":{"@id":"https:\/\/darkamazi.site\/#organization"},"potentialAction":[{"@type":"SearchAction","target":{"@type":"EntryPoint","urlTemplate":"https:\/\/darkamazi.site\/?s={search_term_string}"},"query-input":{"@type":"PropertyValueSpecification","valueRequired":true,"valueName":"search_term_string"}}],"inLanguage":"en-US"},{"@type":"Organization","@id":"https:\/\/darkamazi.site\/#organization","name":"Darka Mazi T\u00fcrk\u00e7e","alternateName":"Darka Mazi","url":"https:\/\/darkamazi.site\/","logo":{"@type":"ImageObject","inLanguage":"en-US","@id":"https:\/\/darkamazi.site\/#\/schema\/logo\/image\/","url":"https:\/\/darkamazi.site\/file\/2017\/12\/darka-mazi-logo.png","contentUrl":"https:\/\/darkamazi.site\/file\/2017\/12\/darka-mazi-logo.png","width":151,"height":75,"caption":"Darka Mazi T\u00fcrk\u00e7e"},"image":{"@id":"https:\/\/darkamazi.site\/#\/schema\/logo\/image\/"},"sameAs":["https:\/\/www.facebook.com\/DarkaMaziturkce","https:\/\/x.com\/DarkaMaziTurkce"]},{"@type":"Person","@id":"https:\/\/darkamazi.site\/#\/schema\/person\/67986a95ac546c16760365877ef4a9d3","name":"darka mazi","sameAs":["https:\/\/darkamazi.site"],"url":"https:\/\/darkamazi.site\/archives\/author\/turkish"}]}},"_links":{"self":[{"href":"https:\/\/darkamazi.site\/funavuv\/wp\/v2\/posts\/1008674","targetHints":{"allow":["GET"]}}],"collection":[{"href":"https:\/\/darkamazi.site\/funavuv\/wp\/v2\/posts"}],"about":[{"href":"https:\/\/darkamazi.site\/funavuv\/wp\/v2\/types\/post"}],"author":[{"embeddable":true,"href":"https:\/\/darkamazi.site\/funavuv\/wp\/v2\/users\/2"}],"replies":[{"embeddable":true,"href":"https:\/\/darkamazi.site\/funavuv\/wp\/v2\/comments?post=1008674"}],"version-history":[{"count":0,"href":"https:\/\/darkamazi.site\/funavuv\/wp\/v2\/posts\/1008674\/revisions"}],"wp:featuredmedia":[{"embeddable":true,"href":"https:\/\/darkamazi.site\/funavuv\/wp\/v2\/media\/1008675"}],"wp:attachment":[{"href":"https:\/\/darkamazi.site\/funavuv\/wp\/v2\/media?parent=1008674"}],"wp:term":[{"taxonomy":"category","embeddable":true,"href":"https:\/\/darkamazi.site\/funavuv\/wp\/v2\/categories?post=1008674"},{"taxonomy":"post_tag","embeddable":true,"href":"https:\/\/darkamazi.site\/funavuv\/wp\/v2\/tags?post=1008674"}],"curies":[{"name":"wp","href":"https:\/\/api.w.org\/{rel}","templated":true}]}}