{"id":1008692,"date":"2020-02-27T10:11:49","date_gmt":"2020-02-27T07:11:49","guid":{"rendered":"https:\/\/darkamazi.site\/?p=1008692"},"modified":"2020-02-28T10:45:48","modified_gmt":"2020-02-28T07:45:48","slug":"trumptan-kafalari-karistiran-corona-virus-aciklamasi","status":"publish","type":"post","link":"https:\/\/darkamazi.site\/archives\/1008692","title":{"rendered":"Trump\u2019tan kafalar\u0131 kar\u0131\u015ft\u0131ran Corona vir\u00fcs a\u00e7\u0131klamas\u0131"},"content":{"rendered":"<p style=\"text-align: justify\">ABD Ba\u015fkan\u0131 Donald Trump, Kovid-19 (corona vir\u00fcs) konusunda Beyaz Saray&#8217;da, Ba\u015fkan Yard\u0131mc\u0131s\u0131 Mike Pence, Sa\u011fl\u0131k Bakan\u0131 Alex Azar ve sa\u011fl\u0131k yetkililerinin de kat\u0131ld\u0131\u011f\u0131 bir bas\u0131n toplant\u0131s\u0131 d\u00fczenledi.<\/p>\n<p style=\"text-align: justify\">Bas\u0131n toplant\u0131s\u0131na ABD Ba\u015fkan\u0131 Trump ile Sa\u011fl\u0131k Bakan\u0131 Alex Azar&#8217;\u0131n birbirine z\u0131t a\u00e7\u0131klamalar\u0131 yapt\u0131.<\/p>\n<p style=\"text-align: justify\">ABD Ba\u015fkan\u0131 Trump, &#8220;ABD&#8217;de risk olduk\u00e7a az. 15 korona vir\u00fcs vakas\u0131 var, a\u015f\u0131 \u00e7al\u0131\u015fmalar\u0131m\u0131z da h\u0131zla ilerliyor. ABD bu vir\u00fcse haz\u0131r&#8221; dedi. Buna kar\u015f\u0131l\u0131k Sa\u011fl\u0131k Bakan\u0131 Azar, &#8220;ABD tehlike alt\u0131nda, vir\u00fcs h\u0131zl\u0131 bir \u015fekilde toplumda yay\u0131labilir. Birden fazla a\u015f\u0131 \u00fczerinde \u00e7al\u0131\u015f\u0131l\u0131yor ancak nihai a\u015f\u0131ya ula\u015f\u0131lmas\u0131 6-7-8 ay\u0131 ge\u00e7ebilir&#8221; diye konu\u015ftu.<\/p>\n<p style=\"text-align: justify\">Ayr\u0131ca Trump a\u00e7\u0131klamada italya ve G\u00fcney Kore\u2019ye seyhatleri durdurmayacaklar\u0131n\u0131 belirterek \u201c d\u0131\u015f i\u015fleri bakanl\u0131\u011f\u0131 bu \u00fclkelere seyhat etmek isyenlere iki kere d\u00fc\u015f\u00fcn\u00fcn uyar\u0131s\u0131 yap\u0131yor\u201ddedi.<\/p>\n<p style=\"text-align: justify\"><span style=\"font-family: 'arial black', sans-serif;font-size: 12pt\">Pence Corona vir\u00fcs konusunda \u00f6zel olarak g\u00f6revlendirildi<\/span><\/p>\n<p style=\"text-align: justify\">Vir\u00fcs kapan ya da kapma tehlikesi olan ki\u015fileri karantinaya al\u0131nd\u0131klar\u0131n\u0131 an\u0131msatan Trump, &#8220;Bir\u00e7ok karantina merkezimiz var. A\u015f\u0131 \u00e7al\u0131\u015fmalar\u0131m\u0131z da h\u0131zla ilerliyor.&#8221; ifadelerini kulland\u0131. ABD&#8217;de vir\u00fcs konusunda \u00e7ok iyi uzmanlar\u0131n oldu\u011funu vurgulayan Trump, &#8220;Ba\u015fkan Yard\u0131mc\u0131s\u0131 Mike Pence&#8217;i vir\u00fcs konusunda g\u00f6revlendirdi\u011fimi buradan duyurmak istiyorum. Mike, uzmanlar, doktorlar ve vir\u00fcsle ilgili olan ki\u015filerle \u00e7al\u0131\u015facak ve bana rapor verecek.&#8221; bilgisini payla\u015ft\u0131.<\/p>\n<p style=\"text-align: justify\"><span style=\"font-family: 'arial black', sans-serif;font-size: 12pt\">&#8220;Koronavir\u00fcse grip muamelesi yap\u0131n&#8221;<\/span><\/p>\n<p style=\"text-align: justify\">Koronavir\u00fcse &#8220;grip&#8221; muamelesi yapma \u00e7a\u011fr\u0131s\u0131nda bulunan Trump, &#8220;Ellerinizi y\u0131kay\u0131n, kendinizi temiz tutun. Zorunda olmad\u0131k\u00e7a, herkesle tokala\u015fman\u0131z gerekmiyor. Etraf\u0131mda so\u011fuk alg\u0131nl\u0131\u011f\u0131 ya da grip belirtisi g\u00f6steren olursa hemen uzakla\u015f\u0131yorum. Bu vir\u00fcse de t\u0131pk\u0131 grip gibi davran\u0131n. Belki de buna ihtiyac\u0131m\u0131z olmaz. Ama en k\u00f6t\u00fc senaryoya da haz\u0131rlan\u0131yoruz.&#8221; dedi.<\/p>\n<p style=\"text-align: justify\"><span style=\"font-family: 'arial black', sans-serif;font-size: 12pt\">Amerikada ilk kez kayna\u011f\u0131 belirsiz Corona vakkas\u0131 g\u00f6r\u00fcld\u00fc<\/span><\/p>\n<p style=\"text-align: justify\">ABD&#8217;de bir ki\u015fide ilk kez &#8216;kayna\u011f\u0131 belirsiz&#8217; Covid-19 tespit edildi. Bu ki\u015finin \u00fclke d\u0131\u015f\u0131na hi\u00e7 \u00e7\u0131kmad\u0131\u011f\u0131 ve koronavir\u00fcsl\u00fc kimse ile yan yana gelmedi\u011fi a\u00e7\u0131kland\u0131. Bu a\u00e7\u0131klama, salg\u0131nla ilgili endi\u015feleri b\u00fcy\u00fctt\u00fc.<\/p>\n","protected":false},"excerpt":{"rendered":"<p>ABD Ba\u015fkan\u0131 Donald Trump, Kovid-19 (corona vir\u00fcs) konusunda Beyaz Saray&#8217;da, Ba\u015fkan Yard\u0131mc\u0131s\u0131 Mike Pence, Sa\u011fl\u0131k Bakan\u0131 Alex Azar ve sa\u011fl\u0131k yetkililerinin de kat\u0131ld\u0131\u011f\u0131 bir bas\u0131n toplant\u0131s\u0131 d\u00fczenledi. Bas\u0131n toplant\u0131s\u0131na ABD Ba\u015fkan\u0131 Trump ile Sa\u011fl\u0131k Bakan\u0131 Alex Azar&#8217;\u0131n birbirine z\u0131t a\u00e7\u0131klamalar\u0131 yapt\u0131. ABD Ba\u015fkan\u0131 Trump, &#8220;ABD&#8217;de risk olduk\u00e7a az. 15 korona vir\u00fcs vakas\u0131 var, a\u015f\u0131 \u00e7al\u0131\u015fmalar\u0131m\u0131z [&hellip;]<\/p>\n","protected":false},"author":2,"featured_media":1008693,"comment_status":"closed","ping_status":"closed","sticky":false,"template":"","format":"standard","meta":{"footnotes":""},"categories":[6],"tags":[31],"class_list":["post-1008692","post","type-post","status-publish","format-standard","has-post-thumbnail","hentry","category-dunya","tag-onemli"],"blocksy_meta":[],"seo_head":"<!-- This site is optimized with the Yoast SEO plugin v27.5 - https:\/\/yoast.com\/product\/yoast-seo-wordpress\/ -->\n<title>Trump\u2019tan kafalar\u0131 kar\u0131\u015ft\u0131ran Corona vir\u00fcs a\u00e7\u0131klamas\u0131 - Darka Mazi<\/title>\n<meta name=\"robots\" content=\"index, follow, max-snippet:-1, max-image-preview:large, max-video-preview:-1\" \/>\n<link rel=\"canonical\" href=\"https:\/\/darkamazi.site\/archives\/1008692\" \/>\n<meta property=\"og:locale\" content=\"en_US\" \/>\n<meta property=\"og:type\" content=\"article\" \/>\n<meta property=\"og:title\" content=\"Trump\u2019tan kafalar\u0131 kar\u0131\u015ft\u0131ran Corona vir\u00fcs a\u00e7\u0131klamas\u0131 - Darka Mazi\" \/>\n<meta property=\"og:description\" content=\"ABD Ba\u015fkan\u0131 Donald Trump, Kovid-19 (corona vir\u00fcs) konusunda Beyaz Saray&#8217;da, Ba\u015fkan Yard\u0131mc\u0131s\u0131 Mike Pence, Sa\u011fl\u0131k Bakan\u0131 Alex Azar ve sa\u011fl\u0131k yetkililerinin de kat\u0131ld\u0131\u011f\u0131 bir bas\u0131n toplant\u0131s\u0131 d\u00fczenledi. Bas\u0131n toplant\u0131s\u0131na ABD Ba\u015fkan\u0131 Trump ile Sa\u011fl\u0131k Bakan\u0131 Alex Azar&#8217;\u0131n birbirine z\u0131t a\u00e7\u0131klamalar\u0131 yapt\u0131. ABD Ba\u015fkan\u0131 Trump, &#8220;ABD&#8217;de risk olduk\u00e7a az. 15 korona vir\u00fcs vakas\u0131 var, a\u015f\u0131 \u00e7al\u0131\u015fmalar\u0131m\u0131z [&hellip;]\" \/>\n<meta property=\"og:url\" content=\"https:\/\/darkamazi.site\/archives\/1008692\" \/>\n<meta property=\"og:site_name\" content=\"Darka Mazi\" \/>\n<meta property=\"article:publisher\" content=\"https:\/\/www.facebook.com\/DarkaMaziturkce\" \/>\n<meta property=\"article:published_time\" content=\"2020-02-27T07:11:49+00:00\" \/>\n<meta property=\"article:modified_time\" content=\"2020-02-28T07:45:48+00:00\" \/>\n<meta property=\"og:image\" content=\"https:\/\/darkamazi.site\/file\/2020\/02\/abd_deki_corona_virus_toplantisinda_kafalari_karistiran_aciklamalar_h48256_44ef0.jpg\" \/>\n\t<meta property=\"og:image:width\" content=\"680\" \/>\n\t<meta property=\"og:image:height\" content=\"351\" \/>\n\t<meta property=\"og:image:type\" content=\"image\/jpeg\" \/>\n<meta name=\"author\" content=\"darka mazi\" \/>\n<meta name=\"twitter:card\" content=\"summary_large_image\" \/>\n<meta name=\"twitter:creator\" content=\"@DarkaMaziTurkce\" \/>\n<meta name=\"twitter:site\" content=\"@DarkaMaziTurkce\" \/>\n<meta name=\"twitter:label1\" content=\"Written by\" \/>\n\t<meta name=\"twitter:data1\" content=\"darka mazi\" \/>\n\t<meta name=\"twitter:label2\" content=\"Est. reading time\" \/>\n\t<meta name=\"twitter:data2\" content=\"2 minutes\" \/>\n<script type=\"application\/ld+json\" class=\"seo-schema-graph\">{\"@context\":\"https:\\\/\\\/schema.org\",\"@graph\":[{\"@type\":\"NewsArticle\",\"@id\":\"https:\\\/\\\/darkamazi.site\\\/archives\\\/1008692#article\",\"isPartOf\":{\"@id\":\"https:\\\/\\\/darkamazi.site\\\/archives\\\/1008692\"},\"author\":{\"name\":\"darka mazi\",\"@id\":\"https:\\\/\\\/darkamazi.site\\\/#\\\/schema\\\/person\\\/67986a95ac546c16760365877ef4a9d3\"},\"headline\":\"Trump\u2019tan kafalar\u0131 kar\u0131\u015ft\u0131ran Corona vir\u00fcs a\u00e7\u0131klamas\u0131\",\"datePublished\":\"2020-02-27T07:11:49+00:00\",\"dateModified\":\"2020-02-28T07:45:48+00:00\",\"mainEntityOfPage\":{\"@id\":\"https:\\\/\\\/darkamazi.site\\\/archives\\\/1008692\"},\"wordCount\":403,\"publisher\":{\"@id\":\"https:\\\/\\\/darkamazi.site\\\/#organization\"},\"image\":{\"@id\":\"https:\\\/\\\/darkamazi.site\\\/archives\\\/1008692#primaryimage\"},\"thumbnailUrl\":\"https:\\\/\\\/darkamazi.site\\\/darka-content\\\/uploads\\\/2020\\\/02\\\/abd_deki_corona_virus_toplantisinda_kafalari_karistiran_aciklamalar_h48256_44ef0.jpg\",\"keywords\":[\"\u00f6nemli\"],\"articleSection\":[\"D\u00fcnya\"],\"inLanguage\":\"en-US\"},{\"@type\":\"WebPage\",\"@id\":\"https:\\\/\\\/darkamazi.site\\\/archives\\\/1008692\",\"url\":\"https:\\\/\\\/darkamazi.site\\\/archives\\\/1008692\",\"name\":\"Trump\u2019tan kafalar\u0131 kar\u0131\u015ft\u0131ran Corona vir\u00fcs a\u00e7\u0131klamas\u0131 - Darka Mazi\",\"isPartOf\":{\"@id\":\"https:\\\/\\\/darkamazi.site\\\/#website\"},\"primaryImageOfPage\":{\"@id\":\"https:\\\/\\\/darkamazi.site\\\/archives\\\/1008692#primaryimage\"},\"image\":{\"@id\":\"https:\\\/\\\/darkamazi.site\\\/archives\\\/1008692#primaryimage\"},\"thumbnailUrl\":\"https:\\\/\\\/darkamazi.site\\\/darka-content\\\/uploads\\\/2020\\\/02\\\/abd_deki_corona_virus_toplantisinda_kafalari_karistiran_aciklamalar_h48256_44ef0.jpg\",\"datePublished\":\"2020-02-27T07:11:49+00:00\",\"dateModified\":\"2020-02-28T07:45:48+00:00\",\"breadcrumb\":{\"@id\":\"https:\\\/\\\/darkamazi.site\\\/archives\\\/1008692#breadcrumb\"},\"inLanguage\":\"en-US\",\"potentialAction\":[{\"@type\":\"ReadAction\",\"target\":[\"https:\\\/\\\/darkamazi.site\\\/archives\\\/1008692\"]}]},{\"@type\":\"ImageObject\",\"inLanguage\":\"en-US\",\"@id\":\"https:\\\/\\\/darkamazi.site\\\/archives\\\/1008692#primaryimage\",\"url\":\"https:\\\/\\\/darkamazi.site\\\/darka-content\\\/uploads\\\/2020\\\/02\\\/abd_deki_corona_virus_toplantisinda_kafalari_karistiran_aciklamalar_h48256_44ef0.jpg\",\"contentUrl\":\"https:\\\/\\\/darkamazi.site\\\/darka-content\\\/uploads\\\/2020\\\/02\\\/abd_deki_corona_virus_toplantisinda_kafalari_karistiran_aciklamalar_h48256_44ef0.jpg\",\"width\":680,\"height\":351,\"caption\":\"Trump\u2019tan kafalar\u0131 kar\u0131\u015ft\u0131ran Corona vir\u00fcs a\u00e7\u0131klamas\u0131\"},{\"@type\":\"BreadcrumbList\",\"@id\":\"https:\\\/\\\/darkamazi.site\\\/archives\\\/1008692#breadcrumb\",\"itemListElement\":[{\"@type\":\"ListItem\",\"position\":1,\"name\":\"Home\",\"item\":\"https:\\\/\\\/darkamazi.site\\\/\"},{\"@type\":\"ListItem\",\"position\":2,\"name\":\"Trump\u2019tan kafalar\u0131 kar\u0131\u015ft\u0131ran Corona vir\u00fcs a\u00e7\u0131klamas\u0131\"}]},{\"@type\":\"WebSite\",\"@id\":\"https:\\\/\\\/darkamazi.site\\\/#website\",\"url\":\"https:\\\/\\\/darkamazi.site\\\/\",\"name\":\"Darka Mazi\",\"description\":\"Ana Sayfa\",\"publisher\":{\"@id\":\"https:\\\/\\\/darkamazi.site\\\/#organization\"},\"potentialAction\":[{\"@type\":\"SearchAction\",\"target\":{\"@type\":\"EntryPoint\",\"urlTemplate\":\"https:\\\/\\\/darkamazi.site\\\/?s={search_term_string}\"},\"query-input\":{\"@type\":\"PropertyValueSpecification\",\"valueRequired\":true,\"valueName\":\"search_term_string\"}}],\"inLanguage\":\"en-US\"},{\"@type\":\"Organization\",\"@id\":\"https:\\\/\\\/darkamazi.site\\\/#organization\",\"name\":\"Darka Mazi T\u00fcrk\u00e7e\",\"alternateName\":\"Darka Mazi\",\"url\":\"https:\\\/\\\/darkamazi.site\\\/\",\"logo\":{\"@type\":\"ImageObject\",\"inLanguage\":\"en-US\",\"@id\":\"https:\\\/\\\/darkamazi.site\\\/#\\\/schema\\\/logo\\\/image\\\/\",\"url\":\"https:\\\/\\\/darkamazi.site\\\/darka-content\\\/uploads\\\/2017\\\/12\\\/darka-mazi-logo.png\",\"contentUrl\":\"https:\\\/\\\/darkamazi.site\\\/darka-content\\\/uploads\\\/2017\\\/12\\\/darka-mazi-logo.png\",\"width\":151,\"height\":75,\"caption\":\"Darka Mazi T\u00fcrk\u00e7e\"},\"image\":{\"@id\":\"https:\\\/\\\/darkamazi.site\\\/#\\\/schema\\\/logo\\\/image\\\/\"},\"sameAs\":[\"https:\\\/\\\/www.facebook.com\\\/DarkaMaziturkce\",\"https:\\\/\\\/x.com\\\/DarkaMaziTurkce\"]},{\"@type\":\"Person\",\"@id\":\"https:\\\/\\\/darkamazi.site\\\/#\\\/schema\\\/person\\\/67986a95ac546c16760365877ef4a9d3\",\"name\":\"darka mazi\",\"sameAs\":[\"https:\\\/\\\/darkamazi.site\"],\"url\":\"https:\\\/\\\/darkamazi.site\\\/archives\\\/author\\\/turkish\"}]}<\/script>\n<!-- \/ Yoast SEO plugin. -->","seo_head_json":{"title":"Trump\u2019tan kafalar\u0131 kar\u0131\u015ft\u0131ran Corona vir\u00fcs a\u00e7\u0131klamas\u0131 - Darka Mazi","robots":{"index":"index","follow":"follow","max-snippet":"max-snippet:-1","max-image-preview":"max-image-preview:large","max-video-preview":"max-video-preview:-1"},"canonical":"https:\/\/darkamazi.site\/archives\/1008692","og_locale":"en_US","og_type":"article","og_title":"Trump\u2019tan kafalar\u0131 kar\u0131\u015ft\u0131ran Corona vir\u00fcs a\u00e7\u0131klamas\u0131 - Darka Mazi","og_description":"ABD Ba\u015fkan\u0131 Donald Trump, Kovid-19 (corona vir\u00fcs) konusunda Beyaz Saray&#8217;da, Ba\u015fkan Yard\u0131mc\u0131s\u0131 Mike Pence, Sa\u011fl\u0131k Bakan\u0131 Alex Azar ve sa\u011fl\u0131k yetkililerinin de kat\u0131ld\u0131\u011f\u0131 bir bas\u0131n toplant\u0131s\u0131 d\u00fczenledi. Bas\u0131n toplant\u0131s\u0131na ABD Ba\u015fkan\u0131 Trump ile Sa\u011fl\u0131k Bakan\u0131 Alex Azar&#8217;\u0131n birbirine z\u0131t a\u00e7\u0131klamalar\u0131 yapt\u0131. ABD Ba\u015fkan\u0131 Trump, &#8220;ABD&#8217;de risk olduk\u00e7a az. 15 korona vir\u00fcs vakas\u0131 var, a\u015f\u0131 \u00e7al\u0131\u015fmalar\u0131m\u0131z [&hellip;]","og_url":"https:\/\/darkamazi.site\/archives\/1008692","og_site_name":"Darka Mazi","article_publisher":"https:\/\/www.facebook.com\/DarkaMaziturkce","article_published_time":"2020-02-27T07:11:49+00:00","article_modified_time":"2020-02-28T07:45:48+00:00","og_image":[{"width":680,"height":351,"url":"https:\/\/darkamazi.site\/file\/2020\/02\/abd_deki_corona_virus_toplantisinda_kafalari_karistiran_aciklamalar_h48256_44ef0.jpg","type":"image\/jpeg"}],"author":"darka mazi","twitter_card":"summary_large_image","twitter_creator":"@DarkaMaziTurkce","twitter_site":"@DarkaMaziTurkce","twitter_misc":{"Written by":"darka mazi","Est. reading time":"2 minutes"},"schema":{"@context":"https:\/\/schema.org","@graph":[{"@type":"NewsArticle","@id":"https:\/\/darkamazi.site\/archives\/1008692#article","isPartOf":{"@id":"https:\/\/darkamazi.site\/archives\/1008692"},"author":{"name":"darka mazi","@id":"https:\/\/darkamazi.site\/#\/schema\/person\/67986a95ac546c16760365877ef4a9d3"},"headline":"Trump\u2019tan kafalar\u0131 kar\u0131\u015ft\u0131ran Corona vir\u00fcs a\u00e7\u0131klamas\u0131","datePublished":"2020-02-27T07:11:49+00:00","dateModified":"2020-02-28T07:45:48+00:00","mainEntityOfPage":{"@id":"https:\/\/darkamazi.site\/archives\/1008692"},"wordCount":403,"publisher":{"@id":"https:\/\/darkamazi.site\/#organization"},"image":{"@id":"https:\/\/darkamazi.site\/archives\/1008692#primaryimage"},"thumbnailUrl":"https:\/\/darkamazi.site\/file\/2020\/02\/abd_deki_corona_virus_toplantisinda_kafalari_karistiran_aciklamalar_h48256_44ef0.jpg","keywords":["\u00f6nemli"],"articleSection":["D\u00fcnya"],"inLanguage":"en-US"},{"@type":"WebPage","@id":"https:\/\/darkamazi.site\/archives\/1008692","url":"https:\/\/darkamazi.site\/archives\/1008692","name":"Trump\u2019tan kafalar\u0131 kar\u0131\u015ft\u0131ran Corona vir\u00fcs a\u00e7\u0131klamas\u0131 - Darka Mazi","isPartOf":{"@id":"https:\/\/darkamazi.site\/#website"},"primaryImageOfPage":{"@id":"https:\/\/darkamazi.site\/archives\/1008692#primaryimage"},"image":{"@id":"https:\/\/darkamazi.site\/archives\/1008692#primaryimage"},"thumbnailUrl":"https:\/\/darkamazi.site\/file\/2020\/02\/abd_deki_corona_virus_toplantisinda_kafalari_karistiran_aciklamalar_h48256_44ef0.jpg","datePublished":"2020-02-27T07:11:49+00:00","dateModified":"2020-02-28T07:45:48+00:00","breadcrumb":{"@id":"https:\/\/darkamazi.site\/archives\/1008692#breadcrumb"},"inLanguage":"en-US","potentialAction":[{"@type":"ReadAction","target":["https:\/\/darkamazi.site\/archives\/1008692"]}]},{"@type":"ImageObject","inLanguage":"en-US","@id":"https:\/\/darkamazi.site\/archives\/1008692#primaryimage","url":"https:\/\/darkamazi.site\/file\/2020\/02\/abd_deki_corona_virus_toplantisinda_kafalari_karistiran_aciklamalar_h48256_44ef0.jpg","contentUrl":"https:\/\/darkamazi.site\/file\/2020\/02\/abd_deki_corona_virus_toplantisinda_kafalari_karistiran_aciklamalar_h48256_44ef0.jpg","width":680,"height":351,"caption":"Trump\u2019tan kafalar\u0131 kar\u0131\u015ft\u0131ran Corona vir\u00fcs a\u00e7\u0131klamas\u0131"},{"@type":"BreadcrumbList","@id":"https:\/\/darkamazi.site\/archives\/1008692#breadcrumb","itemListElement":[{"@type":"ListItem","position":1,"name":"Home","item":"https:\/\/darkamazi.site\/"},{"@type":"ListItem","position":2,"name":"Trump\u2019tan kafalar\u0131 kar\u0131\u015ft\u0131ran Corona vir\u00fcs a\u00e7\u0131klamas\u0131"}]},{"@type":"WebSite","@id":"https:\/\/darkamazi.site\/#website","url":"https:\/\/darkamazi.site\/","name":"Darka Mazi","description":"Ana Sayfa","publisher":{"@id":"https:\/\/darkamazi.site\/#organization"},"potentialAction":[{"@type":"SearchAction","target":{"@type":"EntryPoint","urlTemplate":"https:\/\/darkamazi.site\/?s={search_term_string}"},"query-input":{"@type":"PropertyValueSpecification","valueRequired":true,"valueName":"search_term_string"}}],"inLanguage":"en-US"},{"@type":"Organization","@id":"https:\/\/darkamazi.site\/#organization","name":"Darka Mazi T\u00fcrk\u00e7e","alternateName":"Darka Mazi","url":"https:\/\/darkamazi.site\/","logo":{"@type":"ImageObject","inLanguage":"en-US","@id":"https:\/\/darkamazi.site\/#\/schema\/logo\/image\/","url":"https:\/\/darkamazi.site\/file\/2017\/12\/darka-mazi-logo.png","contentUrl":"https:\/\/darkamazi.site\/file\/2017\/12\/darka-mazi-logo.png","width":151,"height":75,"caption":"Darka Mazi T\u00fcrk\u00e7e"},"image":{"@id":"https:\/\/darkamazi.site\/#\/schema\/logo\/image\/"},"sameAs":["https:\/\/www.facebook.com\/DarkaMaziturkce","https:\/\/x.com\/DarkaMaziTurkce"]},{"@type":"Person","@id":"https:\/\/darkamazi.site\/#\/schema\/person\/67986a95ac546c16760365877ef4a9d3","name":"darka mazi","sameAs":["https:\/\/darkamazi.site"],"url":"https:\/\/darkamazi.site\/archives\/author\/turkish"}]}},"_links":{"self":[{"href":"https:\/\/darkamazi.site\/funavuv\/wp\/v2\/posts\/1008692","targetHints":{"allow":["GET"]}}],"collection":[{"href":"https:\/\/darkamazi.site\/funavuv\/wp\/v2\/posts"}],"about":[{"href":"https:\/\/darkamazi.site\/funavuv\/wp\/v2\/types\/post"}],"author":[{"embeddable":true,"href":"https:\/\/darkamazi.site\/funavuv\/wp\/v2\/users\/2"}],"replies":[{"embeddable":true,"href":"https:\/\/darkamazi.site\/funavuv\/wp\/v2\/comments?post=1008692"}],"version-history":[{"count":0,"href":"https:\/\/darkamazi.site\/funavuv\/wp\/v2\/posts\/1008692\/revisions"}],"wp:featuredmedia":[{"embeddable":true,"href":"https:\/\/darkamazi.site\/funavuv\/wp\/v2\/media\/1008693"}],"wp:attachment":[{"href":"https:\/\/darkamazi.site\/funavuv\/wp\/v2\/media?parent=1008692"}],"wp:term":[{"taxonomy":"category","embeddable":true,"href":"https:\/\/darkamazi.site\/funavuv\/wp\/v2\/categories?post=1008692"},{"taxonomy":"post_tag","embeddable":true,"href":"https:\/\/darkamazi.site\/funavuv\/wp\/v2\/tags?post=1008692"}],"curies":[{"name":"wp","href":"https:\/\/api.w.org\/{rel}","templated":true}]}}