{"id":1008733,"date":"2020-02-28T11:42:18","date_gmt":"2020-02-28T08:42:18","guid":{"rendered":"https:\/\/darkamazi.site\/?p=1008733"},"modified":"2020-02-28T11:42:18","modified_gmt":"2020-02-28T08:42:18","slug":"rus-gemileri-istanbul-bogazindan-gecti","status":"publish","type":"post","link":"https:\/\/darkamazi.site\/archives\/1008733","title":{"rendered":"Rus gemileri \u0130stanbul bo\u011faz\u0131ndan ge\u00e7ti"},"content":{"rendered":"<p style=\"text-align: justify\">\u00a0\u0130dlib&#8217;de T\u00fcrk askerlerinin hedef al\u0131nd\u0131\u011f\u0131 ve 33 T\u00fcrk askerinin hayat\u0131n\u0131 kaybetti\u011fi sald\u0131r\u0131 sonras\u0131 Rusya\u2019n\u0131n \u0130stanbul bo\u011faz\u0131ndan Akdeniz\u2019e f\u00fcze ta\u015f\u0131yan iki sava\u015f gemisi yollad\u0131\u011f\u0131 belirtildi.<\/p>\n<p style=\"text-align: justify\">Interfax haber ajans\u0131, Rusya&#8217;n\u0131n Akdeniz&#8217;e f\u00fcze ta\u015f\u0131yan iki sava\u015f gemisi yollad\u0131\u011f\u0131n\u0131 duyurdu. Rusya&#8217;n\u0131n Karadeniz&#8217;e filosundan iki f\u0131rkateynin Akdeniz&#8217;e Kalibr f\u00fczesi ta\u015f\u0131d\u0131\u011f\u0131 aktar\u0131ld\u0131.<\/p>\n<p style=\"text-align: justify\">Gemiler bu g\u00fcn \u0130stanbul bo\u011faz\u0131ndan ge\u00e7erek Akdenize do\u011fru ilerledi. D\u00fcn gece 33 t\u00fcrk askerinin \u00f6ld\u00fcr\u00fclmesinin ard\u0131ndan gemilerin Akdenize gitmesi Rusya\u2019n\u0131n T\u00fcrkiye\u2019yi destekleyen g\u00fc\u00e7lerine cevap oldu\u011fu yorumlar\u0131 yap\u0131l\u0131yor. Bunun yan\u0131 s\u0131ra gemilerin Bo\u011fazdan ge\u00e7mesi de T\u00fcrkiye\u2019ye kar\u015f\u0131 bir g\u00f6z da\u011f\u0131 olarak yorumlan\u0131yor. T\u00fcrk bas\u0131n\u0131 ise gemilerin Akdenize ilerledi\u011fi haberini ge\u00e7sede Bo\u011fazdan ge\u00e7ti\u011fi konusunda her hangi bir bilgi ge\u00e7medi.<\/p>\n<p style=\"text-align: justify\">Sald\u0131r\u0131 sonras\u0131 Rusya\u2019dan \u201cSald\u0131r\u0131y\u0131 biz d\u00fczenlemedik. Ancak T\u00fcrk makamlar\u0131 taraf\u0131ndan verilen bilgiye g\u00f6re, T\u00fcrk askerlerinin s\u00f6z konusu b\u00f6lgede olmamalar\u0131 gerekiyordu\u201d a\u00e7\u0131klamas\u0131 gelmi\u015fti.<\/p>\n","protected":false},"excerpt":{"rendered":"<p>\u00a0\u0130dlib&#8217;de T\u00fcrk askerlerinin hedef al\u0131nd\u0131\u011f\u0131 ve 33 T\u00fcrk askerinin hayat\u0131n\u0131 kaybetti\u011fi sald\u0131r\u0131 sonras\u0131 Rusya\u2019n\u0131n \u0130stanbul bo\u011faz\u0131ndan Akdeniz\u2019e f\u00fcze ta\u015f\u0131yan iki sava\u015f gemisi yollad\u0131\u011f\u0131 belirtildi. Interfax haber ajans\u0131, Rusya&#8217;n\u0131n Akdeniz&#8217;e f\u00fcze ta\u015f\u0131yan iki sava\u015f gemisi yollad\u0131\u011f\u0131n\u0131 duyurdu. Rusya&#8217;n\u0131n Karadeniz&#8217;e filosundan iki f\u0131rkateynin Akdeniz&#8217;e Kalibr f\u00fczesi ta\u015f\u0131d\u0131\u011f\u0131 aktar\u0131ld\u0131. Gemiler bu g\u00fcn \u0130stanbul bo\u011faz\u0131ndan ge\u00e7erek Akdenize do\u011fru ilerledi. [&hellip;]<\/p>\n","protected":false},"author":2,"featured_media":1008734,"comment_status":"closed","ping_status":"closed","sticky":false,"template":"","format":"standard","meta":{"footnotes":""},"categories":[6],"tags":[31],"class_list":["post-1008733","post","type-post","status-publish","format-standard","has-post-thumbnail","hentry","category-dunya","tag-onemli"],"blocksy_meta":[],"seo_head":"<!-- This site is optimized with the Yoast SEO plugin v27.5 - https:\/\/yoast.com\/product\/yoast-seo-wordpress\/ -->\n<title>Rus gemileri \u0130stanbul bo\u011faz\u0131ndan ge\u00e7ti - Darka Mazi<\/title>\n<meta name=\"robots\" content=\"index, follow, max-snippet:-1, max-image-preview:large, max-video-preview:-1\" \/>\n<link rel=\"canonical\" href=\"https:\/\/darkamazi.site\/archives\/1008733\" \/>\n<meta property=\"og:locale\" content=\"en_US\" \/>\n<meta property=\"og:type\" content=\"article\" \/>\n<meta property=\"og:title\" content=\"Rus gemileri \u0130stanbul bo\u011faz\u0131ndan ge\u00e7ti - Darka Mazi\" \/>\n<meta property=\"og:description\" content=\"\u00a0\u0130dlib&#8217;de T\u00fcrk askerlerinin hedef al\u0131nd\u0131\u011f\u0131 ve 33 T\u00fcrk askerinin hayat\u0131n\u0131 kaybetti\u011fi sald\u0131r\u0131 sonras\u0131 Rusya\u2019n\u0131n \u0130stanbul bo\u011faz\u0131ndan Akdeniz\u2019e f\u00fcze ta\u015f\u0131yan iki sava\u015f gemisi yollad\u0131\u011f\u0131 belirtildi. Interfax haber ajans\u0131, Rusya&#8217;n\u0131n Akdeniz&#8217;e f\u00fcze ta\u015f\u0131yan iki sava\u015f gemisi yollad\u0131\u011f\u0131n\u0131 duyurdu. Rusya&#8217;n\u0131n Karadeniz&#8217;e filosundan iki f\u0131rkateynin Akdeniz&#8217;e Kalibr f\u00fczesi ta\u015f\u0131d\u0131\u011f\u0131 aktar\u0131ld\u0131. Gemiler bu g\u00fcn \u0130stanbul bo\u011faz\u0131ndan ge\u00e7erek Akdenize do\u011fru ilerledi. [&hellip;]\" \/>\n<meta property=\"og:url\" content=\"https:\/\/darkamazi.site\/archives\/1008733\" \/>\n<meta property=\"og:site_name\" content=\"Darka Mazi\" \/>\n<meta property=\"article:publisher\" content=\"https:\/\/www.facebook.com\/DarkaMaziturkce\" \/>\n<meta property=\"article:published_time\" content=\"2020-02-28T08:42:18+00:00\" \/>\n<meta property=\"og:image\" content=\"https:\/\/darkamazi.site\/file\/2020\/02\/1037962425.jpg\" \/>\n\t<meta property=\"og:image:width\" content=\"700\" \/>\n\t<meta property=\"og:image:height\" content=\"440\" \/>\n\t<meta property=\"og:image:type\" content=\"image\/jpeg\" \/>\n<meta name=\"author\" content=\"darka mazi\" \/>\n<meta name=\"twitter:card\" content=\"summary_large_image\" \/>\n<meta name=\"twitter:creator\" content=\"@DarkaMaziTurkce\" \/>\n<meta name=\"twitter:site\" content=\"@DarkaMaziTurkce\" \/>\n<meta name=\"twitter:label1\" content=\"Written by\" \/>\n\t<meta name=\"twitter:data1\" content=\"darka mazi\" \/>\n\t<meta name=\"twitter:label2\" content=\"Est. reading time\" \/>\n\t<meta name=\"twitter:data2\" content=\"1 minute\" \/>\n<script type=\"application\/ld+json\" class=\"seo-schema-graph\">{\"@context\":\"https:\\\/\\\/schema.org\",\"@graph\":[{\"@type\":\"NewsArticle\",\"@id\":\"https:\\\/\\\/darkamazi.site\\\/archives\\\/1008733#article\",\"isPartOf\":{\"@id\":\"https:\\\/\\\/darkamazi.site\\\/archives\\\/1008733\"},\"author\":{\"name\":\"darka mazi\",\"@id\":\"https:\\\/\\\/darkamazi.site\\\/#\\\/schema\\\/person\\\/67986a95ac546c16760365877ef4a9d3\"},\"headline\":\"Rus gemileri \u0130stanbul bo\u011faz\u0131ndan ge\u00e7ti\",\"datePublished\":\"2020-02-28T08:42:18+00:00\",\"mainEntityOfPage\":{\"@id\":\"https:\\\/\\\/darkamazi.site\\\/archives\\\/1008733\"},\"wordCount\":205,\"publisher\":{\"@id\":\"https:\\\/\\\/darkamazi.site\\\/#organization\"},\"image\":{\"@id\":\"https:\\\/\\\/darkamazi.site\\\/archives\\\/1008733#primaryimage\"},\"thumbnailUrl\":\"https:\\\/\\\/darkamazi.site\\\/darka-content\\\/uploads\\\/2020\\\/02\\\/1037962425.jpg\",\"keywords\":[\"\u00f6nemli\"],\"articleSection\":[\"D\u00fcnya\"],\"inLanguage\":\"en-US\"},{\"@type\":\"WebPage\",\"@id\":\"https:\\\/\\\/darkamazi.site\\\/archives\\\/1008733\",\"url\":\"https:\\\/\\\/darkamazi.site\\\/archives\\\/1008733\",\"name\":\"Rus gemileri \u0130stanbul bo\u011faz\u0131ndan ge\u00e7ti - Darka Mazi\",\"isPartOf\":{\"@id\":\"https:\\\/\\\/darkamazi.site\\\/#website\"},\"primaryImageOfPage\":{\"@id\":\"https:\\\/\\\/darkamazi.site\\\/archives\\\/1008733#primaryimage\"},\"image\":{\"@id\":\"https:\\\/\\\/darkamazi.site\\\/archives\\\/1008733#primaryimage\"},\"thumbnailUrl\":\"https:\\\/\\\/darkamazi.site\\\/darka-content\\\/uploads\\\/2020\\\/02\\\/1037962425.jpg\",\"datePublished\":\"2020-02-28T08:42:18+00:00\",\"breadcrumb\":{\"@id\":\"https:\\\/\\\/darkamazi.site\\\/archives\\\/1008733#breadcrumb\"},\"inLanguage\":\"en-US\",\"potentialAction\":[{\"@type\":\"ReadAction\",\"target\":[\"https:\\\/\\\/darkamazi.site\\\/archives\\\/1008733\"]}]},{\"@type\":\"ImageObject\",\"inLanguage\":\"en-US\",\"@id\":\"https:\\\/\\\/darkamazi.site\\\/archives\\\/1008733#primaryimage\",\"url\":\"https:\\\/\\\/darkamazi.site\\\/darka-content\\\/uploads\\\/2020\\\/02\\\/1037962425.jpg\",\"contentUrl\":\"https:\\\/\\\/darkamazi.site\\\/darka-content\\\/uploads\\\/2020\\\/02\\\/1037962425.jpg\",\"width\":700,\"height\":440,\"caption\":\"Rus gemileri \u0130stanbul bo\u011faz\u0131ndan ge\u00e7ti\"},{\"@type\":\"BreadcrumbList\",\"@id\":\"https:\\\/\\\/darkamazi.site\\\/archives\\\/1008733#breadcrumb\",\"itemListElement\":[{\"@type\":\"ListItem\",\"position\":1,\"name\":\"Home\",\"item\":\"https:\\\/\\\/darkamazi.site\\\/\"},{\"@type\":\"ListItem\",\"position\":2,\"name\":\"Rus gemileri \u0130stanbul bo\u011faz\u0131ndan ge\u00e7ti\"}]},{\"@type\":\"WebSite\",\"@id\":\"https:\\\/\\\/darkamazi.site\\\/#website\",\"url\":\"https:\\\/\\\/darkamazi.site\\\/\",\"name\":\"Darka Mazi\",\"description\":\"Ana Sayfa\",\"publisher\":{\"@id\":\"https:\\\/\\\/darkamazi.site\\\/#organization\"},\"potentialAction\":[{\"@type\":\"SearchAction\",\"target\":{\"@type\":\"EntryPoint\",\"urlTemplate\":\"https:\\\/\\\/darkamazi.site\\\/?s={search_term_string}\"},\"query-input\":{\"@type\":\"PropertyValueSpecification\",\"valueRequired\":true,\"valueName\":\"search_term_string\"}}],\"inLanguage\":\"en-US\"},{\"@type\":\"Organization\",\"@id\":\"https:\\\/\\\/darkamazi.site\\\/#organization\",\"name\":\"Darka Mazi T\u00fcrk\u00e7e\",\"alternateName\":\"Darka Mazi\",\"url\":\"https:\\\/\\\/darkamazi.site\\\/\",\"logo\":{\"@type\":\"ImageObject\",\"inLanguage\":\"en-US\",\"@id\":\"https:\\\/\\\/darkamazi.site\\\/#\\\/schema\\\/logo\\\/image\\\/\",\"url\":\"https:\\\/\\\/darkamazi.site\\\/darka-content\\\/uploads\\\/2017\\\/12\\\/darka-mazi-logo.png\",\"contentUrl\":\"https:\\\/\\\/darkamazi.site\\\/darka-content\\\/uploads\\\/2017\\\/12\\\/darka-mazi-logo.png\",\"width\":151,\"height\":75,\"caption\":\"Darka Mazi T\u00fcrk\u00e7e\"},\"image\":{\"@id\":\"https:\\\/\\\/darkamazi.site\\\/#\\\/schema\\\/logo\\\/image\\\/\"},\"sameAs\":[\"https:\\\/\\\/www.facebook.com\\\/DarkaMaziturkce\",\"https:\\\/\\\/x.com\\\/DarkaMaziTurkce\"]},{\"@type\":\"Person\",\"@id\":\"https:\\\/\\\/darkamazi.site\\\/#\\\/schema\\\/person\\\/67986a95ac546c16760365877ef4a9d3\",\"name\":\"darka mazi\",\"sameAs\":[\"https:\\\/\\\/darkamazi.site\"],\"url\":\"https:\\\/\\\/darkamazi.site\\\/archives\\\/author\\\/turkish\"}]}<\/script>\n<!-- \/ Yoast SEO plugin. -->","seo_head_json":{"title":"Rus gemileri \u0130stanbul bo\u011faz\u0131ndan ge\u00e7ti - Darka Mazi","robots":{"index":"index","follow":"follow","max-snippet":"max-snippet:-1","max-image-preview":"max-image-preview:large","max-video-preview":"max-video-preview:-1"},"canonical":"https:\/\/darkamazi.site\/archives\/1008733","og_locale":"en_US","og_type":"article","og_title":"Rus gemileri \u0130stanbul bo\u011faz\u0131ndan ge\u00e7ti - Darka Mazi","og_description":"\u00a0\u0130dlib&#8217;de T\u00fcrk askerlerinin hedef al\u0131nd\u0131\u011f\u0131 ve 33 T\u00fcrk askerinin hayat\u0131n\u0131 kaybetti\u011fi sald\u0131r\u0131 sonras\u0131 Rusya\u2019n\u0131n \u0130stanbul bo\u011faz\u0131ndan Akdeniz\u2019e f\u00fcze ta\u015f\u0131yan iki sava\u015f gemisi yollad\u0131\u011f\u0131 belirtildi. Interfax haber ajans\u0131, Rusya&#8217;n\u0131n Akdeniz&#8217;e f\u00fcze ta\u015f\u0131yan iki sava\u015f gemisi yollad\u0131\u011f\u0131n\u0131 duyurdu. Rusya&#8217;n\u0131n Karadeniz&#8217;e filosundan iki f\u0131rkateynin Akdeniz&#8217;e Kalibr f\u00fczesi ta\u015f\u0131d\u0131\u011f\u0131 aktar\u0131ld\u0131. Gemiler bu g\u00fcn \u0130stanbul bo\u011faz\u0131ndan ge\u00e7erek Akdenize do\u011fru ilerledi. [&hellip;]","og_url":"https:\/\/darkamazi.site\/archives\/1008733","og_site_name":"Darka Mazi","article_publisher":"https:\/\/www.facebook.com\/DarkaMaziturkce","article_published_time":"2020-02-28T08:42:18+00:00","og_image":[{"width":700,"height":440,"url":"https:\/\/darkamazi.site\/file\/2020\/02\/1037962425.jpg","type":"image\/jpeg"}],"author":"darka mazi","twitter_card":"summary_large_image","twitter_creator":"@DarkaMaziTurkce","twitter_site":"@DarkaMaziTurkce","twitter_misc":{"Written by":"darka mazi","Est. reading time":"1 minute"},"schema":{"@context":"https:\/\/schema.org","@graph":[{"@type":"NewsArticle","@id":"https:\/\/darkamazi.site\/archives\/1008733#article","isPartOf":{"@id":"https:\/\/darkamazi.site\/archives\/1008733"},"author":{"name":"darka mazi","@id":"https:\/\/darkamazi.site\/#\/schema\/person\/67986a95ac546c16760365877ef4a9d3"},"headline":"Rus gemileri \u0130stanbul bo\u011faz\u0131ndan ge\u00e7ti","datePublished":"2020-02-28T08:42:18+00:00","mainEntityOfPage":{"@id":"https:\/\/darkamazi.site\/archives\/1008733"},"wordCount":205,"publisher":{"@id":"https:\/\/darkamazi.site\/#organization"},"image":{"@id":"https:\/\/darkamazi.site\/archives\/1008733#primaryimage"},"thumbnailUrl":"https:\/\/darkamazi.site\/file\/2020\/02\/1037962425.jpg","keywords":["\u00f6nemli"],"articleSection":["D\u00fcnya"],"inLanguage":"en-US"},{"@type":"WebPage","@id":"https:\/\/darkamazi.site\/archives\/1008733","url":"https:\/\/darkamazi.site\/archives\/1008733","name":"Rus gemileri \u0130stanbul bo\u011faz\u0131ndan ge\u00e7ti - Darka Mazi","isPartOf":{"@id":"https:\/\/darkamazi.site\/#website"},"primaryImageOfPage":{"@id":"https:\/\/darkamazi.site\/archives\/1008733#primaryimage"},"image":{"@id":"https:\/\/darkamazi.site\/archives\/1008733#primaryimage"},"thumbnailUrl":"https:\/\/darkamazi.site\/file\/2020\/02\/1037962425.jpg","datePublished":"2020-02-28T08:42:18+00:00","breadcrumb":{"@id":"https:\/\/darkamazi.site\/archives\/1008733#breadcrumb"},"inLanguage":"en-US","potentialAction":[{"@type":"ReadAction","target":["https:\/\/darkamazi.site\/archives\/1008733"]}]},{"@type":"ImageObject","inLanguage":"en-US","@id":"https:\/\/darkamazi.site\/archives\/1008733#primaryimage","url":"https:\/\/darkamazi.site\/file\/2020\/02\/1037962425.jpg","contentUrl":"https:\/\/darkamazi.site\/file\/2020\/02\/1037962425.jpg","width":700,"height":440,"caption":"Rus gemileri \u0130stanbul bo\u011faz\u0131ndan ge\u00e7ti"},{"@type":"BreadcrumbList","@id":"https:\/\/darkamazi.site\/archives\/1008733#breadcrumb","itemListElement":[{"@type":"ListItem","position":1,"name":"Home","item":"https:\/\/darkamazi.site\/"},{"@type":"ListItem","position":2,"name":"Rus gemileri \u0130stanbul bo\u011faz\u0131ndan ge\u00e7ti"}]},{"@type":"WebSite","@id":"https:\/\/darkamazi.site\/#website","url":"https:\/\/darkamazi.site\/","name":"Darka Mazi","description":"Ana Sayfa","publisher":{"@id":"https:\/\/darkamazi.site\/#organization"},"potentialAction":[{"@type":"SearchAction","target":{"@type":"EntryPoint","urlTemplate":"https:\/\/darkamazi.site\/?s={search_term_string}"},"query-input":{"@type":"PropertyValueSpecification","valueRequired":true,"valueName":"search_term_string"}}],"inLanguage":"en-US"},{"@type":"Organization","@id":"https:\/\/darkamazi.site\/#organization","name":"Darka Mazi T\u00fcrk\u00e7e","alternateName":"Darka Mazi","url":"https:\/\/darkamazi.site\/","logo":{"@type":"ImageObject","inLanguage":"en-US","@id":"https:\/\/darkamazi.site\/#\/schema\/logo\/image\/","url":"https:\/\/darkamazi.site\/file\/2017\/12\/darka-mazi-logo.png","contentUrl":"https:\/\/darkamazi.site\/file\/2017\/12\/darka-mazi-logo.png","width":151,"height":75,"caption":"Darka Mazi T\u00fcrk\u00e7e"},"image":{"@id":"https:\/\/darkamazi.site\/#\/schema\/logo\/image\/"},"sameAs":["https:\/\/www.facebook.com\/DarkaMaziturkce","https:\/\/x.com\/DarkaMaziTurkce"]},{"@type":"Person","@id":"https:\/\/darkamazi.site\/#\/schema\/person\/67986a95ac546c16760365877ef4a9d3","name":"darka mazi","sameAs":["https:\/\/darkamazi.site"],"url":"https:\/\/darkamazi.site\/archives\/author\/turkish"}]}},"_links":{"self":[{"href":"https:\/\/darkamazi.site\/funavuv\/wp\/v2\/posts\/1008733","targetHints":{"allow":["GET"]}}],"collection":[{"href":"https:\/\/darkamazi.site\/funavuv\/wp\/v2\/posts"}],"about":[{"href":"https:\/\/darkamazi.site\/funavuv\/wp\/v2\/types\/post"}],"author":[{"embeddable":true,"href":"https:\/\/darkamazi.site\/funavuv\/wp\/v2\/users\/2"}],"replies":[{"embeddable":true,"href":"https:\/\/darkamazi.site\/funavuv\/wp\/v2\/comments?post=1008733"}],"version-history":[{"count":0,"href":"https:\/\/darkamazi.site\/funavuv\/wp\/v2\/posts\/1008733\/revisions"}],"wp:featuredmedia":[{"embeddable":true,"href":"https:\/\/darkamazi.site\/funavuv\/wp\/v2\/media\/1008734"}],"wp:attachment":[{"href":"https:\/\/darkamazi.site\/funavuv\/wp\/v2\/media?parent=1008733"}],"wp:term":[{"taxonomy":"category","embeddable":true,"href":"https:\/\/darkamazi.site\/funavuv\/wp\/v2\/categories?post=1008733"},{"taxonomy":"post_tag","embeddable":true,"href":"https:\/\/darkamazi.site\/funavuv\/wp\/v2\/tags?post=1008733"}],"curies":[{"name":"wp","href":"https:\/\/api.w.org\/{rel}","templated":true}]}}