{"id":1008889,"date":"2020-03-11T15:50:13","date_gmt":"2020-03-11T12:50:13","guid":{"rendered":"https:\/\/darkamazi.site\/?p=1008889"},"modified":"2020-03-11T15:50:13","modified_gmt":"2020-03-11T12:50:13","slug":"yeni-bilanco-aciklandi-iranda-coronavirus-tablosu-gittikce-kotulesiyor","status":"publish","type":"post","link":"https:\/\/darkamazi.site\/archives\/1008889","title":{"rendered":"Yeni bilan\u00e7o a\u00e7\u0131kland\u0131: \u0130ran\u2019da coronavir\u00fcs tablosu gittik\u00e7e k\u00f6t\u00fcle\u015fiyor"},"content":{"rendered":"<p style=\"text-align: justify\">\u0130ran sa\u011fl\u0131k bakanl\u0131\u011f\u0131 Covid-19 vir\u00fcs\u00fc nedeni ile 63 ki\u015finin daha hayat\u0131n\u0131 kaybetti\u011fini a\u00e7\u0131klad\u0131, \u00f6l\u00fc say\u0131s\u0131 354&#8217;e, vaka say\u0131s\u0131 ise 9 bine y\u00fckseldi.<br \/>\nHer g\u00fcn \u00f6l\u00fc ve enfekte olan say\u0131s\u0131nda art\u0131\u015f g\u00f6r\u00fcl\u00fcyor. Yerel kaynaklar \u00f6l\u00fc say\u0131s\u0131n\u0131n yanst\u0131ld\u0131\u011f\u0131ndan daha \u00e7ok oldu\u011funu vurguluyor.<\/p>\n<p style=\"text-align: justify\">\u0130ran sa\u011fl\u0131k bakanl\u0131\u011f\u0131 s\u00f6zc\u00fcs\u00fc Kiyani\u015f Cehanpur yapt\u0131\u011f\u0131 a\u00e7\u0131klamada d\u00fcn de 958 ki\u015fi de daha Coronavir\u00fcse rastland\u0131\u011f\u0131n\u0131 ve enfekte olanlar\u0131n say\u0131s\u0131n\u0131n 9 bine y\u00fckseldi\u011fini belirtti.<\/p>\n<p style=\"text-align: justify\">Sa\u011fl\u0131k bakanl\u0131\u011f\u0131 s\u00f6zc\u00fcs\u00fc a\u00e7\u0131klamada ayr\u0131ca 3 bin ki\u015finin de iyile\u015ferek taburca edildi\u011fini s\u00f6yledi.<\/p>\n<p style=\"text-align: justify\">\u015eu ana kadar Do\u011fu K\u00fcrdistan\u2019da da hastal\u0131k h\u0131zla ilerliyor. \u0130ran sa\u011fl\u0131k bakanl\u0131\u011f\u0131n\u0131n verilerine g\u00f6re Do\u011fu K\u00fcrrdistan \u015fehirlerinde enfekte hasta say\u0131s\u0131 \u015f\u00f6yle :<\/p>\n<p style=\"text-align: justify\">Urmiye-100<br \/>\nSine-84<br \/>\nKirman\u015fan-59<br \/>\n\u0130lam-62<br \/>\nLoristan-185<\/p>\n<h3 style=\"text-align: justify\"><span style=\"font-family: 'arial black', sans-serif;font-size: 12pt\">Alkol coronavir\u00fcse iyi geliyor s\u00f6ylentisi 67 can ald\u0131<\/span><\/h3>\n<p style=\"text-align: justify\">\u0130ran resmi ajans\u0131 IRNA&#8217;ya konu\u015fan Ahvaz Cundi\u015fapur Sa\u011fl\u0131k Bilimleri \u00dcniversitesi S\u00f6zc\u00fcs\u00fc Ali \u0130hsanpur, Huzistan eyaletinde 6 Mart&#8217;tan bu yana sahte i\u00e7ki t\u00fcketerek zehirlenen 502 ki\u015finin hastanelere ba\u015fvurdu\u011funu a\u00e7\u0131klad\u0131.<br \/>\n\u015eu ana kadar Huzistan&#8217;da sahte i\u00e7ki t\u00fcketen 40 ki\u015finin hayat\u0131n\u0131 kaybetti\u011fini aktaran \u0130hsanpur, 15 ya\u015f\u0131nda bir \u00e7ocu\u011fun da \u00f6lenler aras\u0131nda oldu\u011funu belirtti.<br \/>\n\u0130hsanpur, &#8220;Baz\u0131 vurguncular, alkol\u00fcn koronavir\u00fcse olumlu etkisi oldu\u011funa dair s\u00f6ylentiler yayd\u0131. Alkol\u00fcn koronavir\u00fcs\u00fcn tedavisi s\u00fcrecinde hi\u00e7bir etkisi yoktur&#8221; dedi.<\/p>\n<p style=\"text-align: justify\">Ahvaz Ba\u015fsavc\u0131 Vekili Ali Beyranvend ise sahte i\u00e7ki soru\u015fturmas\u0131yla ilgili 17 ki\u015finin g\u00f6zalt\u0131na al\u0131nd\u0131\u011f\u0131n\u0131 duyurdu.<\/p>\n<p style=\"text-align: justify\">\u00d6te yandan Elburz&#8217;da 15, Mazenderan&#8217;da da sahte i\u00e7ki t\u00fcketen 12 ki\u015finin ya\u015fam\u0131n\u0131 yitirdi\u011fi belirtildi. B\u00f6ylece toplam 67 ki\u015fi sahte i\u00e7ki nedeniyle ya\u015fam\u0131n\u0131 yitirmi\u015f oldu.<\/p>\n<p style=\"text-align: justify\">Kerec Ba\u015fsavc\u0131 Vekili Muhammed A\u011fayari de daha \u00f6nce yapt\u0131\u011f\u0131 a\u00e7\u0131klamada, baz\u0131 vatanda\u015flar\u0131n &#8220;alkol\u00fcn yeni tip koronavir\u00fcse iyi geldi\u011fi&#8221; s\u00f6ylentileri \u00fczerine sahte oldu\u011fu belirlenen i\u00e7kileri t\u00fcketti\u011fini a\u00e7\u0131klam\u0131\u015ft\u0131.<\/p>\n","protected":false},"excerpt":{"rendered":"<p>\u0130ran sa\u011fl\u0131k bakanl\u0131\u011f\u0131 Covid-19 vir\u00fcs\u00fc nedeni ile 63 ki\u015finin daha hayat\u0131n\u0131 kaybetti\u011fini a\u00e7\u0131klad\u0131, \u00f6l\u00fc say\u0131s\u0131 354&#8217;e, vaka say\u0131s\u0131 ise 9 bine y\u00fckseldi. Her g\u00fcn \u00f6l\u00fc ve enfekte olan say\u0131s\u0131nda art\u0131\u015f g\u00f6r\u00fcl\u00fcyor. Yerel kaynaklar \u00f6l\u00fc say\u0131s\u0131n\u0131n yanst\u0131ld\u0131\u011f\u0131ndan daha \u00e7ok oldu\u011funu vurguluyor. \u0130ran sa\u011fl\u0131k bakanl\u0131\u011f\u0131 s\u00f6zc\u00fcs\u00fc Kiyani\u015f Cehanpur yapt\u0131\u011f\u0131 a\u00e7\u0131klamada d\u00fcn de 958 ki\u015fi de daha Coronavir\u00fcse [&hellip;]<\/p>\n","protected":false},"author":2,"featured_media":1008890,"comment_status":"closed","ping_status":"closed","sticky":false,"template":"","format":"standard","meta":{"footnotes":""},"categories":[29],"tags":[31],"class_list":["post-1008889","post","type-post","status-publish","format-standard","has-post-thumbnail","hentry","category-ortadogu","tag-onemli"],"blocksy_meta":[],"seo_head":"<!-- This site is optimized with the Yoast SEO plugin v27.5 - https:\/\/yoast.com\/product\/yoast-seo-wordpress\/ -->\n<title>Yeni bilan\u00e7o a\u00e7\u0131kland\u0131: \u0130ran\u2019da coronavir\u00fcs tablosu gittik\u00e7e k\u00f6t\u00fcle\u015fiyor - Darka Mazi<\/title>\n<meta name=\"robots\" content=\"index, follow, max-snippet:-1, max-image-preview:large, max-video-preview:-1\" \/>\n<link rel=\"canonical\" href=\"https:\/\/darkamazi.site\/archives\/1008889\" \/>\n<meta property=\"og:locale\" content=\"en_US\" \/>\n<meta property=\"og:type\" content=\"article\" \/>\n<meta property=\"og:title\" content=\"Yeni bilan\u00e7o a\u00e7\u0131kland\u0131: \u0130ran\u2019da coronavir\u00fcs tablosu gittik\u00e7e k\u00f6t\u00fcle\u015fiyor - Darka Mazi\" \/>\n<meta property=\"og:description\" content=\"\u0130ran sa\u011fl\u0131k bakanl\u0131\u011f\u0131 Covid-19 vir\u00fcs\u00fc nedeni ile 63 ki\u015finin daha hayat\u0131n\u0131 kaybetti\u011fini a\u00e7\u0131klad\u0131, \u00f6l\u00fc say\u0131s\u0131 354&#8217;e, vaka say\u0131s\u0131 ise 9 bine y\u00fckseldi. Her g\u00fcn \u00f6l\u00fc ve enfekte olan say\u0131s\u0131nda art\u0131\u015f g\u00f6r\u00fcl\u00fcyor. Yerel kaynaklar \u00f6l\u00fc say\u0131s\u0131n\u0131n yanst\u0131ld\u0131\u011f\u0131ndan daha \u00e7ok oldu\u011funu vurguluyor. \u0130ran sa\u011fl\u0131k bakanl\u0131\u011f\u0131 s\u00f6zc\u00fcs\u00fc Kiyani\u015f Cehanpur yapt\u0131\u011f\u0131 a\u00e7\u0131klamada d\u00fcn de 958 ki\u015fi de daha Coronavir\u00fcse [&hellip;]\" \/>\n<meta property=\"og:url\" content=\"https:\/\/darkamazi.site\/archives\/1008889\" \/>\n<meta property=\"og:site_name\" content=\"Darka Mazi\" \/>\n<meta property=\"article:publisher\" content=\"https:\/\/www.facebook.com\/DarkaMaziturkce\" \/>\n<meta property=\"article:published_time\" content=\"2020-03-11T12:50:13+00:00\" \/>\n<meta property=\"og:image\" content=\"https:\/\/darkamazi.site\/file\/2020\/03\/Iran-Coronavirus-3.jpg\" \/>\n\t<meta property=\"og:image:width\" content=\"900\" \/>\n\t<meta property=\"og:image:height\" content=\"506\" \/>\n\t<meta property=\"og:image:type\" content=\"image\/jpeg\" \/>\n<meta name=\"author\" content=\"darka mazi\" \/>\n<meta name=\"twitter:card\" content=\"summary_large_image\" \/>\n<meta name=\"twitter:creator\" content=\"@DarkaMaziTurkce\" \/>\n<meta name=\"twitter:site\" content=\"@DarkaMaziTurkce\" \/>\n<meta name=\"twitter:label1\" content=\"Written by\" \/>\n\t<meta name=\"twitter:data1\" content=\"darka mazi\" \/>\n\t<meta name=\"twitter:label2\" content=\"Est. reading time\" \/>\n\t<meta name=\"twitter:data2\" content=\"2 minutes\" \/>\n<script type=\"application\/ld+json\" class=\"seo-schema-graph\">{\"@context\":\"https:\\\/\\\/schema.org\",\"@graph\":[{\"@type\":\"NewsArticle\",\"@id\":\"https:\\\/\\\/darkamazi.site\\\/archives\\\/1008889#article\",\"isPartOf\":{\"@id\":\"https:\\\/\\\/darkamazi.site\\\/archives\\\/1008889\"},\"author\":{\"name\":\"darka mazi\",\"@id\":\"https:\\\/\\\/darkamazi.site\\\/#\\\/schema\\\/person\\\/67986a95ac546c16760365877ef4a9d3\"},\"headline\":\"Yeni bilan\u00e7o a\u00e7\u0131kland\u0131: \u0130ran\u2019da coronavir\u00fcs tablosu gittik\u00e7e k\u00f6t\u00fcle\u015fiyor\",\"datePublished\":\"2020-03-11T12:50:13+00:00\",\"mainEntityOfPage\":{\"@id\":\"https:\\\/\\\/darkamazi.site\\\/archives\\\/1008889\"},\"wordCount\":380,\"publisher\":{\"@id\":\"https:\\\/\\\/darkamazi.site\\\/#organization\"},\"image\":{\"@id\":\"https:\\\/\\\/darkamazi.site\\\/archives\\\/1008889#primaryimage\"},\"thumbnailUrl\":\"https:\\\/\\\/darkamazi.site\\\/darka-content\\\/uploads\\\/2020\\\/03\\\/Iran-Coronavirus-3.jpg\",\"keywords\":[\"\u00f6nemli\"],\"articleSection\":[\"Ortado\u011fu\"],\"inLanguage\":\"en-US\"},{\"@type\":\"WebPage\",\"@id\":\"https:\\\/\\\/darkamazi.site\\\/archives\\\/1008889\",\"url\":\"https:\\\/\\\/darkamazi.site\\\/archives\\\/1008889\",\"name\":\"Yeni bilan\u00e7o a\u00e7\u0131kland\u0131: \u0130ran\u2019da coronavir\u00fcs tablosu gittik\u00e7e k\u00f6t\u00fcle\u015fiyor - Darka Mazi\",\"isPartOf\":{\"@id\":\"https:\\\/\\\/darkamazi.site\\\/#website\"},\"primaryImageOfPage\":{\"@id\":\"https:\\\/\\\/darkamazi.site\\\/archives\\\/1008889#primaryimage\"},\"image\":{\"@id\":\"https:\\\/\\\/darkamazi.site\\\/archives\\\/1008889#primaryimage\"},\"thumbnailUrl\":\"https:\\\/\\\/darkamazi.site\\\/darka-content\\\/uploads\\\/2020\\\/03\\\/Iran-Coronavirus-3.jpg\",\"datePublished\":\"2020-03-11T12:50:13+00:00\",\"breadcrumb\":{\"@id\":\"https:\\\/\\\/darkamazi.site\\\/archives\\\/1008889#breadcrumb\"},\"inLanguage\":\"en-US\",\"potentialAction\":[{\"@type\":\"ReadAction\",\"target\":[\"https:\\\/\\\/darkamazi.site\\\/archives\\\/1008889\"]}]},{\"@type\":\"ImageObject\",\"inLanguage\":\"en-US\",\"@id\":\"https:\\\/\\\/darkamazi.site\\\/archives\\\/1008889#primaryimage\",\"url\":\"https:\\\/\\\/darkamazi.site\\\/darka-content\\\/uploads\\\/2020\\\/03\\\/Iran-Coronavirus-3.jpg\",\"contentUrl\":\"https:\\\/\\\/darkamazi.site\\\/darka-content\\\/uploads\\\/2020\\\/03\\\/Iran-Coronavirus-3.jpg\",\"width\":900,\"height\":506,\"caption\":\"Yeni bilan\u00e7o a\u00e7\u0131kland\u0131: \u0130ran\u2019da coronavir\u00fcs tablosu gittik\u00e7e k\u00f6t\u00fcle\u015fiyor\"},{\"@type\":\"BreadcrumbList\",\"@id\":\"https:\\\/\\\/darkamazi.site\\\/archives\\\/1008889#breadcrumb\",\"itemListElement\":[{\"@type\":\"ListItem\",\"position\":1,\"name\":\"Home\",\"item\":\"https:\\\/\\\/darkamazi.site\\\/\"},{\"@type\":\"ListItem\",\"position\":2,\"name\":\"Yeni bilan\u00e7o a\u00e7\u0131kland\u0131: \u0130ran\u2019da coronavir\u00fcs tablosu gittik\u00e7e k\u00f6t\u00fcle\u015fiyor\"}]},{\"@type\":\"WebSite\",\"@id\":\"https:\\\/\\\/darkamazi.site\\\/#website\",\"url\":\"https:\\\/\\\/darkamazi.site\\\/\",\"name\":\"Darka Mazi\",\"description\":\"Ana Sayfa\",\"publisher\":{\"@id\":\"https:\\\/\\\/darkamazi.site\\\/#organization\"},\"potentialAction\":[{\"@type\":\"SearchAction\",\"target\":{\"@type\":\"EntryPoint\",\"urlTemplate\":\"https:\\\/\\\/darkamazi.site\\\/?s={search_term_string}\"},\"query-input\":{\"@type\":\"PropertyValueSpecification\",\"valueRequired\":true,\"valueName\":\"search_term_string\"}}],\"inLanguage\":\"en-US\"},{\"@type\":\"Organization\",\"@id\":\"https:\\\/\\\/darkamazi.site\\\/#organization\",\"name\":\"Darka Mazi T\u00fcrk\u00e7e\",\"alternateName\":\"Darka Mazi\",\"url\":\"https:\\\/\\\/darkamazi.site\\\/\",\"logo\":{\"@type\":\"ImageObject\",\"inLanguage\":\"en-US\",\"@id\":\"https:\\\/\\\/darkamazi.site\\\/#\\\/schema\\\/logo\\\/image\\\/\",\"url\":\"https:\\\/\\\/darkamazi.site\\\/darka-content\\\/uploads\\\/2017\\\/12\\\/darka-mazi-logo.png\",\"contentUrl\":\"https:\\\/\\\/darkamazi.site\\\/darka-content\\\/uploads\\\/2017\\\/12\\\/darka-mazi-logo.png\",\"width\":151,\"height\":75,\"caption\":\"Darka Mazi T\u00fcrk\u00e7e\"},\"image\":{\"@id\":\"https:\\\/\\\/darkamazi.site\\\/#\\\/schema\\\/logo\\\/image\\\/\"},\"sameAs\":[\"https:\\\/\\\/www.facebook.com\\\/DarkaMaziturkce\",\"https:\\\/\\\/x.com\\\/DarkaMaziTurkce\"]},{\"@type\":\"Person\",\"@id\":\"https:\\\/\\\/darkamazi.site\\\/#\\\/schema\\\/person\\\/67986a95ac546c16760365877ef4a9d3\",\"name\":\"darka mazi\",\"sameAs\":[\"https:\\\/\\\/darkamazi.site\"],\"url\":\"https:\\\/\\\/darkamazi.site\\\/archives\\\/author\\\/turkish\"}]}<\/script>\n<!-- \/ Yoast SEO plugin. -->","seo_head_json":{"title":"Yeni bilan\u00e7o a\u00e7\u0131kland\u0131: \u0130ran\u2019da coronavir\u00fcs tablosu gittik\u00e7e k\u00f6t\u00fcle\u015fiyor - Darka Mazi","robots":{"index":"index","follow":"follow","max-snippet":"max-snippet:-1","max-image-preview":"max-image-preview:large","max-video-preview":"max-video-preview:-1"},"canonical":"https:\/\/darkamazi.site\/archives\/1008889","og_locale":"en_US","og_type":"article","og_title":"Yeni bilan\u00e7o a\u00e7\u0131kland\u0131: \u0130ran\u2019da coronavir\u00fcs tablosu gittik\u00e7e k\u00f6t\u00fcle\u015fiyor - Darka Mazi","og_description":"\u0130ran sa\u011fl\u0131k bakanl\u0131\u011f\u0131 Covid-19 vir\u00fcs\u00fc nedeni ile 63 ki\u015finin daha hayat\u0131n\u0131 kaybetti\u011fini a\u00e7\u0131klad\u0131, \u00f6l\u00fc say\u0131s\u0131 354&#8217;e, vaka say\u0131s\u0131 ise 9 bine y\u00fckseldi. Her g\u00fcn \u00f6l\u00fc ve enfekte olan say\u0131s\u0131nda art\u0131\u015f g\u00f6r\u00fcl\u00fcyor. Yerel kaynaklar \u00f6l\u00fc say\u0131s\u0131n\u0131n yanst\u0131ld\u0131\u011f\u0131ndan daha \u00e7ok oldu\u011funu vurguluyor. \u0130ran sa\u011fl\u0131k bakanl\u0131\u011f\u0131 s\u00f6zc\u00fcs\u00fc Kiyani\u015f Cehanpur yapt\u0131\u011f\u0131 a\u00e7\u0131klamada d\u00fcn de 958 ki\u015fi de daha Coronavir\u00fcse [&hellip;]","og_url":"https:\/\/darkamazi.site\/archives\/1008889","og_site_name":"Darka Mazi","article_publisher":"https:\/\/www.facebook.com\/DarkaMaziturkce","article_published_time":"2020-03-11T12:50:13+00:00","og_image":[{"width":900,"height":506,"url":"https:\/\/darkamazi.site\/file\/2020\/03\/Iran-Coronavirus-3.jpg","type":"image\/jpeg"}],"author":"darka mazi","twitter_card":"summary_large_image","twitter_creator":"@DarkaMaziTurkce","twitter_site":"@DarkaMaziTurkce","twitter_misc":{"Written by":"darka mazi","Est. reading time":"2 minutes"},"schema":{"@context":"https:\/\/schema.org","@graph":[{"@type":"NewsArticle","@id":"https:\/\/darkamazi.site\/archives\/1008889#article","isPartOf":{"@id":"https:\/\/darkamazi.site\/archives\/1008889"},"author":{"name":"darka mazi","@id":"https:\/\/darkamazi.site\/#\/schema\/person\/67986a95ac546c16760365877ef4a9d3"},"headline":"Yeni bilan\u00e7o a\u00e7\u0131kland\u0131: \u0130ran\u2019da coronavir\u00fcs tablosu gittik\u00e7e k\u00f6t\u00fcle\u015fiyor","datePublished":"2020-03-11T12:50:13+00:00","mainEntityOfPage":{"@id":"https:\/\/darkamazi.site\/archives\/1008889"},"wordCount":380,"publisher":{"@id":"https:\/\/darkamazi.site\/#organization"},"image":{"@id":"https:\/\/darkamazi.site\/archives\/1008889#primaryimage"},"thumbnailUrl":"https:\/\/darkamazi.site\/file\/2020\/03\/Iran-Coronavirus-3.jpg","keywords":["\u00f6nemli"],"articleSection":["Ortado\u011fu"],"inLanguage":"en-US"},{"@type":"WebPage","@id":"https:\/\/darkamazi.site\/archives\/1008889","url":"https:\/\/darkamazi.site\/archives\/1008889","name":"Yeni bilan\u00e7o a\u00e7\u0131kland\u0131: \u0130ran\u2019da coronavir\u00fcs tablosu gittik\u00e7e k\u00f6t\u00fcle\u015fiyor - Darka Mazi","isPartOf":{"@id":"https:\/\/darkamazi.site\/#website"},"primaryImageOfPage":{"@id":"https:\/\/darkamazi.site\/archives\/1008889#primaryimage"},"image":{"@id":"https:\/\/darkamazi.site\/archives\/1008889#primaryimage"},"thumbnailUrl":"https:\/\/darkamazi.site\/file\/2020\/03\/Iran-Coronavirus-3.jpg","datePublished":"2020-03-11T12:50:13+00:00","breadcrumb":{"@id":"https:\/\/darkamazi.site\/archives\/1008889#breadcrumb"},"inLanguage":"en-US","potentialAction":[{"@type":"ReadAction","target":["https:\/\/darkamazi.site\/archives\/1008889"]}]},{"@type":"ImageObject","inLanguage":"en-US","@id":"https:\/\/darkamazi.site\/archives\/1008889#primaryimage","url":"https:\/\/darkamazi.site\/file\/2020\/03\/Iran-Coronavirus-3.jpg","contentUrl":"https:\/\/darkamazi.site\/file\/2020\/03\/Iran-Coronavirus-3.jpg","width":900,"height":506,"caption":"Yeni bilan\u00e7o a\u00e7\u0131kland\u0131: \u0130ran\u2019da coronavir\u00fcs tablosu gittik\u00e7e k\u00f6t\u00fcle\u015fiyor"},{"@type":"BreadcrumbList","@id":"https:\/\/darkamazi.site\/archives\/1008889#breadcrumb","itemListElement":[{"@type":"ListItem","position":1,"name":"Home","item":"https:\/\/darkamazi.site\/"},{"@type":"ListItem","position":2,"name":"Yeni bilan\u00e7o a\u00e7\u0131kland\u0131: \u0130ran\u2019da coronavir\u00fcs tablosu gittik\u00e7e k\u00f6t\u00fcle\u015fiyor"}]},{"@type":"WebSite","@id":"https:\/\/darkamazi.site\/#website","url":"https:\/\/darkamazi.site\/","name":"Darka Mazi","description":"Ana Sayfa","publisher":{"@id":"https:\/\/darkamazi.site\/#organization"},"potentialAction":[{"@type":"SearchAction","target":{"@type":"EntryPoint","urlTemplate":"https:\/\/darkamazi.site\/?s={search_term_string}"},"query-input":{"@type":"PropertyValueSpecification","valueRequired":true,"valueName":"search_term_string"}}],"inLanguage":"en-US"},{"@type":"Organization","@id":"https:\/\/darkamazi.site\/#organization","name":"Darka Mazi T\u00fcrk\u00e7e","alternateName":"Darka Mazi","url":"https:\/\/darkamazi.site\/","logo":{"@type":"ImageObject","inLanguage":"en-US","@id":"https:\/\/darkamazi.site\/#\/schema\/logo\/image\/","url":"https:\/\/darkamazi.site\/file\/2017\/12\/darka-mazi-logo.png","contentUrl":"https:\/\/darkamazi.site\/file\/2017\/12\/darka-mazi-logo.png","width":151,"height":75,"caption":"Darka Mazi T\u00fcrk\u00e7e"},"image":{"@id":"https:\/\/darkamazi.site\/#\/schema\/logo\/image\/"},"sameAs":["https:\/\/www.facebook.com\/DarkaMaziturkce","https:\/\/x.com\/DarkaMaziTurkce"]},{"@type":"Person","@id":"https:\/\/darkamazi.site\/#\/schema\/person\/67986a95ac546c16760365877ef4a9d3","name":"darka mazi","sameAs":["https:\/\/darkamazi.site"],"url":"https:\/\/darkamazi.site\/archives\/author\/turkish"}]}},"_links":{"self":[{"href":"https:\/\/darkamazi.site\/funavuv\/wp\/v2\/posts\/1008889","targetHints":{"allow":["GET"]}}],"collection":[{"href":"https:\/\/darkamazi.site\/funavuv\/wp\/v2\/posts"}],"about":[{"href":"https:\/\/darkamazi.site\/funavuv\/wp\/v2\/types\/post"}],"author":[{"embeddable":true,"href":"https:\/\/darkamazi.site\/funavuv\/wp\/v2\/users\/2"}],"replies":[{"embeddable":true,"href":"https:\/\/darkamazi.site\/funavuv\/wp\/v2\/comments?post=1008889"}],"version-history":[{"count":0,"href":"https:\/\/darkamazi.site\/funavuv\/wp\/v2\/posts\/1008889\/revisions"}],"wp:featuredmedia":[{"embeddable":true,"href":"https:\/\/darkamazi.site\/funavuv\/wp\/v2\/media\/1008890"}],"wp:attachment":[{"href":"https:\/\/darkamazi.site\/funavuv\/wp\/v2\/media?parent=1008889"}],"wp:term":[{"taxonomy":"category","embeddable":true,"href":"https:\/\/darkamazi.site\/funavuv\/wp\/v2\/categories?post=1008889"},{"taxonomy":"post_tag","embeddable":true,"href":"https:\/\/darkamazi.site\/funavuv\/wp\/v2\/tags?post=1008889"}],"curies":[{"name":"wp","href":"https:\/\/api.w.org\/{rel}","templated":true}]}}