{"id":1008978,"date":"2020-03-19T17:21:03","date_gmt":"2020-03-19T14:21:03","guid":{"rendered":"https:\/\/darkamazi.site\/?p=1008978"},"modified":"2020-03-19T17:21:03","modified_gmt":"2020-03-19T14:21:03","slug":"duhokta-selden-zarar-gorenler-icin-barzani-yardim-vakfi-hareket-gecti","status":"publish","type":"post","link":"https:\/\/darkamazi.site\/archives\/1008978","title":{"rendered":"Duhok\u2019ta selden zarar g\u00f6renler i\u00e7in Barzani Yard\u0131m Vakf\u0131 \u00a0hareket ge\u00e7ti"},"content":{"rendered":"<p style=\"text-align: justify\">D\u00fcn Duhok\u2019ta b\u00fcy\u00fck bir sel ya\u015fanm\u0131\u015ft\u0131. Selde Serhildan mahallesinde 3 ki\u015fi sele kap\u0131lm\u0131\u015f bir ki\u015fi kurtar\u0131lamayarak hayat\u0131n\u0131 kaybetmi\u015fti. Ayr\u0131ca sel b\u00fcy\u00fck maddi zarara yol a\u00e7m\u0131\u015f, 400 ev, 100 i\u015f yeri ve 40 otomobil zarar g\u00f6rm\u00fc\u015ft\u00fc.<\/p>\n<p style=\"text-align: justify\">D\u00fcnk\u00fc selde zarar g\u00f6renler selzedeler Corona vir\u00fcs\u00fc tehditi nedeni ile akraba evlerine de gidemedi. Duhok kaymakaml\u0131\u011f\u0131 taraf\u0131ndan okullara yerle\u015ftirilen ailelere kal\u0131c\u0131 s\u00f6z\u00fcm aran\u0131yor.<\/p>\n<p style=\"text-align: justify\">Barzani Yard\u0131m Vakf\u0131, yo\u011fun ya\u011f\u0131\u015f nedeniyle selden etkilenen 400 aileye yard\u0131m ula\u015ft\u0131rd\u0131.<\/p>\n","protected":false},"excerpt":{"rendered":"<p>D\u00fcn Duhok\u2019ta b\u00fcy\u00fck bir sel ya\u015fanm\u0131\u015ft\u0131. Selde Serhildan mahallesinde 3 ki\u015fi sele kap\u0131lm\u0131\u015f bir ki\u015fi kurtar\u0131lamayarak hayat\u0131n\u0131 kaybetmi\u015fti. Ayr\u0131ca sel b\u00fcy\u00fck maddi zarara yol a\u00e7m\u0131\u015f, 400 ev, 100 i\u015f yeri ve 40 otomobil zarar g\u00f6rm\u00fc\u015ft\u00fc. D\u00fcnk\u00fc selde zarar g\u00f6renler selzedeler Corona vir\u00fcs\u00fc tehditi nedeni ile akraba evlerine de gidemedi. Duhok kaymakaml\u0131\u011f\u0131 taraf\u0131ndan okullara yerle\u015ftirilen ailelere [&hellip;]<\/p>\n","protected":false},"author":2,"featured_media":1008980,"comment_status":"closed","ping_status":"closed","sticky":false,"template":"","format":"standard","meta":{"footnotes":""},"categories":[3],"tags":[],"class_list":["post-1008978","post","type-post","status-publish","format-standard","has-post-thumbnail","hentry","category-kurdistan"],"blocksy_meta":[],"seo_head":"<!-- This site is optimized with the Yoast SEO plugin v27.5 - https:\/\/yoast.com\/product\/yoast-seo-wordpress\/ -->\n<title>Duhok\u2019ta selden zarar g\u00f6renler i\u00e7in Barzani Yard\u0131m Vakf\u0131 \u00a0hareket ge\u00e7ti - Darka Mazi<\/title>\n<meta name=\"robots\" content=\"index, follow, max-snippet:-1, max-image-preview:large, max-video-preview:-1\" \/>\n<link rel=\"canonical\" href=\"https:\/\/darkamazi.site\/archives\/1008978\" \/>\n<meta property=\"og:locale\" content=\"en_US\" \/>\n<meta property=\"og:type\" content=\"article\" \/>\n<meta property=\"og:title\" content=\"Duhok\u2019ta selden zarar g\u00f6renler i\u00e7in Barzani Yard\u0131m Vakf\u0131 \u00a0hareket ge\u00e7ti - Darka Mazi\" \/>\n<meta property=\"og:description\" content=\"D\u00fcn Duhok\u2019ta b\u00fcy\u00fck bir sel ya\u015fanm\u0131\u015ft\u0131. Selde Serhildan mahallesinde 3 ki\u015fi sele kap\u0131lm\u0131\u015f bir ki\u015fi kurtar\u0131lamayarak hayat\u0131n\u0131 kaybetmi\u015fti. Ayr\u0131ca sel b\u00fcy\u00fck maddi zarara yol a\u00e7m\u0131\u015f, 400 ev, 100 i\u015f yeri ve 40 otomobil zarar g\u00f6rm\u00fc\u015ft\u00fc. D\u00fcnk\u00fc selde zarar g\u00f6renler selzedeler Corona vir\u00fcs\u00fc tehditi nedeni ile akraba evlerine de gidemedi. Duhok kaymakaml\u0131\u011f\u0131 taraf\u0131ndan okullara yerle\u015ftirilen ailelere [&hellip;]\" \/>\n<meta property=\"og:url\" content=\"https:\/\/darkamazi.site\/archives\/1008978\" \/>\n<meta property=\"og:site_name\" content=\"Darka Mazi\" \/>\n<meta property=\"article:publisher\" content=\"https:\/\/www.facebook.com\/DarkaMaziturkce\" \/>\n<meta property=\"article:published_time\" content=\"2020-03-19T14:21:03+00:00\" \/>\n<meta property=\"og:image\" content=\"https:\/\/darkamazi.site\/file\/2020\/03\/sel-duhok-2.jpg\" \/>\n\t<meta property=\"og:image:width\" content=\"720\" \/>\n\t<meta property=\"og:image:height\" content=\"960\" \/>\n\t<meta property=\"og:image:type\" content=\"image\/jpeg\" \/>\n<meta name=\"author\" content=\"darka mazi\" \/>\n<meta name=\"twitter:card\" content=\"summary_large_image\" \/>\n<meta name=\"twitter:creator\" content=\"@DarkaMaziTurkce\" \/>\n<meta name=\"twitter:site\" content=\"@DarkaMaziTurkce\" \/>\n<meta name=\"twitter:label1\" content=\"Written by\" \/>\n\t<meta name=\"twitter:data1\" content=\"darka mazi\" \/>\n<script type=\"application\/ld+json\" class=\"seo-schema-graph\">{\"@context\":\"https:\\\/\\\/schema.org\",\"@graph\":[{\"@type\":\"NewsArticle\",\"@id\":\"https:\\\/\\\/darkamazi.site\\\/archives\\\/1008978#article\",\"isPartOf\":{\"@id\":\"https:\\\/\\\/darkamazi.site\\\/archives\\\/1008978\"},\"author\":{\"name\":\"darka mazi\",\"@id\":\"https:\\\/\\\/darkamazi.site\\\/#\\\/schema\\\/person\\\/67986a95ac546c16760365877ef4a9d3\"},\"headline\":\"Duhok\u2019ta selden zarar g\u00f6renler i\u00e7in Barzani Yard\u0131m Vakf\u0131 \u00a0hareket ge\u00e7ti\",\"datePublished\":\"2020-03-19T14:21:03+00:00\",\"mainEntityOfPage\":{\"@id\":\"https:\\\/\\\/darkamazi.site\\\/archives\\\/1008978\"},\"wordCount\":112,\"publisher\":{\"@id\":\"https:\\\/\\\/darkamazi.site\\\/#organization\"},\"image\":{\"@id\":\"https:\\\/\\\/darkamazi.site\\\/archives\\\/1008978#primaryimage\"},\"thumbnailUrl\":\"https:\\\/\\\/darkamazi.site\\\/darka-content\\\/uploads\\\/2020\\\/03\\\/sel-duhok-2.jpg\",\"articleSection\":[\"Kurdistan\"],\"inLanguage\":\"en-US\"},{\"@type\":\"WebPage\",\"@id\":\"https:\\\/\\\/darkamazi.site\\\/archives\\\/1008978\",\"url\":\"https:\\\/\\\/darkamazi.site\\\/archives\\\/1008978\",\"name\":\"Duhok\u2019ta selden zarar g\u00f6renler i\u00e7in Barzani Yard\u0131m Vakf\u0131 \u00a0hareket ge\u00e7ti - Darka Mazi\",\"isPartOf\":{\"@id\":\"https:\\\/\\\/darkamazi.site\\\/#website\"},\"primaryImageOfPage\":{\"@id\":\"https:\\\/\\\/darkamazi.site\\\/archives\\\/1008978#primaryimage\"},\"image\":{\"@id\":\"https:\\\/\\\/darkamazi.site\\\/archives\\\/1008978#primaryimage\"},\"thumbnailUrl\":\"https:\\\/\\\/darkamazi.site\\\/darka-content\\\/uploads\\\/2020\\\/03\\\/sel-duhok-2.jpg\",\"datePublished\":\"2020-03-19T14:21:03+00:00\",\"breadcrumb\":{\"@id\":\"https:\\\/\\\/darkamazi.site\\\/archives\\\/1008978#breadcrumb\"},\"inLanguage\":\"en-US\",\"potentialAction\":[{\"@type\":\"ReadAction\",\"target\":[\"https:\\\/\\\/darkamazi.site\\\/archives\\\/1008978\"]}]},{\"@type\":\"ImageObject\",\"inLanguage\":\"en-US\",\"@id\":\"https:\\\/\\\/darkamazi.site\\\/archives\\\/1008978#primaryimage\",\"url\":\"https:\\\/\\\/darkamazi.site\\\/darka-content\\\/uploads\\\/2020\\\/03\\\/sel-duhok-2.jpg\",\"contentUrl\":\"https:\\\/\\\/darkamazi.site\\\/darka-content\\\/uploads\\\/2020\\\/03\\\/sel-duhok-2.jpg\",\"width\":720,\"height\":960,\"caption\":\"Duhok\u2019ta selden zarar g\u00f6renler i\u00e7in Barzani Yard\u0131m Vakf\u0131 \u00a0hareket ge\u00e7ti\"},{\"@type\":\"BreadcrumbList\",\"@id\":\"https:\\\/\\\/darkamazi.site\\\/archives\\\/1008978#breadcrumb\",\"itemListElement\":[{\"@type\":\"ListItem\",\"position\":1,\"name\":\"Home\",\"item\":\"https:\\\/\\\/darkamazi.site\\\/\"},{\"@type\":\"ListItem\",\"position\":2,\"name\":\"Duhok\u2019ta selden zarar g\u00f6renler i\u00e7in Barzani Yard\u0131m Vakf\u0131 \u00a0hareket ge\u00e7ti\"}]},{\"@type\":\"WebSite\",\"@id\":\"https:\\\/\\\/darkamazi.site\\\/#website\",\"url\":\"https:\\\/\\\/darkamazi.site\\\/\",\"name\":\"Darka Mazi\",\"description\":\"Ana Sayfa\",\"publisher\":{\"@id\":\"https:\\\/\\\/darkamazi.site\\\/#organization\"},\"potentialAction\":[{\"@type\":\"SearchAction\",\"target\":{\"@type\":\"EntryPoint\",\"urlTemplate\":\"https:\\\/\\\/darkamazi.site\\\/?s={search_term_string}\"},\"query-input\":{\"@type\":\"PropertyValueSpecification\",\"valueRequired\":true,\"valueName\":\"search_term_string\"}}],\"inLanguage\":\"en-US\"},{\"@type\":\"Organization\",\"@id\":\"https:\\\/\\\/darkamazi.site\\\/#organization\",\"name\":\"Darka Mazi T\u00fcrk\u00e7e\",\"alternateName\":\"Darka Mazi\",\"url\":\"https:\\\/\\\/darkamazi.site\\\/\",\"logo\":{\"@type\":\"ImageObject\",\"inLanguage\":\"en-US\",\"@id\":\"https:\\\/\\\/darkamazi.site\\\/#\\\/schema\\\/logo\\\/image\\\/\",\"url\":\"https:\\\/\\\/darkamazi.site\\\/darka-content\\\/uploads\\\/2017\\\/12\\\/darka-mazi-logo.png\",\"contentUrl\":\"https:\\\/\\\/darkamazi.site\\\/darka-content\\\/uploads\\\/2017\\\/12\\\/darka-mazi-logo.png\",\"width\":151,\"height\":75,\"caption\":\"Darka Mazi T\u00fcrk\u00e7e\"},\"image\":{\"@id\":\"https:\\\/\\\/darkamazi.site\\\/#\\\/schema\\\/logo\\\/image\\\/\"},\"sameAs\":[\"https:\\\/\\\/www.facebook.com\\\/DarkaMaziturkce\",\"https:\\\/\\\/x.com\\\/DarkaMaziTurkce\"]},{\"@type\":\"Person\",\"@id\":\"https:\\\/\\\/darkamazi.site\\\/#\\\/schema\\\/person\\\/67986a95ac546c16760365877ef4a9d3\",\"name\":\"darka mazi\",\"sameAs\":[\"https:\\\/\\\/darkamazi.site\"],\"url\":\"https:\\\/\\\/darkamazi.site\\\/archives\\\/author\\\/turkish\"}]}<\/script>\n<!-- \/ Yoast SEO plugin. -->","seo_head_json":{"title":"Duhok\u2019ta selden zarar g\u00f6renler i\u00e7in Barzani Yard\u0131m Vakf\u0131 \u00a0hareket ge\u00e7ti - Darka Mazi","robots":{"index":"index","follow":"follow","max-snippet":"max-snippet:-1","max-image-preview":"max-image-preview:large","max-video-preview":"max-video-preview:-1"},"canonical":"https:\/\/darkamazi.site\/archives\/1008978","og_locale":"en_US","og_type":"article","og_title":"Duhok\u2019ta selden zarar g\u00f6renler i\u00e7in Barzani Yard\u0131m Vakf\u0131 \u00a0hareket ge\u00e7ti - Darka Mazi","og_description":"D\u00fcn Duhok\u2019ta b\u00fcy\u00fck bir sel ya\u015fanm\u0131\u015ft\u0131. Selde Serhildan mahallesinde 3 ki\u015fi sele kap\u0131lm\u0131\u015f bir ki\u015fi kurtar\u0131lamayarak hayat\u0131n\u0131 kaybetmi\u015fti. Ayr\u0131ca sel b\u00fcy\u00fck maddi zarara yol a\u00e7m\u0131\u015f, 400 ev, 100 i\u015f yeri ve 40 otomobil zarar g\u00f6rm\u00fc\u015ft\u00fc. D\u00fcnk\u00fc selde zarar g\u00f6renler selzedeler Corona vir\u00fcs\u00fc tehditi nedeni ile akraba evlerine de gidemedi. Duhok kaymakaml\u0131\u011f\u0131 taraf\u0131ndan okullara yerle\u015ftirilen ailelere [&hellip;]","og_url":"https:\/\/darkamazi.site\/archives\/1008978","og_site_name":"Darka Mazi","article_publisher":"https:\/\/www.facebook.com\/DarkaMaziturkce","article_published_time":"2020-03-19T14:21:03+00:00","og_image":[{"width":720,"height":960,"url":"https:\/\/darkamazi.site\/file\/2020\/03\/sel-duhok-2.jpg","type":"image\/jpeg"}],"author":"darka mazi","twitter_card":"summary_large_image","twitter_creator":"@DarkaMaziTurkce","twitter_site":"@DarkaMaziTurkce","twitter_misc":{"Written by":"darka mazi"},"schema":{"@context":"https:\/\/schema.org","@graph":[{"@type":"NewsArticle","@id":"https:\/\/darkamazi.site\/archives\/1008978#article","isPartOf":{"@id":"https:\/\/darkamazi.site\/archives\/1008978"},"author":{"name":"darka mazi","@id":"https:\/\/darkamazi.site\/#\/schema\/person\/67986a95ac546c16760365877ef4a9d3"},"headline":"Duhok\u2019ta selden zarar g\u00f6renler i\u00e7in Barzani Yard\u0131m Vakf\u0131 \u00a0hareket ge\u00e7ti","datePublished":"2020-03-19T14:21:03+00:00","mainEntityOfPage":{"@id":"https:\/\/darkamazi.site\/archives\/1008978"},"wordCount":112,"publisher":{"@id":"https:\/\/darkamazi.site\/#organization"},"image":{"@id":"https:\/\/darkamazi.site\/archives\/1008978#primaryimage"},"thumbnailUrl":"https:\/\/darkamazi.site\/file\/2020\/03\/sel-duhok-2.jpg","articleSection":["Kurdistan"],"inLanguage":"en-US"},{"@type":"WebPage","@id":"https:\/\/darkamazi.site\/archives\/1008978","url":"https:\/\/darkamazi.site\/archives\/1008978","name":"Duhok\u2019ta selden zarar g\u00f6renler i\u00e7in Barzani Yard\u0131m Vakf\u0131 \u00a0hareket ge\u00e7ti - Darka Mazi","isPartOf":{"@id":"https:\/\/darkamazi.site\/#website"},"primaryImageOfPage":{"@id":"https:\/\/darkamazi.site\/archives\/1008978#primaryimage"},"image":{"@id":"https:\/\/darkamazi.site\/archives\/1008978#primaryimage"},"thumbnailUrl":"https:\/\/darkamazi.site\/file\/2020\/03\/sel-duhok-2.jpg","datePublished":"2020-03-19T14:21:03+00:00","breadcrumb":{"@id":"https:\/\/darkamazi.site\/archives\/1008978#breadcrumb"},"inLanguage":"en-US","potentialAction":[{"@type":"ReadAction","target":["https:\/\/darkamazi.site\/archives\/1008978"]}]},{"@type":"ImageObject","inLanguage":"en-US","@id":"https:\/\/darkamazi.site\/archives\/1008978#primaryimage","url":"https:\/\/darkamazi.site\/file\/2020\/03\/sel-duhok-2.jpg","contentUrl":"https:\/\/darkamazi.site\/file\/2020\/03\/sel-duhok-2.jpg","width":720,"height":960,"caption":"Duhok\u2019ta selden zarar g\u00f6renler i\u00e7in Barzani Yard\u0131m Vakf\u0131 \u00a0hareket ge\u00e7ti"},{"@type":"BreadcrumbList","@id":"https:\/\/darkamazi.site\/archives\/1008978#breadcrumb","itemListElement":[{"@type":"ListItem","position":1,"name":"Home","item":"https:\/\/darkamazi.site\/"},{"@type":"ListItem","position":2,"name":"Duhok\u2019ta selden zarar g\u00f6renler i\u00e7in Barzani Yard\u0131m Vakf\u0131 \u00a0hareket ge\u00e7ti"}]},{"@type":"WebSite","@id":"https:\/\/darkamazi.site\/#website","url":"https:\/\/darkamazi.site\/","name":"Darka Mazi","description":"Ana Sayfa","publisher":{"@id":"https:\/\/darkamazi.site\/#organization"},"potentialAction":[{"@type":"SearchAction","target":{"@type":"EntryPoint","urlTemplate":"https:\/\/darkamazi.site\/?s={search_term_string}"},"query-input":{"@type":"PropertyValueSpecification","valueRequired":true,"valueName":"search_term_string"}}],"inLanguage":"en-US"},{"@type":"Organization","@id":"https:\/\/darkamazi.site\/#organization","name":"Darka Mazi T\u00fcrk\u00e7e","alternateName":"Darka Mazi","url":"https:\/\/darkamazi.site\/","logo":{"@type":"ImageObject","inLanguage":"en-US","@id":"https:\/\/darkamazi.site\/#\/schema\/logo\/image\/","url":"https:\/\/darkamazi.site\/file\/2017\/12\/darka-mazi-logo.png","contentUrl":"https:\/\/darkamazi.site\/file\/2017\/12\/darka-mazi-logo.png","width":151,"height":75,"caption":"Darka Mazi T\u00fcrk\u00e7e"},"image":{"@id":"https:\/\/darkamazi.site\/#\/schema\/logo\/image\/"},"sameAs":["https:\/\/www.facebook.com\/DarkaMaziturkce","https:\/\/x.com\/DarkaMaziTurkce"]},{"@type":"Person","@id":"https:\/\/darkamazi.site\/#\/schema\/person\/67986a95ac546c16760365877ef4a9d3","name":"darka mazi","sameAs":["https:\/\/darkamazi.site"],"url":"https:\/\/darkamazi.site\/archives\/author\/turkish"}]}},"_links":{"self":[{"href":"https:\/\/darkamazi.site\/funavuv\/wp\/v2\/posts\/1008978","targetHints":{"allow":["GET"]}}],"collection":[{"href":"https:\/\/darkamazi.site\/funavuv\/wp\/v2\/posts"}],"about":[{"href":"https:\/\/darkamazi.site\/funavuv\/wp\/v2\/types\/post"}],"author":[{"embeddable":true,"href":"https:\/\/darkamazi.site\/funavuv\/wp\/v2\/users\/2"}],"replies":[{"embeddable":true,"href":"https:\/\/darkamazi.site\/funavuv\/wp\/v2\/comments?post=1008978"}],"version-history":[{"count":0,"href":"https:\/\/darkamazi.site\/funavuv\/wp\/v2\/posts\/1008978\/revisions"}],"wp:featuredmedia":[{"embeddable":true,"href":"https:\/\/darkamazi.site\/funavuv\/wp\/v2\/media\/1008980"}],"wp:attachment":[{"href":"https:\/\/darkamazi.site\/funavuv\/wp\/v2\/media?parent=1008978"}],"wp:term":[{"taxonomy":"category","embeddable":true,"href":"https:\/\/darkamazi.site\/funavuv\/wp\/v2\/categories?post=1008978"},{"taxonomy":"post_tag","embeddable":true,"href":"https:\/\/darkamazi.site\/funavuv\/wp\/v2\/tags?post=1008978"}],"curies":[{"name":"wp","href":"https:\/\/api.w.org\/{rel}","templated":true}]}}