{"id":1009213,"date":"2020-04-07T12:29:26","date_gmt":"2020-04-07T09:29:26","guid":{"rendered":"https:\/\/darkamazi.site\/?p=1009213"},"modified":"2020-04-07T12:29:26","modified_gmt":"2020-04-07T09:29:26","slug":"kurdistanda-bu-gun-8-yeni-vaka-tespit-edildi","status":"publish","type":"post","link":"https:\/\/darkamazi.site\/archives\/1009213","title":{"rendered":"K\u00fcrdistan\u2019da bu g\u00fcn 8 yeni vaka tespit edildi"},"content":{"rendered":"<p>K\u00fcrdistan Sa\u011fl\u0131k Bakanl\u0131\u011f\u0131 yapt\u0131\u011f\u0131 a\u00e7\u0131klamada, Erbil\u2019de 5 ki\u015fi Duhok\u2019ta ise 3 ki\u015fi de coronavir\u00fcs tespit edildi\u011fini duyurdu.<\/p>\n<p>Bakanl\u0131k a\u00e7\u0131klamas\u0131nda, coronavir\u00fcse yakalananlardan birisinin Erbil\u2019e ba\u011fl\u0131 Kani Geli k\u00f6y\u00fcnden bir kad\u0131n\u0131n, 2 erkek, 2 kad\u0131n ve bir \u00e7ocu\u011fun ise Erbil\u2019in Badawe mahalesinden oldu\u011funu, hepsinin de Karezan Mahalesinde d\u00fczenlenen taziye merasimine kat\u0131larak coronavir\u00fcs\u00fcne yakaland\u0131klar\u0131n\u0131 dile getirdi.<\/p>\n<p>Erbil\u2019de coronavir\u00fcs vakalar\u0131n\u0131n en fazla rastlant\u0131\u011f\u0131 mahale olan Karezan, bu sabah \u0130l Sa\u011fl\u0131k M\u00fcd\u00fcrl\u00fc\u011f\u00fc taraf\u0131ndan bir b\u00fct\u00fcnen karantina alt\u0131na al\u0131nd\u0131.<\/p>\n<p>Duhok\u2019ta ise 3 vaka tespit edildi. Bu \u00fc\u00e7 ki\u015finin de bir kad\u0131n bir erkek ve 10 ya\u015f\u0131ndaki \u00e7ocuklar\u0131 oldu\u011fu belirtildi. \u00dc\u00e7 ki\u015filik ailenin ingiltere\u2019den geldi\u011fi ve zaten karantinada oldu\u011fu belirtildi.<\/p>\n<p>Tespit edilen son coronavir\u00fcs vakalar\u0131 ile birlikte K\u00fcrdistan B\u00f6lgesinde vaka say\u0131s\u0131 285\u2019e ula\u015f\u0131rken, bunlardan 105 iyile\u015ferek taburcu oldu ve \u015fu ana kadar coronavir\u00fcsten dolay\u0131 3 ki\u015fi hayat\u0131n\u0131 kaybetti.<\/p>\n","protected":false},"excerpt":{"rendered":"<p>K\u00fcrdistan Sa\u011fl\u0131k Bakanl\u0131\u011f\u0131 yapt\u0131\u011f\u0131 a\u00e7\u0131klamada, Erbil\u2019de 5 ki\u015fi Duhok\u2019ta ise 3 ki\u015fi de coronavir\u00fcs tespit edildi\u011fini duyurdu. Bakanl\u0131k a\u00e7\u0131klamas\u0131nda, coronavir\u00fcse yakalananlardan birisinin Erbil\u2019e ba\u011fl\u0131 Kani Geli k\u00f6y\u00fcnden bir kad\u0131n\u0131n, 2 erkek, 2 kad\u0131n ve bir \u00e7ocu\u011fun ise Erbil\u2019in Badawe mahalesinden oldu\u011funu, hepsinin de Karezan Mahalesinde d\u00fczenlenen taziye merasimine kat\u0131larak coronavir\u00fcs\u00fcne yakaland\u0131klar\u0131n\u0131 dile getirdi. Erbil\u2019de coronavir\u00fcs [&hellip;]<\/p>\n","protected":false},"author":2,"featured_media":1009214,"comment_status":"closed","ping_status":"closed","sticky":false,"template":"","format":"standard","meta":{"footnotes":""},"categories":[3],"tags":[31],"class_list":["post-1009213","post","type-post","status-publish","format-standard","has-post-thumbnail","hentry","category-kurdistan","tag-onemli"],"blocksy_meta":[],"seo_head":"<!-- This site is optimized with the Yoast SEO plugin v27.5 - https:\/\/yoast.com\/product\/yoast-seo-wordpress\/ -->\n<title>K\u00fcrdistan\u2019da bu g\u00fcn 8 yeni vaka tespit edildi - Darka Mazi<\/title>\n<meta name=\"robots\" content=\"index, follow, max-snippet:-1, max-image-preview:large, max-video-preview:-1\" \/>\n<link rel=\"canonical\" href=\"https:\/\/darkamazi.site\/archives\/1009213\" \/>\n<meta property=\"og:locale\" content=\"en_US\" \/>\n<meta property=\"og:type\" content=\"article\" \/>\n<meta property=\"og:title\" content=\"K\u00fcrdistan\u2019da bu g\u00fcn 8 yeni vaka tespit edildi - Darka Mazi\" \/>\n<meta property=\"og:description\" content=\"K\u00fcrdistan Sa\u011fl\u0131k Bakanl\u0131\u011f\u0131 yapt\u0131\u011f\u0131 a\u00e7\u0131klamada, Erbil\u2019de 5 ki\u015fi Duhok\u2019ta ise 3 ki\u015fi de coronavir\u00fcs tespit edildi\u011fini duyurdu. Bakanl\u0131k a\u00e7\u0131klamas\u0131nda, coronavir\u00fcse yakalananlardan birisinin Erbil\u2019e ba\u011fl\u0131 Kani Geli k\u00f6y\u00fcnden bir kad\u0131n\u0131n, 2 erkek, 2 kad\u0131n ve bir \u00e7ocu\u011fun ise Erbil\u2019in Badawe mahalesinden oldu\u011funu, hepsinin de Karezan Mahalesinde d\u00fczenlenen taziye merasimine kat\u0131larak coronavir\u00fcs\u00fcne yakaland\u0131klar\u0131n\u0131 dile getirdi. Erbil\u2019de coronavir\u00fcs [&hellip;]\" \/>\n<meta property=\"og:url\" content=\"https:\/\/darkamazi.site\/archives\/1009213\" \/>\n<meta property=\"og:site_name\" content=\"Darka Mazi\" \/>\n<meta property=\"article:publisher\" content=\"https:\/\/www.facebook.com\/DarkaMaziturkce\" \/>\n<meta property=\"article:published_time\" content=\"2020-04-07T09:29:26+00:00\" \/>\n<meta property=\"og:image\" content=\"https:\/\/darkamazi.site\/file\/2020\/04\/wezareta-tendirusti-2.jpg\" \/>\n\t<meta property=\"og:image:width\" content=\"919\" \/>\n\t<meta property=\"og:image:height\" content=\"960\" \/>\n\t<meta property=\"og:image:type\" content=\"image\/jpeg\" \/>\n<meta name=\"author\" content=\"darka mazi\" \/>\n<meta name=\"twitter:card\" content=\"summary_large_image\" \/>\n<meta name=\"twitter:creator\" content=\"@DarkaMaziTurkce\" \/>\n<meta name=\"twitter:site\" content=\"@DarkaMaziTurkce\" \/>\n<meta name=\"twitter:label1\" content=\"Written by\" \/>\n\t<meta name=\"twitter:data1\" content=\"darka mazi\" \/>\n\t<meta name=\"twitter:label2\" content=\"Est. reading time\" \/>\n\t<meta name=\"twitter:data2\" content=\"1 minute\" \/>\n<script type=\"application\/ld+json\" class=\"seo-schema-graph\">{\"@context\":\"https:\\\/\\\/schema.org\",\"@graph\":[{\"@type\":\"NewsArticle\",\"@id\":\"https:\\\/\\\/darkamazi.site\\\/archives\\\/1009213#article\",\"isPartOf\":{\"@id\":\"https:\\\/\\\/darkamazi.site\\\/archives\\\/1009213\"},\"author\":{\"name\":\"darka mazi\",\"@id\":\"https:\\\/\\\/darkamazi.site\\\/#\\\/schema\\\/person\\\/67986a95ac546c16760365877ef4a9d3\"},\"headline\":\"K\u00fcrdistan\u2019da bu g\u00fcn 8 yeni vaka tespit edildi\",\"datePublished\":\"2020-04-07T09:29:26+00:00\",\"mainEntityOfPage\":{\"@id\":\"https:\\\/\\\/darkamazi.site\\\/archives\\\/1009213\"},\"wordCount\":192,\"publisher\":{\"@id\":\"https:\\\/\\\/darkamazi.site\\\/#organization\"},\"image\":{\"@id\":\"https:\\\/\\\/darkamazi.site\\\/archives\\\/1009213#primaryimage\"},\"thumbnailUrl\":\"https:\\\/\\\/darkamazi.site\\\/darka-content\\\/uploads\\\/2020\\\/04\\\/wezareta-tendirusti-2.jpg\",\"keywords\":[\"\u00f6nemli\"],\"articleSection\":[\"Kurdistan\"],\"inLanguage\":\"en-US\"},{\"@type\":\"WebPage\",\"@id\":\"https:\\\/\\\/darkamazi.site\\\/archives\\\/1009213\",\"url\":\"https:\\\/\\\/darkamazi.site\\\/archives\\\/1009213\",\"name\":\"K\u00fcrdistan\u2019da bu g\u00fcn 8 yeni vaka tespit edildi - Darka Mazi\",\"isPartOf\":{\"@id\":\"https:\\\/\\\/darkamazi.site\\\/#website\"},\"primaryImageOfPage\":{\"@id\":\"https:\\\/\\\/darkamazi.site\\\/archives\\\/1009213#primaryimage\"},\"image\":{\"@id\":\"https:\\\/\\\/darkamazi.site\\\/archives\\\/1009213#primaryimage\"},\"thumbnailUrl\":\"https:\\\/\\\/darkamazi.site\\\/darka-content\\\/uploads\\\/2020\\\/04\\\/wezareta-tendirusti-2.jpg\",\"datePublished\":\"2020-04-07T09:29:26+00:00\",\"breadcrumb\":{\"@id\":\"https:\\\/\\\/darkamazi.site\\\/archives\\\/1009213#breadcrumb\"},\"inLanguage\":\"en-US\",\"potentialAction\":[{\"@type\":\"ReadAction\",\"target\":[\"https:\\\/\\\/darkamazi.site\\\/archives\\\/1009213\"]}]},{\"@type\":\"ImageObject\",\"inLanguage\":\"en-US\",\"@id\":\"https:\\\/\\\/darkamazi.site\\\/archives\\\/1009213#primaryimage\",\"url\":\"https:\\\/\\\/darkamazi.site\\\/darka-content\\\/uploads\\\/2020\\\/04\\\/wezareta-tendirusti-2.jpg\",\"contentUrl\":\"https:\\\/\\\/darkamazi.site\\\/darka-content\\\/uploads\\\/2020\\\/04\\\/wezareta-tendirusti-2.jpg\",\"width\":919,\"height\":960,\"caption\":\"K\u00fcrdistan\u2019da bu g\u00fcn 8 yeni vaka tespit edildi\"},{\"@type\":\"BreadcrumbList\",\"@id\":\"https:\\\/\\\/darkamazi.site\\\/archives\\\/1009213#breadcrumb\",\"itemListElement\":[{\"@type\":\"ListItem\",\"position\":1,\"name\":\"Home\",\"item\":\"https:\\\/\\\/darkamazi.site\\\/\"},{\"@type\":\"ListItem\",\"position\":2,\"name\":\"K\u00fcrdistan\u2019da bu g\u00fcn 8 yeni vaka tespit edildi\"}]},{\"@type\":\"WebSite\",\"@id\":\"https:\\\/\\\/darkamazi.site\\\/#website\",\"url\":\"https:\\\/\\\/darkamazi.site\\\/\",\"name\":\"Darka Mazi\",\"description\":\"Ana Sayfa\",\"publisher\":{\"@id\":\"https:\\\/\\\/darkamazi.site\\\/#organization\"},\"potentialAction\":[{\"@type\":\"SearchAction\",\"target\":{\"@type\":\"EntryPoint\",\"urlTemplate\":\"https:\\\/\\\/darkamazi.site\\\/?s={search_term_string}\"},\"query-input\":{\"@type\":\"PropertyValueSpecification\",\"valueRequired\":true,\"valueName\":\"search_term_string\"}}],\"inLanguage\":\"en-US\"},{\"@type\":\"Organization\",\"@id\":\"https:\\\/\\\/darkamazi.site\\\/#organization\",\"name\":\"Darka Mazi T\u00fcrk\u00e7e\",\"alternateName\":\"Darka Mazi\",\"url\":\"https:\\\/\\\/darkamazi.site\\\/\",\"logo\":{\"@type\":\"ImageObject\",\"inLanguage\":\"en-US\",\"@id\":\"https:\\\/\\\/darkamazi.site\\\/#\\\/schema\\\/logo\\\/image\\\/\",\"url\":\"https:\\\/\\\/darkamazi.site\\\/darka-content\\\/uploads\\\/2017\\\/12\\\/darka-mazi-logo.png\",\"contentUrl\":\"https:\\\/\\\/darkamazi.site\\\/darka-content\\\/uploads\\\/2017\\\/12\\\/darka-mazi-logo.png\",\"width\":151,\"height\":75,\"caption\":\"Darka Mazi T\u00fcrk\u00e7e\"},\"image\":{\"@id\":\"https:\\\/\\\/darkamazi.site\\\/#\\\/schema\\\/logo\\\/image\\\/\"},\"sameAs\":[\"https:\\\/\\\/www.facebook.com\\\/DarkaMaziturkce\",\"https:\\\/\\\/x.com\\\/DarkaMaziTurkce\"]},{\"@type\":\"Person\",\"@id\":\"https:\\\/\\\/darkamazi.site\\\/#\\\/schema\\\/person\\\/67986a95ac546c16760365877ef4a9d3\",\"name\":\"darka mazi\",\"sameAs\":[\"https:\\\/\\\/darkamazi.site\"],\"url\":\"https:\\\/\\\/darkamazi.site\\\/archives\\\/author\\\/turkish\"}]}<\/script>\n<!-- \/ Yoast SEO plugin. -->","seo_head_json":{"title":"K\u00fcrdistan\u2019da bu g\u00fcn 8 yeni vaka tespit edildi - Darka Mazi","robots":{"index":"index","follow":"follow","max-snippet":"max-snippet:-1","max-image-preview":"max-image-preview:large","max-video-preview":"max-video-preview:-1"},"canonical":"https:\/\/darkamazi.site\/archives\/1009213","og_locale":"en_US","og_type":"article","og_title":"K\u00fcrdistan\u2019da bu g\u00fcn 8 yeni vaka tespit edildi - Darka Mazi","og_description":"K\u00fcrdistan Sa\u011fl\u0131k Bakanl\u0131\u011f\u0131 yapt\u0131\u011f\u0131 a\u00e7\u0131klamada, Erbil\u2019de 5 ki\u015fi Duhok\u2019ta ise 3 ki\u015fi de coronavir\u00fcs tespit edildi\u011fini duyurdu. Bakanl\u0131k a\u00e7\u0131klamas\u0131nda, coronavir\u00fcse yakalananlardan birisinin Erbil\u2019e ba\u011fl\u0131 Kani Geli k\u00f6y\u00fcnden bir kad\u0131n\u0131n, 2 erkek, 2 kad\u0131n ve bir \u00e7ocu\u011fun ise Erbil\u2019in Badawe mahalesinden oldu\u011funu, hepsinin de Karezan Mahalesinde d\u00fczenlenen taziye merasimine kat\u0131larak coronavir\u00fcs\u00fcne yakaland\u0131klar\u0131n\u0131 dile getirdi. Erbil\u2019de coronavir\u00fcs [&hellip;]","og_url":"https:\/\/darkamazi.site\/archives\/1009213","og_site_name":"Darka Mazi","article_publisher":"https:\/\/www.facebook.com\/DarkaMaziturkce","article_published_time":"2020-04-07T09:29:26+00:00","og_image":[{"width":919,"height":960,"url":"https:\/\/darkamazi.site\/file\/2020\/04\/wezareta-tendirusti-2.jpg","type":"image\/jpeg"}],"author":"darka mazi","twitter_card":"summary_large_image","twitter_creator":"@DarkaMaziTurkce","twitter_site":"@DarkaMaziTurkce","twitter_misc":{"Written by":"darka mazi","Est. reading time":"1 minute"},"schema":{"@context":"https:\/\/schema.org","@graph":[{"@type":"NewsArticle","@id":"https:\/\/darkamazi.site\/archives\/1009213#article","isPartOf":{"@id":"https:\/\/darkamazi.site\/archives\/1009213"},"author":{"name":"darka mazi","@id":"https:\/\/darkamazi.site\/#\/schema\/person\/67986a95ac546c16760365877ef4a9d3"},"headline":"K\u00fcrdistan\u2019da bu g\u00fcn 8 yeni vaka tespit edildi","datePublished":"2020-04-07T09:29:26+00:00","mainEntityOfPage":{"@id":"https:\/\/darkamazi.site\/archives\/1009213"},"wordCount":192,"publisher":{"@id":"https:\/\/darkamazi.site\/#organization"},"image":{"@id":"https:\/\/darkamazi.site\/archives\/1009213#primaryimage"},"thumbnailUrl":"https:\/\/darkamazi.site\/file\/2020\/04\/wezareta-tendirusti-2.jpg","keywords":["\u00f6nemli"],"articleSection":["Kurdistan"],"inLanguage":"en-US"},{"@type":"WebPage","@id":"https:\/\/darkamazi.site\/archives\/1009213","url":"https:\/\/darkamazi.site\/archives\/1009213","name":"K\u00fcrdistan\u2019da bu g\u00fcn 8 yeni vaka tespit edildi - Darka Mazi","isPartOf":{"@id":"https:\/\/darkamazi.site\/#website"},"primaryImageOfPage":{"@id":"https:\/\/darkamazi.site\/archives\/1009213#primaryimage"},"image":{"@id":"https:\/\/darkamazi.site\/archives\/1009213#primaryimage"},"thumbnailUrl":"https:\/\/darkamazi.site\/file\/2020\/04\/wezareta-tendirusti-2.jpg","datePublished":"2020-04-07T09:29:26+00:00","breadcrumb":{"@id":"https:\/\/darkamazi.site\/archives\/1009213#breadcrumb"},"inLanguage":"en-US","potentialAction":[{"@type":"ReadAction","target":["https:\/\/darkamazi.site\/archives\/1009213"]}]},{"@type":"ImageObject","inLanguage":"en-US","@id":"https:\/\/darkamazi.site\/archives\/1009213#primaryimage","url":"https:\/\/darkamazi.site\/file\/2020\/04\/wezareta-tendirusti-2.jpg","contentUrl":"https:\/\/darkamazi.site\/file\/2020\/04\/wezareta-tendirusti-2.jpg","width":919,"height":960,"caption":"K\u00fcrdistan\u2019da bu g\u00fcn 8 yeni vaka tespit edildi"},{"@type":"BreadcrumbList","@id":"https:\/\/darkamazi.site\/archives\/1009213#breadcrumb","itemListElement":[{"@type":"ListItem","position":1,"name":"Home","item":"https:\/\/darkamazi.site\/"},{"@type":"ListItem","position":2,"name":"K\u00fcrdistan\u2019da bu g\u00fcn 8 yeni vaka tespit edildi"}]},{"@type":"WebSite","@id":"https:\/\/darkamazi.site\/#website","url":"https:\/\/darkamazi.site\/","name":"Darka Mazi","description":"Ana Sayfa","publisher":{"@id":"https:\/\/darkamazi.site\/#organization"},"potentialAction":[{"@type":"SearchAction","target":{"@type":"EntryPoint","urlTemplate":"https:\/\/darkamazi.site\/?s={search_term_string}"},"query-input":{"@type":"PropertyValueSpecification","valueRequired":true,"valueName":"search_term_string"}}],"inLanguage":"en-US"},{"@type":"Organization","@id":"https:\/\/darkamazi.site\/#organization","name":"Darka Mazi T\u00fcrk\u00e7e","alternateName":"Darka Mazi","url":"https:\/\/darkamazi.site\/","logo":{"@type":"ImageObject","inLanguage":"en-US","@id":"https:\/\/darkamazi.site\/#\/schema\/logo\/image\/","url":"https:\/\/darkamazi.site\/file\/2017\/12\/darka-mazi-logo.png","contentUrl":"https:\/\/darkamazi.site\/file\/2017\/12\/darka-mazi-logo.png","width":151,"height":75,"caption":"Darka Mazi T\u00fcrk\u00e7e"},"image":{"@id":"https:\/\/darkamazi.site\/#\/schema\/logo\/image\/"},"sameAs":["https:\/\/www.facebook.com\/DarkaMaziturkce","https:\/\/x.com\/DarkaMaziTurkce"]},{"@type":"Person","@id":"https:\/\/darkamazi.site\/#\/schema\/person\/67986a95ac546c16760365877ef4a9d3","name":"darka mazi","sameAs":["https:\/\/darkamazi.site"],"url":"https:\/\/darkamazi.site\/archives\/author\/turkish"}]}},"_links":{"self":[{"href":"https:\/\/darkamazi.site\/funavuv\/wp\/v2\/posts\/1009213","targetHints":{"allow":["GET"]}}],"collection":[{"href":"https:\/\/darkamazi.site\/funavuv\/wp\/v2\/posts"}],"about":[{"href":"https:\/\/darkamazi.site\/funavuv\/wp\/v2\/types\/post"}],"author":[{"embeddable":true,"href":"https:\/\/darkamazi.site\/funavuv\/wp\/v2\/users\/2"}],"replies":[{"embeddable":true,"href":"https:\/\/darkamazi.site\/funavuv\/wp\/v2\/comments?post=1009213"}],"version-history":[{"count":0,"href":"https:\/\/darkamazi.site\/funavuv\/wp\/v2\/posts\/1009213\/revisions"}],"wp:featuredmedia":[{"embeddable":true,"href":"https:\/\/darkamazi.site\/funavuv\/wp\/v2\/media\/1009214"}],"wp:attachment":[{"href":"https:\/\/darkamazi.site\/funavuv\/wp\/v2\/media?parent=1009213"}],"wp:term":[{"taxonomy":"category","embeddable":true,"href":"https:\/\/darkamazi.site\/funavuv\/wp\/v2\/categories?post=1009213"},{"taxonomy":"post_tag","embeddable":true,"href":"https:\/\/darkamazi.site\/funavuv\/wp\/v2\/tags?post=1009213"}],"curies":[{"name":"wp","href":"https:\/\/api.w.org\/{rel}","templated":true}]}}