{"id":1009238,"date":"2020-04-08T20:53:38","date_gmt":"2020-04-08T17:53:38","guid":{"rendered":"https:\/\/darkamazi.site\/?p=1009238"},"modified":"2020-04-08T20:53:38","modified_gmt":"2020-04-08T17:53:38","slug":"necirvan-barzaniden-irakin-gelecegi-icin-onemli-aciklama","status":"publish","type":"post","link":"https:\/\/darkamazi.site\/archives\/1009238","title":{"rendered":"Ne\u00e7irvan Barzani\u2019den Irak\u2019\u0131n gelece\u011fi i\u00e7in \u00f6nemli a\u00e7\u0131klama"},"content":{"rendered":"<p style=\"text-align: justify\">\u00a0Ba\u015fkan Ne\u00e7irvan Barzani, Irak\u2019ta ba\u015fbakan aday\u0131 olarak, \u015eii gruplar\u0131n da ismi \u00fczerinde uzla\u015ft\u0131\u011f\u0131 Mustafa Kazimi&#8217;yi desteklediklerini a\u00e7\u0131klad\u0131.<\/p>\n<p style=\"text-align: justify\">Irak Cumhurba\u015fkan\u0131 Salih, 17 Mart&#8217;ta h\u00fck\u00fcmeti kurma g\u00f6revini eski Necef Valisi Adnan Zurfi&#8217;ye vermi\u015fti. Z\u00fcrfi iki g\u00fcn \u00f6nce yapt\u0131\u011f\u0131 a\u00e7\u0131klamada \u015eiilerin kendisini destekledi\u011fini ve kabinesinin haz\u0131r oldu\u011funu ve hi\u00e7bir sorun olmad\u0131\u011f\u0131n\u0131 a\u00e7\u0131klam\u0131\u015ft\u0131. Buna ra\u011fmen \u015eii cephenin yeni bir aray\u0131\u015f i\u00e7inde oldu\u011funa dair bas\u0131na s\u0131zan bilgiler vard\u0131. \u015eiiler bu g\u00fcn uzla\u015ft\u0131klar\u0131 Mustafa Kaz\u0131mi ismini a\u00e7\u0131klad\u0131.<\/p>\n<p style=\"text-align: justify\">K\u00fcrdistan B\u00f6lgesi Ba\u015fkan\u0131 Ne\u00e7irvan Barzani, h\u00fck\u00fcmeti kurmas\u0131 i\u00e7in \u015eii gruplar\u0131n \u00fczerinde anla\u015f\u0131p aday g\u00f6stermek istedi\u011fi Ulusal \u0130stihbarat Dairesi Ba\u015fkan\u0131 Mustafa Kazimi&#8217;yi desteklediklerini bildirdi.<\/p>\n<p style=\"text-align: justify\">Ba\u015fkanl\u0131k sitesinde yay\u0131mlanan yaz\u0131l\u0131 a\u00e7\u0131klamada, Barzani, i\u00e7inden ge\u00e7ilen s\u00fcrece dikkat \u00e7ekerek t\u00fcm taraflar\u0131n \u00e7eli\u015fkilerini bir tarafa b\u0131rakmas\u0131 gerekti\u011fini, bir an \u00f6nce anayasa ve ger\u00e7ek uzla\u015f\u0131 temelinde h\u00fck\u00fcmet kurmak i\u00e7in bir mekanizma \u00fczerinde anla\u015fma sa\u011flanmas\u0131 \u00e7a\u011fr\u0131s\u0131nda bulundu.<\/p>\n<p style=\"text-align: justify\">Bu s\u00fcre\u00e7te her kesen d\u00fc\u015fen en \u00f6nemli sorumlulu\u011fun Irak\u2019\u0131n maruz kald\u0131\u011f\u0131 kriz ve tehlikenin a\u015f\u0131lmas\u0131 oldu\u011funu vurgulayan Barzani, a\u00e7\u0131klamas\u0131nda \u015funlar\u0131 kaydetti:<\/p>\n<p style=\"text-align: justify\">\u201cK\u00fcrdistan B\u00f6lgesi Ba\u015fkanl\u0131\u011f\u0131, Irak\u2019\u0131n siyasi istikrar\u0131na ve g\u00fcvenli\u011fine olan inan\u00e7la, yeni h\u00fck\u00fcmetin kurulmas\u0131 ad\u0131na t\u00fcm ulusal taraflar\u0131n deste\u011fini gerekli g\u00f6r\u00fcyor ve bu u\u011furda ciddi \u00e7aba saffeymeye haz\u0131r oldu\u011funu teyid ediyor. Bu a\u00e7\u0131dan, say\u0131n Mustafa Kazimi\u2019nin \u015eii siyasi bile\u015fenler taraf\u0131ndan ba\u015fbakan aday\u0131 olarak g\u00f6sterilmesini memnuniyetle kar\u015f\u0131l\u0131yoruz. T\u00fcm taraflar\u0131 da bir an \u00f6nce h\u00fck\u00fcmeti kurma g\u00f6revin tamamlamas\u0131 i\u00e7in desteklemeye \u00e7a\u011f\u0131r\u0131yoruz.\u201d<\/p>\n<p style=\"text-align: justify\">Irak Parlamentosunda 57 milletvekili ile en b\u00fcy\u00fck g\u00fc\u00e7 olan S\u00fcnni Irak G\u00fc\u00e7ler \u0130ttifak\u0131 Koalisyonu da h\u00fck\u00fcmeti kurmas\u0131 Mustafa Kazimi&#8217;yi destekledi\u011fini a\u00e7\u0131klad\u0131.<\/p>\n<p style=\"text-align: justify\">Ulusal \u0130stihbarat Dairesi Ba\u015fkanl\u0131\u011f\u0131n\u0131 2016&#8217;dan beri y\u00fcr\u00fcten Kazimi&#8217;nin ise hi\u00e7bir siyasi partiye \u00fcyeli\u011fi bulunmuyor.<\/p>\n<p style=\"text-align: justify\">H\u00fck\u00fcmetin 329 sandalyeli meclisten g\u00fcvenoyu almas\u0131 i\u00e7in oturumda haz\u0131r bulunanlar\u0131n mutlak \u00e7o\u011funlu\u011fu gerekli.<\/p>\n","protected":false},"excerpt":{"rendered":"<p>\u00a0Ba\u015fkan Ne\u00e7irvan Barzani, Irak\u2019ta ba\u015fbakan aday\u0131 olarak, \u015eii gruplar\u0131n da ismi \u00fczerinde uzla\u015ft\u0131\u011f\u0131 Mustafa Kazimi&#8217;yi desteklediklerini a\u00e7\u0131klad\u0131. Irak Cumhurba\u015fkan\u0131 Salih, 17 Mart&#8217;ta h\u00fck\u00fcmeti kurma g\u00f6revini eski Necef Valisi Adnan Zurfi&#8217;ye vermi\u015fti. Z\u00fcrfi iki g\u00fcn \u00f6nce yapt\u0131\u011f\u0131 a\u00e7\u0131klamada \u015eiilerin kendisini destekledi\u011fini ve kabinesinin haz\u0131r oldu\u011funu ve hi\u00e7bir sorun olmad\u0131\u011f\u0131n\u0131 a\u00e7\u0131klam\u0131\u015ft\u0131. Buna ra\u011fmen \u015eii cephenin yeni bir [&hellip;]<\/p>\n","protected":false},"author":2,"featured_media":1009239,"comment_status":"closed","ping_status":"closed","sticky":false,"template":"","format":"standard","meta":{"footnotes":""},"categories":[3],"tags":[31],"class_list":["post-1009238","post","type-post","status-publish","format-standard","has-post-thumbnail","hentry","category-kurdistan","tag-onemli"],"blocksy_meta":[],"seo_head":"<!-- This site is optimized with the Yoast SEO plugin v27.5 - https:\/\/yoast.com\/product\/yoast-seo-wordpress\/ -->\n<title>Ne\u00e7irvan Barzani\u2019den Irak\u2019\u0131n gelece\u011fi i\u00e7in \u00f6nemli a\u00e7\u0131klama - Darka Mazi<\/title>\n<meta name=\"robots\" content=\"index, follow, max-snippet:-1, max-image-preview:large, max-video-preview:-1\" \/>\n<link rel=\"canonical\" href=\"https:\/\/darkamazi.site\/archives\/1009238\" \/>\n<meta property=\"og:locale\" content=\"en_US\" \/>\n<meta property=\"og:type\" content=\"article\" \/>\n<meta property=\"og:title\" content=\"Ne\u00e7irvan Barzani\u2019den Irak\u2019\u0131n gelece\u011fi i\u00e7in \u00f6nemli a\u00e7\u0131klama - Darka Mazi\" \/>\n<meta property=\"og:description\" content=\"\u00a0Ba\u015fkan Ne\u00e7irvan Barzani, Irak\u2019ta ba\u015fbakan aday\u0131 olarak, \u015eii gruplar\u0131n da ismi \u00fczerinde uzla\u015ft\u0131\u011f\u0131 Mustafa Kazimi&#8217;yi desteklediklerini a\u00e7\u0131klad\u0131. Irak Cumhurba\u015fkan\u0131 Salih, 17 Mart&#8217;ta h\u00fck\u00fcmeti kurma g\u00f6revini eski Necef Valisi Adnan Zurfi&#8217;ye vermi\u015fti. Z\u00fcrfi iki g\u00fcn \u00f6nce yapt\u0131\u011f\u0131 a\u00e7\u0131klamada \u015eiilerin kendisini destekledi\u011fini ve kabinesinin haz\u0131r oldu\u011funu ve hi\u00e7bir sorun olmad\u0131\u011f\u0131n\u0131 a\u00e7\u0131klam\u0131\u015ft\u0131. Buna ra\u011fmen \u015eii cephenin yeni bir [&hellip;]\" \/>\n<meta property=\"og:url\" content=\"https:\/\/darkamazi.site\/archives\/1009238\" \/>\n<meta property=\"og:site_name\" content=\"Darka Mazi\" \/>\n<meta property=\"article:publisher\" content=\"https:\/\/www.facebook.com\/DarkaMaziturkce\" \/>\n<meta property=\"article:published_time\" content=\"2020-04-08T17:53:38+00:00\" \/>\n<meta property=\"og:image\" content=\"https:\/\/darkamazi.site\/file\/2020\/04\/Nechirvan.jpg\" \/>\n\t<meta property=\"og:image:width\" content=\"900\" \/>\n\t<meta property=\"og:image:height\" content=\"566\" \/>\n\t<meta property=\"og:image:type\" content=\"image\/jpeg\" \/>\n<meta name=\"author\" content=\"darka mazi\" \/>\n<meta name=\"twitter:card\" content=\"summary_large_image\" \/>\n<meta name=\"twitter:creator\" content=\"@DarkaMaziTurkce\" \/>\n<meta name=\"twitter:site\" content=\"@DarkaMaziTurkce\" \/>\n<meta name=\"twitter:label1\" content=\"Written by\" \/>\n\t<meta name=\"twitter:data1\" content=\"darka mazi\" \/>\n\t<meta name=\"twitter:label2\" content=\"Est. reading time\" \/>\n\t<meta name=\"twitter:data2\" content=\"2 minutes\" \/>\n<script type=\"application\/ld+json\" class=\"seo-schema-graph\">{\"@context\":\"https:\\\/\\\/schema.org\",\"@graph\":[{\"@type\":\"NewsArticle\",\"@id\":\"https:\\\/\\\/darkamazi.site\\\/archives\\\/1009238#article\",\"isPartOf\":{\"@id\":\"https:\\\/\\\/darkamazi.site\\\/archives\\\/1009238\"},\"author\":{\"name\":\"darka mazi\",\"@id\":\"https:\\\/\\\/darkamazi.site\\\/#\\\/schema\\\/person\\\/67986a95ac546c16760365877ef4a9d3\"},\"headline\":\"Ne\u00e7irvan Barzani\u2019den Irak\u2019\u0131n gelece\u011fi i\u00e7in \u00f6nemli a\u00e7\u0131klama\",\"datePublished\":\"2020-04-08T17:53:38+00:00\",\"mainEntityOfPage\":{\"@id\":\"https:\\\/\\\/darkamazi.site\\\/archives\\\/1009238\"},\"wordCount\":405,\"publisher\":{\"@id\":\"https:\\\/\\\/darkamazi.site\\\/#organization\"},\"image\":{\"@id\":\"https:\\\/\\\/darkamazi.site\\\/archives\\\/1009238#primaryimage\"},\"thumbnailUrl\":\"https:\\\/\\\/darkamazi.site\\\/darka-content\\\/uploads\\\/2020\\\/04\\\/Nechirvan.jpg\",\"keywords\":[\"\u00f6nemli\"],\"articleSection\":[\"Kurdistan\"],\"inLanguage\":\"en-US\"},{\"@type\":\"WebPage\",\"@id\":\"https:\\\/\\\/darkamazi.site\\\/archives\\\/1009238\",\"url\":\"https:\\\/\\\/darkamazi.site\\\/archives\\\/1009238\",\"name\":\"Ne\u00e7irvan Barzani\u2019den Irak\u2019\u0131n gelece\u011fi i\u00e7in \u00f6nemli a\u00e7\u0131klama - Darka Mazi\",\"isPartOf\":{\"@id\":\"https:\\\/\\\/darkamazi.site\\\/#website\"},\"primaryImageOfPage\":{\"@id\":\"https:\\\/\\\/darkamazi.site\\\/archives\\\/1009238#primaryimage\"},\"image\":{\"@id\":\"https:\\\/\\\/darkamazi.site\\\/archives\\\/1009238#primaryimage\"},\"thumbnailUrl\":\"https:\\\/\\\/darkamazi.site\\\/darka-content\\\/uploads\\\/2020\\\/04\\\/Nechirvan.jpg\",\"datePublished\":\"2020-04-08T17:53:38+00:00\",\"breadcrumb\":{\"@id\":\"https:\\\/\\\/darkamazi.site\\\/archives\\\/1009238#breadcrumb\"},\"inLanguage\":\"en-US\",\"potentialAction\":[{\"@type\":\"ReadAction\",\"target\":[\"https:\\\/\\\/darkamazi.site\\\/archives\\\/1009238\"]}]},{\"@type\":\"ImageObject\",\"inLanguage\":\"en-US\",\"@id\":\"https:\\\/\\\/darkamazi.site\\\/archives\\\/1009238#primaryimage\",\"url\":\"https:\\\/\\\/darkamazi.site\\\/darka-content\\\/uploads\\\/2020\\\/04\\\/Nechirvan.jpg\",\"contentUrl\":\"https:\\\/\\\/darkamazi.site\\\/darka-content\\\/uploads\\\/2020\\\/04\\\/Nechirvan.jpg\",\"width\":900,\"height\":566,\"caption\":\"Ne\u00e7irvan Barzani\u2019den Irak\u2019\u0131n gelece\u011fi i\u00e7in \u00f6nemli a\u00e7\u0131klama\"},{\"@type\":\"BreadcrumbList\",\"@id\":\"https:\\\/\\\/darkamazi.site\\\/archives\\\/1009238#breadcrumb\",\"itemListElement\":[{\"@type\":\"ListItem\",\"position\":1,\"name\":\"Home\",\"item\":\"https:\\\/\\\/darkamazi.site\\\/\"},{\"@type\":\"ListItem\",\"position\":2,\"name\":\"Ne\u00e7irvan Barzani\u2019den Irak\u2019\u0131n gelece\u011fi i\u00e7in \u00f6nemli a\u00e7\u0131klama\"}]},{\"@type\":\"WebSite\",\"@id\":\"https:\\\/\\\/darkamazi.site\\\/#website\",\"url\":\"https:\\\/\\\/darkamazi.site\\\/\",\"name\":\"Darka Mazi\",\"description\":\"Ana Sayfa\",\"publisher\":{\"@id\":\"https:\\\/\\\/darkamazi.site\\\/#organization\"},\"potentialAction\":[{\"@type\":\"SearchAction\",\"target\":{\"@type\":\"EntryPoint\",\"urlTemplate\":\"https:\\\/\\\/darkamazi.site\\\/?s={search_term_string}\"},\"query-input\":{\"@type\":\"PropertyValueSpecification\",\"valueRequired\":true,\"valueName\":\"search_term_string\"}}],\"inLanguage\":\"en-US\"},{\"@type\":\"Organization\",\"@id\":\"https:\\\/\\\/darkamazi.site\\\/#organization\",\"name\":\"Darka Mazi T\u00fcrk\u00e7e\",\"alternateName\":\"Darka Mazi\",\"url\":\"https:\\\/\\\/darkamazi.site\\\/\",\"logo\":{\"@type\":\"ImageObject\",\"inLanguage\":\"en-US\",\"@id\":\"https:\\\/\\\/darkamazi.site\\\/#\\\/schema\\\/logo\\\/image\\\/\",\"url\":\"https:\\\/\\\/darkamazi.site\\\/darka-content\\\/uploads\\\/2017\\\/12\\\/darka-mazi-logo.png\",\"contentUrl\":\"https:\\\/\\\/darkamazi.site\\\/darka-content\\\/uploads\\\/2017\\\/12\\\/darka-mazi-logo.png\",\"width\":151,\"height\":75,\"caption\":\"Darka Mazi T\u00fcrk\u00e7e\"},\"image\":{\"@id\":\"https:\\\/\\\/darkamazi.site\\\/#\\\/schema\\\/logo\\\/image\\\/\"},\"sameAs\":[\"https:\\\/\\\/www.facebook.com\\\/DarkaMaziturkce\",\"https:\\\/\\\/x.com\\\/DarkaMaziTurkce\"]},{\"@type\":\"Person\",\"@id\":\"https:\\\/\\\/darkamazi.site\\\/#\\\/schema\\\/person\\\/67986a95ac546c16760365877ef4a9d3\",\"name\":\"darka mazi\",\"sameAs\":[\"https:\\\/\\\/darkamazi.site\"],\"url\":\"https:\\\/\\\/darkamazi.site\\\/archives\\\/author\\\/turkish\"}]}<\/script>\n<!-- \/ Yoast SEO plugin. -->","seo_head_json":{"title":"Ne\u00e7irvan Barzani\u2019den Irak\u2019\u0131n gelece\u011fi i\u00e7in \u00f6nemli a\u00e7\u0131klama - Darka Mazi","robots":{"index":"index","follow":"follow","max-snippet":"max-snippet:-1","max-image-preview":"max-image-preview:large","max-video-preview":"max-video-preview:-1"},"canonical":"https:\/\/darkamazi.site\/archives\/1009238","og_locale":"en_US","og_type":"article","og_title":"Ne\u00e7irvan Barzani\u2019den Irak\u2019\u0131n gelece\u011fi i\u00e7in \u00f6nemli a\u00e7\u0131klama - Darka Mazi","og_description":"\u00a0Ba\u015fkan Ne\u00e7irvan Barzani, Irak\u2019ta ba\u015fbakan aday\u0131 olarak, \u015eii gruplar\u0131n da ismi \u00fczerinde uzla\u015ft\u0131\u011f\u0131 Mustafa Kazimi&#8217;yi desteklediklerini a\u00e7\u0131klad\u0131. Irak Cumhurba\u015fkan\u0131 Salih, 17 Mart&#8217;ta h\u00fck\u00fcmeti kurma g\u00f6revini eski Necef Valisi Adnan Zurfi&#8217;ye vermi\u015fti. Z\u00fcrfi iki g\u00fcn \u00f6nce yapt\u0131\u011f\u0131 a\u00e7\u0131klamada \u015eiilerin kendisini destekledi\u011fini ve kabinesinin haz\u0131r oldu\u011funu ve hi\u00e7bir sorun olmad\u0131\u011f\u0131n\u0131 a\u00e7\u0131klam\u0131\u015ft\u0131. Buna ra\u011fmen \u015eii cephenin yeni bir [&hellip;]","og_url":"https:\/\/darkamazi.site\/archives\/1009238","og_site_name":"Darka Mazi","article_publisher":"https:\/\/www.facebook.com\/DarkaMaziturkce","article_published_time":"2020-04-08T17:53:38+00:00","og_image":[{"width":900,"height":566,"url":"https:\/\/darkamazi.site\/file\/2020\/04\/Nechirvan.jpg","type":"image\/jpeg"}],"author":"darka mazi","twitter_card":"summary_large_image","twitter_creator":"@DarkaMaziTurkce","twitter_site":"@DarkaMaziTurkce","twitter_misc":{"Written by":"darka mazi","Est. reading time":"2 minutes"},"schema":{"@context":"https:\/\/schema.org","@graph":[{"@type":"NewsArticle","@id":"https:\/\/darkamazi.site\/archives\/1009238#article","isPartOf":{"@id":"https:\/\/darkamazi.site\/archives\/1009238"},"author":{"name":"darka mazi","@id":"https:\/\/darkamazi.site\/#\/schema\/person\/67986a95ac546c16760365877ef4a9d3"},"headline":"Ne\u00e7irvan Barzani\u2019den Irak\u2019\u0131n gelece\u011fi i\u00e7in \u00f6nemli a\u00e7\u0131klama","datePublished":"2020-04-08T17:53:38+00:00","mainEntityOfPage":{"@id":"https:\/\/darkamazi.site\/archives\/1009238"},"wordCount":405,"publisher":{"@id":"https:\/\/darkamazi.site\/#organization"},"image":{"@id":"https:\/\/darkamazi.site\/archives\/1009238#primaryimage"},"thumbnailUrl":"https:\/\/darkamazi.site\/file\/2020\/04\/Nechirvan.jpg","keywords":["\u00f6nemli"],"articleSection":["Kurdistan"],"inLanguage":"en-US"},{"@type":"WebPage","@id":"https:\/\/darkamazi.site\/archives\/1009238","url":"https:\/\/darkamazi.site\/archives\/1009238","name":"Ne\u00e7irvan Barzani\u2019den Irak\u2019\u0131n gelece\u011fi i\u00e7in \u00f6nemli a\u00e7\u0131klama - Darka Mazi","isPartOf":{"@id":"https:\/\/darkamazi.site\/#website"},"primaryImageOfPage":{"@id":"https:\/\/darkamazi.site\/archives\/1009238#primaryimage"},"image":{"@id":"https:\/\/darkamazi.site\/archives\/1009238#primaryimage"},"thumbnailUrl":"https:\/\/darkamazi.site\/file\/2020\/04\/Nechirvan.jpg","datePublished":"2020-04-08T17:53:38+00:00","breadcrumb":{"@id":"https:\/\/darkamazi.site\/archives\/1009238#breadcrumb"},"inLanguage":"en-US","potentialAction":[{"@type":"ReadAction","target":["https:\/\/darkamazi.site\/archives\/1009238"]}]},{"@type":"ImageObject","inLanguage":"en-US","@id":"https:\/\/darkamazi.site\/archives\/1009238#primaryimage","url":"https:\/\/darkamazi.site\/file\/2020\/04\/Nechirvan.jpg","contentUrl":"https:\/\/darkamazi.site\/file\/2020\/04\/Nechirvan.jpg","width":900,"height":566,"caption":"Ne\u00e7irvan Barzani\u2019den Irak\u2019\u0131n gelece\u011fi i\u00e7in \u00f6nemli a\u00e7\u0131klama"},{"@type":"BreadcrumbList","@id":"https:\/\/darkamazi.site\/archives\/1009238#breadcrumb","itemListElement":[{"@type":"ListItem","position":1,"name":"Home","item":"https:\/\/darkamazi.site\/"},{"@type":"ListItem","position":2,"name":"Ne\u00e7irvan Barzani\u2019den Irak\u2019\u0131n gelece\u011fi i\u00e7in \u00f6nemli a\u00e7\u0131klama"}]},{"@type":"WebSite","@id":"https:\/\/darkamazi.site\/#website","url":"https:\/\/darkamazi.site\/","name":"Darka Mazi","description":"Ana Sayfa","publisher":{"@id":"https:\/\/darkamazi.site\/#organization"},"potentialAction":[{"@type":"SearchAction","target":{"@type":"EntryPoint","urlTemplate":"https:\/\/darkamazi.site\/?s={search_term_string}"},"query-input":{"@type":"PropertyValueSpecification","valueRequired":true,"valueName":"search_term_string"}}],"inLanguage":"en-US"},{"@type":"Organization","@id":"https:\/\/darkamazi.site\/#organization","name":"Darka Mazi T\u00fcrk\u00e7e","alternateName":"Darka Mazi","url":"https:\/\/darkamazi.site\/","logo":{"@type":"ImageObject","inLanguage":"en-US","@id":"https:\/\/darkamazi.site\/#\/schema\/logo\/image\/","url":"https:\/\/darkamazi.site\/file\/2017\/12\/darka-mazi-logo.png","contentUrl":"https:\/\/darkamazi.site\/file\/2017\/12\/darka-mazi-logo.png","width":151,"height":75,"caption":"Darka Mazi T\u00fcrk\u00e7e"},"image":{"@id":"https:\/\/darkamazi.site\/#\/schema\/logo\/image\/"},"sameAs":["https:\/\/www.facebook.com\/DarkaMaziturkce","https:\/\/x.com\/DarkaMaziTurkce"]},{"@type":"Person","@id":"https:\/\/darkamazi.site\/#\/schema\/person\/67986a95ac546c16760365877ef4a9d3","name":"darka mazi","sameAs":["https:\/\/darkamazi.site"],"url":"https:\/\/darkamazi.site\/archives\/author\/turkish"}]}},"_links":{"self":[{"href":"https:\/\/darkamazi.site\/funavuv\/wp\/v2\/posts\/1009238","targetHints":{"allow":["GET"]}}],"collection":[{"href":"https:\/\/darkamazi.site\/funavuv\/wp\/v2\/posts"}],"about":[{"href":"https:\/\/darkamazi.site\/funavuv\/wp\/v2\/types\/post"}],"author":[{"embeddable":true,"href":"https:\/\/darkamazi.site\/funavuv\/wp\/v2\/users\/2"}],"replies":[{"embeddable":true,"href":"https:\/\/darkamazi.site\/funavuv\/wp\/v2\/comments?post=1009238"}],"version-history":[{"count":0,"href":"https:\/\/darkamazi.site\/funavuv\/wp\/v2\/posts\/1009238\/revisions"}],"wp:featuredmedia":[{"embeddable":true,"href":"https:\/\/darkamazi.site\/funavuv\/wp\/v2\/media\/1009239"}],"wp:attachment":[{"href":"https:\/\/darkamazi.site\/funavuv\/wp\/v2\/media?parent=1009238"}],"wp:term":[{"taxonomy":"category","embeddable":true,"href":"https:\/\/darkamazi.site\/funavuv\/wp\/v2\/categories?post=1009238"},{"taxonomy":"post_tag","embeddable":true,"href":"https:\/\/darkamazi.site\/funavuv\/wp\/v2\/tags?post=1009238"}],"curies":[{"name":"wp","href":"https:\/\/api.w.org\/{rel}","templated":true}]}}