{"id":1009275,"date":"2020-04-11T19:40:27","date_gmt":"2020-04-11T16:40:27","guid":{"rendered":"https:\/\/darkamazi.site\/?p=1009275"},"modified":"2026-03-31T16:44:52","modified_gmt":"2026-03-31T13:44:52","slug":"lahor-seyh-cengi-firari-kurd-mahkum-mustafa-selimiyi-iran-istihbaratina-teslim-etti","status":"publish","type":"post","link":"https:\/\/darkamazi.site\/archives\/1009275","title":{"rendered":"Lahor \u015feyh cengi firari k\u00fcrd mahkum Mustafa Selimi&#8217;yi \u0130ran istihbarat\u0131na teslim etti"},"content":{"rendered":"<p><span style=\"font-family: 'arial black', sans-serif\">\u00a0\u201cMustafa Selimi\u201d do\u011fu K\u00fcrdsitan\u2019l\u0131 siyasi bir mahkumdur. \u0130dam cezas\u0131na \u00e7arpt\u0131r\u0131lm\u0131\u015f olup iki hafta \u00f6nce sak\u0131z zindanda \u00e7\u0131kan isyanda 72 arkada\u015f\u0131 ile firar etmeyi ba\u015farm\u0131\u015f ve g\u00fcney k\u00fcrdistan\u2019\u0131n s\u00fcleymani\u2019ye il s\u0131n\u0131rlar\u0131nda ynk nin istihbarat \u00f6rg\u00fct\u00fc \u201czanyari\u201d taraf\u0131ndan yakalan\u0131p tekrar iran devleti\u2019nin istihbarat \u00f6rg\u00fct\u00fc \u201citilaata\u201d teslim edilmi\u015ftir.<\/span><\/p>\n<p>Mustafa selimi do\u011fu k\u00fcrdistan\u2019\u0131n Saq\u0131z zindan\u0131n da idam cezas\u0131na alm\u0131\u015f olan siyasi bir tutukluydu. Zindan da \u00e7\u0131kan ayaklanmadan sonra firar edip g\u00fcney k\u00fcrdistan\u2019a kendisini ula\u015ft\u0131rmay\u0131 ba\u015farm\u0131\u015ft\u0131. Ancak \u00e7ok ge\u00e7meden Lahor \u015eeyh cengi\u2019ye ba\u011fl\u0131 \u201canti ter\u00f6r\u201dbirimi taraf\u0131ndan yakalan\u0131p hemen \u0130ran istihbarat \u00f6rg\u00fct\u00fc itilaata geyri me\u015fru yollardan teslim edildi.<\/p>\n<p>Musatafa selimi Saq\u0131z\u2019a ba\u011fl\u0131 Tiloke k\u00f6y\u00fcndendi. 51 ya\u015f\u0131n da olup 2003 y\u0131l\u0131ndan beri zindan da idam mahkumu olaraka yatmaktayd\u0131. \u0130ki hafta \u00f6nce saq\u0131z sindan\u0131ndan 72 arkada\u015f\u0131 ile firar edip g\u00fcney K\u00fcrdistan\u2019a ula\u015fm\u0131\u015ft\u0131.<\/p>\n<p><span style=\"font-family: 'arial black', sans-serif\">Musatafa selimi 1 g\u00fcn YNK istihbarat\u0131 Zanyari\u2019de tutuklu kalm\u0131\u015f ve sonra \u0130tlaata teslim edilmi\u015ftir.<\/span><\/p>\n<p>Darka Mazi\u2019nin yerel haber kaynaklar\u0131ndan edindi\u011fi bilgilere g\u00f6re; iki hafta \u00f6nce Mustafa Selimi YNK ye ba\u011fl\u0131\u00a0 Zanyari g\u00fc\u00e7lerince Penciwin \u015fehrine ba\u011fl\u0131 \u201cgermik\u201d k\u00f6y\u00fcnde yakalanm\u0131\u015ft\u0131r. Daha sonra zanyari\u2019nin \u201cKani Gom\u00ea\u201d deki merkezine getirilir. Burda da Zanyari\u2019nin sorumlusu ve ayn\u0131 zamanda YNK nin e\u015f ba\u015fkan\u0131 olan Lahor \u015eeyh Cengi\u2019nin talimat\u0131 ile \u0130ran \u0130stihbarat\u0131 \u0130tliaata teslim edilir.<\/p>\n<p><span style=\"font-family: 'arial black', sans-serif\">Saq\u0131z cezaevi y\u00f6netimi Mustafa selimi nin ailesini son kez kendisi ile g\u00f6r\u00fc\u015fmeleri i\u00e7in \u00e7a\u011f\u0131r\u0131r<\/span><\/p>\n<p>Hengaw \u0130nsan Haklar\u0131 \u00d6rg\u00fct\u00fc\u2019n\u00fcn a\u00e7\u0131klamas\u0131na g\u00f6re, Seqiz Cezaevi y\u00f6netimi d\u00fcn, Mustafa Selimi\u2019nin ailesini arayarak son kez g\u00f6r\u00fc\u015fmeleri i\u00e7in bilgilendirdi ve Selimi bu sabah 11-4-2020 de idam edildi.<\/p>\n<p>13 Haziran 2018&#8217;de babas\u0131n\u0131n davas\u0131n\u0131 takip etmek \u00fczere Seqqiz mahkemesini ziyaret eden Selimi&#8217;nin o\u011flu A\u015fkan (25), mahkeme yetkilileri taraf\u0131ndan hakaret ve a\u015fa\u011f\u0131lamaya maruz kald\u0131\u011f\u0131 i\u00e7in intihar giri\u015fiminde bulunmu\u015ftu.<\/p>\n","protected":false},"excerpt":{"rendered":"<p>\u00a0\u201cMustafa Selimi\u201d do\u011fu K\u00fcrdsitan\u2019l\u0131 siyasi bir mahkumdur. \u0130dam cezas\u0131na \u00e7arpt\u0131r\u0131lm\u0131\u015f olup iki hafta \u00f6nce sak\u0131z zindanda \u00e7\u0131kan isyanda 72 arkada\u015f\u0131 ile firar etmeyi ba\u015farm\u0131\u015f ve g\u00fcney k\u00fcrdistan\u2019\u0131n s\u00fcleymani\u2019ye il s\u0131n\u0131rlar\u0131nda ynk nin istihbarat \u00f6rg\u00fct\u00fc \u201czanyari\u201d taraf\u0131ndan yakalan\u0131p tekrar iran devleti\u2019nin istihbarat \u00f6rg\u00fct\u00fc \u201citilaata\u201d teslim edilmi\u015ftir. Mustafa selimi do\u011fu k\u00fcrdistan\u2019\u0131n Saq\u0131z zindan\u0131n da idam cezas\u0131na alm\u0131\u015f [&hellip;]<\/p>\n","protected":false},"author":2,"featured_media":1009276,"comment_status":"closed","ping_status":"closed","sticky":false,"template":"","format":"standard","meta":{"footnotes":""},"categories":[3],"tags":[],"class_list":["post-1009275","post","type-post","status-publish","format-standard","has-post-thumbnail","hentry","category-kurdistan"],"blocksy_meta":[],"seo_head":"<!-- This site is optimized with the Yoast SEO plugin v27.5 - https:\/\/yoast.com\/product\/yoast-seo-wordpress\/ -->\n<title>Lahor \u015feyh cengi firari k\u00fcrd mahkum Mustafa Selimi&#039;yi \u0130ran istihbarat\u0131na teslim etti - Darka Mazi<\/title>\n<meta name=\"robots\" content=\"index, follow, max-snippet:-1, max-image-preview:large, max-video-preview:-1\" \/>\n<link rel=\"canonical\" href=\"https:\/\/darkamazi.site\/archives\/1009275\" \/>\n<meta property=\"og:locale\" content=\"en_US\" \/>\n<meta property=\"og:type\" content=\"article\" \/>\n<meta property=\"og:title\" content=\"Lahor \u015feyh cengi firari k\u00fcrd mahkum Mustafa Selimi&#039;yi \u0130ran istihbarat\u0131na teslim etti - Darka Mazi\" \/>\n<meta property=\"og:description\" content=\"\u00a0\u201cMustafa Selimi\u201d do\u011fu K\u00fcrdsitan\u2019l\u0131 siyasi bir mahkumdur. \u0130dam cezas\u0131na \u00e7arpt\u0131r\u0131lm\u0131\u015f olup iki hafta \u00f6nce sak\u0131z zindanda \u00e7\u0131kan isyanda 72 arkada\u015f\u0131 ile firar etmeyi ba\u015farm\u0131\u015f ve g\u00fcney k\u00fcrdistan\u2019\u0131n s\u00fcleymani\u2019ye il s\u0131n\u0131rlar\u0131nda ynk nin istihbarat \u00f6rg\u00fct\u00fc \u201czanyari\u201d taraf\u0131ndan yakalan\u0131p tekrar iran devleti\u2019nin istihbarat \u00f6rg\u00fct\u00fc \u201citilaata\u201d teslim edilmi\u015ftir. Mustafa selimi do\u011fu k\u00fcrdistan\u2019\u0131n Saq\u0131z zindan\u0131n da idam cezas\u0131na alm\u0131\u015f [&hellip;]\" \/>\n<meta property=\"og:url\" content=\"https:\/\/darkamazi.site\/archives\/1009275\" \/>\n<meta property=\"og:site_name\" content=\"Darka Mazi\" \/>\n<meta property=\"article:publisher\" content=\"https:\/\/www.facebook.com\/DarkaMaziturkce\" \/>\n<meta property=\"article:published_time\" content=\"2020-04-11T16:40:27+00:00\" \/>\n<meta property=\"article:modified_time\" content=\"2026-03-31T13:44:52+00:00\" \/>\n<meta property=\"og:image\" content=\"https:\/\/darkamazi.site\/file\/2020\/04\/lahor.jpg\" \/>\n\t<meta property=\"og:image:width\" content=\"900\" \/>\n\t<meta property=\"og:image:height\" content=\"531\" \/>\n\t<meta property=\"og:image:type\" content=\"image\/jpeg\" \/>\n<meta name=\"author\" content=\"darka mazi\" \/>\n<meta name=\"twitter:card\" content=\"summary_large_image\" \/>\n<meta name=\"twitter:creator\" content=\"@DarkaMaziTurkce\" \/>\n<meta name=\"twitter:site\" content=\"@DarkaMaziTurkce\" \/>\n<meta name=\"twitter:label1\" content=\"Written by\" \/>\n\t<meta name=\"twitter:data1\" content=\"darka mazi\" \/>\n\t<meta name=\"twitter:label2\" content=\"Est. reading time\" \/>\n\t<meta name=\"twitter:data2\" content=\"2 minutes\" \/>\n<script type=\"application\/ld+json\" class=\"seo-schema-graph\">{\"@context\":\"https:\\\/\\\/schema.org\",\"@graph\":[{\"@type\":\"NewsArticle\",\"@id\":\"https:\\\/\\\/darkamazi.site\\\/archives\\\/1009275#article\",\"isPartOf\":{\"@id\":\"https:\\\/\\\/darkamazi.site\\\/archives\\\/1009275\"},\"author\":{\"name\":\"darka mazi\",\"@id\":\"https:\\\/\\\/darkamazi.site\\\/#\\\/schema\\\/person\\\/67986a95ac546c16760365877ef4a9d3\"},\"headline\":\"Lahor \u015feyh cengi firari k\u00fcrd mahkum Mustafa Selimi&#8217;yi \u0130ran istihbarat\u0131na teslim etti\",\"datePublished\":\"2020-04-11T16:40:27+00:00\",\"dateModified\":\"2026-03-31T13:44:52+00:00\",\"mainEntityOfPage\":{\"@id\":\"https:\\\/\\\/darkamazi.site\\\/archives\\\/1009275\"},\"wordCount\":378,\"publisher\":{\"@id\":\"https:\\\/\\\/darkamazi.site\\\/#organization\"},\"image\":{\"@id\":\"https:\\\/\\\/darkamazi.site\\\/archives\\\/1009275#primaryimage\"},\"thumbnailUrl\":\"https:\\\/\\\/darkamazi.site\\\/darka-content\\\/uploads\\\/2020\\\/04\\\/lahor.jpg\",\"articleSection\":[\"Kurdistan\"],\"inLanguage\":\"en-US\"},{\"@type\":\"WebPage\",\"@id\":\"https:\\\/\\\/darkamazi.site\\\/archives\\\/1009275\",\"url\":\"https:\\\/\\\/darkamazi.site\\\/archives\\\/1009275\",\"name\":\"Lahor \u015feyh cengi firari k\u00fcrd mahkum Mustafa Selimi'yi \u0130ran istihbarat\u0131na teslim etti - Darka Mazi\",\"isPartOf\":{\"@id\":\"https:\\\/\\\/darkamazi.site\\\/#website\"},\"primaryImageOfPage\":{\"@id\":\"https:\\\/\\\/darkamazi.site\\\/archives\\\/1009275#primaryimage\"},\"image\":{\"@id\":\"https:\\\/\\\/darkamazi.site\\\/archives\\\/1009275#primaryimage\"},\"thumbnailUrl\":\"https:\\\/\\\/darkamazi.site\\\/darka-content\\\/uploads\\\/2020\\\/04\\\/lahor.jpg\",\"datePublished\":\"2020-04-11T16:40:27+00:00\",\"dateModified\":\"2026-03-31T13:44:52+00:00\",\"breadcrumb\":{\"@id\":\"https:\\\/\\\/darkamazi.site\\\/archives\\\/1009275#breadcrumb\"},\"inLanguage\":\"en-US\",\"potentialAction\":[{\"@type\":\"ReadAction\",\"target\":[\"https:\\\/\\\/darkamazi.site\\\/archives\\\/1009275\"]}]},{\"@type\":\"ImageObject\",\"inLanguage\":\"en-US\",\"@id\":\"https:\\\/\\\/darkamazi.site\\\/archives\\\/1009275#primaryimage\",\"url\":\"https:\\\/\\\/darkamazi.site\\\/darka-content\\\/uploads\\\/2020\\\/04\\\/lahor.jpg\",\"contentUrl\":\"https:\\\/\\\/darkamazi.site\\\/darka-content\\\/uploads\\\/2020\\\/04\\\/lahor.jpg\",\"width\":900,\"height\":531,\"caption\":\"Lahor \u015feyh cengi firari k\u00fcrd mahkum Mustafa Selimi'yi \u0130ran istihbarat\u0131na teslim etti\"},{\"@type\":\"BreadcrumbList\",\"@id\":\"https:\\\/\\\/darkamazi.site\\\/archives\\\/1009275#breadcrumb\",\"itemListElement\":[{\"@type\":\"ListItem\",\"position\":1,\"name\":\"Home\",\"item\":\"https:\\\/\\\/darkamazi.site\\\/\"},{\"@type\":\"ListItem\",\"position\":2,\"name\":\"Lahor \u015feyh cengi firari k\u00fcrd mahkum Mustafa Selimi&#8217;yi \u0130ran istihbarat\u0131na teslim etti\"}]},{\"@type\":\"WebSite\",\"@id\":\"https:\\\/\\\/darkamazi.site\\\/#website\",\"url\":\"https:\\\/\\\/darkamazi.site\\\/\",\"name\":\"Darka Mazi\",\"description\":\"Ana Sayfa\",\"publisher\":{\"@id\":\"https:\\\/\\\/darkamazi.site\\\/#organization\"},\"potentialAction\":[{\"@type\":\"SearchAction\",\"target\":{\"@type\":\"EntryPoint\",\"urlTemplate\":\"https:\\\/\\\/darkamazi.site\\\/?s={search_term_string}\"},\"query-input\":{\"@type\":\"PropertyValueSpecification\",\"valueRequired\":true,\"valueName\":\"search_term_string\"}}],\"inLanguage\":\"en-US\"},{\"@type\":\"Organization\",\"@id\":\"https:\\\/\\\/darkamazi.site\\\/#organization\",\"name\":\"Darka Mazi T\u00fcrk\u00e7e\",\"alternateName\":\"Darka Mazi\",\"url\":\"https:\\\/\\\/darkamazi.site\\\/\",\"logo\":{\"@type\":\"ImageObject\",\"inLanguage\":\"en-US\",\"@id\":\"https:\\\/\\\/darkamazi.site\\\/#\\\/schema\\\/logo\\\/image\\\/\",\"url\":\"https:\\\/\\\/darkamazi.site\\\/darka-content\\\/uploads\\\/2017\\\/12\\\/darka-mazi-logo.png\",\"contentUrl\":\"https:\\\/\\\/darkamazi.site\\\/darka-content\\\/uploads\\\/2017\\\/12\\\/darka-mazi-logo.png\",\"width\":151,\"height\":75,\"caption\":\"Darka Mazi T\u00fcrk\u00e7e\"},\"image\":{\"@id\":\"https:\\\/\\\/darkamazi.site\\\/#\\\/schema\\\/logo\\\/image\\\/\"},\"sameAs\":[\"https:\\\/\\\/www.facebook.com\\\/DarkaMaziturkce\",\"https:\\\/\\\/x.com\\\/DarkaMaziTurkce\"]},{\"@type\":\"Person\",\"@id\":\"https:\\\/\\\/darkamazi.site\\\/#\\\/schema\\\/person\\\/67986a95ac546c16760365877ef4a9d3\",\"name\":\"darka mazi\",\"sameAs\":[\"https:\\\/\\\/darkamazi.site\"],\"url\":\"https:\\\/\\\/darkamazi.site\\\/archives\\\/author\\\/turkish\"}]}<\/script>\n<!-- \/ Yoast SEO plugin. -->","seo_head_json":{"title":"Lahor \u015feyh cengi firari k\u00fcrd mahkum Mustafa Selimi'yi \u0130ran istihbarat\u0131na teslim etti - Darka Mazi","robots":{"index":"index","follow":"follow","max-snippet":"max-snippet:-1","max-image-preview":"max-image-preview:large","max-video-preview":"max-video-preview:-1"},"canonical":"https:\/\/darkamazi.site\/archives\/1009275","og_locale":"en_US","og_type":"article","og_title":"Lahor \u015feyh cengi firari k\u00fcrd mahkum Mustafa Selimi'yi \u0130ran istihbarat\u0131na teslim etti - Darka Mazi","og_description":"\u00a0\u201cMustafa Selimi\u201d do\u011fu K\u00fcrdsitan\u2019l\u0131 siyasi bir mahkumdur. \u0130dam cezas\u0131na \u00e7arpt\u0131r\u0131lm\u0131\u015f olup iki hafta \u00f6nce sak\u0131z zindanda \u00e7\u0131kan isyanda 72 arkada\u015f\u0131 ile firar etmeyi ba\u015farm\u0131\u015f ve g\u00fcney k\u00fcrdistan\u2019\u0131n s\u00fcleymani\u2019ye il s\u0131n\u0131rlar\u0131nda ynk nin istihbarat \u00f6rg\u00fct\u00fc \u201czanyari\u201d taraf\u0131ndan yakalan\u0131p tekrar iran devleti\u2019nin istihbarat \u00f6rg\u00fct\u00fc \u201citilaata\u201d teslim edilmi\u015ftir. Mustafa selimi do\u011fu k\u00fcrdistan\u2019\u0131n Saq\u0131z zindan\u0131n da idam cezas\u0131na alm\u0131\u015f [&hellip;]","og_url":"https:\/\/darkamazi.site\/archives\/1009275","og_site_name":"Darka Mazi","article_publisher":"https:\/\/www.facebook.com\/DarkaMaziturkce","article_published_time":"2020-04-11T16:40:27+00:00","article_modified_time":"2026-03-31T13:44:52+00:00","og_image":[{"width":900,"height":531,"url":"https:\/\/darkamazi.site\/file\/2020\/04\/lahor.jpg","type":"image\/jpeg"}],"author":"darka mazi","twitter_card":"summary_large_image","twitter_creator":"@DarkaMaziTurkce","twitter_site":"@DarkaMaziTurkce","twitter_misc":{"Written by":"darka mazi","Est. reading time":"2 minutes"},"schema":{"@context":"https:\/\/schema.org","@graph":[{"@type":"NewsArticle","@id":"https:\/\/darkamazi.site\/archives\/1009275#article","isPartOf":{"@id":"https:\/\/darkamazi.site\/archives\/1009275"},"author":{"name":"darka mazi","@id":"https:\/\/darkamazi.site\/#\/schema\/person\/67986a95ac546c16760365877ef4a9d3"},"headline":"Lahor \u015feyh cengi firari k\u00fcrd mahkum Mustafa Selimi&#8217;yi \u0130ran istihbarat\u0131na teslim etti","datePublished":"2020-04-11T16:40:27+00:00","dateModified":"2026-03-31T13:44:52+00:00","mainEntityOfPage":{"@id":"https:\/\/darkamazi.site\/archives\/1009275"},"wordCount":378,"publisher":{"@id":"https:\/\/darkamazi.site\/#organization"},"image":{"@id":"https:\/\/darkamazi.site\/archives\/1009275#primaryimage"},"thumbnailUrl":"https:\/\/darkamazi.site\/file\/2020\/04\/lahor.jpg","articleSection":["Kurdistan"],"inLanguage":"en-US"},{"@type":"WebPage","@id":"https:\/\/darkamazi.site\/archives\/1009275","url":"https:\/\/darkamazi.site\/archives\/1009275","name":"Lahor \u015feyh cengi firari k\u00fcrd mahkum Mustafa Selimi'yi \u0130ran istihbarat\u0131na teslim etti - Darka Mazi","isPartOf":{"@id":"https:\/\/darkamazi.site\/#website"},"primaryImageOfPage":{"@id":"https:\/\/darkamazi.site\/archives\/1009275#primaryimage"},"image":{"@id":"https:\/\/darkamazi.site\/archives\/1009275#primaryimage"},"thumbnailUrl":"https:\/\/darkamazi.site\/file\/2020\/04\/lahor.jpg","datePublished":"2020-04-11T16:40:27+00:00","dateModified":"2026-03-31T13:44:52+00:00","breadcrumb":{"@id":"https:\/\/darkamazi.site\/archives\/1009275#breadcrumb"},"inLanguage":"en-US","potentialAction":[{"@type":"ReadAction","target":["https:\/\/darkamazi.site\/archives\/1009275"]}]},{"@type":"ImageObject","inLanguage":"en-US","@id":"https:\/\/darkamazi.site\/archives\/1009275#primaryimage","url":"https:\/\/darkamazi.site\/file\/2020\/04\/lahor.jpg","contentUrl":"https:\/\/darkamazi.site\/file\/2020\/04\/lahor.jpg","width":900,"height":531,"caption":"Lahor \u015feyh cengi firari k\u00fcrd mahkum Mustafa Selimi'yi \u0130ran istihbarat\u0131na teslim etti"},{"@type":"BreadcrumbList","@id":"https:\/\/darkamazi.site\/archives\/1009275#breadcrumb","itemListElement":[{"@type":"ListItem","position":1,"name":"Home","item":"https:\/\/darkamazi.site\/"},{"@type":"ListItem","position":2,"name":"Lahor \u015feyh cengi firari k\u00fcrd mahkum Mustafa Selimi&#8217;yi \u0130ran istihbarat\u0131na teslim etti"}]},{"@type":"WebSite","@id":"https:\/\/darkamazi.site\/#website","url":"https:\/\/darkamazi.site\/","name":"Darka Mazi","description":"Ana Sayfa","publisher":{"@id":"https:\/\/darkamazi.site\/#organization"},"potentialAction":[{"@type":"SearchAction","target":{"@type":"EntryPoint","urlTemplate":"https:\/\/darkamazi.site\/?s={search_term_string}"},"query-input":{"@type":"PropertyValueSpecification","valueRequired":true,"valueName":"search_term_string"}}],"inLanguage":"en-US"},{"@type":"Organization","@id":"https:\/\/darkamazi.site\/#organization","name":"Darka Mazi T\u00fcrk\u00e7e","alternateName":"Darka Mazi","url":"https:\/\/darkamazi.site\/","logo":{"@type":"ImageObject","inLanguage":"en-US","@id":"https:\/\/darkamazi.site\/#\/schema\/logo\/image\/","url":"https:\/\/darkamazi.site\/file\/2017\/12\/darka-mazi-logo.png","contentUrl":"https:\/\/darkamazi.site\/file\/2017\/12\/darka-mazi-logo.png","width":151,"height":75,"caption":"Darka Mazi T\u00fcrk\u00e7e"},"image":{"@id":"https:\/\/darkamazi.site\/#\/schema\/logo\/image\/"},"sameAs":["https:\/\/www.facebook.com\/DarkaMaziturkce","https:\/\/x.com\/DarkaMaziTurkce"]},{"@type":"Person","@id":"https:\/\/darkamazi.site\/#\/schema\/person\/67986a95ac546c16760365877ef4a9d3","name":"darka mazi","sameAs":["https:\/\/darkamazi.site"],"url":"https:\/\/darkamazi.site\/archives\/author\/turkish"}]}},"_links":{"self":[{"href":"https:\/\/darkamazi.site\/funavuv\/wp\/v2\/posts\/1009275","targetHints":{"allow":["GET"]}}],"collection":[{"href":"https:\/\/darkamazi.site\/funavuv\/wp\/v2\/posts"}],"about":[{"href":"https:\/\/darkamazi.site\/funavuv\/wp\/v2\/types\/post"}],"author":[{"embeddable":true,"href":"https:\/\/darkamazi.site\/funavuv\/wp\/v2\/users\/2"}],"replies":[{"embeddable":true,"href":"https:\/\/darkamazi.site\/funavuv\/wp\/v2\/comments?post=1009275"}],"version-history":[{"count":0,"href":"https:\/\/darkamazi.site\/funavuv\/wp\/v2\/posts\/1009275\/revisions"}],"wp:featuredmedia":[{"embeddable":true,"href":"https:\/\/darkamazi.site\/funavuv\/wp\/v2\/media\/1009276"}],"wp:attachment":[{"href":"https:\/\/darkamazi.site\/funavuv\/wp\/v2\/media?parent=1009275"}],"wp:term":[{"taxonomy":"category","embeddable":true,"href":"https:\/\/darkamazi.site\/funavuv\/wp\/v2\/categories?post=1009275"},{"taxonomy":"post_tag","embeddable":true,"href":"https:\/\/darkamazi.site\/funavuv\/wp\/v2\/tags?post=1009275"}],"curies":[{"name":"wp","href":"https:\/\/api.w.org\/{rel}","templated":true}]}}