{"id":1009310,"date":"2020-04-13T21:51:54","date_gmt":"2020-04-13T18:51:54","guid":{"rendered":"https:\/\/darkamazi.site\/?p=1009310"},"modified":"2020-04-13T21:51:54","modified_gmt":"2020-04-13T18:51:54","slug":"kurdistan-bolgesinden-guzel-haber-son-24-saatte-hic-vaka-tespit-edilmedi","status":"publish","type":"post","link":"https:\/\/darkamazi.site\/archives\/1009310","title":{"rendered":"K\u00fcrdistan B\u00f6lgesinden g\u00fczel haber: son 24 saatte hi\u00e7 vaka tespit edilmedi"},"content":{"rendered":"<p style=\"text-align: justify\">K\u00fcrdistan B\u00f6lgesi Sa\u011fl\u0131k Bakanl\u0131\u011f\u0131 yapt\u0131\u011f\u0131 a\u00e7\u0131klamada son 24 saatte K\u00fcrdistan B\u00f6lgesinde hi\u00e7bir Coronavir\u00fcs vakas\u0131na rastlanmad\u0131\u011f\u0131n\u0131 a\u00e7\u0131klad\u0131.<\/p>\n<p style=\"text-align: justify\">Sa\u011fl\u0131k Bakanl\u0131\u011f\u0131n\u0131n yapt\u0131\u011f\u0131 a\u00e7\u0131klamada K\u00fcrdistan B\u00f6lgesinde son 24 saatte 1792 test yap\u0131ld\u0131\u011f\u0131n\u0131 bunlar\u0131n t\u00fcm\u00fcn\u00fcn negatif \u00e7\u0131kt\u0131\u011f\u0131 belirtildi. Ayr\u0131ca a\u00e7\u0131klamada t\u00fcm sa\u011fl\u0131k \u00e7al\u0131\u015fanlar\u0131na te\u015fekk\u00fcr edilerek durumun giderek iyile\u015fmesine ra\u011fmen tedbirlerin gev\u015femesinden yana olmad\u0131klar\u0131n\u0131n da alt\u0131 \u00e7izildi.<\/p>\n<p style=\"text-align: justify\">K\u00fcrdistan B\u00f6lgesi\u2019nde \u015fimdiye kadar 330 Covid-19 vakas\u0131 tespit edilirken, 156 hasta iyile\u015fti, 4 hasta da hayat\u0131n\u0131 kaybetti.<\/p>\n","protected":false},"excerpt":{"rendered":"<p>K\u00fcrdistan B\u00f6lgesi Sa\u011fl\u0131k Bakanl\u0131\u011f\u0131 yapt\u0131\u011f\u0131 a\u00e7\u0131klamada son 24 saatte K\u00fcrdistan B\u00f6lgesinde hi\u00e7bir Coronavir\u00fcs vakas\u0131na rastlanmad\u0131\u011f\u0131n\u0131 a\u00e7\u0131klad\u0131. Sa\u011fl\u0131k Bakanl\u0131\u011f\u0131n\u0131n yapt\u0131\u011f\u0131 a\u00e7\u0131klamada K\u00fcrdistan B\u00f6lgesinde son 24 saatte 1792 test yap\u0131ld\u0131\u011f\u0131n\u0131 bunlar\u0131n t\u00fcm\u00fcn\u00fcn negatif \u00e7\u0131kt\u0131\u011f\u0131 belirtildi. Ayr\u0131ca a\u00e7\u0131klamada t\u00fcm sa\u011fl\u0131k \u00e7al\u0131\u015fanlar\u0131na te\u015fekk\u00fcr edilerek durumun giderek iyile\u015fmesine ra\u011fmen tedbirlerin gev\u015femesinden yana olmad\u0131klar\u0131n\u0131n da alt\u0131 \u00e7izildi. K\u00fcrdistan B\u00f6lgesi\u2019nde \u015fimdiye kadar [&hellip;]<\/p>\n","protected":false},"author":2,"featured_media":1009311,"comment_status":"closed","ping_status":"closed","sticky":false,"template":"","format":"standard","meta":{"footnotes":""},"categories":[3],"tags":[31],"class_list":["post-1009310","post","type-post","status-publish","format-standard","has-post-thumbnail","hentry","category-kurdistan","tag-onemli"],"blocksy_meta":[],"seo_head":"<!-- This site is optimized with the Yoast SEO plugin v27.5 - https:\/\/yoast.com\/product\/yoast-seo-wordpress\/ -->\n<title>K\u00fcrdistan B\u00f6lgesinden g\u00fczel haber: son 24 saatte hi\u00e7 vaka tespit edilmedi - Darka Mazi<\/title>\n<meta name=\"robots\" content=\"index, follow, max-snippet:-1, max-image-preview:large, max-video-preview:-1\" \/>\n<link rel=\"canonical\" href=\"https:\/\/darkamazi.site\/archives\/1009310\" \/>\n<meta property=\"og:locale\" content=\"en_US\" \/>\n<meta property=\"og:type\" content=\"article\" \/>\n<meta property=\"og:title\" content=\"K\u00fcrdistan B\u00f6lgesinden g\u00fczel haber: son 24 saatte hi\u00e7 vaka tespit edilmedi - Darka Mazi\" \/>\n<meta property=\"og:description\" content=\"K\u00fcrdistan B\u00f6lgesi Sa\u011fl\u0131k Bakanl\u0131\u011f\u0131 yapt\u0131\u011f\u0131 a\u00e7\u0131klamada son 24 saatte K\u00fcrdistan B\u00f6lgesinde hi\u00e7bir Coronavir\u00fcs vakas\u0131na rastlanmad\u0131\u011f\u0131n\u0131 a\u00e7\u0131klad\u0131. Sa\u011fl\u0131k Bakanl\u0131\u011f\u0131n\u0131n yapt\u0131\u011f\u0131 a\u00e7\u0131klamada K\u00fcrdistan B\u00f6lgesinde son 24 saatte 1792 test yap\u0131ld\u0131\u011f\u0131n\u0131 bunlar\u0131n t\u00fcm\u00fcn\u00fcn negatif \u00e7\u0131kt\u0131\u011f\u0131 belirtildi. Ayr\u0131ca a\u00e7\u0131klamada t\u00fcm sa\u011fl\u0131k \u00e7al\u0131\u015fanlar\u0131na te\u015fekk\u00fcr edilerek durumun giderek iyile\u015fmesine ra\u011fmen tedbirlerin gev\u015femesinden yana olmad\u0131klar\u0131n\u0131n da alt\u0131 \u00e7izildi. K\u00fcrdistan B\u00f6lgesi\u2019nde \u015fimdiye kadar [&hellip;]\" \/>\n<meta property=\"og:url\" content=\"https:\/\/darkamazi.site\/archives\/1009310\" \/>\n<meta property=\"og:site_name\" content=\"Darka Mazi\" \/>\n<meta property=\"article:publisher\" content=\"https:\/\/www.facebook.com\/DarkaMaziturkce\" \/>\n<meta property=\"article:published_time\" content=\"2020-04-13T18:51:54+00:00\" \/>\n<meta property=\"og:image\" content=\"https:\/\/darkamazi.site\/file\/2020\/04\/son-darkika.jpg\" \/>\n\t<meta property=\"og:image:width\" content=\"960\" \/>\n\t<meta property=\"og:image:height\" content=\"550\" \/>\n\t<meta property=\"og:image:type\" content=\"image\/jpeg\" \/>\n<meta name=\"author\" content=\"darka mazi\" \/>\n<meta name=\"twitter:card\" content=\"summary_large_image\" \/>\n<meta name=\"twitter:creator\" content=\"@DarkaMaziTurkce\" \/>\n<meta name=\"twitter:site\" content=\"@DarkaMaziTurkce\" \/>\n<meta name=\"twitter:label1\" content=\"Written by\" \/>\n\t<meta name=\"twitter:data1\" content=\"darka mazi\" \/>\n\t<meta name=\"twitter:label2\" content=\"Est. reading time\" \/>\n\t<meta name=\"twitter:data2\" content=\"1 minute\" \/>\n<script type=\"application\/ld+json\" class=\"seo-schema-graph\">{\"@context\":\"https:\\\/\\\/schema.org\",\"@graph\":[{\"@type\":\"NewsArticle\",\"@id\":\"https:\\\/\\\/darkamazi.site\\\/archives\\\/1009310#article\",\"isPartOf\":{\"@id\":\"https:\\\/\\\/darkamazi.site\\\/archives\\\/1009310\"},\"author\":{\"name\":\"darka mazi\",\"@id\":\"https:\\\/\\\/darkamazi.site\\\/#\\\/schema\\\/person\\\/67986a95ac546c16760365877ef4a9d3\"},\"headline\":\"K\u00fcrdistan B\u00f6lgesinden g\u00fczel haber: son 24 saatte hi\u00e7 vaka tespit edilmedi\",\"datePublished\":\"2020-04-13T18:51:54+00:00\",\"mainEntityOfPage\":{\"@id\":\"https:\\\/\\\/darkamazi.site\\\/archives\\\/1009310\"},\"wordCount\":120,\"publisher\":{\"@id\":\"https:\\\/\\\/darkamazi.site\\\/#organization\"},\"image\":{\"@id\":\"https:\\\/\\\/darkamazi.site\\\/archives\\\/1009310#primaryimage\"},\"thumbnailUrl\":\"https:\\\/\\\/darkamazi.site\\\/darka-content\\\/uploads\\\/2020\\\/04\\\/son-darkika.jpg\",\"keywords\":[\"\u00f6nemli\"],\"articleSection\":[\"Kurdistan\"],\"inLanguage\":\"en-US\"},{\"@type\":\"WebPage\",\"@id\":\"https:\\\/\\\/darkamazi.site\\\/archives\\\/1009310\",\"url\":\"https:\\\/\\\/darkamazi.site\\\/archives\\\/1009310\",\"name\":\"K\u00fcrdistan B\u00f6lgesinden g\u00fczel haber: son 24 saatte hi\u00e7 vaka tespit edilmedi - Darka Mazi\",\"isPartOf\":{\"@id\":\"https:\\\/\\\/darkamazi.site\\\/#website\"},\"primaryImageOfPage\":{\"@id\":\"https:\\\/\\\/darkamazi.site\\\/archives\\\/1009310#primaryimage\"},\"image\":{\"@id\":\"https:\\\/\\\/darkamazi.site\\\/archives\\\/1009310#primaryimage\"},\"thumbnailUrl\":\"https:\\\/\\\/darkamazi.site\\\/darka-content\\\/uploads\\\/2020\\\/04\\\/son-darkika.jpg\",\"datePublished\":\"2020-04-13T18:51:54+00:00\",\"breadcrumb\":{\"@id\":\"https:\\\/\\\/darkamazi.site\\\/archives\\\/1009310#breadcrumb\"},\"inLanguage\":\"en-US\",\"potentialAction\":[{\"@type\":\"ReadAction\",\"target\":[\"https:\\\/\\\/darkamazi.site\\\/archives\\\/1009310\"]}]},{\"@type\":\"ImageObject\",\"inLanguage\":\"en-US\",\"@id\":\"https:\\\/\\\/darkamazi.site\\\/archives\\\/1009310#primaryimage\",\"url\":\"https:\\\/\\\/darkamazi.site\\\/darka-content\\\/uploads\\\/2020\\\/04\\\/son-darkika.jpg\",\"contentUrl\":\"https:\\\/\\\/darkamazi.site\\\/darka-content\\\/uploads\\\/2020\\\/04\\\/son-darkika.jpg\",\"width\":960,\"height\":550,\"caption\":\"Mesrur Barzani taraf\u0131ndan g\u00f6revlendirilen heyet Ba\u011fdat'ta\"},{\"@type\":\"BreadcrumbList\",\"@id\":\"https:\\\/\\\/darkamazi.site\\\/archives\\\/1009310#breadcrumb\",\"itemListElement\":[{\"@type\":\"ListItem\",\"position\":1,\"name\":\"Home\",\"item\":\"https:\\\/\\\/darkamazi.site\\\/\"},{\"@type\":\"ListItem\",\"position\":2,\"name\":\"K\u00fcrdistan B\u00f6lgesinden g\u00fczel haber: son 24 saatte hi\u00e7 vaka tespit edilmedi\"}]},{\"@type\":\"WebSite\",\"@id\":\"https:\\\/\\\/darkamazi.site\\\/#website\",\"url\":\"https:\\\/\\\/darkamazi.site\\\/\",\"name\":\"Darka Mazi\",\"description\":\"Ana Sayfa\",\"publisher\":{\"@id\":\"https:\\\/\\\/darkamazi.site\\\/#organization\"},\"potentialAction\":[{\"@type\":\"SearchAction\",\"target\":{\"@type\":\"EntryPoint\",\"urlTemplate\":\"https:\\\/\\\/darkamazi.site\\\/?s={search_term_string}\"},\"query-input\":{\"@type\":\"PropertyValueSpecification\",\"valueRequired\":true,\"valueName\":\"search_term_string\"}}],\"inLanguage\":\"en-US\"},{\"@type\":\"Organization\",\"@id\":\"https:\\\/\\\/darkamazi.site\\\/#organization\",\"name\":\"Darka Mazi T\u00fcrk\u00e7e\",\"alternateName\":\"Darka Mazi\",\"url\":\"https:\\\/\\\/darkamazi.site\\\/\",\"logo\":{\"@type\":\"ImageObject\",\"inLanguage\":\"en-US\",\"@id\":\"https:\\\/\\\/darkamazi.site\\\/#\\\/schema\\\/logo\\\/image\\\/\",\"url\":\"https:\\\/\\\/darkamazi.site\\\/darka-content\\\/uploads\\\/2017\\\/12\\\/darka-mazi-logo.png\",\"contentUrl\":\"https:\\\/\\\/darkamazi.site\\\/darka-content\\\/uploads\\\/2017\\\/12\\\/darka-mazi-logo.png\",\"width\":151,\"height\":75,\"caption\":\"Darka Mazi T\u00fcrk\u00e7e\"},\"image\":{\"@id\":\"https:\\\/\\\/darkamazi.site\\\/#\\\/schema\\\/logo\\\/image\\\/\"},\"sameAs\":[\"https:\\\/\\\/www.facebook.com\\\/DarkaMaziturkce\",\"https:\\\/\\\/x.com\\\/DarkaMaziTurkce\"]},{\"@type\":\"Person\",\"@id\":\"https:\\\/\\\/darkamazi.site\\\/#\\\/schema\\\/person\\\/67986a95ac546c16760365877ef4a9d3\",\"name\":\"darka mazi\",\"sameAs\":[\"https:\\\/\\\/darkamazi.site\"],\"url\":\"https:\\\/\\\/darkamazi.site\\\/archives\\\/author\\\/turkish\"}]}<\/script>\n<!-- \/ Yoast SEO plugin. -->","seo_head_json":{"title":"K\u00fcrdistan B\u00f6lgesinden g\u00fczel haber: son 24 saatte hi\u00e7 vaka tespit edilmedi - Darka Mazi","robots":{"index":"index","follow":"follow","max-snippet":"max-snippet:-1","max-image-preview":"max-image-preview:large","max-video-preview":"max-video-preview:-1"},"canonical":"https:\/\/darkamazi.site\/archives\/1009310","og_locale":"en_US","og_type":"article","og_title":"K\u00fcrdistan B\u00f6lgesinden g\u00fczel haber: son 24 saatte hi\u00e7 vaka tespit edilmedi - Darka Mazi","og_description":"K\u00fcrdistan B\u00f6lgesi Sa\u011fl\u0131k Bakanl\u0131\u011f\u0131 yapt\u0131\u011f\u0131 a\u00e7\u0131klamada son 24 saatte K\u00fcrdistan B\u00f6lgesinde hi\u00e7bir Coronavir\u00fcs vakas\u0131na rastlanmad\u0131\u011f\u0131n\u0131 a\u00e7\u0131klad\u0131. Sa\u011fl\u0131k Bakanl\u0131\u011f\u0131n\u0131n yapt\u0131\u011f\u0131 a\u00e7\u0131klamada K\u00fcrdistan B\u00f6lgesinde son 24 saatte 1792 test yap\u0131ld\u0131\u011f\u0131n\u0131 bunlar\u0131n t\u00fcm\u00fcn\u00fcn negatif \u00e7\u0131kt\u0131\u011f\u0131 belirtildi. Ayr\u0131ca a\u00e7\u0131klamada t\u00fcm sa\u011fl\u0131k \u00e7al\u0131\u015fanlar\u0131na te\u015fekk\u00fcr edilerek durumun giderek iyile\u015fmesine ra\u011fmen tedbirlerin gev\u015femesinden yana olmad\u0131klar\u0131n\u0131n da alt\u0131 \u00e7izildi. K\u00fcrdistan B\u00f6lgesi\u2019nde \u015fimdiye kadar [&hellip;]","og_url":"https:\/\/darkamazi.site\/archives\/1009310","og_site_name":"Darka Mazi","article_publisher":"https:\/\/www.facebook.com\/DarkaMaziturkce","article_published_time":"2020-04-13T18:51:54+00:00","og_image":[{"width":960,"height":550,"url":"https:\/\/darkamazi.site\/file\/2020\/04\/son-darkika.jpg","type":"image\/jpeg"}],"author":"darka mazi","twitter_card":"summary_large_image","twitter_creator":"@DarkaMaziTurkce","twitter_site":"@DarkaMaziTurkce","twitter_misc":{"Written by":"darka mazi","Est. reading time":"1 minute"},"schema":{"@context":"https:\/\/schema.org","@graph":[{"@type":"NewsArticle","@id":"https:\/\/darkamazi.site\/archives\/1009310#article","isPartOf":{"@id":"https:\/\/darkamazi.site\/archives\/1009310"},"author":{"name":"darka mazi","@id":"https:\/\/darkamazi.site\/#\/schema\/person\/67986a95ac546c16760365877ef4a9d3"},"headline":"K\u00fcrdistan B\u00f6lgesinden g\u00fczel haber: son 24 saatte hi\u00e7 vaka tespit edilmedi","datePublished":"2020-04-13T18:51:54+00:00","mainEntityOfPage":{"@id":"https:\/\/darkamazi.site\/archives\/1009310"},"wordCount":120,"publisher":{"@id":"https:\/\/darkamazi.site\/#organization"},"image":{"@id":"https:\/\/darkamazi.site\/archives\/1009310#primaryimage"},"thumbnailUrl":"https:\/\/darkamazi.site\/file\/2020\/04\/son-darkika.jpg","keywords":["\u00f6nemli"],"articleSection":["Kurdistan"],"inLanguage":"en-US"},{"@type":"WebPage","@id":"https:\/\/darkamazi.site\/archives\/1009310","url":"https:\/\/darkamazi.site\/archives\/1009310","name":"K\u00fcrdistan B\u00f6lgesinden g\u00fczel haber: son 24 saatte hi\u00e7 vaka tespit edilmedi - Darka Mazi","isPartOf":{"@id":"https:\/\/darkamazi.site\/#website"},"primaryImageOfPage":{"@id":"https:\/\/darkamazi.site\/archives\/1009310#primaryimage"},"image":{"@id":"https:\/\/darkamazi.site\/archives\/1009310#primaryimage"},"thumbnailUrl":"https:\/\/darkamazi.site\/file\/2020\/04\/son-darkika.jpg","datePublished":"2020-04-13T18:51:54+00:00","breadcrumb":{"@id":"https:\/\/darkamazi.site\/archives\/1009310#breadcrumb"},"inLanguage":"en-US","potentialAction":[{"@type":"ReadAction","target":["https:\/\/darkamazi.site\/archives\/1009310"]}]},{"@type":"ImageObject","inLanguage":"en-US","@id":"https:\/\/darkamazi.site\/archives\/1009310#primaryimage","url":"https:\/\/darkamazi.site\/file\/2020\/04\/son-darkika.jpg","contentUrl":"https:\/\/darkamazi.site\/file\/2020\/04\/son-darkika.jpg","width":960,"height":550,"caption":"Mesrur Barzani taraf\u0131ndan g\u00f6revlendirilen heyet Ba\u011fdat'ta"},{"@type":"BreadcrumbList","@id":"https:\/\/darkamazi.site\/archives\/1009310#breadcrumb","itemListElement":[{"@type":"ListItem","position":1,"name":"Home","item":"https:\/\/darkamazi.site\/"},{"@type":"ListItem","position":2,"name":"K\u00fcrdistan B\u00f6lgesinden g\u00fczel haber: son 24 saatte hi\u00e7 vaka tespit edilmedi"}]},{"@type":"WebSite","@id":"https:\/\/darkamazi.site\/#website","url":"https:\/\/darkamazi.site\/","name":"Darka Mazi","description":"Ana Sayfa","publisher":{"@id":"https:\/\/darkamazi.site\/#organization"},"potentialAction":[{"@type":"SearchAction","target":{"@type":"EntryPoint","urlTemplate":"https:\/\/darkamazi.site\/?s={search_term_string}"},"query-input":{"@type":"PropertyValueSpecification","valueRequired":true,"valueName":"search_term_string"}}],"inLanguage":"en-US"},{"@type":"Organization","@id":"https:\/\/darkamazi.site\/#organization","name":"Darka Mazi T\u00fcrk\u00e7e","alternateName":"Darka Mazi","url":"https:\/\/darkamazi.site\/","logo":{"@type":"ImageObject","inLanguage":"en-US","@id":"https:\/\/darkamazi.site\/#\/schema\/logo\/image\/","url":"https:\/\/darkamazi.site\/file\/2017\/12\/darka-mazi-logo.png","contentUrl":"https:\/\/darkamazi.site\/file\/2017\/12\/darka-mazi-logo.png","width":151,"height":75,"caption":"Darka Mazi T\u00fcrk\u00e7e"},"image":{"@id":"https:\/\/darkamazi.site\/#\/schema\/logo\/image\/"},"sameAs":["https:\/\/www.facebook.com\/DarkaMaziturkce","https:\/\/x.com\/DarkaMaziTurkce"]},{"@type":"Person","@id":"https:\/\/darkamazi.site\/#\/schema\/person\/67986a95ac546c16760365877ef4a9d3","name":"darka mazi","sameAs":["https:\/\/darkamazi.site"],"url":"https:\/\/darkamazi.site\/archives\/author\/turkish"}]}},"_links":{"self":[{"href":"https:\/\/darkamazi.site\/funavuv\/wp\/v2\/posts\/1009310","targetHints":{"allow":["GET"]}}],"collection":[{"href":"https:\/\/darkamazi.site\/funavuv\/wp\/v2\/posts"}],"about":[{"href":"https:\/\/darkamazi.site\/funavuv\/wp\/v2\/types\/post"}],"author":[{"embeddable":true,"href":"https:\/\/darkamazi.site\/funavuv\/wp\/v2\/users\/2"}],"replies":[{"embeddable":true,"href":"https:\/\/darkamazi.site\/funavuv\/wp\/v2\/comments?post=1009310"}],"version-history":[{"count":0,"href":"https:\/\/darkamazi.site\/funavuv\/wp\/v2\/posts\/1009310\/revisions"}],"wp:featuredmedia":[{"embeddable":true,"href":"https:\/\/darkamazi.site\/funavuv\/wp\/v2\/media\/1009311"}],"wp:attachment":[{"href":"https:\/\/darkamazi.site\/funavuv\/wp\/v2\/media?parent=1009310"}],"wp:term":[{"taxonomy":"category","embeddable":true,"href":"https:\/\/darkamazi.site\/funavuv\/wp\/v2\/categories?post=1009310"},{"taxonomy":"post_tag","embeddable":true,"href":"https:\/\/darkamazi.site\/funavuv\/wp\/v2\/tags?post=1009310"}],"curies":[{"name":"wp","href":"https:\/\/api.w.org\/{rel}","templated":true}]}}