{"id":1009387,"date":"2020-04-18T19:03:00","date_gmt":"2020-04-18T16:03:00","guid":{"rendered":"https:\/\/darkamazi.site\/?p=1009387"},"modified":"2021-11-13T19:50:02","modified_gmt":"2021-11-13T16:50:02","slug":"barzani-ofisinden-aciklama-pesmerge-kurt-milletinin-kaderi-ve-kirmizi-cizgisidir","status":"publish","type":"post","link":"https:\/\/darkamazi.site\/archives\/1009387","title":{"rendered":"Barzani Ofisinden a\u00e7\u0131klama: Pe\u015fmerge K\u00fcrt milletinin kaderi ve k\u0131rm\u0131z\u0131 \u00e7izgisidir"},"content":{"rendered":"<p style=\"text-align: justify\">Ba\u015fkan Barzani\u2019nin Ofisi taraf\u0131ndan yap\u0131lan a\u00e7\u0131klamada, Pe\u015fmerge G\u00fc\u00e7leri\u2019nin, Irak\u2019taki di\u011fer milis g\u00fc\u00e7lerle kar\u0131\u015ft\u0131r\u0131lmamas\u0131 gerekti\u011fi ve Pe\u015fmerge G\u00fc\u00e7leri\u2019nin Irak Anayasas\u0131\u2019na dayanan yasal ve me\u015fru bir g\u00fc\u00e7 oldu\u011fu vurguland\u0131.<\/p>\n<p style=\"text-align: justify\">Ba\u015fkan Barzani\u2019nin Ofisi S\u00f6zc\u00fcs\u00fc Viyan Dexil, son d\u00f6nemlerde baz\u0131 gruplar\u0131n devlet kontrol\u00fc d\u0131\u015f\u0131ndaki yasad\u0131\u015f\u0131 g\u00fc\u00e7lerle ilgili \u00e7\u00f6z\u00fcm konusunu g\u00fcndeme getirirken Pe\u015fmerge G\u00fc\u00e7leri\u2019ni s\u00f6z konusu gruplarla bir tutma \u00e7abalar\u0131yla ilgili bir a\u00e7\u0131klama yapt\u0131.<\/p>\n<p style=\"text-align: justify\">Irak\u2019ta yeni bir h\u00fck\u00fcmet kurma \u00e7al\u0131\u015fmalar\u0131n\u0131n yap\u0131ld\u0131\u011f\u0131 ve \u00fclkenin zor ko\u015fullardan ge\u00e7ildi\u011fi belirtilen a\u00e7\u0131klamada, Pe\u015fmerge G\u00fc\u00e7leri\u2019ne y\u00f6nelik karalama kampanyas\u0131n\u0131n kabul edilemez oldu\u011fu kaydedildi.<\/p>\n<p style=\"text-align: justify\">A\u00e7\u0131klamada, Pe\u015fmerge G\u00fc\u00e7leri ile yasad\u0131\u015f\u0131 g\u00fc\u00e7ler aras\u0131ndaki kar\u015f\u0131la\u015ft\u0131rman\u0131n kurulacak h\u00fck\u00fcmetin hedeflerini ger\u00e7ekle\u015ftirmedeki \u00e7abalar\u0131na zarar verebilece\u011fine dikkat \u00e7ekilerek, &#8220;Irak Anayasas\u0131\u2019n\u0131n 121\u2019inci maddesinin 5\u2019inci b\u00f6l\u00fcm\u00fcne uygun olarak Pe\u015fmerge G\u00fc\u00e7leri yasal ve me\u015fru bir g\u00fc\u00e7t\u00fcr&#8221; \u00a0denildi.<\/p>\n<p style=\"text-align: justify\">A\u00e7\u0131klamada Pe\u015fmerge G\u00fc\u00e7leri\u2019ni, yasad\u0131\u015f\u0131 g\u00fc\u00e7lerle kar\u015f\u0131la\u015ft\u0131rma yap\u0131larak g\u00fcndeme getirme \u00e7abalar\u0131n\u0131 k\u0131nanarak, \u201cBu t\u00fcr \u00e7abalar, Irak&#8217;\u0131n yeni h\u00fck\u00fcmetinin ger\u00e7ek hedeflerini sapt\u0131rma giri\u015fimidir\u201d ifadelerine yer verildi.<\/p>\n<p style=\"text-align: justify\">Irak&#8217;ta kurulacak h\u00fck\u00fcmetin anayasa ve yasalara uygun demokratik bir devlet kurma \u00e7abalar\u0131n\u0131n desteklendi\u011fi hat\u0131rlat\u0131larak, \u015funlar kaydedildi.<\/p>\n<p style=\"text-align: justify\">\u201cPe\u015fmerge G\u00fc\u00e7leri on y\u0131llard\u0131r diktat\u00f6rl\u00fc\u011fe kar\u015f\u0131 m\u00fccadele ediyor, K\u00fcrt davas\u0131 ve Irak devleti i\u00e7in \u00f6nemli fedakarl\u0131klar yapt\u0131. Bu nedenle, devletin egemenli\u011fini ihlal eden yasad\u0131\u015f\u0131 g\u00fc\u00e7lerle kar\u015f\u0131la\u015ft\u0131r\u0131lamaz .<\/p>\n<p style=\"text-align: justify\">Pe\u015fmerge\u2019yi tan\u0131mayanlar tarihin sayfalar\u0131na bakt\u0131klar\u0131nda, Pe\u015fmerge\u2019nin K\u00fcrt milletinin kaderi ve k\u0131rm\u0131z\u0131 \u00e7izgisi oldu\u011funu \u00f6\u011frenecektir. Pe\u015fmerge G\u00fc\u00e7leri, K\u00fcrdistan B\u00f6lgesi\u2019nin g\u00fcvenlik ve huzurunu koruman\u0131n \u00e7elikten ve inan\u00e7tan kalesi olmu\u015ftur ve b\u00f6yle olmaya devam edecektir. Pe\u015fmerge anayasal silahl\u0131 g\u00fc\u00e7lerin bir par\u00e7as\u0131d\u0131r.<\/p>\n<p style=\"text-align: justify\">Baregeha Barzan\u00ee derbar\u00ea ge\u015fedan\u00ean daw\u00ee y\u00ean siyas\u00ee li Iraq\u00ea \u00fb Her\u00eama Kurdistan\u00ea hin daxuyaniy\u00ean aliy\u00ean siyas\u00ee y\u00ean Iraq\u00ea derbar\u00ea P\u00ea\u015fmerge de daxuyaniyek belav kir. Di w\u00ea daxuyaniy\u00ea de Baregeha Barzan\u00ee a\u015fkere kiriye \u00a0P\u00ea\u015fmerge xeta sor a kurdan e.<\/p>\n<p style=\"text-align: justify\">\u00cero roja \u015femiy\u00ea 18.04.2020an Berdevka Baregeha Barzan\u00ee Viyan Dex\u00eel di daxuyaniyek\u00ea de a\u015fkere kir ew radigih\u00eenin ku pi\u015ftevaniy\u00ea li her p\u00eangav \u00fb karek\u00ee hik\u00fbmet\u00ea n\u00fb ya Iraq\u00ea dikin bo bi c\u00eeb\u00fbna dewleteke demokrat \u00fb t\u00ea de dest\u00fbr \u00fb yasa l\u00ea hebin, l\u00eabel\u00ea ew li dij\u00ee kiryar\u00ean ne dest\u00fbr\u00ee \u00fb binp\u00eakirina maf\u00ean Her\u00eama Kurdistan\u00ea ne \u00fb P\u00ea\u015fmerge ne.<\/p>\n<p style=\"text-align: justify\">Herwiha di berdewamiya daxuyaniy\u00ea j\u00ee de hatiye a\u015fkere kirin, ew wan daxuyaniy\u00ean berpirs\u00ean Iraq\u00ea y\u00ean berpirsiyarane y\u00ean dij\u00ee P\u00ea\u015fmerge j\u00ee bi t\u00fbnd\u00ee red dikin \u00fb li gor destura Iraq\u00ea P\u00ea\u015fmerge h\u00eaz\u00eake yasay\u00ee ye \u00fb nabe ew nav\u00ea P\u00ea\u015fmerge di l\u00eesteya h\u00eazeke \u00e7\u00eakdar\u00ee ya nedest\u00fbr\u00ee de c\u00ee bikin.<\/p>\n<p style=\"text-align: justify\">V\u00eeyan Dexil tekez j\u00ee kiriye heger ew kes\u00ea P\u00ea\u015fmerge \u00fb xebata w\u00ee nas nake dikare di r\u00fbpel\u00ean d\u00eerok\u00ea de bigere w\u00ea dem\u00ea w\u00ea bibine ku P\u00ea\u015fmerge qedera millet\u00ea kurd e \u00fb xeta sor e. P\u00ea\u015fmerge qelaya pola \u00fb h\u00eaza parastina xak \u00fb xelk\u00ea Her\u00eama Kurdistan\u00ea ye. P\u00ea\u015fmerge h\u00eazeke dest\u00fbr\u00ee ye \u00fb b\u00ear\u00eaziya beramber P\u00ea\u015fmergeyan d\u00ea ney\u00ea qeb\u00fblkirin.<\/p>\n","protected":false},"excerpt":{"rendered":"<p>Ba\u015fkan Barzani\u2019nin Ofisi taraf\u0131ndan yap\u0131lan a\u00e7\u0131klamada, Pe\u015fmerge G\u00fc\u00e7leri\u2019nin, Irak\u2019taki di\u011fer milis g\u00fc\u00e7lerle kar\u0131\u015ft\u0131r\u0131lmamas\u0131 gerekti\u011fi ve Pe\u015fmerge G\u00fc\u00e7leri\u2019nin Irak Anayasas\u0131\u2019na dayanan yasal ve me\u015fru bir g\u00fc\u00e7 oldu\u011fu vurguland\u0131. Ba\u015fkan Barzani\u2019nin Ofisi S\u00f6zc\u00fcs\u00fc Viyan Dexil, son d\u00f6nemlerde baz\u0131 gruplar\u0131n devlet kontrol\u00fc d\u0131\u015f\u0131ndaki yasad\u0131\u015f\u0131 g\u00fc\u00e7lerle ilgili \u00e7\u00f6z\u00fcm konusunu g\u00fcndeme getirirken Pe\u015fmerge G\u00fc\u00e7leri\u2019ni s\u00f6z konusu gruplarla bir tutma \u00e7abalar\u0131yla [&hellip;]<\/p>\n","protected":false},"author":2,"featured_media":1009388,"comment_status":"closed","ping_status":"closed","sticky":false,"template":"","format":"standard","meta":{"footnotes":""},"categories":[3],"tags":[31],"class_list":["post-1009387","post","type-post","status-publish","format-standard","has-post-thumbnail","hentry","category-kurdistan","tag-onemli"],"blocksy_meta":[],"seo_head":"<!-- This site is optimized with the Yoast SEO plugin v27.5 - https:\/\/yoast.com\/product\/yoast-seo-wordpress\/ -->\n<title>Barzani Ofisinden a\u00e7\u0131klama: Pe\u015fmerge K\u00fcrt milletinin kaderi ve k\u0131rm\u0131z\u0131 \u00e7izgisidir - Darka Mazi<\/title>\n<meta name=\"robots\" content=\"index, follow, max-snippet:-1, max-image-preview:large, max-video-preview:-1\" \/>\n<link rel=\"canonical\" href=\"https:\/\/darkamazi.site\/archives\/1009387\" \/>\n<meta property=\"og:locale\" content=\"en_US\" \/>\n<meta property=\"og:type\" content=\"article\" \/>\n<meta property=\"og:title\" content=\"Barzani Ofisinden a\u00e7\u0131klama: Pe\u015fmerge K\u00fcrt milletinin kaderi ve k\u0131rm\u0131z\u0131 \u00e7izgisidir - Darka Mazi\" \/>\n<meta property=\"og:description\" content=\"Ba\u015fkan Barzani\u2019nin Ofisi taraf\u0131ndan yap\u0131lan a\u00e7\u0131klamada, Pe\u015fmerge G\u00fc\u00e7leri\u2019nin, Irak\u2019taki di\u011fer milis g\u00fc\u00e7lerle kar\u0131\u015ft\u0131r\u0131lmamas\u0131 gerekti\u011fi ve Pe\u015fmerge G\u00fc\u00e7leri\u2019nin Irak Anayasas\u0131\u2019na dayanan yasal ve me\u015fru bir g\u00fc\u00e7 oldu\u011fu vurguland\u0131. Ba\u015fkan Barzani\u2019nin Ofisi S\u00f6zc\u00fcs\u00fc Viyan Dexil, son d\u00f6nemlerde baz\u0131 gruplar\u0131n devlet kontrol\u00fc d\u0131\u015f\u0131ndaki yasad\u0131\u015f\u0131 g\u00fc\u00e7lerle ilgili \u00e7\u00f6z\u00fcm konusunu g\u00fcndeme getirirken Pe\u015fmerge G\u00fc\u00e7leri\u2019ni s\u00f6z konusu gruplarla bir tutma \u00e7abalar\u0131yla [&hellip;]\" \/>\n<meta property=\"og:url\" content=\"https:\/\/darkamazi.site\/archives\/1009387\" \/>\n<meta property=\"og:site_name\" content=\"Darka Mazi\" \/>\n<meta property=\"article:publisher\" content=\"https:\/\/www.facebook.com\/DarkaMaziturkce\" \/>\n<meta property=\"article:published_time\" content=\"2020-04-18T16:03:00+00:00\" \/>\n<meta property=\"article:modified_time\" content=\"2021-11-13T16:50:02+00:00\" \/>\n<meta property=\"og:image\" content=\"https:\/\/darkamazi.site\/file\/2020\/04\/barzani-ofice.jpg\" \/>\n\t<meta property=\"og:image:width\" content=\"710\" \/>\n\t<meta property=\"og:image:height\" content=\"399\" \/>\n\t<meta property=\"og:image:type\" content=\"image\/jpeg\" \/>\n<meta name=\"author\" content=\"darka mazi\" \/>\n<meta name=\"twitter:card\" content=\"summary_large_image\" \/>\n<meta name=\"twitter:creator\" content=\"@DarkaMaziTurkce\" \/>\n<meta name=\"twitter:site\" content=\"@DarkaMaziTurkce\" \/>\n<meta name=\"twitter:label1\" content=\"Written by\" \/>\n\t<meta name=\"twitter:data1\" content=\"darka mazi\" \/>\n\t<meta name=\"twitter:label2\" content=\"Est. reading time\" \/>\n\t<meta name=\"twitter:data2\" content=\"3 minutes\" \/>\n<script type=\"application\/ld+json\" class=\"seo-schema-graph\">{\"@context\":\"https:\\\/\\\/schema.org\",\"@graph\":[{\"@type\":\"NewsArticle\",\"@id\":\"https:\\\/\\\/darkamazi.site\\\/archives\\\/1009387#article\",\"isPartOf\":{\"@id\":\"https:\\\/\\\/darkamazi.site\\\/archives\\\/1009387\"},\"author\":{\"name\":\"darka mazi\",\"@id\":\"https:\\\/\\\/darkamazi.site\\\/#\\\/schema\\\/person\\\/67986a95ac546c16760365877ef4a9d3\"},\"headline\":\"Barzani Ofisinden a\u00e7\u0131klama: Pe\u015fmerge K\u00fcrt milletinin kaderi ve k\u0131rm\u0131z\u0131 \u00e7izgisidir\",\"datePublished\":\"2020-04-18T16:03:00+00:00\",\"dateModified\":\"2021-11-13T16:50:02+00:00\",\"mainEntityOfPage\":{\"@id\":\"https:\\\/\\\/darkamazi.site\\\/archives\\\/1009387\"},\"wordCount\":626,\"publisher\":{\"@id\":\"https:\\\/\\\/darkamazi.site\\\/#organization\"},\"image\":{\"@id\":\"https:\\\/\\\/darkamazi.site\\\/archives\\\/1009387#primaryimage\"},\"thumbnailUrl\":\"https:\\\/\\\/darkamazi.site\\\/darka-content\\\/uploads\\\/2020\\\/04\\\/barzani-ofice.jpg\",\"keywords\":[\"\u00f6nemli\"],\"articleSection\":[\"Kurdistan\"],\"inLanguage\":\"en-US\"},{\"@type\":\"WebPage\",\"@id\":\"https:\\\/\\\/darkamazi.site\\\/archives\\\/1009387\",\"url\":\"https:\\\/\\\/darkamazi.site\\\/archives\\\/1009387\",\"name\":\"Barzani Ofisinden a\u00e7\u0131klama: Pe\u015fmerge K\u00fcrt milletinin kaderi ve k\u0131rm\u0131z\u0131 \u00e7izgisidir - Darka Mazi\",\"isPartOf\":{\"@id\":\"https:\\\/\\\/darkamazi.site\\\/#website\"},\"primaryImageOfPage\":{\"@id\":\"https:\\\/\\\/darkamazi.site\\\/archives\\\/1009387#primaryimage\"},\"image\":{\"@id\":\"https:\\\/\\\/darkamazi.site\\\/archives\\\/1009387#primaryimage\"},\"thumbnailUrl\":\"https:\\\/\\\/darkamazi.site\\\/darka-content\\\/uploads\\\/2020\\\/04\\\/barzani-ofice.jpg\",\"datePublished\":\"2020-04-18T16:03:00+00:00\",\"dateModified\":\"2021-11-13T16:50:02+00:00\",\"breadcrumb\":{\"@id\":\"https:\\\/\\\/darkamazi.site\\\/archives\\\/1009387#breadcrumb\"},\"inLanguage\":\"en-US\",\"potentialAction\":[{\"@type\":\"ReadAction\",\"target\":[\"https:\\\/\\\/darkamazi.site\\\/archives\\\/1009387\"]}]},{\"@type\":\"ImageObject\",\"inLanguage\":\"en-US\",\"@id\":\"https:\\\/\\\/darkamazi.site\\\/archives\\\/1009387#primaryimage\",\"url\":\"https:\\\/\\\/darkamazi.site\\\/darka-content\\\/uploads\\\/2020\\\/04\\\/barzani-ofice.jpg\",\"contentUrl\":\"https:\\\/\\\/darkamazi.site\\\/darka-content\\\/uploads\\\/2020\\\/04\\\/barzani-ofice.jpg\",\"width\":710,\"height\":399,\"caption\":\"Barzani Ofisinden a\u00e7\u0131klama: Pe\u015fmerge K\u00fcrt milletinin kaderi ve k\u0131rm\u0131z\u0131 \u00e7izgisidir\"},{\"@type\":\"BreadcrumbList\",\"@id\":\"https:\\\/\\\/darkamazi.site\\\/archives\\\/1009387#breadcrumb\",\"itemListElement\":[{\"@type\":\"ListItem\",\"position\":1,\"name\":\"Home\",\"item\":\"https:\\\/\\\/darkamazi.site\\\/\"},{\"@type\":\"ListItem\",\"position\":2,\"name\":\"Barzani Ofisinden a\u00e7\u0131klama: Pe\u015fmerge K\u00fcrt milletinin kaderi ve k\u0131rm\u0131z\u0131 \u00e7izgisidir\"}]},{\"@type\":\"WebSite\",\"@id\":\"https:\\\/\\\/darkamazi.site\\\/#website\",\"url\":\"https:\\\/\\\/darkamazi.site\\\/\",\"name\":\"Darka Mazi\",\"description\":\"Ana Sayfa\",\"publisher\":{\"@id\":\"https:\\\/\\\/darkamazi.site\\\/#organization\"},\"potentialAction\":[{\"@type\":\"SearchAction\",\"target\":{\"@type\":\"EntryPoint\",\"urlTemplate\":\"https:\\\/\\\/darkamazi.site\\\/?s={search_term_string}\"},\"query-input\":{\"@type\":\"PropertyValueSpecification\",\"valueRequired\":true,\"valueName\":\"search_term_string\"}}],\"inLanguage\":\"en-US\"},{\"@type\":\"Organization\",\"@id\":\"https:\\\/\\\/darkamazi.site\\\/#organization\",\"name\":\"Darka Mazi T\u00fcrk\u00e7e\",\"alternateName\":\"Darka Mazi\",\"url\":\"https:\\\/\\\/darkamazi.site\\\/\",\"logo\":{\"@type\":\"ImageObject\",\"inLanguage\":\"en-US\",\"@id\":\"https:\\\/\\\/darkamazi.site\\\/#\\\/schema\\\/logo\\\/image\\\/\",\"url\":\"https:\\\/\\\/darkamazi.site\\\/darka-content\\\/uploads\\\/2017\\\/12\\\/darka-mazi-logo.png\",\"contentUrl\":\"https:\\\/\\\/darkamazi.site\\\/darka-content\\\/uploads\\\/2017\\\/12\\\/darka-mazi-logo.png\",\"width\":151,\"height\":75,\"caption\":\"Darka Mazi T\u00fcrk\u00e7e\"},\"image\":{\"@id\":\"https:\\\/\\\/darkamazi.site\\\/#\\\/schema\\\/logo\\\/image\\\/\"},\"sameAs\":[\"https:\\\/\\\/www.facebook.com\\\/DarkaMaziturkce\",\"https:\\\/\\\/x.com\\\/DarkaMaziTurkce\"]},{\"@type\":\"Person\",\"@id\":\"https:\\\/\\\/darkamazi.site\\\/#\\\/schema\\\/person\\\/67986a95ac546c16760365877ef4a9d3\",\"name\":\"darka mazi\",\"sameAs\":[\"https:\\\/\\\/darkamazi.site\"],\"url\":\"https:\\\/\\\/darkamazi.site\\\/archives\\\/author\\\/turkish\"}]}<\/script>\n<!-- \/ Yoast SEO plugin. -->","seo_head_json":{"title":"Barzani Ofisinden a\u00e7\u0131klama: Pe\u015fmerge K\u00fcrt milletinin kaderi ve k\u0131rm\u0131z\u0131 \u00e7izgisidir - Darka Mazi","robots":{"index":"index","follow":"follow","max-snippet":"max-snippet:-1","max-image-preview":"max-image-preview:large","max-video-preview":"max-video-preview:-1"},"canonical":"https:\/\/darkamazi.site\/archives\/1009387","og_locale":"en_US","og_type":"article","og_title":"Barzani Ofisinden a\u00e7\u0131klama: Pe\u015fmerge K\u00fcrt milletinin kaderi ve k\u0131rm\u0131z\u0131 \u00e7izgisidir - Darka Mazi","og_description":"Ba\u015fkan Barzani\u2019nin Ofisi taraf\u0131ndan yap\u0131lan a\u00e7\u0131klamada, Pe\u015fmerge G\u00fc\u00e7leri\u2019nin, Irak\u2019taki di\u011fer milis g\u00fc\u00e7lerle kar\u0131\u015ft\u0131r\u0131lmamas\u0131 gerekti\u011fi ve Pe\u015fmerge G\u00fc\u00e7leri\u2019nin Irak Anayasas\u0131\u2019na dayanan yasal ve me\u015fru bir g\u00fc\u00e7 oldu\u011fu vurguland\u0131. Ba\u015fkan Barzani\u2019nin Ofisi S\u00f6zc\u00fcs\u00fc Viyan Dexil, son d\u00f6nemlerde baz\u0131 gruplar\u0131n devlet kontrol\u00fc d\u0131\u015f\u0131ndaki yasad\u0131\u015f\u0131 g\u00fc\u00e7lerle ilgili \u00e7\u00f6z\u00fcm konusunu g\u00fcndeme getirirken Pe\u015fmerge G\u00fc\u00e7leri\u2019ni s\u00f6z konusu gruplarla bir tutma \u00e7abalar\u0131yla [&hellip;]","og_url":"https:\/\/darkamazi.site\/archives\/1009387","og_site_name":"Darka Mazi","article_publisher":"https:\/\/www.facebook.com\/DarkaMaziturkce","article_published_time":"2020-04-18T16:03:00+00:00","article_modified_time":"2021-11-13T16:50:02+00:00","og_image":[{"width":710,"height":399,"url":"https:\/\/darkamazi.site\/file\/2020\/04\/barzani-ofice.jpg","type":"image\/jpeg"}],"author":"darka mazi","twitter_card":"summary_large_image","twitter_creator":"@DarkaMaziTurkce","twitter_site":"@DarkaMaziTurkce","twitter_misc":{"Written by":"darka mazi","Est. reading time":"3 minutes"},"schema":{"@context":"https:\/\/schema.org","@graph":[{"@type":"NewsArticle","@id":"https:\/\/darkamazi.site\/archives\/1009387#article","isPartOf":{"@id":"https:\/\/darkamazi.site\/archives\/1009387"},"author":{"name":"darka mazi","@id":"https:\/\/darkamazi.site\/#\/schema\/person\/67986a95ac546c16760365877ef4a9d3"},"headline":"Barzani Ofisinden a\u00e7\u0131klama: Pe\u015fmerge K\u00fcrt milletinin kaderi ve k\u0131rm\u0131z\u0131 \u00e7izgisidir","datePublished":"2020-04-18T16:03:00+00:00","dateModified":"2021-11-13T16:50:02+00:00","mainEntityOfPage":{"@id":"https:\/\/darkamazi.site\/archives\/1009387"},"wordCount":626,"publisher":{"@id":"https:\/\/darkamazi.site\/#organization"},"image":{"@id":"https:\/\/darkamazi.site\/archives\/1009387#primaryimage"},"thumbnailUrl":"https:\/\/darkamazi.site\/file\/2020\/04\/barzani-ofice.jpg","keywords":["\u00f6nemli"],"articleSection":["Kurdistan"],"inLanguage":"en-US"},{"@type":"WebPage","@id":"https:\/\/darkamazi.site\/archives\/1009387","url":"https:\/\/darkamazi.site\/archives\/1009387","name":"Barzani Ofisinden a\u00e7\u0131klama: Pe\u015fmerge K\u00fcrt milletinin kaderi ve k\u0131rm\u0131z\u0131 \u00e7izgisidir - Darka Mazi","isPartOf":{"@id":"https:\/\/darkamazi.site\/#website"},"primaryImageOfPage":{"@id":"https:\/\/darkamazi.site\/archives\/1009387#primaryimage"},"image":{"@id":"https:\/\/darkamazi.site\/archives\/1009387#primaryimage"},"thumbnailUrl":"https:\/\/darkamazi.site\/file\/2020\/04\/barzani-ofice.jpg","datePublished":"2020-04-18T16:03:00+00:00","dateModified":"2021-11-13T16:50:02+00:00","breadcrumb":{"@id":"https:\/\/darkamazi.site\/archives\/1009387#breadcrumb"},"inLanguage":"en-US","potentialAction":[{"@type":"ReadAction","target":["https:\/\/darkamazi.site\/archives\/1009387"]}]},{"@type":"ImageObject","inLanguage":"en-US","@id":"https:\/\/darkamazi.site\/archives\/1009387#primaryimage","url":"https:\/\/darkamazi.site\/file\/2020\/04\/barzani-ofice.jpg","contentUrl":"https:\/\/darkamazi.site\/file\/2020\/04\/barzani-ofice.jpg","width":710,"height":399,"caption":"Barzani Ofisinden a\u00e7\u0131klama: Pe\u015fmerge K\u00fcrt milletinin kaderi ve k\u0131rm\u0131z\u0131 \u00e7izgisidir"},{"@type":"BreadcrumbList","@id":"https:\/\/darkamazi.site\/archives\/1009387#breadcrumb","itemListElement":[{"@type":"ListItem","position":1,"name":"Home","item":"https:\/\/darkamazi.site\/"},{"@type":"ListItem","position":2,"name":"Barzani Ofisinden a\u00e7\u0131klama: Pe\u015fmerge K\u00fcrt milletinin kaderi ve k\u0131rm\u0131z\u0131 \u00e7izgisidir"}]},{"@type":"WebSite","@id":"https:\/\/darkamazi.site\/#website","url":"https:\/\/darkamazi.site\/","name":"Darka Mazi","description":"Ana Sayfa","publisher":{"@id":"https:\/\/darkamazi.site\/#organization"},"potentialAction":[{"@type":"SearchAction","target":{"@type":"EntryPoint","urlTemplate":"https:\/\/darkamazi.site\/?s={search_term_string}"},"query-input":{"@type":"PropertyValueSpecification","valueRequired":true,"valueName":"search_term_string"}}],"inLanguage":"en-US"},{"@type":"Organization","@id":"https:\/\/darkamazi.site\/#organization","name":"Darka Mazi T\u00fcrk\u00e7e","alternateName":"Darka Mazi","url":"https:\/\/darkamazi.site\/","logo":{"@type":"ImageObject","inLanguage":"en-US","@id":"https:\/\/darkamazi.site\/#\/schema\/logo\/image\/","url":"https:\/\/darkamazi.site\/file\/2017\/12\/darka-mazi-logo.png","contentUrl":"https:\/\/darkamazi.site\/file\/2017\/12\/darka-mazi-logo.png","width":151,"height":75,"caption":"Darka Mazi T\u00fcrk\u00e7e"},"image":{"@id":"https:\/\/darkamazi.site\/#\/schema\/logo\/image\/"},"sameAs":["https:\/\/www.facebook.com\/DarkaMaziturkce","https:\/\/x.com\/DarkaMaziTurkce"]},{"@type":"Person","@id":"https:\/\/darkamazi.site\/#\/schema\/person\/67986a95ac546c16760365877ef4a9d3","name":"darka mazi","sameAs":["https:\/\/darkamazi.site"],"url":"https:\/\/darkamazi.site\/archives\/author\/turkish"}]}},"_links":{"self":[{"href":"https:\/\/darkamazi.site\/funavuv\/wp\/v2\/posts\/1009387","targetHints":{"allow":["GET"]}}],"collection":[{"href":"https:\/\/darkamazi.site\/funavuv\/wp\/v2\/posts"}],"about":[{"href":"https:\/\/darkamazi.site\/funavuv\/wp\/v2\/types\/post"}],"author":[{"embeddable":true,"href":"https:\/\/darkamazi.site\/funavuv\/wp\/v2\/users\/2"}],"replies":[{"embeddable":true,"href":"https:\/\/darkamazi.site\/funavuv\/wp\/v2\/comments?post=1009387"}],"version-history":[{"count":0,"href":"https:\/\/darkamazi.site\/funavuv\/wp\/v2\/posts\/1009387\/revisions"}],"wp:featuredmedia":[{"embeddable":true,"href":"https:\/\/darkamazi.site\/funavuv\/wp\/v2\/media\/1009388"}],"wp:attachment":[{"href":"https:\/\/darkamazi.site\/funavuv\/wp\/v2\/media?parent=1009387"}],"wp:term":[{"taxonomy":"category","embeddable":true,"href":"https:\/\/darkamazi.site\/funavuv\/wp\/v2\/categories?post=1009387"},{"taxonomy":"post_tag","embeddable":true,"href":"https:\/\/darkamazi.site\/funavuv\/wp\/v2\/tags?post=1009387"}],"curies":[{"name":"wp","href":"https:\/\/api.w.org\/{rel}","templated":true}]}}