{"id":1009605,"date":"2020-05-12T16:59:35","date_gmt":"2020-05-12T13:59:35","guid":{"rendered":"https:\/\/darkamazi.site\/?p=1009605"},"modified":"2021-11-13T22:04:29","modified_gmt":"2021-11-13T19:04:29","slug":"kurtlerin-leylasinin-idam-edilisinin-ustunden-46-yil-gecti","status":"publish","type":"post","link":"https:\/\/darkamazi.site\/archives\/1009605","title":{"rendered":"K\u00fcrtlerin Leylas\u0131n\u0131n idam edili\u015finin \u00fcst\u00fcnden 46 y\u0131l ge\u00e7ti"},"content":{"rendered":"<p style=\"text-align: justify\">Leyla Kas\u0131m, 1950 y\u0131l\u0131nda Kerk\u00fck\u2019e ba\u011fl\u0131 Xanekin kentinde d\u00fcnya ya geldi. Gece yar\u0131s\u0131 d\u00fcnyaya geldi\u011finden dolay\u0131 babas\u0131 Arap\u00e7a \u2018gece\u2019 anlam\u0131na Leyla ismini koydu ailesi ona. Be\u015f karde\u015fli ailenin ikinci \u00e7ocu\u011fuydu. \u0130lkokulu Wend okulunda okuyan Leyla, derslerinde ba\u015far\u0131l\u0131yd\u0131. Gen\u00e7lik y\u0131llar\u0131nda K\u00fcrt m\u00fccadelesine ilgi duymaya ba\u015flad\u0131.<\/p>\n<p style=\"text-align: justify\">Baas rejiminin Xaneqin\u2019i Arapla\u015ft\u0131rma politikalar\u0131 y\u00fcz\u00fcnden ailesiyle birlikte Ba\u011fdat\u2019a ta\u015f\u0131nan Leyla Kas\u0131m, sosyoloji b\u00f6l\u00fcm\u00fcn\u00fc kazand\u0131. Gen\u00e7lik hareketinin i\u00e7inde yer alan Leyla ve arkada\u015flar\u0131 K\u00fcrt \u00f6zg\u00fcrl\u00fck m\u00fccadelesini Irak\u2019\u0131n ba\u015fkenti Ba\u011fdat\u2019a ta\u015f\u0131m\u0131\u015flard\u0131. Bu y\u00fczden de Saddam rejiminin hedefi haline geldiler.<\/p>\n<p style=\"text-align: justify\">29 Nisan 1974\u2019de bir gece yar\u0131s\u0131 istihbarat g\u00fc\u00e7leri taraf\u0131ndan evden al\u0131nm\u0131\u015ft\u0131. \u0130stihbarat sorumlusu \u201cSaddam\u2019\u0131 \u00f6fkelendiren Leyla sen misin?\u201d diyerek, Ebu Greyb cezaevine g\u00f6t\u00fcr\u00fcld\u00fc. Leyla; Ba\u011fdat\u2019ta bir sinema salonuna bomba koymak ve Saddam H\u00fcseyin\u2019in M\u0131s\u0131r d\u00f6n\u00fc\u015f\u00fcnde havaalan\u0131nda eyleme plan\u0131 yapmakla su\u00e7land\u0131. Saddam\u2019\u0131 ta\u015f\u0131yan u\u00e7a\u011f\u0131n iki saat ge\u00e7 kalmas\u0131yla sald\u0131r\u0131n\u0131n de\u015fifre oldu\u011fu iddia edildi.<\/p>\n<p style=\"text-align: justify\"><span style=\"font-family: 'arial black', sans-serif;font-size: 12pt\">Saddam bizzat Leyla Kas\u0131m\u2019\u0131 g\u00f6rmeye gitti<\/span><\/p>\n<p style=\"text-align: justify\">Bir ka\u00e7 g\u00fcn sonra ise ailesine Leyla\u2019n\u0131n idam edilece\u011fi haberi verildi. Ferah ad\u0131nda bir K\u00fcrt tutukluyu g\u00f6rme gerek\u00e7esiyle Ebu Greyb\u2019e giden annesi Leyla ile g\u00f6r\u00fc\u015fme f\u0131rsat\u0131 yakalad\u0131.<\/p>\n<p style=\"text-align: justify\">\u00a0\u201cG\u00fczel annem; tasalanma, ben bir dava insan\u0131y\u0131m art\u0131k. K\u00fcrt halk\u0131 ve K\u00fcrdistan i\u00e7in sava\u015f\u0131yorum. D\u00fcn Saddam ve beraberinde bir grup buraya geldi. Beni kand\u0131raca\u011f\u0131n\u0131, ilkelerimden taviz verece\u011fimi zan ediyordu. Hatta m\u00fccadeleden vazge\u00e7mem i\u00e7in maddi tekliflerde bulundu. \u0130stedi\u011fim okullarda \u00f6\u011fretmenlik yapabilece\u011fim vaadinde bulundu.<\/p>\n<p style=\"text-align: justify\">Fakat ben bunlar\u0131 kabul edemeyecek kadar onurlu oldu\u011fumu halk\u0131m\u0131 satmayaca\u011f\u0131m\u0131 s\u00f6yledim. Kendimi K\u00fcrt ve K\u00fcrdistan davas\u0131na adad\u0131\u011f\u0131m\u0131, bu m\u00fccadele u\u011frunda idam\u0131 onurla kar\u015f\u0131lad\u0131\u011f\u0131m\u0131 s\u00f6ylemem \u00fczerine \u00e7\u0131lg\u0131nla\u015fan koca Saddam\u2019\u0131n ne kadar zavall\u0131la\u015ft\u0131\u011f\u0131n\u0131 g\u00f6rd\u00fcm. Anne bizim \u00f6l\u00fcm\u00fcm\u00fczle binlerce K\u00fcrt insan\u0131 uyanacak, \u00f6zg\u00fcrl\u00fck bayra\u011f\u0131m\u0131z dalgalanacak. Ben \u00f6ld\u00fc\u011f\u00fcmde \u00fcz\u00fclmeyin, sa\u00e7 \u00f6rg\u00fclerimden bayrak yaps\u0131nlar.\u201d<\/p>\n<p style=\"text-align: justify\">Sadece G\u00fcney\u2019de de\u011fil b\u00fct\u00fcn K\u00fcrdistan\u2019da direni\u015f ve modern K\u00fcrt isyan\u0131n sembol\u00fc olan Leyla, Saddam rejimi idam edilmeden \u00f6nce onu televizyona \u00e7\u0131kartm\u0131\u015ft\u0131. G\u00f6zleri \u00e7\u0131kart\u0131lm\u0131\u015f sa\u00e7lar\u0131 darmada\u011f\u0131nd\u0131. 20 g\u00fcn i\u00e7inde arkada\u015flar\u0131 Neriman Mesti, Cevat Murat, Hesen Heme Re\u015fit ve Azad \u0130man ile idam edilen Leyla\u2019n\u0131n mezar\u0131 \u015fimdi Necef\u2019te bulunuyor.<\/p>\n<p style=\"text-align: justify\">Leyla Kas\u0131m K\u00fcrtlerin sembol\u00fc oldu. Sa\u00e7lar\u0131mdan bayrak yap\u0131n demi\u015fti inand\u0131\u011f\u0131 bayrak \u015fimdi K\u00fcrdistan g\u00f6klerinde, on binlerce K\u00fcrt k\u0131z\u0131 Leyla ad\u0131n\u0131 ald\u0131, Leyla \u00f6lmedi ya\u015f\u0131yor, her zaman K\u00fcrtlerin sembol\u00fc olmaya devam edecek.<\/p>\n<p style=\"text-align: justify\">\u015eair Hemin Mukriyani\u2019nin \u015fiirindeki s\u00f6zleri t\u00fcm K\u00fcrtlerin leyla i\u00e7in ortak duygusunu yans\u0131t\u0131yor. \u015e\u00f6yle demi\u015fti Mukriyani \u015fiirinde:<\/p>\n<p style=\"text-align: justify\">Zordar\u00ee \u00ead\u00ee name\u015f e!<\/p>\n<p style=\"text-align: justify\">Leyla bij\u00ee, sed aferin<\/p>\n<p style=\"text-align: justify\">\u00a0Ji bo me b\u00fbye ol \u00fb d\u00een<\/p>\n<p style=\"text-align: justify\">D\u00eesa li min der b\u00fbn birin<\/p>\n<p style=\"text-align: justify\">Heta ciger min b\u00fbye xw\u00een!<\/p>\n<p style=\"text-align: justify\">Art\u0131k bask\u0131lar y\u00fcr\u00fcmez<\/p>\n<p style=\"text-align: justify\">Y\u00fczlerce kez aferin leyla sen hep ya\u015fa<\/p>\n<p style=\"text-align: justify\">Sen bizim inanc\u0131m\u0131z oldun<\/p>\n<p style=\"text-align: justify\">Yine a\u00e7\u0131ld\u0131 yaralar\u0131m<\/p>\n<p style=\"text-align: justify\">Ci\u011ferim bile kan a\u011fl\u0131yor<\/p>\n","protected":false},"excerpt":{"rendered":"<p>Leyla Kas\u0131m, 1950 y\u0131l\u0131nda Kerk\u00fck\u2019e ba\u011fl\u0131 Xanekin kentinde d\u00fcnya ya geldi. Gece yar\u0131s\u0131 d\u00fcnyaya geldi\u011finden dolay\u0131 babas\u0131 Arap\u00e7a \u2018gece\u2019 anlam\u0131na Leyla ismini koydu ailesi ona. Be\u015f karde\u015fli ailenin ikinci \u00e7ocu\u011fuydu. \u0130lkokulu Wend okulunda okuyan Leyla, derslerinde ba\u015far\u0131l\u0131yd\u0131. Gen\u00e7lik y\u0131llar\u0131nda K\u00fcrt m\u00fccadelesine ilgi duymaya ba\u015flad\u0131. Baas rejiminin Xaneqin\u2019i Arapla\u015ft\u0131rma politikalar\u0131 y\u00fcz\u00fcnden ailesiyle birlikte Ba\u011fdat\u2019a ta\u015f\u0131nan Leyla [&hellip;]<\/p>\n","protected":false},"author":2,"featured_media":1009606,"comment_status":"closed","ping_status":"closed","sticky":false,"template":"","format":"standard","meta":{"footnotes":""},"categories":[39],"tags":[31],"class_list":["post-1009605","post","type-post","status-publish","format-standard","has-post-thumbnail","hentry","category-ozel-dosya","tag-onemli"],"blocksy_meta":[],"seo_head":"<!-- This site is optimized with the Yoast SEO plugin v27.5 - https:\/\/yoast.com\/product\/yoast-seo-wordpress\/ -->\n<title>K\u00fcrtlerin Leylas\u0131n\u0131n idam edili\u015finin \u00fcst\u00fcnden 46 y\u0131l ge\u00e7ti - Darka Mazi<\/title>\n<meta name=\"robots\" content=\"index, follow, max-snippet:-1, max-image-preview:large, max-video-preview:-1\" \/>\n<link rel=\"canonical\" href=\"https:\/\/darkamazi.site\/archives\/1009605\" \/>\n<meta property=\"og:locale\" content=\"en_US\" \/>\n<meta property=\"og:type\" content=\"article\" \/>\n<meta property=\"og:title\" content=\"K\u00fcrtlerin Leylas\u0131n\u0131n idam edili\u015finin \u00fcst\u00fcnden 46 y\u0131l ge\u00e7ti - Darka Mazi\" \/>\n<meta property=\"og:description\" content=\"Leyla Kas\u0131m, 1950 y\u0131l\u0131nda Kerk\u00fck\u2019e ba\u011fl\u0131 Xanekin kentinde d\u00fcnya ya geldi. Gece yar\u0131s\u0131 d\u00fcnyaya geldi\u011finden dolay\u0131 babas\u0131 Arap\u00e7a \u2018gece\u2019 anlam\u0131na Leyla ismini koydu ailesi ona. Be\u015f karde\u015fli ailenin ikinci \u00e7ocu\u011fuydu. \u0130lkokulu Wend okulunda okuyan Leyla, derslerinde ba\u015far\u0131l\u0131yd\u0131. Gen\u00e7lik y\u0131llar\u0131nda K\u00fcrt m\u00fccadelesine ilgi duymaya ba\u015flad\u0131. Baas rejiminin Xaneqin\u2019i Arapla\u015ft\u0131rma politikalar\u0131 y\u00fcz\u00fcnden ailesiyle birlikte Ba\u011fdat\u2019a ta\u015f\u0131nan Leyla [&hellip;]\" \/>\n<meta property=\"og:url\" content=\"https:\/\/darkamazi.site\/archives\/1009605\" \/>\n<meta property=\"og:site_name\" content=\"Darka Mazi\" \/>\n<meta property=\"article:publisher\" content=\"https:\/\/www.facebook.com\/DarkaMaziturkce\" \/>\n<meta property=\"article:published_time\" content=\"2020-05-12T13:59:35+00:00\" \/>\n<meta property=\"article:modified_time\" content=\"2021-11-13T19:04:29+00:00\" \/>\n<meta property=\"og:image\" content=\"https:\/\/darkamazi.site\/file\/2020\/05\/leyla-darka-maz\u00ee.jpg\" \/>\n\t<meta property=\"og:image:width\" content=\"1280\" \/>\n\t<meta property=\"og:image:height\" content=\"719\" \/>\n\t<meta property=\"og:image:type\" content=\"image\/jpeg\" \/>\n<meta name=\"author\" content=\"darka mazi\" \/>\n<meta name=\"twitter:card\" content=\"summary_large_image\" \/>\n<meta name=\"twitter:creator\" content=\"@DarkaMaziTurkce\" \/>\n<meta name=\"twitter:site\" content=\"@DarkaMaziTurkce\" \/>\n<meta name=\"twitter:label1\" content=\"Written by\" \/>\n\t<meta name=\"twitter:data1\" content=\"darka mazi\" \/>\n\t<meta name=\"twitter:label2\" content=\"Est. reading time\" \/>\n\t<meta name=\"twitter:data2\" content=\"3 minutes\" \/>\n<script type=\"application\/ld+json\" class=\"seo-schema-graph\">{\"@context\":\"https:\\\/\\\/schema.org\",\"@graph\":[{\"@type\":\"NewsArticle\",\"@id\":\"https:\\\/\\\/darkamazi.site\\\/archives\\\/1009605#article\",\"isPartOf\":{\"@id\":\"https:\\\/\\\/darkamazi.site\\\/archives\\\/1009605\"},\"author\":{\"name\":\"darka mazi\",\"@id\":\"https:\\\/\\\/darkamazi.site\\\/#\\\/schema\\\/person\\\/67986a95ac546c16760365877ef4a9d3\"},\"headline\":\"K\u00fcrtlerin Leylas\u0131n\u0131n idam edili\u015finin \u00fcst\u00fcnden 46 y\u0131l ge\u00e7ti\",\"datePublished\":\"2020-05-12T13:59:35+00:00\",\"dateModified\":\"2021-11-13T19:04:29+00:00\",\"mainEntityOfPage\":{\"@id\":\"https:\\\/\\\/darkamazi.site\\\/archives\\\/1009605\"},\"wordCount\":610,\"publisher\":{\"@id\":\"https:\\\/\\\/darkamazi.site\\\/#organization\"},\"image\":{\"@id\":\"https:\\\/\\\/darkamazi.site\\\/archives\\\/1009605#primaryimage\"},\"thumbnailUrl\":\"https:\\\/\\\/darkamazi.site\\\/darka-content\\\/uploads\\\/2020\\\/05\\\/leyla-darka-maz\u00ee.jpg\",\"keywords\":[\"\u00f6nemli\"],\"articleSection\":[\"\u00d6zel Dosya\"],\"inLanguage\":\"en-US\"},{\"@type\":\"WebPage\",\"@id\":\"https:\\\/\\\/darkamazi.site\\\/archives\\\/1009605\",\"url\":\"https:\\\/\\\/darkamazi.site\\\/archives\\\/1009605\",\"name\":\"K\u00fcrtlerin Leylas\u0131n\u0131n idam edili\u015finin \u00fcst\u00fcnden 46 y\u0131l ge\u00e7ti - Darka Mazi\",\"isPartOf\":{\"@id\":\"https:\\\/\\\/darkamazi.site\\\/#website\"},\"primaryImageOfPage\":{\"@id\":\"https:\\\/\\\/darkamazi.site\\\/archives\\\/1009605#primaryimage\"},\"image\":{\"@id\":\"https:\\\/\\\/darkamazi.site\\\/archives\\\/1009605#primaryimage\"},\"thumbnailUrl\":\"https:\\\/\\\/darkamazi.site\\\/darka-content\\\/uploads\\\/2020\\\/05\\\/leyla-darka-maz\u00ee.jpg\",\"datePublished\":\"2020-05-12T13:59:35+00:00\",\"dateModified\":\"2021-11-13T19:04:29+00:00\",\"breadcrumb\":{\"@id\":\"https:\\\/\\\/darkamazi.site\\\/archives\\\/1009605#breadcrumb\"},\"inLanguage\":\"en-US\",\"potentialAction\":[{\"@type\":\"ReadAction\",\"target\":[\"https:\\\/\\\/darkamazi.site\\\/archives\\\/1009605\"]}]},{\"@type\":\"ImageObject\",\"inLanguage\":\"en-US\",\"@id\":\"https:\\\/\\\/darkamazi.site\\\/archives\\\/1009605#primaryimage\",\"url\":\"https:\\\/\\\/darkamazi.site\\\/darka-content\\\/uploads\\\/2020\\\/05\\\/leyla-darka-maz\u00ee.jpg\",\"contentUrl\":\"https:\\\/\\\/darkamazi.site\\\/darka-content\\\/uploads\\\/2020\\\/05\\\/leyla-darka-maz\u00ee.jpg\",\"width\":1280,\"height\":719,\"caption\":\"K\u00fcrtlerin Leylas\u0131n\u0131n idam edili\u015finin \u00fcst\u00fcnden 46 y\u0131l ge\u00e7ti Leyla Qas\u0131m, Leyla Kas\u0131m, Saddam, K\u00fcrdistan\"},{\"@type\":\"BreadcrumbList\",\"@id\":\"https:\\\/\\\/darkamazi.site\\\/archives\\\/1009605#breadcrumb\",\"itemListElement\":[{\"@type\":\"ListItem\",\"position\":1,\"name\":\"Home\",\"item\":\"https:\\\/\\\/darkamazi.site\\\/\"},{\"@type\":\"ListItem\",\"position\":2,\"name\":\"K\u00fcrtlerin Leylas\u0131n\u0131n idam edili\u015finin \u00fcst\u00fcnden 46 y\u0131l ge\u00e7ti\"}]},{\"@type\":\"WebSite\",\"@id\":\"https:\\\/\\\/darkamazi.site\\\/#website\",\"url\":\"https:\\\/\\\/darkamazi.site\\\/\",\"name\":\"Darka Mazi\",\"description\":\"Ana Sayfa\",\"publisher\":{\"@id\":\"https:\\\/\\\/darkamazi.site\\\/#organization\"},\"potentialAction\":[{\"@type\":\"SearchAction\",\"target\":{\"@type\":\"EntryPoint\",\"urlTemplate\":\"https:\\\/\\\/darkamazi.site\\\/?s={search_term_string}\"},\"query-input\":{\"@type\":\"PropertyValueSpecification\",\"valueRequired\":true,\"valueName\":\"search_term_string\"}}],\"inLanguage\":\"en-US\"},{\"@type\":\"Organization\",\"@id\":\"https:\\\/\\\/darkamazi.site\\\/#organization\",\"name\":\"Darka Mazi T\u00fcrk\u00e7e\",\"alternateName\":\"Darka Mazi\",\"url\":\"https:\\\/\\\/darkamazi.site\\\/\",\"logo\":{\"@type\":\"ImageObject\",\"inLanguage\":\"en-US\",\"@id\":\"https:\\\/\\\/darkamazi.site\\\/#\\\/schema\\\/logo\\\/image\\\/\",\"url\":\"https:\\\/\\\/darkamazi.site\\\/darka-content\\\/uploads\\\/2017\\\/12\\\/darka-mazi-logo.png\",\"contentUrl\":\"https:\\\/\\\/darkamazi.site\\\/darka-content\\\/uploads\\\/2017\\\/12\\\/darka-mazi-logo.png\",\"width\":151,\"height\":75,\"caption\":\"Darka Mazi T\u00fcrk\u00e7e\"},\"image\":{\"@id\":\"https:\\\/\\\/darkamazi.site\\\/#\\\/schema\\\/logo\\\/image\\\/\"},\"sameAs\":[\"https:\\\/\\\/www.facebook.com\\\/DarkaMaziturkce\",\"https:\\\/\\\/x.com\\\/DarkaMaziTurkce\"]},{\"@type\":\"Person\",\"@id\":\"https:\\\/\\\/darkamazi.site\\\/#\\\/schema\\\/person\\\/67986a95ac546c16760365877ef4a9d3\",\"name\":\"darka mazi\",\"sameAs\":[\"https:\\\/\\\/darkamazi.site\"],\"url\":\"https:\\\/\\\/darkamazi.site\\\/archives\\\/author\\\/turkish\"}]}<\/script>\n<!-- \/ Yoast SEO plugin. -->","seo_head_json":{"title":"K\u00fcrtlerin Leylas\u0131n\u0131n idam edili\u015finin \u00fcst\u00fcnden 46 y\u0131l ge\u00e7ti - Darka Mazi","robots":{"index":"index","follow":"follow","max-snippet":"max-snippet:-1","max-image-preview":"max-image-preview:large","max-video-preview":"max-video-preview:-1"},"canonical":"https:\/\/darkamazi.site\/archives\/1009605","og_locale":"en_US","og_type":"article","og_title":"K\u00fcrtlerin Leylas\u0131n\u0131n idam edili\u015finin \u00fcst\u00fcnden 46 y\u0131l ge\u00e7ti - Darka Mazi","og_description":"Leyla Kas\u0131m, 1950 y\u0131l\u0131nda Kerk\u00fck\u2019e ba\u011fl\u0131 Xanekin kentinde d\u00fcnya ya geldi. Gece yar\u0131s\u0131 d\u00fcnyaya geldi\u011finden dolay\u0131 babas\u0131 Arap\u00e7a \u2018gece\u2019 anlam\u0131na Leyla ismini koydu ailesi ona. Be\u015f karde\u015fli ailenin ikinci \u00e7ocu\u011fuydu. \u0130lkokulu Wend okulunda okuyan Leyla, derslerinde ba\u015far\u0131l\u0131yd\u0131. Gen\u00e7lik y\u0131llar\u0131nda K\u00fcrt m\u00fccadelesine ilgi duymaya ba\u015flad\u0131. Baas rejiminin Xaneqin\u2019i Arapla\u015ft\u0131rma politikalar\u0131 y\u00fcz\u00fcnden ailesiyle birlikte Ba\u011fdat\u2019a ta\u015f\u0131nan Leyla [&hellip;]","og_url":"https:\/\/darkamazi.site\/archives\/1009605","og_site_name":"Darka Mazi","article_publisher":"https:\/\/www.facebook.com\/DarkaMaziturkce","article_published_time":"2020-05-12T13:59:35+00:00","article_modified_time":"2021-11-13T19:04:29+00:00","og_image":[{"width":1280,"height":719,"url":"https:\/\/darkamazi.site\/file\/2020\/05\/leyla-darka-maz\u00ee.jpg","type":"image\/jpeg"}],"author":"darka mazi","twitter_card":"summary_large_image","twitter_creator":"@DarkaMaziTurkce","twitter_site":"@DarkaMaziTurkce","twitter_misc":{"Written by":"darka mazi","Est. reading time":"3 minutes"},"schema":{"@context":"https:\/\/schema.org","@graph":[{"@type":"NewsArticle","@id":"https:\/\/darkamazi.site\/archives\/1009605#article","isPartOf":{"@id":"https:\/\/darkamazi.site\/archives\/1009605"},"author":{"name":"darka mazi","@id":"https:\/\/darkamazi.site\/#\/schema\/person\/67986a95ac546c16760365877ef4a9d3"},"headline":"K\u00fcrtlerin Leylas\u0131n\u0131n idam edili\u015finin \u00fcst\u00fcnden 46 y\u0131l ge\u00e7ti","datePublished":"2020-05-12T13:59:35+00:00","dateModified":"2021-11-13T19:04:29+00:00","mainEntityOfPage":{"@id":"https:\/\/darkamazi.site\/archives\/1009605"},"wordCount":610,"publisher":{"@id":"https:\/\/darkamazi.site\/#organization"},"image":{"@id":"https:\/\/darkamazi.site\/archives\/1009605#primaryimage"},"thumbnailUrl":"https:\/\/darkamazi.site\/file\/2020\/05\/leyla-darka-maz\u00ee.jpg","keywords":["\u00f6nemli"],"articleSection":["\u00d6zel Dosya"],"inLanguage":"en-US"},{"@type":"WebPage","@id":"https:\/\/darkamazi.site\/archives\/1009605","url":"https:\/\/darkamazi.site\/archives\/1009605","name":"K\u00fcrtlerin Leylas\u0131n\u0131n idam edili\u015finin \u00fcst\u00fcnden 46 y\u0131l ge\u00e7ti - Darka Mazi","isPartOf":{"@id":"https:\/\/darkamazi.site\/#website"},"primaryImageOfPage":{"@id":"https:\/\/darkamazi.site\/archives\/1009605#primaryimage"},"image":{"@id":"https:\/\/darkamazi.site\/archives\/1009605#primaryimage"},"thumbnailUrl":"https:\/\/darkamazi.site\/file\/2020\/05\/leyla-darka-maz\u00ee.jpg","datePublished":"2020-05-12T13:59:35+00:00","dateModified":"2021-11-13T19:04:29+00:00","breadcrumb":{"@id":"https:\/\/darkamazi.site\/archives\/1009605#breadcrumb"},"inLanguage":"en-US","potentialAction":[{"@type":"ReadAction","target":["https:\/\/darkamazi.site\/archives\/1009605"]}]},{"@type":"ImageObject","inLanguage":"en-US","@id":"https:\/\/darkamazi.site\/archives\/1009605#primaryimage","url":"https:\/\/darkamazi.site\/file\/2020\/05\/leyla-darka-maz\u00ee.jpg","contentUrl":"https:\/\/darkamazi.site\/file\/2020\/05\/leyla-darka-maz\u00ee.jpg","width":1280,"height":719,"caption":"K\u00fcrtlerin Leylas\u0131n\u0131n idam edili\u015finin \u00fcst\u00fcnden 46 y\u0131l ge\u00e7ti Leyla Qas\u0131m, Leyla Kas\u0131m, Saddam, K\u00fcrdistan"},{"@type":"BreadcrumbList","@id":"https:\/\/darkamazi.site\/archives\/1009605#breadcrumb","itemListElement":[{"@type":"ListItem","position":1,"name":"Home","item":"https:\/\/darkamazi.site\/"},{"@type":"ListItem","position":2,"name":"K\u00fcrtlerin Leylas\u0131n\u0131n idam edili\u015finin \u00fcst\u00fcnden 46 y\u0131l ge\u00e7ti"}]},{"@type":"WebSite","@id":"https:\/\/darkamazi.site\/#website","url":"https:\/\/darkamazi.site\/","name":"Darka Mazi","description":"Ana Sayfa","publisher":{"@id":"https:\/\/darkamazi.site\/#organization"},"potentialAction":[{"@type":"SearchAction","target":{"@type":"EntryPoint","urlTemplate":"https:\/\/darkamazi.site\/?s={search_term_string}"},"query-input":{"@type":"PropertyValueSpecification","valueRequired":true,"valueName":"search_term_string"}}],"inLanguage":"en-US"},{"@type":"Organization","@id":"https:\/\/darkamazi.site\/#organization","name":"Darka Mazi T\u00fcrk\u00e7e","alternateName":"Darka Mazi","url":"https:\/\/darkamazi.site\/","logo":{"@type":"ImageObject","inLanguage":"en-US","@id":"https:\/\/darkamazi.site\/#\/schema\/logo\/image\/","url":"https:\/\/darkamazi.site\/file\/2017\/12\/darka-mazi-logo.png","contentUrl":"https:\/\/darkamazi.site\/file\/2017\/12\/darka-mazi-logo.png","width":151,"height":75,"caption":"Darka Mazi T\u00fcrk\u00e7e"},"image":{"@id":"https:\/\/darkamazi.site\/#\/schema\/logo\/image\/"},"sameAs":["https:\/\/www.facebook.com\/DarkaMaziturkce","https:\/\/x.com\/DarkaMaziTurkce"]},{"@type":"Person","@id":"https:\/\/darkamazi.site\/#\/schema\/person\/67986a95ac546c16760365877ef4a9d3","name":"darka mazi","sameAs":["https:\/\/darkamazi.site"],"url":"https:\/\/darkamazi.site\/archives\/author\/turkish"}]}},"_links":{"self":[{"href":"https:\/\/darkamazi.site\/funavuv\/wp\/v2\/posts\/1009605","targetHints":{"allow":["GET"]}}],"collection":[{"href":"https:\/\/darkamazi.site\/funavuv\/wp\/v2\/posts"}],"about":[{"href":"https:\/\/darkamazi.site\/funavuv\/wp\/v2\/types\/post"}],"author":[{"embeddable":true,"href":"https:\/\/darkamazi.site\/funavuv\/wp\/v2\/users\/2"}],"replies":[{"embeddable":true,"href":"https:\/\/darkamazi.site\/funavuv\/wp\/v2\/comments?post=1009605"}],"version-history":[{"count":0,"href":"https:\/\/darkamazi.site\/funavuv\/wp\/v2\/posts\/1009605\/revisions"}],"wp:featuredmedia":[{"embeddable":true,"href":"https:\/\/darkamazi.site\/funavuv\/wp\/v2\/media\/1009606"}],"wp:attachment":[{"href":"https:\/\/darkamazi.site\/funavuv\/wp\/v2\/media?parent=1009605"}],"wp:term":[{"taxonomy":"category","embeddable":true,"href":"https:\/\/darkamazi.site\/funavuv\/wp\/v2\/categories?post=1009605"},{"taxonomy":"post_tag","embeddable":true,"href":"https:\/\/darkamazi.site\/funavuv\/wp\/v2\/tags?post=1009605"}],"curies":[{"name":"wp","href":"https:\/\/api.w.org\/{rel}","templated":true}]}}