{"id":1009723,"date":"2020-05-24T18:34:56","date_gmt":"2020-05-24T15:34:56","guid":{"rendered":"https:\/\/darkamazi.site\/?p=1009723"},"modified":"2020-05-24T18:34:56","modified_gmt":"2020-05-24T15:34:56","slug":"askerde-supheli-olum-21-yasindaki-malazgirtli-gencin-uc-kursunla-intihar-etti-dendi","status":"publish","type":"post","link":"https:\/\/darkamazi.site\/archives\/1009723","title":{"rendered":"Askerde \u015f\u00fcpheli \u00f6l\u00fcm: 21 ya\u015f\u0131ndaki Malazgirtli gencin \u00fc\u00e7 kur\u015funla intihar etti dendi"},"content":{"rendered":"<p style=\"text-align: justify\">T\u00fcrk Silahl\u0131 Kuvvetlerinde zorunlu askerlik yapan Malazgirtli er Ahmet T\u00fcreli\u2019nin intihar etti\u011fi \u00f6ne s\u00fcr\u00fcld\u00fc. A\u011fabeyi Fecri T\u00fcreli ise \u201c karde\u015finin intihar etmesi i\u00e7in bir neden olmad\u0131\u011f\u0131n\u0131, ay sonunda zaten terhis olaca\u011f\u0131n\u0131, soru\u015fturma a\u00e7aca\u011f\u0131z\u201d dedi.<\/p>\n<p style=\"text-align: justify\">Mu\u015f\u2019un Malazgirt il\u00e7esinde ya\u015fayan 21 ya\u015f\u0131ndaki Ahmet T\u00fcreli Van\u2019da askerlik yap\u0131yordu. \u0130ki g\u00fcn \u00f6nce n\u00f6bet yerinde \u00fc\u00e7 kur\u015funla kalbine yak\u0131n bir noktadan yaraland\u0131\u011f\u0131 y\u00f6n\u00fcnde ailesine bilgi verildi. GATA hastanesine kald\u0131r\u0131lan T\u00fcneli\u2019nin yaras\u0131ndaki mermilerin G3 piyade t\u00fcfe\u011fine ait oldu\u011fu a\u00e7\u0131kland\u0131.<\/p>\n<p style=\"text-align: justify\">Kald\u0131r\u0131ld\u0131\u011f\u0131 hastanede 2 g\u00fcn hayat sava\u015f\u0131 veren Ahmet T\u00fcreli d\u00fcn sabah saatlerinde hayat\u0131n\u0131 kaybetti. Cenazesi Malazgirt\u2019in Bah\u00e7e k\u00f6y\u00fcne getirilen T\u00fcreli bir sabah saatlerinde topra\u011fa verildi.<\/p>\n<p style=\"text-align: justify\">O\u011fullar\u0131n\u0131n terhisini beklerken intihar etti\u011fi haberi verilen ailesi olaya tepki g\u00f6sterdi. \u0130ntihar iddialar\u0131na inanmad\u0131klar\u0131n\u0131 dile getiren a\u011fabey Fecri T\u00fcreli, konuyu yarg\u0131ya ta\u015f\u0131yacaklar\u0131n\u0131 s\u00f6yledi.<\/p>\n<p style=\"text-align: justify\">\u201cKarde\u015fim sol g\u00f6\u011f\u00fcs \u00fcst\u00fcnden, kalbe bir santim kala G-3 ile 3 mermiyle vuruldu. Bize intihar etti\u011fi s\u00f6ylendi, fakat ben buna inanm\u0131yorum. Karde\u015fim terhisine az kalm\u0131\u015ft\u0131. Bu ay\u0131n 31\u2019de gelecekti. Biletini bile kesmi\u015ftik. Herhangi bir s\u0131k\u0131nt\u0131s\u0131 yoktu. Neden intihar etsin ki? Bu olay bir hafta \u00f6nce ya\u015fand\u0131. D\u00fcn sabah ya\u015fam\u0131n\u0131 yitirdi. Bug\u00fcn defnettik. Kesinlikle bunun intihar olmad\u0131\u011f\u0131n\u0131 d\u00fc\u015f\u00fcn\u00fcyoruz ve bununla ilgili gereken soru\u015fturmay\u0131 a\u00e7aca\u011f\u0131z. Davan\u0131n takip\u00e7isi olaca\u011f\u0131z.\u201d<\/p>\n<p style=\"text-align: justify\">Daha \u00f6ncede T\u00fcrk ordusunda g\u00f6rev yapan pek \u00e7ok askerin intihar etti denilerek cenazeleri ailelerine teslim edildi. Yap\u0131lan soru\u015fturmalarda ise resmi g\u00f6r\u00fc\u015f\u00fcn d\u0131\u015f\u0131nda bir sonuca ula\u015f\u0131lmad\u0131.<\/p>\n<p style=\"text-align: justify\"><img loading=\"lazy\" decoding=\"async\" width=\"169\" height=\"300\" class=\"size-medium darka-image-1009725 aligncenter\" src=\"https:\/\/darkamazi.site\/file\/2020\/05\/ahmet-malazgirt--169x300.jpg\" alt=\"Askerde \u015f\u00fcpheli \u00f6l\u00fcm: 21 ya\u015f\u0131ndaki Malazgirtli gencin cenazesi ailesine verildi\" srcset=\"https:\/\/darkamazi.site\/file\/2020\/05\/ahmet-malazgirt--169x300.jpg 169w, https:\/\/darkamazi.site\/file\/2020\/05\/ahmet-malazgirt--576x1024.jpg 576w, https:\/\/darkamazi.site\/file\/2020\/05\/ahmet-malazgirt-.jpg 750w\" sizes=\"auto, (max-width: 169px) 100vw, 169px\" \/><\/p>\n","protected":false},"excerpt":{"rendered":"<p>T\u00fcrk Silahl\u0131 Kuvvetlerinde zorunlu askerlik yapan Malazgirtli er Ahmet T\u00fcreli\u2019nin intihar etti\u011fi \u00f6ne s\u00fcr\u00fcld\u00fc. A\u011fabeyi Fecri T\u00fcreli ise \u201c karde\u015finin intihar etmesi i\u00e7in bir neden olmad\u0131\u011f\u0131n\u0131, ay sonunda zaten terhis olaca\u011f\u0131n\u0131, soru\u015fturma a\u00e7aca\u011f\u0131z\u201d dedi. Mu\u015f\u2019un Malazgirt il\u00e7esinde ya\u015fayan 21 ya\u015f\u0131ndaki Ahmet T\u00fcreli Van\u2019da askerlik yap\u0131yordu. \u0130ki g\u00fcn \u00f6nce n\u00f6bet yerinde \u00fc\u00e7 kur\u015funla kalbine yak\u0131n bir [&hellip;]<\/p>\n","protected":false},"author":2,"featured_media":1009724,"comment_status":"closed","ping_status":"closed","sticky":false,"template":"","format":"image","meta":{"footnotes":""},"categories":[3],"tags":[31],"class_list":["post-1009723","post","type-post","status-publish","format-image","has-post-thumbnail","hentry","category-kurdistan","tag-onemli","post_format-post-format-image"],"blocksy_meta":[],"seo_head":"<!-- This site is optimized with the Yoast SEO plugin v27.5 - https:\/\/yoast.com\/product\/yoast-seo-wordpress\/ -->\n<title>Askerde \u015f\u00fcpheli \u00f6l\u00fcm: 21 ya\u015f\u0131ndaki Malazgirtli gencin \u00fc\u00e7 kur\u015funla intihar etti dendi - Darka Mazi<\/title>\n<meta name=\"robots\" content=\"index, follow, max-snippet:-1, max-image-preview:large, max-video-preview:-1\" \/>\n<link rel=\"canonical\" href=\"https:\/\/darkamazi.site\/archives\/1009723\" \/>\n<meta property=\"og:locale\" content=\"en_US\" \/>\n<meta property=\"og:type\" content=\"article\" \/>\n<meta property=\"og:title\" content=\"Askerde \u015f\u00fcpheli \u00f6l\u00fcm: 21 ya\u015f\u0131ndaki Malazgirtli gencin \u00fc\u00e7 kur\u015funla intihar etti dendi - Darka Mazi\" \/>\n<meta property=\"og:description\" content=\"T\u00fcrk Silahl\u0131 Kuvvetlerinde zorunlu askerlik yapan Malazgirtli er Ahmet T\u00fcreli\u2019nin intihar etti\u011fi \u00f6ne s\u00fcr\u00fcld\u00fc. A\u011fabeyi Fecri T\u00fcreli ise \u201c karde\u015finin intihar etmesi i\u00e7in bir neden olmad\u0131\u011f\u0131n\u0131, ay sonunda zaten terhis olaca\u011f\u0131n\u0131, soru\u015fturma a\u00e7aca\u011f\u0131z\u201d dedi. Mu\u015f\u2019un Malazgirt il\u00e7esinde ya\u015fayan 21 ya\u015f\u0131ndaki Ahmet T\u00fcreli Van\u2019da askerlik yap\u0131yordu. \u0130ki g\u00fcn \u00f6nce n\u00f6bet yerinde \u00fc\u00e7 kur\u015funla kalbine yak\u0131n bir [&hellip;]\" \/>\n<meta property=\"og:url\" content=\"https:\/\/darkamazi.site\/archives\/1009723\" \/>\n<meta property=\"og:site_name\" content=\"Darka Mazi\" \/>\n<meta property=\"article:publisher\" content=\"https:\/\/www.facebook.com\/DarkaMaziturkce\" \/>\n<meta property=\"article:published_time\" content=\"2020-05-24T15:34:56+00:00\" \/>\n<meta property=\"og:image\" content=\"https:\/\/darkamazi.site\/file\/2020\/05\/ahmet-t\u00fcreli.jpg\" \/>\n\t<meta property=\"og:image:width\" content=\"750\" \/>\n\t<meta property=\"og:image:height\" content=\"505\" \/>\n\t<meta property=\"og:image:type\" content=\"image\/jpeg\" \/>\n<meta name=\"author\" content=\"darka mazi\" \/>\n<meta name=\"twitter:card\" content=\"summary_large_image\" \/>\n<meta name=\"twitter:creator\" content=\"@DarkaMaziTurkce\" \/>\n<meta name=\"twitter:site\" content=\"@DarkaMaziTurkce\" \/>\n<meta name=\"twitter:label1\" content=\"Written by\" \/>\n\t<meta name=\"twitter:data1\" content=\"darka mazi\" \/>\n\t<meta name=\"twitter:label2\" content=\"Est. reading time\" \/>\n\t<meta name=\"twitter:data2\" content=\"2 minutes\" \/>\n<script type=\"application\/ld+json\" class=\"seo-schema-graph\">{\"@context\":\"https:\\\/\\\/schema.org\",\"@graph\":[{\"@type\":\"NewsArticle\",\"@id\":\"https:\\\/\\\/darkamazi.site\\\/archives\\\/1009723#article\",\"isPartOf\":{\"@id\":\"https:\\\/\\\/darkamazi.site\\\/archives\\\/1009723\"},\"author\":{\"name\":\"darka mazi\",\"@id\":\"https:\\\/\\\/darkamazi.site\\\/#\\\/schema\\\/person\\\/67986a95ac546c16760365877ef4a9d3\"},\"headline\":\"Askerde \u015f\u00fcpheli \u00f6l\u00fcm: 21 ya\u015f\u0131ndaki Malazgirtli gencin \u00fc\u00e7 kur\u015funla intihar etti dendi\",\"datePublished\":\"2020-05-24T15:34:56+00:00\",\"mainEntityOfPage\":{\"@id\":\"https:\\\/\\\/darkamazi.site\\\/archives\\\/1009723\"},\"wordCount\":318,\"publisher\":{\"@id\":\"https:\\\/\\\/darkamazi.site\\\/#organization\"},\"image\":{\"@id\":\"https:\\\/\\\/darkamazi.site\\\/archives\\\/1009723#primaryimage\"},\"thumbnailUrl\":\"https:\\\/\\\/darkamazi.site\\\/darka-content\\\/uploads\\\/2020\\\/05\\\/ahmet-t\u00fcreli.jpg\",\"keywords\":[\"\u00f6nemli\"],\"articleSection\":[\"Kurdistan\"],\"inLanguage\":\"en-US\"},{\"@type\":\"WebPage\",\"@id\":\"https:\\\/\\\/darkamazi.site\\\/archives\\\/1009723\",\"url\":\"https:\\\/\\\/darkamazi.site\\\/archives\\\/1009723\",\"name\":\"Askerde \u015f\u00fcpheli \u00f6l\u00fcm: 21 ya\u015f\u0131ndaki Malazgirtli gencin \u00fc\u00e7 kur\u015funla intihar etti dendi - Darka Mazi\",\"isPartOf\":{\"@id\":\"https:\\\/\\\/darkamazi.site\\\/#website\"},\"primaryImageOfPage\":{\"@id\":\"https:\\\/\\\/darkamazi.site\\\/archives\\\/1009723#primaryimage\"},\"image\":{\"@id\":\"https:\\\/\\\/darkamazi.site\\\/archives\\\/1009723#primaryimage\"},\"thumbnailUrl\":\"https:\\\/\\\/darkamazi.site\\\/darka-content\\\/uploads\\\/2020\\\/05\\\/ahmet-t\u00fcreli.jpg\",\"datePublished\":\"2020-05-24T15:34:56+00:00\",\"breadcrumb\":{\"@id\":\"https:\\\/\\\/darkamazi.site\\\/archives\\\/1009723#breadcrumb\"},\"inLanguage\":\"en-US\",\"potentialAction\":[{\"@type\":\"ReadAction\",\"target\":[\"https:\\\/\\\/darkamazi.site\\\/archives\\\/1009723\"]}]},{\"@type\":\"ImageObject\",\"inLanguage\":\"en-US\",\"@id\":\"https:\\\/\\\/darkamazi.site\\\/archives\\\/1009723#primaryimage\",\"url\":\"https:\\\/\\\/darkamazi.site\\\/darka-content\\\/uploads\\\/2020\\\/05\\\/ahmet-t\u00fcreli.jpg\",\"contentUrl\":\"https:\\\/\\\/darkamazi.site\\\/darka-content\\\/uploads\\\/2020\\\/05\\\/ahmet-t\u00fcreli.jpg\",\"width\":750,\"height\":505,\"caption\":\"Askerde \u015f\u00fcpheli \u00f6l\u00fcm: 21 ya\u015f\u0131ndaki Malazgirtli gencin cenazesi ailesine verildi\"},{\"@type\":\"BreadcrumbList\",\"@id\":\"https:\\\/\\\/darkamazi.site\\\/archives\\\/1009723#breadcrumb\",\"itemListElement\":[{\"@type\":\"ListItem\",\"position\":1,\"name\":\"Home\",\"item\":\"https:\\\/\\\/darkamazi.site\\\/\"},{\"@type\":\"ListItem\",\"position\":2,\"name\":\"Askerde \u015f\u00fcpheli \u00f6l\u00fcm: 21 ya\u015f\u0131ndaki Malazgirtli gencin \u00fc\u00e7 kur\u015funla intihar etti dendi\"}]},{\"@type\":\"WebSite\",\"@id\":\"https:\\\/\\\/darkamazi.site\\\/#website\",\"url\":\"https:\\\/\\\/darkamazi.site\\\/\",\"name\":\"Darka Mazi\",\"description\":\"Ana Sayfa\",\"publisher\":{\"@id\":\"https:\\\/\\\/darkamazi.site\\\/#organization\"},\"potentialAction\":[{\"@type\":\"SearchAction\",\"target\":{\"@type\":\"EntryPoint\",\"urlTemplate\":\"https:\\\/\\\/darkamazi.site\\\/?s={search_term_string}\"},\"query-input\":{\"@type\":\"PropertyValueSpecification\",\"valueRequired\":true,\"valueName\":\"search_term_string\"}}],\"inLanguage\":\"en-US\"},{\"@type\":\"Organization\",\"@id\":\"https:\\\/\\\/darkamazi.site\\\/#organization\",\"name\":\"Darka Mazi T\u00fcrk\u00e7e\",\"alternateName\":\"Darka Mazi\",\"url\":\"https:\\\/\\\/darkamazi.site\\\/\",\"logo\":{\"@type\":\"ImageObject\",\"inLanguage\":\"en-US\",\"@id\":\"https:\\\/\\\/darkamazi.site\\\/#\\\/schema\\\/logo\\\/image\\\/\",\"url\":\"https:\\\/\\\/darkamazi.site\\\/darka-content\\\/uploads\\\/2017\\\/12\\\/darka-mazi-logo.png\",\"contentUrl\":\"https:\\\/\\\/darkamazi.site\\\/darka-content\\\/uploads\\\/2017\\\/12\\\/darka-mazi-logo.png\",\"width\":151,\"height\":75,\"caption\":\"Darka Mazi T\u00fcrk\u00e7e\"},\"image\":{\"@id\":\"https:\\\/\\\/darkamazi.site\\\/#\\\/schema\\\/logo\\\/image\\\/\"},\"sameAs\":[\"https:\\\/\\\/www.facebook.com\\\/DarkaMaziturkce\",\"https:\\\/\\\/x.com\\\/DarkaMaziTurkce\"]},{\"@type\":\"Person\",\"@id\":\"https:\\\/\\\/darkamazi.site\\\/#\\\/schema\\\/person\\\/67986a95ac546c16760365877ef4a9d3\",\"name\":\"darka mazi\",\"sameAs\":[\"https:\\\/\\\/darkamazi.site\"],\"url\":\"https:\\\/\\\/darkamazi.site\\\/archives\\\/author\\\/turkish\"}]}<\/script>\n<!-- \/ Yoast SEO plugin. -->","seo_head_json":{"title":"Askerde \u015f\u00fcpheli \u00f6l\u00fcm: 21 ya\u015f\u0131ndaki Malazgirtli gencin \u00fc\u00e7 kur\u015funla intihar etti dendi - Darka Mazi","robots":{"index":"index","follow":"follow","max-snippet":"max-snippet:-1","max-image-preview":"max-image-preview:large","max-video-preview":"max-video-preview:-1"},"canonical":"https:\/\/darkamazi.site\/archives\/1009723","og_locale":"en_US","og_type":"article","og_title":"Askerde \u015f\u00fcpheli \u00f6l\u00fcm: 21 ya\u015f\u0131ndaki Malazgirtli gencin \u00fc\u00e7 kur\u015funla intihar etti dendi - Darka Mazi","og_description":"T\u00fcrk Silahl\u0131 Kuvvetlerinde zorunlu askerlik yapan Malazgirtli er Ahmet T\u00fcreli\u2019nin intihar etti\u011fi \u00f6ne s\u00fcr\u00fcld\u00fc. A\u011fabeyi Fecri T\u00fcreli ise \u201c karde\u015finin intihar etmesi i\u00e7in bir neden olmad\u0131\u011f\u0131n\u0131, ay sonunda zaten terhis olaca\u011f\u0131n\u0131, soru\u015fturma a\u00e7aca\u011f\u0131z\u201d dedi. Mu\u015f\u2019un Malazgirt il\u00e7esinde ya\u015fayan 21 ya\u015f\u0131ndaki Ahmet T\u00fcreli Van\u2019da askerlik yap\u0131yordu. \u0130ki g\u00fcn \u00f6nce n\u00f6bet yerinde \u00fc\u00e7 kur\u015funla kalbine yak\u0131n bir [&hellip;]","og_url":"https:\/\/darkamazi.site\/archives\/1009723","og_site_name":"Darka Mazi","article_publisher":"https:\/\/www.facebook.com\/DarkaMaziturkce","article_published_time":"2020-05-24T15:34:56+00:00","og_image":[{"width":750,"height":505,"url":"https:\/\/darkamazi.site\/file\/2020\/05\/ahmet-t\u00fcreli.jpg","type":"image\/jpeg"}],"author":"darka mazi","twitter_card":"summary_large_image","twitter_creator":"@DarkaMaziTurkce","twitter_site":"@DarkaMaziTurkce","twitter_misc":{"Written by":"darka mazi","Est. reading time":"2 minutes"},"schema":{"@context":"https:\/\/schema.org","@graph":[{"@type":"NewsArticle","@id":"https:\/\/darkamazi.site\/archives\/1009723#article","isPartOf":{"@id":"https:\/\/darkamazi.site\/archives\/1009723"},"author":{"name":"darka mazi","@id":"https:\/\/darkamazi.site\/#\/schema\/person\/67986a95ac546c16760365877ef4a9d3"},"headline":"Askerde \u015f\u00fcpheli \u00f6l\u00fcm: 21 ya\u015f\u0131ndaki Malazgirtli gencin \u00fc\u00e7 kur\u015funla intihar etti dendi","datePublished":"2020-05-24T15:34:56+00:00","mainEntityOfPage":{"@id":"https:\/\/darkamazi.site\/archives\/1009723"},"wordCount":318,"publisher":{"@id":"https:\/\/darkamazi.site\/#organization"},"image":{"@id":"https:\/\/darkamazi.site\/archives\/1009723#primaryimage"},"thumbnailUrl":"https:\/\/darkamazi.site\/file\/2020\/05\/ahmet-t\u00fcreli.jpg","keywords":["\u00f6nemli"],"articleSection":["Kurdistan"],"inLanguage":"en-US"},{"@type":"WebPage","@id":"https:\/\/darkamazi.site\/archives\/1009723","url":"https:\/\/darkamazi.site\/archives\/1009723","name":"Askerde \u015f\u00fcpheli \u00f6l\u00fcm: 21 ya\u015f\u0131ndaki Malazgirtli gencin \u00fc\u00e7 kur\u015funla intihar etti dendi - Darka Mazi","isPartOf":{"@id":"https:\/\/darkamazi.site\/#website"},"primaryImageOfPage":{"@id":"https:\/\/darkamazi.site\/archives\/1009723#primaryimage"},"image":{"@id":"https:\/\/darkamazi.site\/archives\/1009723#primaryimage"},"thumbnailUrl":"https:\/\/darkamazi.site\/file\/2020\/05\/ahmet-t\u00fcreli.jpg","datePublished":"2020-05-24T15:34:56+00:00","breadcrumb":{"@id":"https:\/\/darkamazi.site\/archives\/1009723#breadcrumb"},"inLanguage":"en-US","potentialAction":[{"@type":"ReadAction","target":["https:\/\/darkamazi.site\/archives\/1009723"]}]},{"@type":"ImageObject","inLanguage":"en-US","@id":"https:\/\/darkamazi.site\/archives\/1009723#primaryimage","url":"https:\/\/darkamazi.site\/file\/2020\/05\/ahmet-t\u00fcreli.jpg","contentUrl":"https:\/\/darkamazi.site\/file\/2020\/05\/ahmet-t\u00fcreli.jpg","width":750,"height":505,"caption":"Askerde \u015f\u00fcpheli \u00f6l\u00fcm: 21 ya\u015f\u0131ndaki Malazgirtli gencin cenazesi ailesine verildi"},{"@type":"BreadcrumbList","@id":"https:\/\/darkamazi.site\/archives\/1009723#breadcrumb","itemListElement":[{"@type":"ListItem","position":1,"name":"Home","item":"https:\/\/darkamazi.site\/"},{"@type":"ListItem","position":2,"name":"Askerde \u015f\u00fcpheli \u00f6l\u00fcm: 21 ya\u015f\u0131ndaki Malazgirtli gencin \u00fc\u00e7 kur\u015funla intihar etti dendi"}]},{"@type":"WebSite","@id":"https:\/\/darkamazi.site\/#website","url":"https:\/\/darkamazi.site\/","name":"Darka Mazi","description":"Ana Sayfa","publisher":{"@id":"https:\/\/darkamazi.site\/#organization"},"potentialAction":[{"@type":"SearchAction","target":{"@type":"EntryPoint","urlTemplate":"https:\/\/darkamazi.site\/?s={search_term_string}"},"query-input":{"@type":"PropertyValueSpecification","valueRequired":true,"valueName":"search_term_string"}}],"inLanguage":"en-US"},{"@type":"Organization","@id":"https:\/\/darkamazi.site\/#organization","name":"Darka Mazi T\u00fcrk\u00e7e","alternateName":"Darka Mazi","url":"https:\/\/darkamazi.site\/","logo":{"@type":"ImageObject","inLanguage":"en-US","@id":"https:\/\/darkamazi.site\/#\/schema\/logo\/image\/","url":"https:\/\/darkamazi.site\/file\/2017\/12\/darka-mazi-logo.png","contentUrl":"https:\/\/darkamazi.site\/file\/2017\/12\/darka-mazi-logo.png","width":151,"height":75,"caption":"Darka Mazi T\u00fcrk\u00e7e"},"image":{"@id":"https:\/\/darkamazi.site\/#\/schema\/logo\/image\/"},"sameAs":["https:\/\/www.facebook.com\/DarkaMaziturkce","https:\/\/x.com\/DarkaMaziTurkce"]},{"@type":"Person","@id":"https:\/\/darkamazi.site\/#\/schema\/person\/67986a95ac546c16760365877ef4a9d3","name":"darka mazi","sameAs":["https:\/\/darkamazi.site"],"url":"https:\/\/darkamazi.site\/archives\/author\/turkish"}]}},"_links":{"self":[{"href":"https:\/\/darkamazi.site\/funavuv\/wp\/v2\/posts\/1009723","targetHints":{"allow":["GET"]}}],"collection":[{"href":"https:\/\/darkamazi.site\/funavuv\/wp\/v2\/posts"}],"about":[{"href":"https:\/\/darkamazi.site\/funavuv\/wp\/v2\/types\/post"}],"author":[{"embeddable":true,"href":"https:\/\/darkamazi.site\/funavuv\/wp\/v2\/users\/2"}],"replies":[{"embeddable":true,"href":"https:\/\/darkamazi.site\/funavuv\/wp\/v2\/comments?post=1009723"}],"version-history":[{"count":0,"href":"https:\/\/darkamazi.site\/funavuv\/wp\/v2\/posts\/1009723\/revisions"}],"wp:featuredmedia":[{"embeddable":true,"href":"https:\/\/darkamazi.site\/funavuv\/wp\/v2\/media\/1009724"}],"wp:attachment":[{"href":"https:\/\/darkamazi.site\/funavuv\/wp\/v2\/media?parent=1009723"}],"wp:term":[{"taxonomy":"category","embeddable":true,"href":"https:\/\/darkamazi.site\/funavuv\/wp\/v2\/categories?post=1009723"},{"taxonomy":"post_tag","embeddable":true,"href":"https:\/\/darkamazi.site\/funavuv\/wp\/v2\/tags?post=1009723"}],"curies":[{"name":"wp","href":"https:\/\/api.w.org\/{rel}","templated":true}]}}