{"id":1009812,"date":"2020-06-02T18:12:12","date_gmt":"2020-06-02T15:12:12","guid":{"rendered":"https:\/\/darkamazi.site\/?p=1009812"},"modified":"2020-06-02T18:12:12","modified_gmt":"2020-06-02T15:12:12","slug":"reber-ahmet-virus-tehlikesi-olmadigi-halde-hukumetin-sokaga-cikma-yasagi-ilan-ettigini-iddia-edenlerin-yasal-islemlere-tabi-tutulacak","status":"publish","type":"post","link":"https:\/\/darkamazi.site\/archives\/1009812","title":{"rendered":"Reber Ahmet: vir\u00fcs tehlikesi olmad\u0131\u011f\u0131 halde h\u00fck\u00fcmetin soka\u011fa \u00e7\u0131kma yasa\u011f\u0131 ilan etti\u011fini iddia edenlerin yasal i\u015flemlere tabi tutulacak"},"content":{"rendered":"<p style=\"text-align: justify\">K\u00fcrdistan\u2019da coronavir\u00fcs vakalar\u0131n\u0131n artmas\u0131 \u00fczerine ilan edilene soka\u011fa \u00e7\u0131kma yasa\u011f\u0131na ili\u015fkin \u0130\u00e7i\u015fleri Bakanl\u0131\u011f\u0131\u2019ndan a\u00e7\u0131klama geldi. \u0130\u00e7i\u015fleri Bakan\u0131 Reber Ahmed, yar\u0131ndan itibaren halk i\u00e7in baz\u0131 d\u00fckkanlar\u0131n a\u00e7\u0131l\u0131p, kolayl\u0131klara gidilece\u011fini belirtti.<\/p>\n<p style=\"text-align: justify\">Coronavir\u00fcsle M\u00fccadele Y\u00fcksek Toplant\u0131s\u0131\u2019n\u0131n ard\u0131ndan a\u00e7\u0131klamalarda bulunan \u0130\u00e7i\u015fleri Bakan\u0131 Reber Ahmed, soka\u011fa \u00e7\u0131kma yasa\u011f\u0131n\u0131 uzatmay\u0131 d\u00fc\u015f\u00fcnmediklerini ve halka kolayl\u0131k sa\u011flayacaklar\u0131n\u0131 s\u00f6yledi.<\/p>\n<p style=\"text-align: justify\">Halka kolayl\u0131k olmas\u0131 i\u00e7in bir \u00e7ok mekan\u0131n a\u00e7\u0131ld\u0131\u011f\u0131n\u0131 ancak kurallara ba\u011fl\u0131 kal\u0131nmad\u0131\u011f\u0131n\u0131 kaydeden Ahmed, son g\u00fcnlerde Covid-19 vakalar\u0131ndaki art\u0131\u015fa de\u011findi.<\/p>\n<p style=\"text-align: justify\">Covid-19\u2019la m\u00fccadele i\u00e7in al\u0131nan tedbirlere uymayanlar\u0131n ve televizyonlarda vir\u00fcs tehlikesi olmad\u0131\u011f\u0131 halde h\u00fck\u00fcmetin soka\u011fa \u00e7\u0131kma yasa\u011f\u0131 ilan etti\u011fini iddia edenlerin yasal i\u015flemlere tabi tutulaca\u011f\u0131n\u0131 vurgulayan Ahmed, valiliklere baz\u0131 kolayl\u0131klara gitmeleri i\u00e7in yetki verildi\u011fini bildirdi.<\/p>\n<p style=\"text-align: justify\">Tedbirlere ba\u011fl\u0131 kal\u0131nmamas\u0131 durumunda durumun \u00e7ok tehlikeli bir hal alaca\u011f\u0131n\u0131 belirten Ahmed, K\u00fcrdistan B\u00f6lgesi H\u00fck\u00fcmeti\u2019nin halk\u0131n sa\u011fl\u0131\u011f\u0131n\u0131 korumak i\u00e7in her \u015feyi g\u00f6ze ald\u0131\u011f\u0131n\u0131, ancak baz\u0131 kesimlerin s\u00fcreci istismar etmeye \u00e7al\u0131\u015ft\u0131\u011f\u0131n\u0131 ifade etti.<\/p>\n<p style=\"text-align: justify\">Vir\u00fcs\u00fcn h\u0131zl\u0131 bir \u015fekilde yay\u0131ld\u0131\u011f\u0131n\u0131 s\u00f6yleyen Ahmed, son g\u00fcnlerde S\u00fcleymaniye\u2019de vaka say\u0131lar\u0131n\u0131n 120\u2019yi a\u015ft\u0131\u011f\u0131n\u0131 ve Erbil ile S\u00fcleymaniye\u2019de \u00f6l\u00fcmlerin oldu\u011funu kaydetti.<\/p>\n<p style=\"text-align: justify\">Ahmed, vir\u00fcs\u00fcn 2\u2019nci dalgas\u0131n\u0131 ya\u015famad\u0131klar\u0131n\u0131 ve ilk dalgan\u0131n devam etti\u011fini belirtti.<\/p>\n","protected":false},"excerpt":{"rendered":"<p>K\u00fcrdistan\u2019da coronavir\u00fcs vakalar\u0131n\u0131n artmas\u0131 \u00fczerine ilan edilene soka\u011fa \u00e7\u0131kma yasa\u011f\u0131na ili\u015fkin \u0130\u00e7i\u015fleri Bakanl\u0131\u011f\u0131\u2019ndan a\u00e7\u0131klama geldi. \u0130\u00e7i\u015fleri Bakan\u0131 Reber Ahmed, yar\u0131ndan itibaren halk i\u00e7in baz\u0131 d\u00fckkanlar\u0131n a\u00e7\u0131l\u0131p, kolayl\u0131klara gidilece\u011fini belirtti. Coronavir\u00fcsle M\u00fccadele Y\u00fcksek Toplant\u0131s\u0131\u2019n\u0131n ard\u0131ndan a\u00e7\u0131klamalarda bulunan \u0130\u00e7i\u015fleri Bakan\u0131 Reber Ahmed, soka\u011fa \u00e7\u0131kma yasa\u011f\u0131n\u0131 uzatmay\u0131 d\u00fc\u015f\u00fcnmediklerini ve halka kolayl\u0131k sa\u011flayacaklar\u0131n\u0131 s\u00f6yledi. Halka kolayl\u0131k olmas\u0131 i\u00e7in bir [&hellip;]<\/p>\n","protected":false},"author":2,"featured_media":1009814,"comment_status":"closed","ping_status":"closed","sticky":false,"template":"","format":"standard","meta":{"footnotes":""},"categories":[3],"tags":[31],"class_list":["post-1009812","post","type-post","status-publish","format-standard","has-post-thumbnail","hentry","category-kurdistan","tag-onemli"],"blocksy_meta":[],"seo_head":"<!-- This site is optimized with the Yoast SEO plugin v27.5 - https:\/\/yoast.com\/product\/yoast-seo-wordpress\/ -->\n<title>Reber Ahmet: vir\u00fcs tehlikesi olmad\u0131\u011f\u0131 halde h\u00fck\u00fcmetin soka\u011fa \u00e7\u0131kma yasa\u011f\u0131 ilan etti\u011fini iddia edenlerin yasal i\u015flemlere tabi tutulacak - Darka Mazi<\/title>\n<meta name=\"robots\" content=\"index, follow, max-snippet:-1, max-image-preview:large, max-video-preview:-1\" \/>\n<link rel=\"canonical\" href=\"https:\/\/darkamazi.site\/archives\/1009812\" \/>\n<meta property=\"og:locale\" content=\"en_US\" \/>\n<meta property=\"og:type\" content=\"article\" \/>\n<meta property=\"og:title\" content=\"Reber Ahmet: vir\u00fcs tehlikesi olmad\u0131\u011f\u0131 halde h\u00fck\u00fcmetin soka\u011fa \u00e7\u0131kma yasa\u011f\u0131 ilan etti\u011fini iddia edenlerin yasal i\u015flemlere tabi tutulacak - Darka Mazi\" \/>\n<meta property=\"og:description\" content=\"K\u00fcrdistan\u2019da coronavir\u00fcs vakalar\u0131n\u0131n artmas\u0131 \u00fczerine ilan edilene soka\u011fa \u00e7\u0131kma yasa\u011f\u0131na ili\u015fkin \u0130\u00e7i\u015fleri Bakanl\u0131\u011f\u0131\u2019ndan a\u00e7\u0131klama geldi. \u0130\u00e7i\u015fleri Bakan\u0131 Reber Ahmed, yar\u0131ndan itibaren halk i\u00e7in baz\u0131 d\u00fckkanlar\u0131n a\u00e7\u0131l\u0131p, kolayl\u0131klara gidilece\u011fini belirtti. Coronavir\u00fcsle M\u00fccadele Y\u00fcksek Toplant\u0131s\u0131\u2019n\u0131n ard\u0131ndan a\u00e7\u0131klamalarda bulunan \u0130\u00e7i\u015fleri Bakan\u0131 Reber Ahmed, soka\u011fa \u00e7\u0131kma yasa\u011f\u0131n\u0131 uzatmay\u0131 d\u00fc\u015f\u00fcnmediklerini ve halka kolayl\u0131k sa\u011flayacaklar\u0131n\u0131 s\u00f6yledi. Halka kolayl\u0131k olmas\u0131 i\u00e7in bir [&hellip;]\" \/>\n<meta property=\"og:url\" content=\"https:\/\/darkamazi.site\/archives\/1009812\" \/>\n<meta property=\"og:site_name\" content=\"Darka Mazi\" \/>\n<meta property=\"article:publisher\" content=\"https:\/\/www.facebook.com\/DarkaMaziturkce\" \/>\n<meta property=\"article:published_time\" content=\"2020-06-02T15:12:12+00:00\" \/>\n<meta property=\"og:image\" content=\"https:\/\/darkamazi.site\/file\/2020\/06\/coronavirus-Kurdistan.jpg\" \/>\n\t<meta property=\"og:image:width\" content=\"486\" \/>\n\t<meta property=\"og:image:height\" content=\"278\" \/>\n\t<meta property=\"og:image:type\" content=\"image\/jpeg\" \/>\n<meta name=\"author\" content=\"darka mazi\" \/>\n<meta name=\"twitter:card\" content=\"summary_large_image\" \/>\n<meta name=\"twitter:creator\" content=\"@DarkaMaziTurkce\" \/>\n<meta name=\"twitter:site\" content=\"@DarkaMaziTurkce\" \/>\n<meta name=\"twitter:label1\" content=\"Written by\" \/>\n\t<meta name=\"twitter:data1\" content=\"darka mazi\" \/>\n\t<meta name=\"twitter:label2\" content=\"Est. reading time\" \/>\n\t<meta name=\"twitter:data2\" content=\"1 minute\" \/>\n<script type=\"application\/ld+json\" class=\"seo-schema-graph\">{\"@context\":\"https:\\\/\\\/schema.org\",\"@graph\":[{\"@type\":\"NewsArticle\",\"@id\":\"https:\\\/\\\/darkamazi.site\\\/archives\\\/1009812#article\",\"isPartOf\":{\"@id\":\"https:\\\/\\\/darkamazi.site\\\/archives\\\/1009812\"},\"author\":{\"name\":\"darka mazi\",\"@id\":\"https:\\\/\\\/darkamazi.site\\\/#\\\/schema\\\/person\\\/67986a95ac546c16760365877ef4a9d3\"},\"headline\":\"Reber Ahmet: vir\u00fcs tehlikesi olmad\u0131\u011f\u0131 halde h\u00fck\u00fcmetin soka\u011fa \u00e7\u0131kma yasa\u011f\u0131 ilan etti\u011fini iddia edenlerin yasal i\u015flemlere tabi tutulacak\",\"datePublished\":\"2020-06-02T15:12:12+00:00\",\"mainEntityOfPage\":{\"@id\":\"https:\\\/\\\/darkamazi.site\\\/archives\\\/1009812\"},\"wordCount\":298,\"publisher\":{\"@id\":\"https:\\\/\\\/darkamazi.site\\\/#organization\"},\"image\":{\"@id\":\"https:\\\/\\\/darkamazi.site\\\/archives\\\/1009812#primaryimage\"},\"thumbnailUrl\":\"https:\\\/\\\/darkamazi.site\\\/darka-content\\\/uploads\\\/2020\\\/06\\\/coronavirus-Kurdistan.jpg\",\"keywords\":[\"\u00f6nemli\"],\"articleSection\":[\"Kurdistan\"],\"inLanguage\":\"en-US\"},{\"@type\":\"WebPage\",\"@id\":\"https:\\\/\\\/darkamazi.site\\\/archives\\\/1009812\",\"url\":\"https:\\\/\\\/darkamazi.site\\\/archives\\\/1009812\",\"name\":\"Reber Ahmet: vir\u00fcs tehlikesi olmad\u0131\u011f\u0131 halde h\u00fck\u00fcmetin soka\u011fa \u00e7\u0131kma yasa\u011f\u0131 ilan etti\u011fini iddia edenlerin yasal i\u015flemlere tabi tutulacak - Darka Mazi\",\"isPartOf\":{\"@id\":\"https:\\\/\\\/darkamazi.site\\\/#website\"},\"primaryImageOfPage\":{\"@id\":\"https:\\\/\\\/darkamazi.site\\\/archives\\\/1009812#primaryimage\"},\"image\":{\"@id\":\"https:\\\/\\\/darkamazi.site\\\/archives\\\/1009812#primaryimage\"},\"thumbnailUrl\":\"https:\\\/\\\/darkamazi.site\\\/darka-content\\\/uploads\\\/2020\\\/06\\\/coronavirus-Kurdistan.jpg\",\"datePublished\":\"2020-06-02T15:12:12+00:00\",\"breadcrumb\":{\"@id\":\"https:\\\/\\\/darkamazi.site\\\/archives\\\/1009812#breadcrumb\"},\"inLanguage\":\"en-US\",\"potentialAction\":[{\"@type\":\"ReadAction\",\"target\":[\"https:\\\/\\\/darkamazi.site\\\/archives\\\/1009812\"]}]},{\"@type\":\"ImageObject\",\"inLanguage\":\"en-US\",\"@id\":\"https:\\\/\\\/darkamazi.site\\\/archives\\\/1009812#primaryimage\",\"url\":\"https:\\\/\\\/darkamazi.site\\\/darka-content\\\/uploads\\\/2020\\\/06\\\/coronavirus-Kurdistan.jpg\",\"contentUrl\":\"https:\\\/\\\/darkamazi.site\\\/darka-content\\\/uploads\\\/2020\\\/06\\\/coronavirus-Kurdistan.jpg\",\"width\":486,\"height\":278,\"caption\":\"Reber Ahmet: vir\u00fcs tehlikesi olmad\u0131\u011f\u0131 halde h\u00fck\u00fcmetin soka\u011fa \u00e7\u0131kma yasa\u011f\u0131 ilan etti\u011fini iddia edenlerin yasal i\u015flemlere tabi tutulacak\"},{\"@type\":\"BreadcrumbList\",\"@id\":\"https:\\\/\\\/darkamazi.site\\\/archives\\\/1009812#breadcrumb\",\"itemListElement\":[{\"@type\":\"ListItem\",\"position\":1,\"name\":\"Home\",\"item\":\"https:\\\/\\\/darkamazi.site\\\/\"},{\"@type\":\"ListItem\",\"position\":2,\"name\":\"Reber Ahmet: vir\u00fcs tehlikesi olmad\u0131\u011f\u0131 halde h\u00fck\u00fcmetin soka\u011fa \u00e7\u0131kma yasa\u011f\u0131 ilan etti\u011fini iddia edenlerin yasal i\u015flemlere tabi tutulacak\"}]},{\"@type\":\"WebSite\",\"@id\":\"https:\\\/\\\/darkamazi.site\\\/#website\",\"url\":\"https:\\\/\\\/darkamazi.site\\\/\",\"name\":\"Darka Mazi\",\"description\":\"Ana Sayfa\",\"publisher\":{\"@id\":\"https:\\\/\\\/darkamazi.site\\\/#organization\"},\"potentialAction\":[{\"@type\":\"SearchAction\",\"target\":{\"@type\":\"EntryPoint\",\"urlTemplate\":\"https:\\\/\\\/darkamazi.site\\\/?s={search_term_string}\"},\"query-input\":{\"@type\":\"PropertyValueSpecification\",\"valueRequired\":true,\"valueName\":\"search_term_string\"}}],\"inLanguage\":\"en-US\"},{\"@type\":\"Organization\",\"@id\":\"https:\\\/\\\/darkamazi.site\\\/#organization\",\"name\":\"Darka Mazi T\u00fcrk\u00e7e\",\"alternateName\":\"Darka Mazi\",\"url\":\"https:\\\/\\\/darkamazi.site\\\/\",\"logo\":{\"@type\":\"ImageObject\",\"inLanguage\":\"en-US\",\"@id\":\"https:\\\/\\\/darkamazi.site\\\/#\\\/schema\\\/logo\\\/image\\\/\",\"url\":\"https:\\\/\\\/darkamazi.site\\\/darka-content\\\/uploads\\\/2017\\\/12\\\/darka-mazi-logo.png\",\"contentUrl\":\"https:\\\/\\\/darkamazi.site\\\/darka-content\\\/uploads\\\/2017\\\/12\\\/darka-mazi-logo.png\",\"width\":151,\"height\":75,\"caption\":\"Darka Mazi T\u00fcrk\u00e7e\"},\"image\":{\"@id\":\"https:\\\/\\\/darkamazi.site\\\/#\\\/schema\\\/logo\\\/image\\\/\"},\"sameAs\":[\"https:\\\/\\\/www.facebook.com\\\/DarkaMaziturkce\",\"https:\\\/\\\/x.com\\\/DarkaMaziTurkce\"]},{\"@type\":\"Person\",\"@id\":\"https:\\\/\\\/darkamazi.site\\\/#\\\/schema\\\/person\\\/67986a95ac546c16760365877ef4a9d3\",\"name\":\"darka mazi\",\"sameAs\":[\"https:\\\/\\\/darkamazi.site\"],\"url\":\"https:\\\/\\\/darkamazi.site\\\/archives\\\/author\\\/turkish\"}]}<\/script>\n<!-- \/ Yoast SEO plugin. -->","seo_head_json":{"title":"Reber Ahmet: vir\u00fcs tehlikesi olmad\u0131\u011f\u0131 halde h\u00fck\u00fcmetin soka\u011fa \u00e7\u0131kma yasa\u011f\u0131 ilan etti\u011fini iddia edenlerin yasal i\u015flemlere tabi tutulacak - Darka Mazi","robots":{"index":"index","follow":"follow","max-snippet":"max-snippet:-1","max-image-preview":"max-image-preview:large","max-video-preview":"max-video-preview:-1"},"canonical":"https:\/\/darkamazi.site\/archives\/1009812","og_locale":"en_US","og_type":"article","og_title":"Reber Ahmet: vir\u00fcs tehlikesi olmad\u0131\u011f\u0131 halde h\u00fck\u00fcmetin soka\u011fa \u00e7\u0131kma yasa\u011f\u0131 ilan etti\u011fini iddia edenlerin yasal i\u015flemlere tabi tutulacak - Darka Mazi","og_description":"K\u00fcrdistan\u2019da coronavir\u00fcs vakalar\u0131n\u0131n artmas\u0131 \u00fczerine ilan edilene soka\u011fa \u00e7\u0131kma yasa\u011f\u0131na ili\u015fkin \u0130\u00e7i\u015fleri Bakanl\u0131\u011f\u0131\u2019ndan a\u00e7\u0131klama geldi. \u0130\u00e7i\u015fleri Bakan\u0131 Reber Ahmed, yar\u0131ndan itibaren halk i\u00e7in baz\u0131 d\u00fckkanlar\u0131n a\u00e7\u0131l\u0131p, kolayl\u0131klara gidilece\u011fini belirtti. Coronavir\u00fcsle M\u00fccadele Y\u00fcksek Toplant\u0131s\u0131\u2019n\u0131n ard\u0131ndan a\u00e7\u0131klamalarda bulunan \u0130\u00e7i\u015fleri Bakan\u0131 Reber Ahmed, soka\u011fa \u00e7\u0131kma yasa\u011f\u0131n\u0131 uzatmay\u0131 d\u00fc\u015f\u00fcnmediklerini ve halka kolayl\u0131k sa\u011flayacaklar\u0131n\u0131 s\u00f6yledi. Halka kolayl\u0131k olmas\u0131 i\u00e7in bir [&hellip;]","og_url":"https:\/\/darkamazi.site\/archives\/1009812","og_site_name":"Darka Mazi","article_publisher":"https:\/\/www.facebook.com\/DarkaMaziturkce","article_published_time":"2020-06-02T15:12:12+00:00","og_image":[{"width":486,"height":278,"url":"https:\/\/darkamazi.site\/file\/2020\/06\/coronavirus-Kurdistan.jpg","type":"image\/jpeg"}],"author":"darka mazi","twitter_card":"summary_large_image","twitter_creator":"@DarkaMaziTurkce","twitter_site":"@DarkaMaziTurkce","twitter_misc":{"Written by":"darka mazi","Est. reading time":"1 minute"},"schema":{"@context":"https:\/\/schema.org","@graph":[{"@type":"NewsArticle","@id":"https:\/\/darkamazi.site\/archives\/1009812#article","isPartOf":{"@id":"https:\/\/darkamazi.site\/archives\/1009812"},"author":{"name":"darka mazi","@id":"https:\/\/darkamazi.site\/#\/schema\/person\/67986a95ac546c16760365877ef4a9d3"},"headline":"Reber Ahmet: vir\u00fcs tehlikesi olmad\u0131\u011f\u0131 halde h\u00fck\u00fcmetin soka\u011fa \u00e7\u0131kma yasa\u011f\u0131 ilan etti\u011fini iddia edenlerin yasal i\u015flemlere tabi tutulacak","datePublished":"2020-06-02T15:12:12+00:00","mainEntityOfPage":{"@id":"https:\/\/darkamazi.site\/archives\/1009812"},"wordCount":298,"publisher":{"@id":"https:\/\/darkamazi.site\/#organization"},"image":{"@id":"https:\/\/darkamazi.site\/archives\/1009812#primaryimage"},"thumbnailUrl":"https:\/\/darkamazi.site\/file\/2020\/06\/coronavirus-Kurdistan.jpg","keywords":["\u00f6nemli"],"articleSection":["Kurdistan"],"inLanguage":"en-US"},{"@type":"WebPage","@id":"https:\/\/darkamazi.site\/archives\/1009812","url":"https:\/\/darkamazi.site\/archives\/1009812","name":"Reber Ahmet: vir\u00fcs tehlikesi olmad\u0131\u011f\u0131 halde h\u00fck\u00fcmetin soka\u011fa \u00e7\u0131kma yasa\u011f\u0131 ilan etti\u011fini iddia edenlerin yasal i\u015flemlere tabi tutulacak - Darka Mazi","isPartOf":{"@id":"https:\/\/darkamazi.site\/#website"},"primaryImageOfPage":{"@id":"https:\/\/darkamazi.site\/archives\/1009812#primaryimage"},"image":{"@id":"https:\/\/darkamazi.site\/archives\/1009812#primaryimage"},"thumbnailUrl":"https:\/\/darkamazi.site\/file\/2020\/06\/coronavirus-Kurdistan.jpg","datePublished":"2020-06-02T15:12:12+00:00","breadcrumb":{"@id":"https:\/\/darkamazi.site\/archives\/1009812#breadcrumb"},"inLanguage":"en-US","potentialAction":[{"@type":"ReadAction","target":["https:\/\/darkamazi.site\/archives\/1009812"]}]},{"@type":"ImageObject","inLanguage":"en-US","@id":"https:\/\/darkamazi.site\/archives\/1009812#primaryimage","url":"https:\/\/darkamazi.site\/file\/2020\/06\/coronavirus-Kurdistan.jpg","contentUrl":"https:\/\/darkamazi.site\/file\/2020\/06\/coronavirus-Kurdistan.jpg","width":486,"height":278,"caption":"Reber Ahmet: vir\u00fcs tehlikesi olmad\u0131\u011f\u0131 halde h\u00fck\u00fcmetin soka\u011fa \u00e7\u0131kma yasa\u011f\u0131 ilan etti\u011fini iddia edenlerin yasal i\u015flemlere tabi tutulacak"},{"@type":"BreadcrumbList","@id":"https:\/\/darkamazi.site\/archives\/1009812#breadcrumb","itemListElement":[{"@type":"ListItem","position":1,"name":"Home","item":"https:\/\/darkamazi.site\/"},{"@type":"ListItem","position":2,"name":"Reber Ahmet: vir\u00fcs tehlikesi olmad\u0131\u011f\u0131 halde h\u00fck\u00fcmetin soka\u011fa \u00e7\u0131kma yasa\u011f\u0131 ilan etti\u011fini iddia edenlerin yasal i\u015flemlere tabi tutulacak"}]},{"@type":"WebSite","@id":"https:\/\/darkamazi.site\/#website","url":"https:\/\/darkamazi.site\/","name":"Darka Mazi","description":"Ana Sayfa","publisher":{"@id":"https:\/\/darkamazi.site\/#organization"},"potentialAction":[{"@type":"SearchAction","target":{"@type":"EntryPoint","urlTemplate":"https:\/\/darkamazi.site\/?s={search_term_string}"},"query-input":{"@type":"PropertyValueSpecification","valueRequired":true,"valueName":"search_term_string"}}],"inLanguage":"en-US"},{"@type":"Organization","@id":"https:\/\/darkamazi.site\/#organization","name":"Darka Mazi T\u00fcrk\u00e7e","alternateName":"Darka Mazi","url":"https:\/\/darkamazi.site\/","logo":{"@type":"ImageObject","inLanguage":"en-US","@id":"https:\/\/darkamazi.site\/#\/schema\/logo\/image\/","url":"https:\/\/darkamazi.site\/file\/2017\/12\/darka-mazi-logo.png","contentUrl":"https:\/\/darkamazi.site\/file\/2017\/12\/darka-mazi-logo.png","width":151,"height":75,"caption":"Darka Mazi T\u00fcrk\u00e7e"},"image":{"@id":"https:\/\/darkamazi.site\/#\/schema\/logo\/image\/"},"sameAs":["https:\/\/www.facebook.com\/DarkaMaziturkce","https:\/\/x.com\/DarkaMaziTurkce"]},{"@type":"Person","@id":"https:\/\/darkamazi.site\/#\/schema\/person\/67986a95ac546c16760365877ef4a9d3","name":"darka mazi","sameAs":["https:\/\/darkamazi.site"],"url":"https:\/\/darkamazi.site\/archives\/author\/turkish"}]}},"_links":{"self":[{"href":"https:\/\/darkamazi.site\/funavuv\/wp\/v2\/posts\/1009812","targetHints":{"allow":["GET"]}}],"collection":[{"href":"https:\/\/darkamazi.site\/funavuv\/wp\/v2\/posts"}],"about":[{"href":"https:\/\/darkamazi.site\/funavuv\/wp\/v2\/types\/post"}],"author":[{"embeddable":true,"href":"https:\/\/darkamazi.site\/funavuv\/wp\/v2\/users\/2"}],"replies":[{"embeddable":true,"href":"https:\/\/darkamazi.site\/funavuv\/wp\/v2\/comments?post=1009812"}],"version-history":[{"count":0,"href":"https:\/\/darkamazi.site\/funavuv\/wp\/v2\/posts\/1009812\/revisions"}],"wp:featuredmedia":[{"embeddable":true,"href":"https:\/\/darkamazi.site\/funavuv\/wp\/v2\/media\/1009814"}],"wp:attachment":[{"href":"https:\/\/darkamazi.site\/funavuv\/wp\/v2\/media?parent=1009812"}],"wp:term":[{"taxonomy":"category","embeddable":true,"href":"https:\/\/darkamazi.site\/funavuv\/wp\/v2\/categories?post=1009812"},{"taxonomy":"post_tag","embeddable":true,"href":"https:\/\/darkamazi.site\/funavuv\/wp\/v2\/tags?post=1009812"}],"curies":[{"name":"wp","href":"https:\/\/api.w.org\/{rel}","templated":true}]}}