{"id":1010182,"date":"2020-07-05T19:28:56","date_gmt":"2020-07-05T16:28:56","guid":{"rendered":"https:\/\/darkamazi.site\/?p=1010182"},"modified":"2020-07-05T23:36:24","modified_gmt":"2020-07-05T20:36:24","slug":"bilbile-amede-unlu-dengbej-seyidxane-boyaxci-hayatini-kaybetti","status":"publish","type":"post","link":"https:\/\/darkamazi.site\/archives\/1010182","title":{"rendered":"Bilbile Amed&#8217;e \u00fcnl\u00fc dengbej Sey\u00eedxan\u00ea Boyax\u00e7\u00ee hayat\u0131n\u0131 kaybetti"},"content":{"rendered":"<p style=\"text-align: justify\">\u00a0Uzun y\u0131llar (25 y\u0131l) Suri\u00e7i&#8217;nde ayakkab\u0131 boyac\u0131l\u0131\u011f\u0131 yapan ve dengb\u00eajlikten de asla vazge\u00e7meyen dengb\u00eajlik unvan\u0131n\u0131n yan\u0131nda boyac\u0131l\u0131kla da an\u0131lan K\u00fcrt dengb\u00eaj Seyidxan Boyax\u00e7\u00ee\u00a0hayat\u0131n\u0131 kaybetti.<\/p>\n<p style=\"text-align: justify\">Diyarbak\u0131rl\u0131 \u00fcnl\u00fc dengb\u00eaj Seyidxan Boyax\u00e7\u00ee, bug\u00fcn \u00f6\u011fle saatlerinde ya\u015fam\u0131n\u0131 yitirdi.<\/p>\n<p style=\"text-align: justify\">Ya\u015f\u0131 90\u2019a yak\u0131n olan Sey\u00eedxan\u00ea Boyax\u00e7\u00ee, uzun bir s\u00fcredir hastal\u0131klarla m\u00fccadele ediyordu.<\/p>\n<p style=\"text-align: justify\">K24\u2019e konu\u015fan dengb\u00eajin o\u011flu Mehmet \u015eim\u015fek, babas\u0131n\u0131n bir bu\u00e7uk y\u0131ld\u0131r yatalak durumda oldu\u011funu s\u00f6yledi.<\/p>\n<p style=\"text-align: justify\">Babas\u0131n\u0131n bug\u00fcn fenala\u015ft\u0131\u011f\u0131n\u0131 ve eve doktor \u00e7a\u011f\u0131rd\u0131klar\u0131n\u0131 belirten \u015eim\u015fek, muayeneden k\u0131sa bir s\u00fcre sonra da babas\u0131n\u0131n son nefesini verdi\u011fini belirtti.<\/p>\n<p style=\"text-align: justify\">Sey\u00eedxan\u00ea Boyax\u00e7\u00ee bug\u00fcn Diyarbak\u0131r&#8217;\u0131n Ba\u011flar il\u00e7esindeki Yeni\u015fehir Mezarl\u0131\u011f\u0131nda topra\u011fa veriliyor.<\/p>\n<p style=\"text-align: justify\">Ge\u00e7ti\u011fimiz y\u0131l K24\u2019e verdi\u011fi \u00f6zel deme\u00e7te ya\u015fam hikayesinden s\u00f6z eden Sey\u00eedxan\u00ea Boyax\u00e7\u00ee, 76 y\u0131l boyunca kilamlar s\u00f6yledi\u011fini ancak sa\u011fl\u0131k durumunun k\u00f6t\u00fcle\u015fmesi nedeniyle art\u0131k kilam s\u00f6yleyemedi\u011fini dile getirmi\u015fti.<\/p>\n<p style=\"text-align: justify\">\u00dcnl\u00fc dengb\u00eaj, \u201cArt\u0131k bir insan\u0131n elini tutam\u0131yorum, su i\u00e7emiyorum, yemek yiyemiyorum. Yani halim \u00f6l\u00fcmden beter. \u00d6l\u00fcm yine iyi. Bir g\u00fcn Rabbim can\u0131m\u0131z\u0131 alacak elbette. Ben d\u00fcnyada \u015fu an peri\u015fan bir haldeyim\u201d demi\u015fti.<\/p>\n","protected":false},"excerpt":{"rendered":"<p>\u00a0Uzun y\u0131llar (25 y\u0131l) Suri\u00e7i&#8217;nde ayakkab\u0131 boyac\u0131l\u0131\u011f\u0131 yapan ve dengb\u00eajlikten de asla vazge\u00e7meyen dengb\u00eajlik unvan\u0131n\u0131n yan\u0131nda boyac\u0131l\u0131kla da an\u0131lan K\u00fcrt dengb\u00eaj Seyidxan Boyax\u00e7\u00ee\u00a0hayat\u0131n\u0131 kaybetti. Diyarbak\u0131rl\u0131 \u00fcnl\u00fc dengb\u00eaj Seyidxan Boyax\u00e7\u00ee, bug\u00fcn \u00f6\u011fle saatlerinde ya\u015fam\u0131n\u0131 yitirdi. Ya\u015f\u0131 90\u2019a yak\u0131n olan Sey\u00eedxan\u00ea Boyax\u00e7\u00ee, uzun bir s\u00fcredir hastal\u0131klarla m\u00fccadele ediyordu. K24\u2019e konu\u015fan dengb\u00eajin o\u011flu Mehmet \u015eim\u015fek, babas\u0131n\u0131n bir bu\u00e7uk [&hellip;]<\/p>\n","protected":false},"author":2,"featured_media":1010183,"comment_status":"closed","ping_status":"closed","sticky":false,"template":"","format":"standard","meta":{"footnotes":""},"categories":[33],"tags":[31],"class_list":["post-1010182","post","type-post","status-publish","format-standard","has-post-thumbnail","hentry","category-sanat","tag-onemli"],"blocksy_meta":[],"seo_head":"<!-- This site is optimized with the Yoast SEO plugin v27.5 - https:\/\/yoast.com\/product\/yoast-seo-wordpress\/ -->\n<title>Bilbile Amed&#039;e \u00fcnl\u00fc dengbej Sey\u00eedxan\u00ea Boyax\u00e7\u00ee hayat\u0131n\u0131 kaybetti - Darka Mazi<\/title>\n<meta name=\"robots\" content=\"index, follow, max-snippet:-1, max-image-preview:large, max-video-preview:-1\" \/>\n<link rel=\"canonical\" href=\"https:\/\/darkamazi.site\/archives\/1010182\" \/>\n<meta property=\"og:locale\" content=\"en_US\" \/>\n<meta property=\"og:type\" content=\"article\" \/>\n<meta property=\"og:title\" content=\"Bilbile Amed&#039;e \u00fcnl\u00fc dengbej Sey\u00eedxan\u00ea Boyax\u00e7\u00ee hayat\u0131n\u0131 kaybetti - Darka Mazi\" \/>\n<meta property=\"og:description\" content=\"\u00a0Uzun y\u0131llar (25 y\u0131l) Suri\u00e7i&#8217;nde ayakkab\u0131 boyac\u0131l\u0131\u011f\u0131 yapan ve dengb\u00eajlikten de asla vazge\u00e7meyen dengb\u00eajlik unvan\u0131n\u0131n yan\u0131nda boyac\u0131l\u0131kla da an\u0131lan K\u00fcrt dengb\u00eaj Seyidxan Boyax\u00e7\u00ee\u00a0hayat\u0131n\u0131 kaybetti. Diyarbak\u0131rl\u0131 \u00fcnl\u00fc dengb\u00eaj Seyidxan Boyax\u00e7\u00ee, bug\u00fcn \u00f6\u011fle saatlerinde ya\u015fam\u0131n\u0131 yitirdi. Ya\u015f\u0131 90\u2019a yak\u0131n olan Sey\u00eedxan\u00ea Boyax\u00e7\u00ee, uzun bir s\u00fcredir hastal\u0131klarla m\u00fccadele ediyordu. K24\u2019e konu\u015fan dengb\u00eajin o\u011flu Mehmet \u015eim\u015fek, babas\u0131n\u0131n bir bu\u00e7uk [&hellip;]\" \/>\n<meta property=\"og:url\" content=\"https:\/\/darkamazi.site\/archives\/1010182\" \/>\n<meta property=\"og:site_name\" content=\"Darka Mazi\" \/>\n<meta property=\"article:publisher\" content=\"https:\/\/www.facebook.com\/DarkaMaziturkce\" \/>\n<meta property=\"article:published_time\" content=\"2020-07-05T16:28:56+00:00\" \/>\n<meta property=\"article:modified_time\" content=\"2020-07-05T20:36:24+00:00\" \/>\n<meta property=\"og:image\" content=\"https:\/\/darkamazi.site\/file\/2020\/07\/seyithan.jpg\" \/>\n\t<meta property=\"og:image:width\" content=\"1920\" \/>\n\t<meta property=\"og:image:height\" content=\"1080\" \/>\n\t<meta property=\"og:image:type\" content=\"image\/jpeg\" \/>\n<meta name=\"author\" content=\"darka mazi\" \/>\n<meta name=\"twitter:card\" content=\"summary_large_image\" \/>\n<meta name=\"twitter:creator\" content=\"@DarkaMaziTurkce\" \/>\n<meta name=\"twitter:site\" content=\"@DarkaMaziTurkce\" \/>\n<meta name=\"twitter:label1\" content=\"Written by\" \/>\n\t<meta name=\"twitter:data1\" content=\"darka mazi\" \/>\n\t<meta name=\"twitter:label2\" content=\"Est. reading time\" \/>\n\t<meta name=\"twitter:data2\" content=\"1 minute\" \/>\n<script type=\"application\/ld+json\" class=\"seo-schema-graph\">{\"@context\":\"https:\\\/\\\/schema.org\",\"@graph\":[{\"@type\":\"NewsArticle\",\"@id\":\"https:\\\/\\\/darkamazi.site\\\/archives\\\/1010182#article\",\"isPartOf\":{\"@id\":\"https:\\\/\\\/darkamazi.site\\\/archives\\\/1010182\"},\"author\":{\"name\":\"darka mazi\",\"@id\":\"https:\\\/\\\/darkamazi.site\\\/#\\\/schema\\\/person\\\/67986a95ac546c16760365877ef4a9d3\"},\"headline\":\"Bilbile Amed&#8217;e \u00fcnl\u00fc dengbej Sey\u00eedxan\u00ea Boyax\u00e7\u00ee hayat\u0131n\u0131 kaybetti\",\"datePublished\":\"2020-07-05T16:28:56+00:00\",\"dateModified\":\"2020-07-05T20:36:24+00:00\",\"mainEntityOfPage\":{\"@id\":\"https:\\\/\\\/darkamazi.site\\\/archives\\\/1010182\"},\"wordCount\":255,\"publisher\":{\"@id\":\"https:\\\/\\\/darkamazi.site\\\/#organization\"},\"image\":{\"@id\":\"https:\\\/\\\/darkamazi.site\\\/archives\\\/1010182#primaryimage\"},\"thumbnailUrl\":\"https:\\\/\\\/darkamazi.site\\\/darka-content\\\/uploads\\\/2020\\\/07\\\/seyithan.jpg\",\"keywords\":[\"\u00f6nemli\"],\"articleSection\":[\"Sanat\"],\"inLanguage\":\"en-US\"},{\"@type\":\"WebPage\",\"@id\":\"https:\\\/\\\/darkamazi.site\\\/archives\\\/1010182\",\"url\":\"https:\\\/\\\/darkamazi.site\\\/archives\\\/1010182\",\"name\":\"Bilbile Amed'e \u00fcnl\u00fc dengbej Sey\u00eedxan\u00ea Boyax\u00e7\u00ee hayat\u0131n\u0131 kaybetti - Darka Mazi\",\"isPartOf\":{\"@id\":\"https:\\\/\\\/darkamazi.site\\\/#website\"},\"primaryImageOfPage\":{\"@id\":\"https:\\\/\\\/darkamazi.site\\\/archives\\\/1010182#primaryimage\"},\"image\":{\"@id\":\"https:\\\/\\\/darkamazi.site\\\/archives\\\/1010182#primaryimage\"},\"thumbnailUrl\":\"https:\\\/\\\/darkamazi.site\\\/darka-content\\\/uploads\\\/2020\\\/07\\\/seyithan.jpg\",\"datePublished\":\"2020-07-05T16:28:56+00:00\",\"dateModified\":\"2020-07-05T20:36:24+00:00\",\"breadcrumb\":{\"@id\":\"https:\\\/\\\/darkamazi.site\\\/archives\\\/1010182#breadcrumb\"},\"inLanguage\":\"en-US\",\"potentialAction\":[{\"@type\":\"ReadAction\",\"target\":[\"https:\\\/\\\/darkamazi.site\\\/archives\\\/1010182\"]}]},{\"@type\":\"ImageObject\",\"inLanguage\":\"en-US\",\"@id\":\"https:\\\/\\\/darkamazi.site\\\/archives\\\/1010182#primaryimage\",\"url\":\"https:\\\/\\\/darkamazi.site\\\/darka-content\\\/uploads\\\/2020\\\/07\\\/seyithan.jpg\",\"contentUrl\":\"https:\\\/\\\/darkamazi.site\\\/darka-content\\\/uploads\\\/2020\\\/07\\\/seyithan.jpg\",\"width\":1920,\"height\":1080,\"caption\":\"Bilbile Amed'e \u00fcnl\u00fc dengbej Sey\u00eedxan\u00ea Boyax\u00e7\u00ee hayat\u0131n\u0131 kaybetti\"},{\"@type\":\"BreadcrumbList\",\"@id\":\"https:\\\/\\\/darkamazi.site\\\/archives\\\/1010182#breadcrumb\",\"itemListElement\":[{\"@type\":\"ListItem\",\"position\":1,\"name\":\"Home\",\"item\":\"https:\\\/\\\/darkamazi.site\\\/\"},{\"@type\":\"ListItem\",\"position\":2,\"name\":\"Bilbile Amed&#8217;e \u00fcnl\u00fc dengbej Sey\u00eedxan\u00ea Boyax\u00e7\u00ee hayat\u0131n\u0131 kaybetti\"}]},{\"@type\":\"WebSite\",\"@id\":\"https:\\\/\\\/darkamazi.site\\\/#website\",\"url\":\"https:\\\/\\\/darkamazi.site\\\/\",\"name\":\"Darka Mazi\",\"description\":\"Ana Sayfa\",\"publisher\":{\"@id\":\"https:\\\/\\\/darkamazi.site\\\/#organization\"},\"potentialAction\":[{\"@type\":\"SearchAction\",\"target\":{\"@type\":\"EntryPoint\",\"urlTemplate\":\"https:\\\/\\\/darkamazi.site\\\/?s={search_term_string}\"},\"query-input\":{\"@type\":\"PropertyValueSpecification\",\"valueRequired\":true,\"valueName\":\"search_term_string\"}}],\"inLanguage\":\"en-US\"},{\"@type\":\"Organization\",\"@id\":\"https:\\\/\\\/darkamazi.site\\\/#organization\",\"name\":\"Darka Mazi T\u00fcrk\u00e7e\",\"alternateName\":\"Darka Mazi\",\"url\":\"https:\\\/\\\/darkamazi.site\\\/\",\"logo\":{\"@type\":\"ImageObject\",\"inLanguage\":\"en-US\",\"@id\":\"https:\\\/\\\/darkamazi.site\\\/#\\\/schema\\\/logo\\\/image\\\/\",\"url\":\"https:\\\/\\\/darkamazi.site\\\/darka-content\\\/uploads\\\/2017\\\/12\\\/darka-mazi-logo.png\",\"contentUrl\":\"https:\\\/\\\/darkamazi.site\\\/darka-content\\\/uploads\\\/2017\\\/12\\\/darka-mazi-logo.png\",\"width\":151,\"height\":75,\"caption\":\"Darka Mazi T\u00fcrk\u00e7e\"},\"image\":{\"@id\":\"https:\\\/\\\/darkamazi.site\\\/#\\\/schema\\\/logo\\\/image\\\/\"},\"sameAs\":[\"https:\\\/\\\/www.facebook.com\\\/DarkaMaziturkce\",\"https:\\\/\\\/x.com\\\/DarkaMaziTurkce\"]},{\"@type\":\"Person\",\"@id\":\"https:\\\/\\\/darkamazi.site\\\/#\\\/schema\\\/person\\\/67986a95ac546c16760365877ef4a9d3\",\"name\":\"darka mazi\",\"sameAs\":[\"https:\\\/\\\/darkamazi.site\"],\"url\":\"https:\\\/\\\/darkamazi.site\\\/archives\\\/author\\\/turkish\"}]}<\/script>\n<!-- \/ Yoast SEO plugin. -->","seo_head_json":{"title":"Bilbile Amed'e \u00fcnl\u00fc dengbej Sey\u00eedxan\u00ea Boyax\u00e7\u00ee hayat\u0131n\u0131 kaybetti - Darka Mazi","robots":{"index":"index","follow":"follow","max-snippet":"max-snippet:-1","max-image-preview":"max-image-preview:large","max-video-preview":"max-video-preview:-1"},"canonical":"https:\/\/darkamazi.site\/archives\/1010182","og_locale":"en_US","og_type":"article","og_title":"Bilbile Amed'e \u00fcnl\u00fc dengbej Sey\u00eedxan\u00ea Boyax\u00e7\u00ee hayat\u0131n\u0131 kaybetti - Darka Mazi","og_description":"\u00a0Uzun y\u0131llar (25 y\u0131l) Suri\u00e7i&#8217;nde ayakkab\u0131 boyac\u0131l\u0131\u011f\u0131 yapan ve dengb\u00eajlikten de asla vazge\u00e7meyen dengb\u00eajlik unvan\u0131n\u0131n yan\u0131nda boyac\u0131l\u0131kla da an\u0131lan K\u00fcrt dengb\u00eaj Seyidxan Boyax\u00e7\u00ee\u00a0hayat\u0131n\u0131 kaybetti. Diyarbak\u0131rl\u0131 \u00fcnl\u00fc dengb\u00eaj Seyidxan Boyax\u00e7\u00ee, bug\u00fcn \u00f6\u011fle saatlerinde ya\u015fam\u0131n\u0131 yitirdi. Ya\u015f\u0131 90\u2019a yak\u0131n olan Sey\u00eedxan\u00ea Boyax\u00e7\u00ee, uzun bir s\u00fcredir hastal\u0131klarla m\u00fccadele ediyordu. K24\u2019e konu\u015fan dengb\u00eajin o\u011flu Mehmet \u015eim\u015fek, babas\u0131n\u0131n bir bu\u00e7uk [&hellip;]","og_url":"https:\/\/darkamazi.site\/archives\/1010182","og_site_name":"Darka Mazi","article_publisher":"https:\/\/www.facebook.com\/DarkaMaziturkce","article_published_time":"2020-07-05T16:28:56+00:00","article_modified_time":"2020-07-05T20:36:24+00:00","og_image":[{"width":1920,"height":1080,"url":"https:\/\/darkamazi.site\/file\/2020\/07\/seyithan.jpg","type":"image\/jpeg"}],"author":"darka mazi","twitter_card":"summary_large_image","twitter_creator":"@DarkaMaziTurkce","twitter_site":"@DarkaMaziTurkce","twitter_misc":{"Written by":"darka mazi","Est. reading time":"1 minute"},"schema":{"@context":"https:\/\/schema.org","@graph":[{"@type":"NewsArticle","@id":"https:\/\/darkamazi.site\/archives\/1010182#article","isPartOf":{"@id":"https:\/\/darkamazi.site\/archives\/1010182"},"author":{"name":"darka mazi","@id":"https:\/\/darkamazi.site\/#\/schema\/person\/67986a95ac546c16760365877ef4a9d3"},"headline":"Bilbile Amed&#8217;e \u00fcnl\u00fc dengbej Sey\u00eedxan\u00ea Boyax\u00e7\u00ee hayat\u0131n\u0131 kaybetti","datePublished":"2020-07-05T16:28:56+00:00","dateModified":"2020-07-05T20:36:24+00:00","mainEntityOfPage":{"@id":"https:\/\/darkamazi.site\/archives\/1010182"},"wordCount":255,"publisher":{"@id":"https:\/\/darkamazi.site\/#organization"},"image":{"@id":"https:\/\/darkamazi.site\/archives\/1010182#primaryimage"},"thumbnailUrl":"https:\/\/darkamazi.site\/file\/2020\/07\/seyithan.jpg","keywords":["\u00f6nemli"],"articleSection":["Sanat"],"inLanguage":"en-US"},{"@type":"WebPage","@id":"https:\/\/darkamazi.site\/archives\/1010182","url":"https:\/\/darkamazi.site\/archives\/1010182","name":"Bilbile Amed'e \u00fcnl\u00fc dengbej Sey\u00eedxan\u00ea Boyax\u00e7\u00ee hayat\u0131n\u0131 kaybetti - Darka Mazi","isPartOf":{"@id":"https:\/\/darkamazi.site\/#website"},"primaryImageOfPage":{"@id":"https:\/\/darkamazi.site\/archives\/1010182#primaryimage"},"image":{"@id":"https:\/\/darkamazi.site\/archives\/1010182#primaryimage"},"thumbnailUrl":"https:\/\/darkamazi.site\/file\/2020\/07\/seyithan.jpg","datePublished":"2020-07-05T16:28:56+00:00","dateModified":"2020-07-05T20:36:24+00:00","breadcrumb":{"@id":"https:\/\/darkamazi.site\/archives\/1010182#breadcrumb"},"inLanguage":"en-US","potentialAction":[{"@type":"ReadAction","target":["https:\/\/darkamazi.site\/archives\/1010182"]}]},{"@type":"ImageObject","inLanguage":"en-US","@id":"https:\/\/darkamazi.site\/archives\/1010182#primaryimage","url":"https:\/\/darkamazi.site\/file\/2020\/07\/seyithan.jpg","contentUrl":"https:\/\/darkamazi.site\/file\/2020\/07\/seyithan.jpg","width":1920,"height":1080,"caption":"Bilbile Amed'e \u00fcnl\u00fc dengbej Sey\u00eedxan\u00ea Boyax\u00e7\u00ee hayat\u0131n\u0131 kaybetti"},{"@type":"BreadcrumbList","@id":"https:\/\/darkamazi.site\/archives\/1010182#breadcrumb","itemListElement":[{"@type":"ListItem","position":1,"name":"Home","item":"https:\/\/darkamazi.site\/"},{"@type":"ListItem","position":2,"name":"Bilbile Amed&#8217;e \u00fcnl\u00fc dengbej Sey\u00eedxan\u00ea Boyax\u00e7\u00ee hayat\u0131n\u0131 kaybetti"}]},{"@type":"WebSite","@id":"https:\/\/darkamazi.site\/#website","url":"https:\/\/darkamazi.site\/","name":"Darka Mazi","description":"Ana Sayfa","publisher":{"@id":"https:\/\/darkamazi.site\/#organization"},"potentialAction":[{"@type":"SearchAction","target":{"@type":"EntryPoint","urlTemplate":"https:\/\/darkamazi.site\/?s={search_term_string}"},"query-input":{"@type":"PropertyValueSpecification","valueRequired":true,"valueName":"search_term_string"}}],"inLanguage":"en-US"},{"@type":"Organization","@id":"https:\/\/darkamazi.site\/#organization","name":"Darka Mazi T\u00fcrk\u00e7e","alternateName":"Darka Mazi","url":"https:\/\/darkamazi.site\/","logo":{"@type":"ImageObject","inLanguage":"en-US","@id":"https:\/\/darkamazi.site\/#\/schema\/logo\/image\/","url":"https:\/\/darkamazi.site\/file\/2017\/12\/darka-mazi-logo.png","contentUrl":"https:\/\/darkamazi.site\/file\/2017\/12\/darka-mazi-logo.png","width":151,"height":75,"caption":"Darka Mazi T\u00fcrk\u00e7e"},"image":{"@id":"https:\/\/darkamazi.site\/#\/schema\/logo\/image\/"},"sameAs":["https:\/\/www.facebook.com\/DarkaMaziturkce","https:\/\/x.com\/DarkaMaziTurkce"]},{"@type":"Person","@id":"https:\/\/darkamazi.site\/#\/schema\/person\/67986a95ac546c16760365877ef4a9d3","name":"darka mazi","sameAs":["https:\/\/darkamazi.site"],"url":"https:\/\/darkamazi.site\/archives\/author\/turkish"}]}},"_links":{"self":[{"href":"https:\/\/darkamazi.site\/funavuv\/wp\/v2\/posts\/1010182","targetHints":{"allow":["GET"]}}],"collection":[{"href":"https:\/\/darkamazi.site\/funavuv\/wp\/v2\/posts"}],"about":[{"href":"https:\/\/darkamazi.site\/funavuv\/wp\/v2\/types\/post"}],"author":[{"embeddable":true,"href":"https:\/\/darkamazi.site\/funavuv\/wp\/v2\/users\/2"}],"replies":[{"embeddable":true,"href":"https:\/\/darkamazi.site\/funavuv\/wp\/v2\/comments?post=1010182"}],"version-history":[{"count":0,"href":"https:\/\/darkamazi.site\/funavuv\/wp\/v2\/posts\/1010182\/revisions"}],"wp:featuredmedia":[{"embeddable":true,"href":"https:\/\/darkamazi.site\/funavuv\/wp\/v2\/media\/1010183"}],"wp:attachment":[{"href":"https:\/\/darkamazi.site\/funavuv\/wp\/v2\/media?parent=1010182"}],"wp:term":[{"taxonomy":"category","embeddable":true,"href":"https:\/\/darkamazi.site\/funavuv\/wp\/v2\/categories?post=1010182"},{"taxonomy":"post_tag","embeddable":true,"href":"https:\/\/darkamazi.site\/funavuv\/wp\/v2\/tags?post=1010182"}],"curies":[{"name":"wp","href":"https:\/\/api.w.org\/{rel}","templated":true}]}}