{"id":1010198,"date":"2020-07-07T13:03:02","date_gmt":"2020-07-07T10:03:02","guid":{"rendered":"https:\/\/darkamazi.site\/?p=1010198"},"modified":"2020-07-07T13:03:02","modified_gmt":"2020-07-07T10:03:02","slug":"iran-pastarlar-ordusu-serdest-kentinde-bir-cobani-sehit-etti","status":"publish","type":"post","link":"https:\/\/darkamazi.site\/archives\/1010198","title":{"rendered":"\u0130ran Pastarlar Ordusu Serde\u015ft kentinde bir \u00e7oban\u0131 \u015fehit etti"},"content":{"rendered":"<p style=\"text-align: justify\">\u00a0Do\u011fu K\u00fcrdistan\u2019\u0131n Serde\u015ft kentinde \u0130ran g\u00fcvenlik g\u00fc\u00e7lerinin a\u00e7t\u0131\u011f\u0131 ate\u015f sonucu 1 \u00e7oban ya\u015fam\u0131n\u0131 yitirdi.<\/p>\n<p style=\"text-align: justify\">Do\u011fu K\u00fcrdistan \u0130nsan Haklar\u0131 \u00d6rg\u00fct\u00fc Hengaw\u2019\u0131n bildirdi\u011fine g\u00f6re bu sabah saatlerinde \u0130ran g\u00fcvenlik g\u00fc\u00e7leri Serde\u015ft kentine ba\u011fl\u0131 Wezen\u00ea ovas\u0131nda hayvanlar\u0131n\u0131 otlatan Y\u00fbsiv Ehmed\u00ee isimli K\u00fcrt \u00e7oban\u0131 \u00f6ld\u00fcrd\u00fc.<\/p>\n<p style=\"text-align: justify\">\u00d6te yandan K\u00fcrdistan B\u00f6lgesi ile s\u0131n\u0131r olan Do\u011fu K\u00fcrdistan\u2019\u0131n P\u00eeran\u015far s\u0131n\u0131r\u0131nda 17 ya\u015f\u0131ndaki Rebin \u00cesm\u00eel isimli \u00e7oban g\u00fcvenlik g\u00fc\u00e7lerinin a\u00e7t\u0131\u011f\u0131 ate\u015f sonucu a\u011f\u0131r yaraland\u0131.<\/p>\n<p style=\"text-align: justify\">\u0130ran ordusunun Do\u011fu K\u00fcrdistan\u2019\u0131n Kirma\u015fan, Mer\u00eewan, Bane, P\u00eeran\u015far ve Urmiye kentlerine askeri y\u0131\u011f\u0131nak yapt\u0131\u011f\u0131 ve s\u0131n\u0131rda operasyon ba\u015flatt\u0131\u011f\u0131 bildiriliyor.<\/p>\n","protected":false},"excerpt":{"rendered":"<p>\u00a0Do\u011fu K\u00fcrdistan\u2019\u0131n Serde\u015ft kentinde \u0130ran g\u00fcvenlik g\u00fc\u00e7lerinin a\u00e7t\u0131\u011f\u0131 ate\u015f sonucu 1 \u00e7oban ya\u015fam\u0131n\u0131 yitirdi. Do\u011fu K\u00fcrdistan \u0130nsan Haklar\u0131 \u00d6rg\u00fct\u00fc Hengaw\u2019\u0131n bildirdi\u011fine g\u00f6re bu sabah saatlerinde \u0130ran g\u00fcvenlik g\u00fc\u00e7leri Serde\u015ft kentine ba\u011fl\u0131 Wezen\u00ea ovas\u0131nda hayvanlar\u0131n\u0131 otlatan Y\u00fbsiv Ehmed\u00ee isimli K\u00fcrt \u00e7oban\u0131 \u00f6ld\u00fcrd\u00fc. \u00d6te yandan K\u00fcrdistan B\u00f6lgesi ile s\u0131n\u0131r olan Do\u011fu K\u00fcrdistan\u2019\u0131n P\u00eeran\u015far s\u0131n\u0131r\u0131nda 17 ya\u015f\u0131ndaki Rebin [&hellip;]<\/p>\n","protected":false},"author":2,"featured_media":1010199,"comment_status":"closed","ping_status":"closed","sticky":false,"template":"","format":"standard","meta":{"footnotes":""},"categories":[3],"tags":[],"class_list":["post-1010198","post","type-post","status-publish","format-standard","has-post-thumbnail","hentry","category-kurdistan"],"blocksy_meta":[],"seo_head":"<!-- This site is optimized with the Yoast SEO plugin v27.5 - https:\/\/yoast.com\/product\/yoast-seo-wordpress\/ -->\n<title>\u0130ran Pastarlar Ordusu Serde\u015ft kentinde bir \u00e7oban\u0131 \u015fehit etti - Darka Mazi<\/title>\n<meta name=\"robots\" content=\"index, follow, max-snippet:-1, max-image-preview:large, max-video-preview:-1\" \/>\n<link rel=\"canonical\" href=\"https:\/\/darkamazi.site\/archives\/1010198\" \/>\n<meta property=\"og:locale\" content=\"en_US\" \/>\n<meta property=\"og:type\" content=\"article\" \/>\n<meta property=\"og:title\" content=\"\u0130ran Pastarlar Ordusu Serde\u015ft kentinde bir \u00e7oban\u0131 \u015fehit etti - Darka Mazi\" \/>\n<meta property=\"og:description\" content=\"\u00a0Do\u011fu K\u00fcrdistan\u2019\u0131n Serde\u015ft kentinde \u0130ran g\u00fcvenlik g\u00fc\u00e7lerinin a\u00e7t\u0131\u011f\u0131 ate\u015f sonucu 1 \u00e7oban ya\u015fam\u0131n\u0131 yitirdi. Do\u011fu K\u00fcrdistan \u0130nsan Haklar\u0131 \u00d6rg\u00fct\u00fc Hengaw\u2019\u0131n bildirdi\u011fine g\u00f6re bu sabah saatlerinde \u0130ran g\u00fcvenlik g\u00fc\u00e7leri Serde\u015ft kentine ba\u011fl\u0131 Wezen\u00ea ovas\u0131nda hayvanlar\u0131n\u0131 otlatan Y\u00fbsiv Ehmed\u00ee isimli K\u00fcrt \u00e7oban\u0131 \u00f6ld\u00fcrd\u00fc. \u00d6te yandan K\u00fcrdistan B\u00f6lgesi ile s\u0131n\u0131r olan Do\u011fu K\u00fcrdistan\u2019\u0131n P\u00eeran\u015far s\u0131n\u0131r\u0131nda 17 ya\u015f\u0131ndaki Rebin [&hellip;]\" \/>\n<meta property=\"og:url\" content=\"https:\/\/darkamazi.site\/archives\/1010198\" \/>\n<meta property=\"og:site_name\" content=\"Darka Mazi\" \/>\n<meta property=\"article:publisher\" content=\"https:\/\/www.facebook.com\/DarkaMaziturkce\" \/>\n<meta property=\"article:published_time\" content=\"2020-07-07T10:03:02+00:00\" \/>\n<meta property=\"og:image\" content=\"https:\/\/darkamazi.site\/file\/2020\/07\/iran-pasdar-crime.jpg\" \/>\n\t<meta property=\"og:image:width\" content=\"822\" \/>\n\t<meta property=\"og:image:height\" content=\"454\" \/>\n\t<meta property=\"og:image:type\" content=\"image\/jpeg\" \/>\n<meta name=\"author\" content=\"darka mazi\" \/>\n<meta name=\"twitter:card\" content=\"summary_large_image\" \/>\n<meta name=\"twitter:creator\" content=\"@DarkaMaziTurkce\" \/>\n<meta name=\"twitter:site\" content=\"@DarkaMaziTurkce\" \/>\n<meta name=\"twitter:label1\" content=\"Written by\" \/>\n\t<meta name=\"twitter:data1\" content=\"darka mazi\" \/>\n\t<meta name=\"twitter:label2\" content=\"Est. reading time\" \/>\n\t<meta name=\"twitter:data2\" content=\"1 minute\" \/>\n<script type=\"application\/ld+json\" class=\"seo-schema-graph\">{\"@context\":\"https:\\\/\\\/schema.org\",\"@graph\":[{\"@type\":\"NewsArticle\",\"@id\":\"https:\\\/\\\/darkamazi.site\\\/archives\\\/1010198#article\",\"isPartOf\":{\"@id\":\"https:\\\/\\\/darkamazi.site\\\/archives\\\/1010198\"},\"author\":{\"name\":\"darka mazi\",\"@id\":\"https:\\\/\\\/darkamazi.site\\\/#\\\/schema\\\/person\\\/67986a95ac546c16760365877ef4a9d3\"},\"headline\":\"\u0130ran Pastarlar Ordusu Serde\u015ft kentinde bir \u00e7oban\u0131 \u015fehit etti\",\"datePublished\":\"2020-07-07T10:03:02+00:00\",\"mainEntityOfPage\":{\"@id\":\"https:\\\/\\\/darkamazi.site\\\/archives\\\/1010198\"},\"wordCount\":145,\"publisher\":{\"@id\":\"https:\\\/\\\/darkamazi.site\\\/#organization\"},\"image\":{\"@id\":\"https:\\\/\\\/darkamazi.site\\\/archives\\\/1010198#primaryimage\"},\"thumbnailUrl\":\"https:\\\/\\\/darkamazi.site\\\/darka-content\\\/uploads\\\/2020\\\/07\\\/iran-pasdar-crime.jpg\",\"articleSection\":[\"Kurdistan\"],\"inLanguage\":\"en-US\"},{\"@type\":\"WebPage\",\"@id\":\"https:\\\/\\\/darkamazi.site\\\/archives\\\/1010198\",\"url\":\"https:\\\/\\\/darkamazi.site\\\/archives\\\/1010198\",\"name\":\"\u0130ran Pastarlar Ordusu Serde\u015ft kentinde bir \u00e7oban\u0131 \u015fehit etti - Darka Mazi\",\"isPartOf\":{\"@id\":\"https:\\\/\\\/darkamazi.site\\\/#website\"},\"primaryImageOfPage\":{\"@id\":\"https:\\\/\\\/darkamazi.site\\\/archives\\\/1010198#primaryimage\"},\"image\":{\"@id\":\"https:\\\/\\\/darkamazi.site\\\/archives\\\/1010198#primaryimage\"},\"thumbnailUrl\":\"https:\\\/\\\/darkamazi.site\\\/darka-content\\\/uploads\\\/2020\\\/07\\\/iran-pasdar-crime.jpg\",\"datePublished\":\"2020-07-07T10:03:02+00:00\",\"breadcrumb\":{\"@id\":\"https:\\\/\\\/darkamazi.site\\\/archives\\\/1010198#breadcrumb\"},\"inLanguage\":\"en-US\",\"potentialAction\":[{\"@type\":\"ReadAction\",\"target\":[\"https:\\\/\\\/darkamazi.site\\\/archives\\\/1010198\"]}]},{\"@type\":\"ImageObject\",\"inLanguage\":\"en-US\",\"@id\":\"https:\\\/\\\/darkamazi.site\\\/archives\\\/1010198#primaryimage\",\"url\":\"https:\\\/\\\/darkamazi.site\\\/darka-content\\\/uploads\\\/2020\\\/07\\\/iran-pasdar-crime.jpg\",\"contentUrl\":\"https:\\\/\\\/darkamazi.site\\\/darka-content\\\/uploads\\\/2020\\\/07\\\/iran-pasdar-crime.jpg\",\"width\":822,\"height\":454,\"caption\":\"\u0130ran Pastarlar Ordusu Serde\u015ft kentinde bir \u00e7oban\u0131 \u015fehit etti\"},{\"@type\":\"BreadcrumbList\",\"@id\":\"https:\\\/\\\/darkamazi.site\\\/archives\\\/1010198#breadcrumb\",\"itemListElement\":[{\"@type\":\"ListItem\",\"position\":1,\"name\":\"Home\",\"item\":\"https:\\\/\\\/darkamazi.site\\\/\"},{\"@type\":\"ListItem\",\"position\":2,\"name\":\"\u0130ran Pastarlar Ordusu Serde\u015ft kentinde bir \u00e7oban\u0131 \u015fehit etti\"}]},{\"@type\":\"WebSite\",\"@id\":\"https:\\\/\\\/darkamazi.site\\\/#website\",\"url\":\"https:\\\/\\\/darkamazi.site\\\/\",\"name\":\"Darka Mazi\",\"description\":\"Ana Sayfa\",\"publisher\":{\"@id\":\"https:\\\/\\\/darkamazi.site\\\/#organization\"},\"potentialAction\":[{\"@type\":\"SearchAction\",\"target\":{\"@type\":\"EntryPoint\",\"urlTemplate\":\"https:\\\/\\\/darkamazi.site\\\/?s={search_term_string}\"},\"query-input\":{\"@type\":\"PropertyValueSpecification\",\"valueRequired\":true,\"valueName\":\"search_term_string\"}}],\"inLanguage\":\"en-US\"},{\"@type\":\"Organization\",\"@id\":\"https:\\\/\\\/darkamazi.site\\\/#organization\",\"name\":\"Darka Mazi T\u00fcrk\u00e7e\",\"alternateName\":\"Darka Mazi\",\"url\":\"https:\\\/\\\/darkamazi.site\\\/\",\"logo\":{\"@type\":\"ImageObject\",\"inLanguage\":\"en-US\",\"@id\":\"https:\\\/\\\/darkamazi.site\\\/#\\\/schema\\\/logo\\\/image\\\/\",\"url\":\"https:\\\/\\\/darkamazi.site\\\/darka-content\\\/uploads\\\/2017\\\/12\\\/darka-mazi-logo.png\",\"contentUrl\":\"https:\\\/\\\/darkamazi.site\\\/darka-content\\\/uploads\\\/2017\\\/12\\\/darka-mazi-logo.png\",\"width\":151,\"height\":75,\"caption\":\"Darka Mazi T\u00fcrk\u00e7e\"},\"image\":{\"@id\":\"https:\\\/\\\/darkamazi.site\\\/#\\\/schema\\\/logo\\\/image\\\/\"},\"sameAs\":[\"https:\\\/\\\/www.facebook.com\\\/DarkaMaziturkce\",\"https:\\\/\\\/x.com\\\/DarkaMaziTurkce\"]},{\"@type\":\"Person\",\"@id\":\"https:\\\/\\\/darkamazi.site\\\/#\\\/schema\\\/person\\\/67986a95ac546c16760365877ef4a9d3\",\"name\":\"darka mazi\",\"sameAs\":[\"https:\\\/\\\/darkamazi.site\"],\"url\":\"https:\\\/\\\/darkamazi.site\\\/archives\\\/author\\\/turkish\"}]}<\/script>\n<!-- \/ Yoast SEO plugin. -->","seo_head_json":{"title":"\u0130ran Pastarlar Ordusu Serde\u015ft kentinde bir \u00e7oban\u0131 \u015fehit etti - Darka Mazi","robots":{"index":"index","follow":"follow","max-snippet":"max-snippet:-1","max-image-preview":"max-image-preview:large","max-video-preview":"max-video-preview:-1"},"canonical":"https:\/\/darkamazi.site\/archives\/1010198","og_locale":"en_US","og_type":"article","og_title":"\u0130ran Pastarlar Ordusu Serde\u015ft kentinde bir \u00e7oban\u0131 \u015fehit etti - Darka Mazi","og_description":"\u00a0Do\u011fu K\u00fcrdistan\u2019\u0131n Serde\u015ft kentinde \u0130ran g\u00fcvenlik g\u00fc\u00e7lerinin a\u00e7t\u0131\u011f\u0131 ate\u015f sonucu 1 \u00e7oban ya\u015fam\u0131n\u0131 yitirdi. Do\u011fu K\u00fcrdistan \u0130nsan Haklar\u0131 \u00d6rg\u00fct\u00fc Hengaw\u2019\u0131n bildirdi\u011fine g\u00f6re bu sabah saatlerinde \u0130ran g\u00fcvenlik g\u00fc\u00e7leri Serde\u015ft kentine ba\u011fl\u0131 Wezen\u00ea ovas\u0131nda hayvanlar\u0131n\u0131 otlatan Y\u00fbsiv Ehmed\u00ee isimli K\u00fcrt \u00e7oban\u0131 \u00f6ld\u00fcrd\u00fc. \u00d6te yandan K\u00fcrdistan B\u00f6lgesi ile s\u0131n\u0131r olan Do\u011fu K\u00fcrdistan\u2019\u0131n P\u00eeran\u015far s\u0131n\u0131r\u0131nda 17 ya\u015f\u0131ndaki Rebin [&hellip;]","og_url":"https:\/\/darkamazi.site\/archives\/1010198","og_site_name":"Darka Mazi","article_publisher":"https:\/\/www.facebook.com\/DarkaMaziturkce","article_published_time":"2020-07-07T10:03:02+00:00","og_image":[{"width":822,"height":454,"url":"https:\/\/darkamazi.site\/file\/2020\/07\/iran-pasdar-crime.jpg","type":"image\/jpeg"}],"author":"darka mazi","twitter_card":"summary_large_image","twitter_creator":"@DarkaMaziTurkce","twitter_site":"@DarkaMaziTurkce","twitter_misc":{"Written by":"darka mazi","Est. reading time":"1 minute"},"schema":{"@context":"https:\/\/schema.org","@graph":[{"@type":"NewsArticle","@id":"https:\/\/darkamazi.site\/archives\/1010198#article","isPartOf":{"@id":"https:\/\/darkamazi.site\/archives\/1010198"},"author":{"name":"darka mazi","@id":"https:\/\/darkamazi.site\/#\/schema\/person\/67986a95ac546c16760365877ef4a9d3"},"headline":"\u0130ran Pastarlar Ordusu Serde\u015ft kentinde bir \u00e7oban\u0131 \u015fehit etti","datePublished":"2020-07-07T10:03:02+00:00","mainEntityOfPage":{"@id":"https:\/\/darkamazi.site\/archives\/1010198"},"wordCount":145,"publisher":{"@id":"https:\/\/darkamazi.site\/#organization"},"image":{"@id":"https:\/\/darkamazi.site\/archives\/1010198#primaryimage"},"thumbnailUrl":"https:\/\/darkamazi.site\/file\/2020\/07\/iran-pasdar-crime.jpg","articleSection":["Kurdistan"],"inLanguage":"en-US"},{"@type":"WebPage","@id":"https:\/\/darkamazi.site\/archives\/1010198","url":"https:\/\/darkamazi.site\/archives\/1010198","name":"\u0130ran Pastarlar Ordusu Serde\u015ft kentinde bir \u00e7oban\u0131 \u015fehit etti - Darka Mazi","isPartOf":{"@id":"https:\/\/darkamazi.site\/#website"},"primaryImageOfPage":{"@id":"https:\/\/darkamazi.site\/archives\/1010198#primaryimage"},"image":{"@id":"https:\/\/darkamazi.site\/archives\/1010198#primaryimage"},"thumbnailUrl":"https:\/\/darkamazi.site\/file\/2020\/07\/iran-pasdar-crime.jpg","datePublished":"2020-07-07T10:03:02+00:00","breadcrumb":{"@id":"https:\/\/darkamazi.site\/archives\/1010198#breadcrumb"},"inLanguage":"en-US","potentialAction":[{"@type":"ReadAction","target":["https:\/\/darkamazi.site\/archives\/1010198"]}]},{"@type":"ImageObject","inLanguage":"en-US","@id":"https:\/\/darkamazi.site\/archives\/1010198#primaryimage","url":"https:\/\/darkamazi.site\/file\/2020\/07\/iran-pasdar-crime.jpg","contentUrl":"https:\/\/darkamazi.site\/file\/2020\/07\/iran-pasdar-crime.jpg","width":822,"height":454,"caption":"\u0130ran Pastarlar Ordusu Serde\u015ft kentinde bir \u00e7oban\u0131 \u015fehit etti"},{"@type":"BreadcrumbList","@id":"https:\/\/darkamazi.site\/archives\/1010198#breadcrumb","itemListElement":[{"@type":"ListItem","position":1,"name":"Home","item":"https:\/\/darkamazi.site\/"},{"@type":"ListItem","position":2,"name":"\u0130ran Pastarlar Ordusu Serde\u015ft kentinde bir \u00e7oban\u0131 \u015fehit etti"}]},{"@type":"WebSite","@id":"https:\/\/darkamazi.site\/#website","url":"https:\/\/darkamazi.site\/","name":"Darka Mazi","description":"Ana Sayfa","publisher":{"@id":"https:\/\/darkamazi.site\/#organization"},"potentialAction":[{"@type":"SearchAction","target":{"@type":"EntryPoint","urlTemplate":"https:\/\/darkamazi.site\/?s={search_term_string}"},"query-input":{"@type":"PropertyValueSpecification","valueRequired":true,"valueName":"search_term_string"}}],"inLanguage":"en-US"},{"@type":"Organization","@id":"https:\/\/darkamazi.site\/#organization","name":"Darka Mazi T\u00fcrk\u00e7e","alternateName":"Darka Mazi","url":"https:\/\/darkamazi.site\/","logo":{"@type":"ImageObject","inLanguage":"en-US","@id":"https:\/\/darkamazi.site\/#\/schema\/logo\/image\/","url":"https:\/\/darkamazi.site\/file\/2017\/12\/darka-mazi-logo.png","contentUrl":"https:\/\/darkamazi.site\/file\/2017\/12\/darka-mazi-logo.png","width":151,"height":75,"caption":"Darka Mazi T\u00fcrk\u00e7e"},"image":{"@id":"https:\/\/darkamazi.site\/#\/schema\/logo\/image\/"},"sameAs":["https:\/\/www.facebook.com\/DarkaMaziturkce","https:\/\/x.com\/DarkaMaziTurkce"]},{"@type":"Person","@id":"https:\/\/darkamazi.site\/#\/schema\/person\/67986a95ac546c16760365877ef4a9d3","name":"darka mazi","sameAs":["https:\/\/darkamazi.site"],"url":"https:\/\/darkamazi.site\/archives\/author\/turkish"}]}},"_links":{"self":[{"href":"https:\/\/darkamazi.site\/funavuv\/wp\/v2\/posts\/1010198","targetHints":{"allow":["GET"]}}],"collection":[{"href":"https:\/\/darkamazi.site\/funavuv\/wp\/v2\/posts"}],"about":[{"href":"https:\/\/darkamazi.site\/funavuv\/wp\/v2\/types\/post"}],"author":[{"embeddable":true,"href":"https:\/\/darkamazi.site\/funavuv\/wp\/v2\/users\/2"}],"replies":[{"embeddable":true,"href":"https:\/\/darkamazi.site\/funavuv\/wp\/v2\/comments?post=1010198"}],"version-history":[{"count":0,"href":"https:\/\/darkamazi.site\/funavuv\/wp\/v2\/posts\/1010198\/revisions"}],"wp:featuredmedia":[{"embeddable":true,"href":"https:\/\/darkamazi.site\/funavuv\/wp\/v2\/media\/1010199"}],"wp:attachment":[{"href":"https:\/\/darkamazi.site\/funavuv\/wp\/v2\/media?parent=1010198"}],"wp:term":[{"taxonomy":"category","embeddable":true,"href":"https:\/\/darkamazi.site\/funavuv\/wp\/v2\/categories?post=1010198"},{"taxonomy":"post_tag","embeddable":true,"href":"https:\/\/darkamazi.site\/funavuv\/wp\/v2\/tags?post=1010198"}],"curies":[{"name":"wp","href":"https:\/\/api.w.org\/{rel}","templated":true}]}}