{"id":1010281,"date":"2020-07-16T16:21:53","date_gmt":"2020-07-16T13:21:53","guid":{"rendered":"https:\/\/darkamazi.site\/?p=1010281"},"modified":"2020-07-16T16:21:53","modified_gmt":"2020-07-16T13:21:53","slug":"gani-mirzonun-savas-sonrasi-armonisine-italyada-en-iyi-kisa-belgesel-odulu","status":"publish","type":"post","link":"https:\/\/darkamazi.site\/archives\/1010281","title":{"rendered":"Gani Mirzo\u2019nun \u2018Sava\u015f Sonras\u0131 Armoni\u2019sine \u0130talya\u2019da \u2018En \u0130yi K\u0131sa Belgesel\u2019 \u00f6d\u00fcl\u00fc"},"content":{"rendered":"<p style=\"text-align: justify\"><span>Bat\u0131 K\u00fcrdistanl\u0131 (Rojava) d\u00fcnyaca \u00fcnl\u00fc K\u00fcrt sanat\u00e7\u0131 Gani Mirzo\u2019nun \u00e7ekti\u011fi ve Kobani\u2019de sava\u015f sonras\u0131 s\u00fcre\u00e7te ya\u015fananlar\u0131 konu alan \u2018Sava\u015f Sonras\u0131 Armoni\u2019 belgeseli, \u0130talya\u2019da d\u00fczenlenen Sole Luna Film Festivali\u2019nde \u2018En \u0130yi K\u0131sa Belgesel\u2019 \u00f6d\u00fcl\u00fcne lay\u0131k g\u00f6r\u00fcld\u00fc.<\/span><\/p>\n<p style=\"text-align: justify\"><span>\u0130talya\u2019n\u0131n Polermo kentinde d\u00fczenlenen Sole Luna Festivali\u2019ne \u201cSava\u015f Sonras\u0131 Armoni\u201d belgeseli ile kat\u0131lan m\u00fczik sanat\u00e7\u0131s\u0131 Gani Mirzo, bu festivalden de bir \u00f6d\u00fcl ald\u0131.<\/span><\/p>\n<p style=\"text-align: justify\"><span>Vah\u015fi ter\u00f6r \u00f6rg\u00fct\u00fc DA\u0130\u015e\u2019in sald\u0131r\u0131lar\u0131 ile d\u00fcnyan\u0131n direni\u015f mekanlar\u0131n\u0131n sembolleri aras\u0131na giren Kobani\u2019de \u00e7ekilen ve sava\u015f sonras\u0131 s\u00fcreci konu alan belgesel, festival j\u00fcrisi taraf\u0131ndan \u201cEn \u0130yi K\u0131sa Belgesel\u201d \u00f6d\u00fcl\u00fcne lay\u0131k g\u00f6r\u00fcld\u00fc.<\/span><\/p>\n<p style=\"text-align: justify\"><span>\u00d6d\u00fclle ilgili de\u011ferlendirmelerde bulunan K\u00fcrt sanat\u00e7\u0131 Mirzo, filmde m\u00fczik ve sanat ile sava\u015f\u0131n \u00e7irkin y\u00fcz\u00fcn\u00fc ortaya \u00e7\u0131karmay\u0131 ama\u00e7lad\u0131\u011f\u0131n\u0131 s\u00f6yledi.<\/span><\/p>\n<p style=\"text-align: justify\"><span>\u2018Sava\u015f Sonras\u0131 Armoni\u2019 filminde, sava\u015f s\u0131ras\u0131nda m\u00fczik enstr\u00fcmanlar\u0131n\u0131n Rojava\u2019ya g\u00f6t\u00fcr\u00fcl\u00fcp m\u00fczikseverlerle bulu\u015fturulmas\u0131n\u0131n hikayesi anlat\u0131l\u0131yor.<\/span><\/p>\n<p style=\"text-align: justify\"><span>Y\u00f6netmenli\u011fini Arjantinli y\u00f6netmenler Pablo Tosco ve Migue Roth\u2019un yapt\u0131\u011f\u0131 belgesel filmine R\u00fbdaw Medya Grubu da sponsor oldu.<\/span><\/p>\n<p style=\"text-align: justify\"><span>Rakka, Qami\u015flo ve Kobani gibi kentlerde \u00e7ekilen ve haz\u0131rlan\u0131\u015f\u0131 1 y\u0131l s\u00fcren belgeselde Ermeni ve \u0130spanyol m\u00fczisyenler de rol ald\u0131.<\/span><\/p>\n<p style=\"text-align: justify\"><span style=\"font-family: 'arial black', sans-serif;font-size: 12pt\">Gani Mirzo kimdir?<\/span><\/p>\n<p style=\"text-align: justify\"><span>1968 y\u0131l\u0131nda Rojava\u2019n\u0131n Qami\u015flo kentinde do\u011fan Gani Mirzo, Suriye\u2019nin Halep kentindeki konservatuarda m\u00fczik e\u011fitimi ald\u0131ktan sonra do\u011fdu\u011fu kente d\u00f6nerek m\u00fczik \u00f6\u011fretmenli\u011fi yapt\u0131.<\/span><\/p>\n<p style=\"text-align: justify\"><span>Gani Mirzo, m\u00fczik e\u011fitimi i\u00e7in 1993 y\u0131l\u0131nda gitti\u011fi \u0130spanya\u2019da sergiledi\u011fi m\u00fczik performanslar\u0131 ve deneysel \u00e7al\u0131\u015fmalar\u0131 ile d\u00fcnyan\u0131n en iyi m\u00fczisyenlerinin dikkatini \u00e7ekti. Yakla\u015f\u0131k 26 y\u0131ld\u0131r Barcelona\u2019da ya\u015fayan sanat\u00e7\u0131, m\u00fczik d\u0131\u015f\u0131nda bir \u00e7ok sanat dal\u0131nda da \u00e7al\u0131\u015fmalar y\u00fcr\u00fct\u00fcyor.<\/span><\/p>\n","protected":false},"excerpt":{"rendered":"<p>Bat\u0131 K\u00fcrdistanl\u0131 (Rojava) d\u00fcnyaca \u00fcnl\u00fc K\u00fcrt sanat\u00e7\u0131 Gani Mirzo\u2019nun \u00e7ekti\u011fi ve Kobani\u2019de sava\u015f sonras\u0131 s\u00fcre\u00e7te ya\u015fananlar\u0131 konu alan \u2018Sava\u015f Sonras\u0131 Armoni\u2019 belgeseli, \u0130talya\u2019da d\u00fczenlenen Sole Luna Film Festivali\u2019nde \u2018En \u0130yi K\u0131sa Belgesel\u2019 \u00f6d\u00fcl\u00fcne lay\u0131k g\u00f6r\u00fcld\u00fc. \u0130talya\u2019n\u0131n Polermo kentinde d\u00fczenlenen Sole Luna Festivali\u2019ne \u201cSava\u015f Sonras\u0131 Armoni\u201d belgeseli ile kat\u0131lan m\u00fczik sanat\u00e7\u0131s\u0131 Gani Mirzo, bu festivalden de [&hellip;]<\/p>\n","protected":false},"author":2,"featured_media":1010282,"comment_status":"closed","ping_status":"closed","sticky":false,"template":"","format":"standard","meta":{"footnotes":""},"categories":[33],"tags":[],"class_list":["post-1010281","post","type-post","status-publish","format-standard","has-post-thumbnail","hentry","category-sanat"],"blocksy_meta":[],"seo_head":"<!-- This site is optimized with the Yoast SEO plugin v27.5 - https:\/\/yoast.com\/product\/yoast-seo-wordpress\/ -->\n<title>Gani Mirzo\u2019nun \u2018Sava\u015f Sonras\u0131 Armoni\u2019sine \u0130talya\u2019da \u2018En \u0130yi K\u0131sa Belgesel\u2019 \u00f6d\u00fcl\u00fc - Darka Mazi<\/title>\n<meta name=\"robots\" content=\"index, follow, max-snippet:-1, max-image-preview:large, max-video-preview:-1\" \/>\n<link rel=\"canonical\" href=\"https:\/\/darkamazi.site\/archives\/1010281\" \/>\n<meta property=\"og:locale\" content=\"en_US\" \/>\n<meta property=\"og:type\" content=\"article\" \/>\n<meta property=\"og:title\" content=\"Gani Mirzo\u2019nun \u2018Sava\u015f Sonras\u0131 Armoni\u2019sine \u0130talya\u2019da \u2018En \u0130yi K\u0131sa Belgesel\u2019 \u00f6d\u00fcl\u00fc - Darka Mazi\" \/>\n<meta property=\"og:description\" content=\"Bat\u0131 K\u00fcrdistanl\u0131 (Rojava) d\u00fcnyaca \u00fcnl\u00fc K\u00fcrt sanat\u00e7\u0131 Gani Mirzo\u2019nun \u00e7ekti\u011fi ve Kobani\u2019de sava\u015f sonras\u0131 s\u00fcre\u00e7te ya\u015fananlar\u0131 konu alan \u2018Sava\u015f Sonras\u0131 Armoni\u2019 belgeseli, \u0130talya\u2019da d\u00fczenlenen Sole Luna Film Festivali\u2019nde \u2018En \u0130yi K\u0131sa Belgesel\u2019 \u00f6d\u00fcl\u00fcne lay\u0131k g\u00f6r\u00fcld\u00fc. \u0130talya\u2019n\u0131n Polermo kentinde d\u00fczenlenen Sole Luna Festivali\u2019ne \u201cSava\u015f Sonras\u0131 Armoni\u201d belgeseli ile kat\u0131lan m\u00fczik sanat\u00e7\u0131s\u0131 Gani Mirzo, bu festivalden de [&hellip;]\" \/>\n<meta property=\"og:url\" content=\"https:\/\/darkamazi.site\/archives\/1010281\" \/>\n<meta property=\"og:site_name\" content=\"Darka Mazi\" \/>\n<meta property=\"article:publisher\" content=\"https:\/\/www.facebook.com\/DarkaMaziturkce\" \/>\n<meta property=\"article:published_time\" content=\"2020-07-16T13:21:53+00:00\" \/>\n<meta property=\"og:image\" content=\"https:\/\/darkamazi.site\/file\/2020\/07\/gani.jpg\" \/>\n\t<meta property=\"og:image:width\" content=\"710\" \/>\n\t<meta property=\"og:image:height\" content=\"403\" \/>\n\t<meta property=\"og:image:type\" content=\"image\/jpeg\" \/>\n<meta name=\"author\" content=\"darka mazi\" \/>\n<meta name=\"twitter:card\" content=\"summary_large_image\" \/>\n<meta name=\"twitter:creator\" content=\"@DarkaMaziTurkce\" \/>\n<meta name=\"twitter:site\" content=\"@DarkaMaziTurkce\" \/>\n<meta name=\"twitter:label1\" content=\"Written by\" \/>\n\t<meta name=\"twitter:data1\" content=\"darka mazi\" \/>\n\t<meta name=\"twitter:label2\" content=\"Est. reading time\" \/>\n\t<meta name=\"twitter:data2\" content=\"2 minutes\" \/>\n<script type=\"application\/ld+json\" class=\"seo-schema-graph\">{\"@context\":\"https:\\\/\\\/schema.org\",\"@graph\":[{\"@type\":\"NewsArticle\",\"@id\":\"https:\\\/\\\/darkamazi.site\\\/archives\\\/1010281#article\",\"isPartOf\":{\"@id\":\"https:\\\/\\\/darkamazi.site\\\/archives\\\/1010281\"},\"author\":{\"name\":\"darka mazi\",\"@id\":\"https:\\\/\\\/darkamazi.site\\\/#\\\/schema\\\/person\\\/67986a95ac546c16760365877ef4a9d3\"},\"headline\":\"Gani Mirzo\u2019nun \u2018Sava\u015f Sonras\u0131 Armoni\u2019sine \u0130talya\u2019da \u2018En \u0130yi K\u0131sa Belgesel\u2019 \u00f6d\u00fcl\u00fc\",\"datePublished\":\"2020-07-16T13:21:53+00:00\",\"mainEntityOfPage\":{\"@id\":\"https:\\\/\\\/darkamazi.site\\\/archives\\\/1010281\"},\"wordCount\":357,\"publisher\":{\"@id\":\"https:\\\/\\\/darkamazi.site\\\/#organization\"},\"image\":{\"@id\":\"https:\\\/\\\/darkamazi.site\\\/archives\\\/1010281#primaryimage\"},\"thumbnailUrl\":\"https:\\\/\\\/darkamazi.site\\\/darka-content\\\/uploads\\\/2020\\\/07\\\/gani.jpg\",\"articleSection\":[\"Sanat\"],\"inLanguage\":\"en-US\"},{\"@type\":\"WebPage\",\"@id\":\"https:\\\/\\\/darkamazi.site\\\/archives\\\/1010281\",\"url\":\"https:\\\/\\\/darkamazi.site\\\/archives\\\/1010281\",\"name\":\"Gani Mirzo\u2019nun \u2018Sava\u015f Sonras\u0131 Armoni\u2019sine \u0130talya\u2019da \u2018En \u0130yi K\u0131sa Belgesel\u2019 \u00f6d\u00fcl\u00fc - Darka Mazi\",\"isPartOf\":{\"@id\":\"https:\\\/\\\/darkamazi.site\\\/#website\"},\"primaryImageOfPage\":{\"@id\":\"https:\\\/\\\/darkamazi.site\\\/archives\\\/1010281#primaryimage\"},\"image\":{\"@id\":\"https:\\\/\\\/darkamazi.site\\\/archives\\\/1010281#primaryimage\"},\"thumbnailUrl\":\"https:\\\/\\\/darkamazi.site\\\/darka-content\\\/uploads\\\/2020\\\/07\\\/gani.jpg\",\"datePublished\":\"2020-07-16T13:21:53+00:00\",\"breadcrumb\":{\"@id\":\"https:\\\/\\\/darkamazi.site\\\/archives\\\/1010281#breadcrumb\"},\"inLanguage\":\"en-US\",\"potentialAction\":[{\"@type\":\"ReadAction\",\"target\":[\"https:\\\/\\\/darkamazi.site\\\/archives\\\/1010281\"]}]},{\"@type\":\"ImageObject\",\"inLanguage\":\"en-US\",\"@id\":\"https:\\\/\\\/darkamazi.site\\\/archives\\\/1010281#primaryimage\",\"url\":\"https:\\\/\\\/darkamazi.site\\\/darka-content\\\/uploads\\\/2020\\\/07\\\/gani.jpg\",\"contentUrl\":\"https:\\\/\\\/darkamazi.site\\\/darka-content\\\/uploads\\\/2020\\\/07\\\/gani.jpg\",\"width\":710,\"height\":403,\"caption\":\"Gani Mirzo\u2019nun \u2018Sava\u015f Sonras\u0131 Armoni\u2019sine \u0130talya\u2019da \u2018En \u0130yi K\u0131sa Belgesel\u2019 \u00f6d\u00fcl\u00fc\"},{\"@type\":\"BreadcrumbList\",\"@id\":\"https:\\\/\\\/darkamazi.site\\\/archives\\\/1010281#breadcrumb\",\"itemListElement\":[{\"@type\":\"ListItem\",\"position\":1,\"name\":\"Home\",\"item\":\"https:\\\/\\\/darkamazi.site\\\/\"},{\"@type\":\"ListItem\",\"position\":2,\"name\":\"Gani Mirzo\u2019nun \u2018Sava\u015f Sonras\u0131 Armoni\u2019sine \u0130talya\u2019da \u2018En \u0130yi K\u0131sa Belgesel\u2019 \u00f6d\u00fcl\u00fc\"}]},{\"@type\":\"WebSite\",\"@id\":\"https:\\\/\\\/darkamazi.site\\\/#website\",\"url\":\"https:\\\/\\\/darkamazi.site\\\/\",\"name\":\"Darka Mazi\",\"description\":\"Ana Sayfa\",\"publisher\":{\"@id\":\"https:\\\/\\\/darkamazi.site\\\/#organization\"},\"potentialAction\":[{\"@type\":\"SearchAction\",\"target\":{\"@type\":\"EntryPoint\",\"urlTemplate\":\"https:\\\/\\\/darkamazi.site\\\/?s={search_term_string}\"},\"query-input\":{\"@type\":\"PropertyValueSpecification\",\"valueRequired\":true,\"valueName\":\"search_term_string\"}}],\"inLanguage\":\"en-US\"},{\"@type\":\"Organization\",\"@id\":\"https:\\\/\\\/darkamazi.site\\\/#organization\",\"name\":\"Darka Mazi T\u00fcrk\u00e7e\",\"alternateName\":\"Darka Mazi\",\"url\":\"https:\\\/\\\/darkamazi.site\\\/\",\"logo\":{\"@type\":\"ImageObject\",\"inLanguage\":\"en-US\",\"@id\":\"https:\\\/\\\/darkamazi.site\\\/#\\\/schema\\\/logo\\\/image\\\/\",\"url\":\"https:\\\/\\\/darkamazi.site\\\/darka-content\\\/uploads\\\/2017\\\/12\\\/darka-mazi-logo.png\",\"contentUrl\":\"https:\\\/\\\/darkamazi.site\\\/darka-content\\\/uploads\\\/2017\\\/12\\\/darka-mazi-logo.png\",\"width\":151,\"height\":75,\"caption\":\"Darka Mazi T\u00fcrk\u00e7e\"},\"image\":{\"@id\":\"https:\\\/\\\/darkamazi.site\\\/#\\\/schema\\\/logo\\\/image\\\/\"},\"sameAs\":[\"https:\\\/\\\/www.facebook.com\\\/DarkaMaziturkce\",\"https:\\\/\\\/x.com\\\/DarkaMaziTurkce\"]},{\"@type\":\"Person\",\"@id\":\"https:\\\/\\\/darkamazi.site\\\/#\\\/schema\\\/person\\\/67986a95ac546c16760365877ef4a9d3\",\"name\":\"darka mazi\",\"sameAs\":[\"https:\\\/\\\/darkamazi.site\"],\"url\":\"https:\\\/\\\/darkamazi.site\\\/archives\\\/author\\\/turkish\"}]}<\/script>\n<!-- \/ Yoast SEO plugin. -->","seo_head_json":{"title":"Gani Mirzo\u2019nun \u2018Sava\u015f Sonras\u0131 Armoni\u2019sine \u0130talya\u2019da \u2018En \u0130yi K\u0131sa Belgesel\u2019 \u00f6d\u00fcl\u00fc - Darka Mazi","robots":{"index":"index","follow":"follow","max-snippet":"max-snippet:-1","max-image-preview":"max-image-preview:large","max-video-preview":"max-video-preview:-1"},"canonical":"https:\/\/darkamazi.site\/archives\/1010281","og_locale":"en_US","og_type":"article","og_title":"Gani Mirzo\u2019nun \u2018Sava\u015f Sonras\u0131 Armoni\u2019sine \u0130talya\u2019da \u2018En \u0130yi K\u0131sa Belgesel\u2019 \u00f6d\u00fcl\u00fc - Darka Mazi","og_description":"Bat\u0131 K\u00fcrdistanl\u0131 (Rojava) d\u00fcnyaca \u00fcnl\u00fc K\u00fcrt sanat\u00e7\u0131 Gani Mirzo\u2019nun \u00e7ekti\u011fi ve Kobani\u2019de sava\u015f sonras\u0131 s\u00fcre\u00e7te ya\u015fananlar\u0131 konu alan \u2018Sava\u015f Sonras\u0131 Armoni\u2019 belgeseli, \u0130talya\u2019da d\u00fczenlenen Sole Luna Film Festivali\u2019nde \u2018En \u0130yi K\u0131sa Belgesel\u2019 \u00f6d\u00fcl\u00fcne lay\u0131k g\u00f6r\u00fcld\u00fc. \u0130talya\u2019n\u0131n Polermo kentinde d\u00fczenlenen Sole Luna Festivali\u2019ne \u201cSava\u015f Sonras\u0131 Armoni\u201d belgeseli ile kat\u0131lan m\u00fczik sanat\u00e7\u0131s\u0131 Gani Mirzo, bu festivalden de [&hellip;]","og_url":"https:\/\/darkamazi.site\/archives\/1010281","og_site_name":"Darka Mazi","article_publisher":"https:\/\/www.facebook.com\/DarkaMaziturkce","article_published_time":"2020-07-16T13:21:53+00:00","og_image":[{"width":710,"height":403,"url":"https:\/\/darkamazi.site\/file\/2020\/07\/gani.jpg","type":"image\/jpeg"}],"author":"darka mazi","twitter_card":"summary_large_image","twitter_creator":"@DarkaMaziTurkce","twitter_site":"@DarkaMaziTurkce","twitter_misc":{"Written by":"darka mazi","Est. reading time":"2 minutes"},"schema":{"@context":"https:\/\/schema.org","@graph":[{"@type":"NewsArticle","@id":"https:\/\/darkamazi.site\/archives\/1010281#article","isPartOf":{"@id":"https:\/\/darkamazi.site\/archives\/1010281"},"author":{"name":"darka mazi","@id":"https:\/\/darkamazi.site\/#\/schema\/person\/67986a95ac546c16760365877ef4a9d3"},"headline":"Gani Mirzo\u2019nun \u2018Sava\u015f Sonras\u0131 Armoni\u2019sine \u0130talya\u2019da \u2018En \u0130yi K\u0131sa Belgesel\u2019 \u00f6d\u00fcl\u00fc","datePublished":"2020-07-16T13:21:53+00:00","mainEntityOfPage":{"@id":"https:\/\/darkamazi.site\/archives\/1010281"},"wordCount":357,"publisher":{"@id":"https:\/\/darkamazi.site\/#organization"},"image":{"@id":"https:\/\/darkamazi.site\/archives\/1010281#primaryimage"},"thumbnailUrl":"https:\/\/darkamazi.site\/file\/2020\/07\/gani.jpg","articleSection":["Sanat"],"inLanguage":"en-US"},{"@type":"WebPage","@id":"https:\/\/darkamazi.site\/archives\/1010281","url":"https:\/\/darkamazi.site\/archives\/1010281","name":"Gani Mirzo\u2019nun \u2018Sava\u015f Sonras\u0131 Armoni\u2019sine \u0130talya\u2019da \u2018En \u0130yi K\u0131sa Belgesel\u2019 \u00f6d\u00fcl\u00fc - Darka Mazi","isPartOf":{"@id":"https:\/\/darkamazi.site\/#website"},"primaryImageOfPage":{"@id":"https:\/\/darkamazi.site\/archives\/1010281#primaryimage"},"image":{"@id":"https:\/\/darkamazi.site\/archives\/1010281#primaryimage"},"thumbnailUrl":"https:\/\/darkamazi.site\/file\/2020\/07\/gani.jpg","datePublished":"2020-07-16T13:21:53+00:00","breadcrumb":{"@id":"https:\/\/darkamazi.site\/archives\/1010281#breadcrumb"},"inLanguage":"en-US","potentialAction":[{"@type":"ReadAction","target":["https:\/\/darkamazi.site\/archives\/1010281"]}]},{"@type":"ImageObject","inLanguage":"en-US","@id":"https:\/\/darkamazi.site\/archives\/1010281#primaryimage","url":"https:\/\/darkamazi.site\/file\/2020\/07\/gani.jpg","contentUrl":"https:\/\/darkamazi.site\/file\/2020\/07\/gani.jpg","width":710,"height":403,"caption":"Gani Mirzo\u2019nun \u2018Sava\u015f Sonras\u0131 Armoni\u2019sine \u0130talya\u2019da \u2018En \u0130yi K\u0131sa Belgesel\u2019 \u00f6d\u00fcl\u00fc"},{"@type":"BreadcrumbList","@id":"https:\/\/darkamazi.site\/archives\/1010281#breadcrumb","itemListElement":[{"@type":"ListItem","position":1,"name":"Home","item":"https:\/\/darkamazi.site\/"},{"@type":"ListItem","position":2,"name":"Gani Mirzo\u2019nun \u2018Sava\u015f Sonras\u0131 Armoni\u2019sine \u0130talya\u2019da \u2018En \u0130yi K\u0131sa Belgesel\u2019 \u00f6d\u00fcl\u00fc"}]},{"@type":"WebSite","@id":"https:\/\/darkamazi.site\/#website","url":"https:\/\/darkamazi.site\/","name":"Darka Mazi","description":"Ana Sayfa","publisher":{"@id":"https:\/\/darkamazi.site\/#organization"},"potentialAction":[{"@type":"SearchAction","target":{"@type":"EntryPoint","urlTemplate":"https:\/\/darkamazi.site\/?s={search_term_string}"},"query-input":{"@type":"PropertyValueSpecification","valueRequired":true,"valueName":"search_term_string"}}],"inLanguage":"en-US"},{"@type":"Organization","@id":"https:\/\/darkamazi.site\/#organization","name":"Darka Mazi T\u00fcrk\u00e7e","alternateName":"Darka Mazi","url":"https:\/\/darkamazi.site\/","logo":{"@type":"ImageObject","inLanguage":"en-US","@id":"https:\/\/darkamazi.site\/#\/schema\/logo\/image\/","url":"https:\/\/darkamazi.site\/file\/2017\/12\/darka-mazi-logo.png","contentUrl":"https:\/\/darkamazi.site\/file\/2017\/12\/darka-mazi-logo.png","width":151,"height":75,"caption":"Darka Mazi T\u00fcrk\u00e7e"},"image":{"@id":"https:\/\/darkamazi.site\/#\/schema\/logo\/image\/"},"sameAs":["https:\/\/www.facebook.com\/DarkaMaziturkce","https:\/\/x.com\/DarkaMaziTurkce"]},{"@type":"Person","@id":"https:\/\/darkamazi.site\/#\/schema\/person\/67986a95ac546c16760365877ef4a9d3","name":"darka mazi","sameAs":["https:\/\/darkamazi.site"],"url":"https:\/\/darkamazi.site\/archives\/author\/turkish"}]}},"_links":{"self":[{"href":"https:\/\/darkamazi.site\/funavuv\/wp\/v2\/posts\/1010281","targetHints":{"allow":["GET"]}}],"collection":[{"href":"https:\/\/darkamazi.site\/funavuv\/wp\/v2\/posts"}],"about":[{"href":"https:\/\/darkamazi.site\/funavuv\/wp\/v2\/types\/post"}],"author":[{"embeddable":true,"href":"https:\/\/darkamazi.site\/funavuv\/wp\/v2\/users\/2"}],"replies":[{"embeddable":true,"href":"https:\/\/darkamazi.site\/funavuv\/wp\/v2\/comments?post=1010281"}],"version-history":[{"count":0,"href":"https:\/\/darkamazi.site\/funavuv\/wp\/v2\/posts\/1010281\/revisions"}],"wp:featuredmedia":[{"embeddable":true,"href":"https:\/\/darkamazi.site\/funavuv\/wp\/v2\/media\/1010282"}],"wp:attachment":[{"href":"https:\/\/darkamazi.site\/funavuv\/wp\/v2\/media?parent=1010281"}],"wp:term":[{"taxonomy":"category","embeddable":true,"href":"https:\/\/darkamazi.site\/funavuv\/wp\/v2\/categories?post=1010281"},{"taxonomy":"post_tag","embeddable":true,"href":"https:\/\/darkamazi.site\/funavuv\/wp\/v2\/tags?post=1010281"}],"curies":[{"name":"wp","href":"https:\/\/api.w.org\/{rel}","templated":true}]}}