{"id":1010301,"date":"2020-07-19T18:00:58","date_gmt":"2020-07-19T15:00:58","guid":{"rendered":"https:\/\/darkamazi.site\/?p=1010301"},"modified":"2020-07-19T18:00:58","modified_gmt":"2020-07-19T15:00:58","slug":"irandan-kasim-suleymaninin-fotografini-yakan-3-kurt-gencine-16-yil-hapis-cezasi","status":"publish","type":"post","link":"https:\/\/darkamazi.site\/archives\/1010301","title":{"rendered":"\u0130ran\u2019dan Kas\u0131m S\u00fcleymani\u2019nin foto\u011fraf\u0131n\u0131 yakan 3 K\u00fcrt gencine 16 y\u0131l hapis cezas\u0131"},"content":{"rendered":"<p>\u0130ran islam Cumhuriyeti Do\u011fu K\u00fcrdistanl\u0131 \u00fc\u00e7 gencin Kas\u0131m S\u00fcleymani\u2019nin fotosunu yakt\u0131klar\u0131 gerek\u00e7esi ile 16 y\u0131l hapis cezas\u0131na \u00e7arp\u0131t\u0131lmas\u0131na karar verdi.<\/p>\n<p>Hengaw insan haklar\u0131 \u00f6rg\u00fct\u00fcn\u00fcn yapt\u0131\u011f\u0131 a\u00e7\u0131klamada \u00fc\u00e7 gen\u00e7 hakk\u0131nda bilgiler verildi. Buna g\u00f6re; ge\u00e7ti\u011fimiz aylarda \u00a0Kas\u0131m S\u00fcleymani\u2019nin fotosunu yakt\u0131klar\u0131 gerek\u00e7esi ile Arman Hisenzade (20), Behmen Rehimi (19), Milad Hiseni (19) ve Sina Ebdullahi (17) g\u00f6zalt\u0131na al\u0131n\u0131yorlar.<\/p>\n<p>Hengaw a\u00e7\u0131klamas\u0131na g\u00f6re Seqiz Mahkemesi dava dosyas\u0131n\u0131 inceleyerek tutuklu d\u00f6rt gen\u00e7ten \u00fc\u00e7\u00fcne ceza verdi. Buna g\u00f6re Arman Hisenzade 6 y\u0131l 7 ay, Milad Hiseni 6 y\u0131l 6 ay, Behmen Rehimi ise 3 y\u0131l 3 ay ceza ald\u0131. Sina Ebdullahi\u2019nin cezas\u0131 ise hen\u00fcz a\u00e7\u0131klanmad\u0131.<\/p>\n<p>Yeni y\u0131l\u0131n ilk g\u00fcnlerinde Ba\u011fdat\u2019ta Ha\u015fdi \u015eabi sorumlusu Ebu Mehdi M\u00fchendisi ile beraber ABD taraf\u0131ndan hedef al\u0131nan Kas\u0131m S\u00fcleymani\u2019nin \u00f6ld\u00fcr\u00fclmesi b\u00f6lgedeki krizi derinle\u015ftirmi\u015fti. Kas\u0131m S\u00fcleymani\u2019nin defni g\u00fcnlerce s\u00fcrm\u00fc\u015f ve taraftarlar\u0131ndan t\u00f6ren esnas\u0131nda ya\u015fanan izdihamda \u00f6lenler olmu\u015ftu. Bunun yan\u0131 s\u0131ra iran i\u00e7inde ve d\u0131\u015f\u0131nda pek \u00e7ok \u00e7evre de S\u00fcleymaninin \u00f6ld\u00fcr\u00fclmesini kutlam\u0131\u015ft\u0131.<\/p>\n","protected":false},"excerpt":{"rendered":"<p>\u0130ran islam Cumhuriyeti Do\u011fu K\u00fcrdistanl\u0131 \u00fc\u00e7 gencin Kas\u0131m S\u00fcleymani\u2019nin fotosunu yakt\u0131klar\u0131 gerek\u00e7esi ile 16 y\u0131l hapis cezas\u0131na \u00e7arp\u0131t\u0131lmas\u0131na karar verdi. Hengaw insan haklar\u0131 \u00f6rg\u00fct\u00fcn\u00fcn yapt\u0131\u011f\u0131 a\u00e7\u0131klamada \u00fc\u00e7 gen\u00e7 hakk\u0131nda bilgiler verildi. Buna g\u00f6re; ge\u00e7ti\u011fimiz aylarda \u00a0Kas\u0131m S\u00fcleymani\u2019nin fotosunu yakt\u0131klar\u0131 gerek\u00e7esi ile Arman Hisenzade (20), Behmen Rehimi (19), Milad Hiseni (19) ve Sina Ebdullahi (17) g\u00f6zalt\u0131na [&hellip;]<\/p>\n","protected":false},"author":2,"featured_media":1010302,"comment_status":"closed","ping_status":"closed","sticky":false,"template":"","format":"standard","meta":{"footnotes":""},"categories":[3],"tags":[31],"class_list":["post-1010301","post","type-post","status-publish","format-standard","has-post-thumbnail","hentry","category-kurdistan","tag-onemli"],"blocksy_meta":[],"seo_head":"<!-- This site is optimized with the Yoast SEO plugin v27.5 - https:\/\/yoast.com\/product\/yoast-seo-wordpress\/ -->\n<title>\u0130ran\u2019dan Kas\u0131m S\u00fcleymani\u2019nin foto\u011fraf\u0131n\u0131 yakan 3 K\u00fcrt gencine 16 y\u0131l hapis cezas\u0131 - Darka Mazi<\/title>\n<meta name=\"robots\" content=\"index, follow, max-snippet:-1, max-image-preview:large, max-video-preview:-1\" \/>\n<link rel=\"canonical\" href=\"https:\/\/darkamazi.site\/archives\/1010301\" \/>\n<meta property=\"og:locale\" content=\"en_US\" \/>\n<meta property=\"og:type\" content=\"article\" \/>\n<meta property=\"og:title\" content=\"\u0130ran\u2019dan Kas\u0131m S\u00fcleymani\u2019nin foto\u011fraf\u0131n\u0131 yakan 3 K\u00fcrt gencine 16 y\u0131l hapis cezas\u0131 - Darka Mazi\" \/>\n<meta property=\"og:description\" content=\"\u0130ran islam Cumhuriyeti Do\u011fu K\u00fcrdistanl\u0131 \u00fc\u00e7 gencin Kas\u0131m S\u00fcleymani\u2019nin fotosunu yakt\u0131klar\u0131 gerek\u00e7esi ile 16 y\u0131l hapis cezas\u0131na \u00e7arp\u0131t\u0131lmas\u0131na karar verdi. Hengaw insan haklar\u0131 \u00f6rg\u00fct\u00fcn\u00fcn yapt\u0131\u011f\u0131 a\u00e7\u0131klamada \u00fc\u00e7 gen\u00e7 hakk\u0131nda bilgiler verildi. Buna g\u00f6re; ge\u00e7ti\u011fimiz aylarda \u00a0Kas\u0131m S\u00fcleymani\u2019nin fotosunu yakt\u0131klar\u0131 gerek\u00e7esi ile Arman Hisenzade (20), Behmen Rehimi (19), Milad Hiseni (19) ve Sina Ebdullahi (17) g\u00f6zalt\u0131na [&hellip;]\" \/>\n<meta property=\"og:url\" content=\"https:\/\/darkamazi.site\/archives\/1010301\" \/>\n<meta property=\"og:site_name\" content=\"Darka Mazi\" \/>\n<meta property=\"article:publisher\" content=\"https:\/\/www.facebook.com\/DarkaMaziturkce\" \/>\n<meta property=\"article:published_time\" content=\"2020-07-19T15:00:58+00:00\" \/>\n<meta property=\"og:image\" content=\"https:\/\/darkamazi.site\/file\/2020\/07\/iran-kurd-bane-qasim-sulaymani.jpg\" \/>\n\t<meta property=\"og:image:width\" content=\"822\" \/>\n\t<meta property=\"og:image:height\" content=\"454\" \/>\n\t<meta property=\"og:image:type\" content=\"image\/jpeg\" \/>\n<meta name=\"author\" content=\"darka mazi\" \/>\n<meta name=\"twitter:card\" content=\"summary_large_image\" \/>\n<meta name=\"twitter:creator\" content=\"@DarkaMaziTurkce\" \/>\n<meta name=\"twitter:site\" content=\"@DarkaMaziTurkce\" \/>\n<meta name=\"twitter:label1\" content=\"Written by\" \/>\n\t<meta name=\"twitter:data1\" content=\"darka mazi\" \/>\n\t<meta name=\"twitter:label2\" content=\"Est. reading time\" \/>\n\t<meta name=\"twitter:data2\" content=\"1 minute\" \/>\n<script type=\"application\/ld+json\" class=\"seo-schema-graph\">{\"@context\":\"https:\\\/\\\/schema.org\",\"@graph\":[{\"@type\":\"NewsArticle\",\"@id\":\"https:\\\/\\\/darkamazi.site\\\/archives\\\/1010301#article\",\"isPartOf\":{\"@id\":\"https:\\\/\\\/darkamazi.site\\\/archives\\\/1010301\"},\"author\":{\"name\":\"darka mazi\",\"@id\":\"https:\\\/\\\/darkamazi.site\\\/#\\\/schema\\\/person\\\/67986a95ac546c16760365877ef4a9d3\"},\"headline\":\"\u0130ran\u2019dan Kas\u0131m S\u00fcleymani\u2019nin foto\u011fraf\u0131n\u0131 yakan 3 K\u00fcrt gencine 16 y\u0131l hapis cezas\u0131\",\"datePublished\":\"2020-07-19T15:00:58+00:00\",\"mainEntityOfPage\":{\"@id\":\"https:\\\/\\\/darkamazi.site\\\/archives\\\/1010301\"},\"wordCount\":230,\"publisher\":{\"@id\":\"https:\\\/\\\/darkamazi.site\\\/#organization\"},\"image\":{\"@id\":\"https:\\\/\\\/darkamazi.site\\\/archives\\\/1010301#primaryimage\"},\"thumbnailUrl\":\"https:\\\/\\\/darkamazi.site\\\/darka-content\\\/uploads\\\/2020\\\/07\\\/iran-kurd-bane-qasim-sulaymani.jpg\",\"keywords\":[\"\u00f6nemli\"],\"articleSection\":[\"Kurdistan\"],\"inLanguage\":\"en-US\"},{\"@type\":\"WebPage\",\"@id\":\"https:\\\/\\\/darkamazi.site\\\/archives\\\/1010301\",\"url\":\"https:\\\/\\\/darkamazi.site\\\/archives\\\/1010301\",\"name\":\"\u0130ran\u2019dan Kas\u0131m S\u00fcleymani\u2019nin foto\u011fraf\u0131n\u0131 yakan 3 K\u00fcrt gencine 16 y\u0131l hapis cezas\u0131 - Darka Mazi\",\"isPartOf\":{\"@id\":\"https:\\\/\\\/darkamazi.site\\\/#website\"},\"primaryImageOfPage\":{\"@id\":\"https:\\\/\\\/darkamazi.site\\\/archives\\\/1010301#primaryimage\"},\"image\":{\"@id\":\"https:\\\/\\\/darkamazi.site\\\/archives\\\/1010301#primaryimage\"},\"thumbnailUrl\":\"https:\\\/\\\/darkamazi.site\\\/darka-content\\\/uploads\\\/2020\\\/07\\\/iran-kurd-bane-qasim-sulaymani.jpg\",\"datePublished\":\"2020-07-19T15:00:58+00:00\",\"breadcrumb\":{\"@id\":\"https:\\\/\\\/darkamazi.site\\\/archives\\\/1010301#breadcrumb\"},\"inLanguage\":\"en-US\",\"potentialAction\":[{\"@type\":\"ReadAction\",\"target\":[\"https:\\\/\\\/darkamazi.site\\\/archives\\\/1010301\"]}]},{\"@type\":\"ImageObject\",\"inLanguage\":\"en-US\",\"@id\":\"https:\\\/\\\/darkamazi.site\\\/archives\\\/1010301#primaryimage\",\"url\":\"https:\\\/\\\/darkamazi.site\\\/darka-content\\\/uploads\\\/2020\\\/07\\\/iran-kurd-bane-qasim-sulaymani.jpg\",\"contentUrl\":\"https:\\\/\\\/darkamazi.site\\\/darka-content\\\/uploads\\\/2020\\\/07\\\/iran-kurd-bane-qasim-sulaymani.jpg\",\"width\":822,\"height\":454,\"caption\":\"\u0130ran\u2019dan Kas\u0131m S\u00fcleymani\u2019nin foto\u011fraf\u0131n\u0131 yakan 3 K\u00fcrt gencine 16 y\u0131l hapis cezas\u0131\"},{\"@type\":\"BreadcrumbList\",\"@id\":\"https:\\\/\\\/darkamazi.site\\\/archives\\\/1010301#breadcrumb\",\"itemListElement\":[{\"@type\":\"ListItem\",\"position\":1,\"name\":\"Home\",\"item\":\"https:\\\/\\\/darkamazi.site\\\/\"},{\"@type\":\"ListItem\",\"position\":2,\"name\":\"\u0130ran\u2019dan Kas\u0131m S\u00fcleymani\u2019nin foto\u011fraf\u0131n\u0131 yakan 3 K\u00fcrt gencine 16 y\u0131l hapis cezas\u0131\"}]},{\"@type\":\"WebSite\",\"@id\":\"https:\\\/\\\/darkamazi.site\\\/#website\",\"url\":\"https:\\\/\\\/darkamazi.site\\\/\",\"name\":\"Darka Mazi\",\"description\":\"Ana Sayfa\",\"publisher\":{\"@id\":\"https:\\\/\\\/darkamazi.site\\\/#organization\"},\"potentialAction\":[{\"@type\":\"SearchAction\",\"target\":{\"@type\":\"EntryPoint\",\"urlTemplate\":\"https:\\\/\\\/darkamazi.site\\\/?s={search_term_string}\"},\"query-input\":{\"@type\":\"PropertyValueSpecification\",\"valueRequired\":true,\"valueName\":\"search_term_string\"}}],\"inLanguage\":\"en-US\"},{\"@type\":\"Organization\",\"@id\":\"https:\\\/\\\/darkamazi.site\\\/#organization\",\"name\":\"Darka Mazi T\u00fcrk\u00e7e\",\"alternateName\":\"Darka Mazi\",\"url\":\"https:\\\/\\\/darkamazi.site\\\/\",\"logo\":{\"@type\":\"ImageObject\",\"inLanguage\":\"en-US\",\"@id\":\"https:\\\/\\\/darkamazi.site\\\/#\\\/schema\\\/logo\\\/image\\\/\",\"url\":\"https:\\\/\\\/darkamazi.site\\\/darka-content\\\/uploads\\\/2017\\\/12\\\/darka-mazi-logo.png\",\"contentUrl\":\"https:\\\/\\\/darkamazi.site\\\/darka-content\\\/uploads\\\/2017\\\/12\\\/darka-mazi-logo.png\",\"width\":151,\"height\":75,\"caption\":\"Darka Mazi T\u00fcrk\u00e7e\"},\"image\":{\"@id\":\"https:\\\/\\\/darkamazi.site\\\/#\\\/schema\\\/logo\\\/image\\\/\"},\"sameAs\":[\"https:\\\/\\\/www.facebook.com\\\/DarkaMaziturkce\",\"https:\\\/\\\/x.com\\\/DarkaMaziTurkce\"]},{\"@type\":\"Person\",\"@id\":\"https:\\\/\\\/darkamazi.site\\\/#\\\/schema\\\/person\\\/67986a95ac546c16760365877ef4a9d3\",\"name\":\"darka mazi\",\"sameAs\":[\"https:\\\/\\\/darkamazi.site\"],\"url\":\"https:\\\/\\\/darkamazi.site\\\/archives\\\/author\\\/turkish\"}]}<\/script>\n<!-- \/ Yoast SEO plugin. -->","seo_head_json":{"title":"\u0130ran\u2019dan Kas\u0131m S\u00fcleymani\u2019nin foto\u011fraf\u0131n\u0131 yakan 3 K\u00fcrt gencine 16 y\u0131l hapis cezas\u0131 - Darka Mazi","robots":{"index":"index","follow":"follow","max-snippet":"max-snippet:-1","max-image-preview":"max-image-preview:large","max-video-preview":"max-video-preview:-1"},"canonical":"https:\/\/darkamazi.site\/archives\/1010301","og_locale":"en_US","og_type":"article","og_title":"\u0130ran\u2019dan Kas\u0131m S\u00fcleymani\u2019nin foto\u011fraf\u0131n\u0131 yakan 3 K\u00fcrt gencine 16 y\u0131l hapis cezas\u0131 - Darka Mazi","og_description":"\u0130ran islam Cumhuriyeti Do\u011fu K\u00fcrdistanl\u0131 \u00fc\u00e7 gencin Kas\u0131m S\u00fcleymani\u2019nin fotosunu yakt\u0131klar\u0131 gerek\u00e7esi ile 16 y\u0131l hapis cezas\u0131na \u00e7arp\u0131t\u0131lmas\u0131na karar verdi. Hengaw insan haklar\u0131 \u00f6rg\u00fct\u00fcn\u00fcn yapt\u0131\u011f\u0131 a\u00e7\u0131klamada \u00fc\u00e7 gen\u00e7 hakk\u0131nda bilgiler verildi. Buna g\u00f6re; ge\u00e7ti\u011fimiz aylarda \u00a0Kas\u0131m S\u00fcleymani\u2019nin fotosunu yakt\u0131klar\u0131 gerek\u00e7esi ile Arman Hisenzade (20), Behmen Rehimi (19), Milad Hiseni (19) ve Sina Ebdullahi (17) g\u00f6zalt\u0131na [&hellip;]","og_url":"https:\/\/darkamazi.site\/archives\/1010301","og_site_name":"Darka Mazi","article_publisher":"https:\/\/www.facebook.com\/DarkaMaziturkce","article_published_time":"2020-07-19T15:00:58+00:00","og_image":[{"width":822,"height":454,"url":"https:\/\/darkamazi.site\/file\/2020\/07\/iran-kurd-bane-qasim-sulaymani.jpg","type":"image\/jpeg"}],"author":"darka mazi","twitter_card":"summary_large_image","twitter_creator":"@DarkaMaziTurkce","twitter_site":"@DarkaMaziTurkce","twitter_misc":{"Written by":"darka mazi","Est. reading time":"1 minute"},"schema":{"@context":"https:\/\/schema.org","@graph":[{"@type":"NewsArticle","@id":"https:\/\/darkamazi.site\/archives\/1010301#article","isPartOf":{"@id":"https:\/\/darkamazi.site\/archives\/1010301"},"author":{"name":"darka mazi","@id":"https:\/\/darkamazi.site\/#\/schema\/person\/67986a95ac546c16760365877ef4a9d3"},"headline":"\u0130ran\u2019dan Kas\u0131m S\u00fcleymani\u2019nin foto\u011fraf\u0131n\u0131 yakan 3 K\u00fcrt gencine 16 y\u0131l hapis cezas\u0131","datePublished":"2020-07-19T15:00:58+00:00","mainEntityOfPage":{"@id":"https:\/\/darkamazi.site\/archives\/1010301"},"wordCount":230,"publisher":{"@id":"https:\/\/darkamazi.site\/#organization"},"image":{"@id":"https:\/\/darkamazi.site\/archives\/1010301#primaryimage"},"thumbnailUrl":"https:\/\/darkamazi.site\/file\/2020\/07\/iran-kurd-bane-qasim-sulaymani.jpg","keywords":["\u00f6nemli"],"articleSection":["Kurdistan"],"inLanguage":"en-US"},{"@type":"WebPage","@id":"https:\/\/darkamazi.site\/archives\/1010301","url":"https:\/\/darkamazi.site\/archives\/1010301","name":"\u0130ran\u2019dan Kas\u0131m S\u00fcleymani\u2019nin foto\u011fraf\u0131n\u0131 yakan 3 K\u00fcrt gencine 16 y\u0131l hapis cezas\u0131 - Darka Mazi","isPartOf":{"@id":"https:\/\/darkamazi.site\/#website"},"primaryImageOfPage":{"@id":"https:\/\/darkamazi.site\/archives\/1010301#primaryimage"},"image":{"@id":"https:\/\/darkamazi.site\/archives\/1010301#primaryimage"},"thumbnailUrl":"https:\/\/darkamazi.site\/file\/2020\/07\/iran-kurd-bane-qasim-sulaymani.jpg","datePublished":"2020-07-19T15:00:58+00:00","breadcrumb":{"@id":"https:\/\/darkamazi.site\/archives\/1010301#breadcrumb"},"inLanguage":"en-US","potentialAction":[{"@type":"ReadAction","target":["https:\/\/darkamazi.site\/archives\/1010301"]}]},{"@type":"ImageObject","inLanguage":"en-US","@id":"https:\/\/darkamazi.site\/archives\/1010301#primaryimage","url":"https:\/\/darkamazi.site\/file\/2020\/07\/iran-kurd-bane-qasim-sulaymani.jpg","contentUrl":"https:\/\/darkamazi.site\/file\/2020\/07\/iran-kurd-bane-qasim-sulaymani.jpg","width":822,"height":454,"caption":"\u0130ran\u2019dan Kas\u0131m S\u00fcleymani\u2019nin foto\u011fraf\u0131n\u0131 yakan 3 K\u00fcrt gencine 16 y\u0131l hapis cezas\u0131"},{"@type":"BreadcrumbList","@id":"https:\/\/darkamazi.site\/archives\/1010301#breadcrumb","itemListElement":[{"@type":"ListItem","position":1,"name":"Home","item":"https:\/\/darkamazi.site\/"},{"@type":"ListItem","position":2,"name":"\u0130ran\u2019dan Kas\u0131m S\u00fcleymani\u2019nin foto\u011fraf\u0131n\u0131 yakan 3 K\u00fcrt gencine 16 y\u0131l hapis cezas\u0131"}]},{"@type":"WebSite","@id":"https:\/\/darkamazi.site\/#website","url":"https:\/\/darkamazi.site\/","name":"Darka Mazi","description":"Ana Sayfa","publisher":{"@id":"https:\/\/darkamazi.site\/#organization"},"potentialAction":[{"@type":"SearchAction","target":{"@type":"EntryPoint","urlTemplate":"https:\/\/darkamazi.site\/?s={search_term_string}"},"query-input":{"@type":"PropertyValueSpecification","valueRequired":true,"valueName":"search_term_string"}}],"inLanguage":"en-US"},{"@type":"Organization","@id":"https:\/\/darkamazi.site\/#organization","name":"Darka Mazi T\u00fcrk\u00e7e","alternateName":"Darka Mazi","url":"https:\/\/darkamazi.site\/","logo":{"@type":"ImageObject","inLanguage":"en-US","@id":"https:\/\/darkamazi.site\/#\/schema\/logo\/image\/","url":"https:\/\/darkamazi.site\/file\/2017\/12\/darka-mazi-logo.png","contentUrl":"https:\/\/darkamazi.site\/file\/2017\/12\/darka-mazi-logo.png","width":151,"height":75,"caption":"Darka Mazi T\u00fcrk\u00e7e"},"image":{"@id":"https:\/\/darkamazi.site\/#\/schema\/logo\/image\/"},"sameAs":["https:\/\/www.facebook.com\/DarkaMaziturkce","https:\/\/x.com\/DarkaMaziTurkce"]},{"@type":"Person","@id":"https:\/\/darkamazi.site\/#\/schema\/person\/67986a95ac546c16760365877ef4a9d3","name":"darka mazi","sameAs":["https:\/\/darkamazi.site"],"url":"https:\/\/darkamazi.site\/archives\/author\/turkish"}]}},"_links":{"self":[{"href":"https:\/\/darkamazi.site\/funavuv\/wp\/v2\/posts\/1010301","targetHints":{"allow":["GET"]}}],"collection":[{"href":"https:\/\/darkamazi.site\/funavuv\/wp\/v2\/posts"}],"about":[{"href":"https:\/\/darkamazi.site\/funavuv\/wp\/v2\/types\/post"}],"author":[{"embeddable":true,"href":"https:\/\/darkamazi.site\/funavuv\/wp\/v2\/users\/2"}],"replies":[{"embeddable":true,"href":"https:\/\/darkamazi.site\/funavuv\/wp\/v2\/comments?post=1010301"}],"version-history":[{"count":0,"href":"https:\/\/darkamazi.site\/funavuv\/wp\/v2\/posts\/1010301\/revisions"}],"wp:featuredmedia":[{"embeddable":true,"href":"https:\/\/darkamazi.site\/funavuv\/wp\/v2\/media\/1010302"}],"wp:attachment":[{"href":"https:\/\/darkamazi.site\/funavuv\/wp\/v2\/media?parent=1010301"}],"wp:term":[{"taxonomy":"category","embeddable":true,"href":"https:\/\/darkamazi.site\/funavuv\/wp\/v2\/categories?post=1010301"},{"taxonomy":"post_tag","embeddable":true,"href":"https:\/\/darkamazi.site\/funavuv\/wp\/v2\/tags?post=1010301"}],"curies":[{"name":"wp","href":"https:\/\/api.w.org\/{rel}","templated":true}]}}