{"id":1010448,"date":"2020-08-08T13:08:44","date_gmt":"2020-08-08T10:08:44","guid":{"rendered":"https:\/\/darkamazi.site\/?p=1010448"},"modified":"2020-08-08T13:08:44","modified_gmt":"2020-08-08T10:08:44","slug":"sii-milisler-hasdi-sabinin-en-radikal-ve-kurt-dusmani-gurubu-kerkuk-cevresine-getirildi","status":"publish","type":"post","link":"https:\/\/darkamazi.site\/archives\/1010448","title":{"rendered":"\u015eii milisler Ha\u015fdi \u015eabi&#8217;nin en radikal ve K\u00fcrt d\u00fc\u015fman\u0131 gurubu Kerk\u00fck \u00e7evresine getirildi"},"content":{"rendered":"<p style=\"text-align: justify\">Kerk\u00fck\u2019\u00fcn Dibuz il\u00e7esine K\u00fcrtlere kar\u015f\u0131 \u015fovenist tavr\u0131 ve d\u00fc\u015fmanl\u0131\u011f\u0131 ile nam salm\u0131\u015f Ha\u015fdi \u0130mameyn g\u00fc\u00e7leri yerle\u015ftirilmeye ba\u015fland\u0131\u011f\u0131 a\u00e7\u0131kland\u0131. Bu g\u00fcn BasNews&#8217;te ge\u00e7en habere g\u00f6re\u00a0 K\u00fcrtlere kar\u015f\u0131 \u015fovenist tutumlar\u0131 ve d\u00fc\u015fmanl\u0131\u011f\u0131 ile tan\u0131nan \u0130mameyn g\u00fc\u00e7lerinin b\u00f6lgeye yerle\u015ftirilmesi K\u00fcrtlerde endi\u015fe ve korkuya yol a\u00e7t\u0131.<\/p>\n<p style=\"text-align: justify\">Kerk\u00fck\u2019te bulunan Ha\u015fdi \u015eabi g\u00fc\u00e7lerinin bir k\u0131sm\u0131 Dubiz il\u00e7esine kayd\u0131r\u0131ld\u0131.<\/p>\n<p style=\"text-align: justify\">BasNews\u2019in edindi\u011fi bilgilere g\u00f6re, Ha\u015fdi \u015eabi milisleri b\u00fcnyesindeki Ha\u015fdi \u0130mameyn(\u0130mamlar G\u00fcc\u00fc) isimli milisler Kerk\u00fck\u2019\u00fcn Dubiz il\u00e7esine yerle\u015ftirilmeye ba\u015flad\u0131. Ha\u015fdi \u0130mameyn olarak adland\u0131r\u0131lan bu grup, Irak\u2019\u0131n g\u00fcneyindeki Arap g\u00f6n\u00fcll\u00fclerinden olu\u015fuyor ve Saddam H\u00fcseyin rejimi d\u00f6neminde Kerk\u00fck\u2019e yerle\u015ftirilen \u015fovenistli\u011fi ile \u00f6ne \u00e7\u0131kan bir g\u00fc\u00e7 oldu\u011fu belirtiliyor.<\/p>\n<p style=\"text-align: justify\">Ha\u015fdi \u0130mameyn g\u00fcc\u00fcn\u00fcn Dubiz\u2019a yerle\u015ftirilmesiyle birlikte il\u00e7enin g\u00fcvenli\u011fini sa\u011flayan Ha\u015fdi \u015eabi\u2019ye ba\u011fl\u0131 22\u2019inci taburun il\u00e7eden \u00e7\u0131kaca\u011f\u0131 ise gelen bilgiler aras\u0131nda.<\/p>\n<p style=\"text-align: justify\">\u00a0PDK Kerk\u00fck Sorumlusu Mer\u00eewan Celal, Ha\u015fdi \u0130mameynG\u00fc\u00e7lerinin Ha\u015fdi \u015eabi i\u00e7erisindeki \u015fovenist Araplardan olu\u015fan Ha\u015fdi A\u015fayari g\u00fc\u00e7lerine ba\u011fl\u0131 olduklar\u0131n\u0131 dile getirerek, \u201cHa\u015fdi \u0130mameyn milisleri Khaldun ve Meysem a\u015firetlerinden olu\u015fuyor. Bu g\u00fc\u00e7 en \u015fovenist g\u00fc\u00e7 olarak biliniyor. K\u00fcrtlere kar\u015f\u0131 \u015fovenist tutumlar\u0131 ve ge\u00e7mi\u015fte yapt\u0131klar\u0131 d\u00fc\u015fmanl\u0131klar\u0131 ile bilinen bir g\u00fc\u00e7\u201d dedi.<\/p>\n<p style=\"text-align: justify\">Bu g\u00fc\u00e7lerin I\u015e\u0130D ter\u00f6ristlerinden bir fark\u0131 olmad\u0131\u011f\u0131n\u0131 dile getiren PDK sorumlusu<\/p>\n<p style=\"text-align: justify\">Celal Mer\u00eewan, \u201cBu milisler ge\u00e7mi\u015fte Dubiz K\u00fcrtlerine kar\u015f\u0131 b\u00fcy\u00fck zul\u00fcm yapt\u0131lar. K\u00fcrtler ile dost olan a\u015firetlere de ayn\u0131 zulm\u00fc yapt\u0131lar. Bu g\u00fc\u00e7lerin I\u015e\u0130D ter\u00f6ristlerinden bir fark\u0131 yok. \u0130kisi de K\u00fcrtlere d\u00fc\u015fman\u201d ifadelerini kulland\u0131.<\/p>\n","protected":false},"excerpt":{"rendered":"<p>Kerk\u00fck\u2019\u00fcn Dibuz il\u00e7esine K\u00fcrtlere kar\u015f\u0131 \u015fovenist tavr\u0131 ve d\u00fc\u015fmanl\u0131\u011f\u0131 ile nam salm\u0131\u015f Ha\u015fdi \u0130mameyn g\u00fc\u00e7leri yerle\u015ftirilmeye ba\u015fland\u0131\u011f\u0131 a\u00e7\u0131kland\u0131. Bu g\u00fcn BasNews&#8217;te ge\u00e7en habere g\u00f6re\u00a0 K\u00fcrtlere kar\u015f\u0131 \u015fovenist tutumlar\u0131 ve d\u00fc\u015fmanl\u0131\u011f\u0131 ile tan\u0131nan \u0130mameyn g\u00fc\u00e7lerinin b\u00f6lgeye yerle\u015ftirilmesi K\u00fcrtlerde endi\u015fe ve korkuya yol a\u00e7t\u0131. Kerk\u00fck\u2019te bulunan Ha\u015fdi \u015eabi g\u00fc\u00e7lerinin bir k\u0131sm\u0131 Dubiz il\u00e7esine kayd\u0131r\u0131ld\u0131. BasNews\u2019in edindi\u011fi bilgilere [&hellip;]<\/p>\n","protected":false},"author":2,"featured_media":1010449,"comment_status":"closed","ping_status":"closed","sticky":false,"template":"","format":"standard","meta":{"footnotes":""},"categories":[3],"tags":[31],"class_list":["post-1010448","post","type-post","status-publish","format-standard","has-post-thumbnail","hentry","category-kurdistan","tag-onemli"],"blocksy_meta":[],"seo_head":"<!-- This site is optimized with the Yoast SEO plugin v27.5 - https:\/\/yoast.com\/product\/yoast-seo-wordpress\/ -->\n<title>\u015eii milisler Ha\u015fdi \u015eabi&#039;nin en radikal ve K\u00fcrt d\u00fc\u015fman\u0131 gurubu Kerk\u00fck \u00e7evresine getirildi - Darka Mazi<\/title>\n<meta name=\"robots\" content=\"index, follow, max-snippet:-1, max-image-preview:large, max-video-preview:-1\" \/>\n<link rel=\"canonical\" href=\"https:\/\/darkamazi.site\/archives\/1010448\" \/>\n<meta property=\"og:locale\" content=\"en_US\" \/>\n<meta property=\"og:type\" content=\"article\" \/>\n<meta property=\"og:title\" content=\"\u015eii milisler Ha\u015fdi \u015eabi&#039;nin en radikal ve K\u00fcrt d\u00fc\u015fman\u0131 gurubu Kerk\u00fck \u00e7evresine getirildi - Darka Mazi\" \/>\n<meta property=\"og:description\" content=\"Kerk\u00fck\u2019\u00fcn Dibuz il\u00e7esine K\u00fcrtlere kar\u015f\u0131 \u015fovenist tavr\u0131 ve d\u00fc\u015fmanl\u0131\u011f\u0131 ile nam salm\u0131\u015f Ha\u015fdi \u0130mameyn g\u00fc\u00e7leri yerle\u015ftirilmeye ba\u015fland\u0131\u011f\u0131 a\u00e7\u0131kland\u0131. Bu g\u00fcn BasNews&#8217;te ge\u00e7en habere g\u00f6re\u00a0 K\u00fcrtlere kar\u015f\u0131 \u015fovenist tutumlar\u0131 ve d\u00fc\u015fmanl\u0131\u011f\u0131 ile tan\u0131nan \u0130mameyn g\u00fc\u00e7lerinin b\u00f6lgeye yerle\u015ftirilmesi K\u00fcrtlerde endi\u015fe ve korkuya yol a\u00e7t\u0131. Kerk\u00fck\u2019te bulunan Ha\u015fdi \u015eabi g\u00fc\u00e7lerinin bir k\u0131sm\u0131 Dubiz il\u00e7esine kayd\u0131r\u0131ld\u0131. BasNews\u2019in edindi\u011fi bilgilere [&hellip;]\" \/>\n<meta property=\"og:url\" content=\"https:\/\/darkamazi.site\/archives\/1010448\" \/>\n<meta property=\"og:site_name\" content=\"Darka Mazi\" \/>\n<meta property=\"article:publisher\" content=\"https:\/\/www.facebook.com\/DarkaMaziturkce\" \/>\n<meta property=\"article:published_time\" content=\"2020-08-08T10:08:44+00:00\" \/>\n<meta property=\"og:image\" content=\"https:\/\/darkamazi.site\/file\/2020\/08\/ha\u015fdi-\u015faabi.jpg\" \/>\n\t<meta property=\"og:image:width\" content=\"1500\" \/>\n\t<meta property=\"og:image:height\" content=\"945\" \/>\n\t<meta property=\"og:image:type\" content=\"image\/jpeg\" \/>\n<meta name=\"author\" content=\"darka mazi\" \/>\n<meta name=\"twitter:card\" content=\"summary_large_image\" \/>\n<meta name=\"twitter:creator\" content=\"@DarkaMaziTurkce\" \/>\n<meta name=\"twitter:site\" content=\"@DarkaMaziTurkce\" \/>\n<meta name=\"twitter:label1\" content=\"Written by\" \/>\n\t<meta name=\"twitter:data1\" content=\"darka mazi\" \/>\n\t<meta name=\"twitter:label2\" content=\"Est. reading time\" \/>\n\t<meta name=\"twitter:data2\" content=\"2 minutes\" \/>\n<script type=\"application\/ld+json\" class=\"seo-schema-graph\">{\"@context\":\"https:\\\/\\\/schema.org\",\"@graph\":[{\"@type\":\"NewsArticle\",\"@id\":\"https:\\\/\\\/darkamazi.site\\\/archives\\\/1010448#article\",\"isPartOf\":{\"@id\":\"https:\\\/\\\/darkamazi.site\\\/archives\\\/1010448\"},\"author\":{\"name\":\"darka mazi\",\"@id\":\"https:\\\/\\\/darkamazi.site\\\/#\\\/schema\\\/person\\\/67986a95ac546c16760365877ef4a9d3\"},\"headline\":\"\u015eii milisler Ha\u015fdi \u015eabi&#8217;nin en radikal ve K\u00fcrt d\u00fc\u015fman\u0131 gurubu Kerk\u00fck \u00e7evresine getirildi\",\"datePublished\":\"2020-08-08T10:08:44+00:00\",\"mainEntityOfPage\":{\"@id\":\"https:\\\/\\\/darkamazi.site\\\/archives\\\/1010448\"},\"wordCount\":342,\"publisher\":{\"@id\":\"https:\\\/\\\/darkamazi.site\\\/#organization\"},\"image\":{\"@id\":\"https:\\\/\\\/darkamazi.site\\\/archives\\\/1010448#primaryimage\"},\"thumbnailUrl\":\"https:\\\/\\\/darkamazi.site\\\/darka-content\\\/uploads\\\/2020\\\/08\\\/ha\u015fdi-\u015faabi.jpg\",\"keywords\":[\"\u00f6nemli\"],\"articleSection\":[\"Kurdistan\"],\"inLanguage\":\"en-US\"},{\"@type\":\"WebPage\",\"@id\":\"https:\\\/\\\/darkamazi.site\\\/archives\\\/1010448\",\"url\":\"https:\\\/\\\/darkamazi.site\\\/archives\\\/1010448\",\"name\":\"\u015eii milisler Ha\u015fdi \u015eabi'nin en radikal ve K\u00fcrt d\u00fc\u015fman\u0131 gurubu Kerk\u00fck \u00e7evresine getirildi - Darka Mazi\",\"isPartOf\":{\"@id\":\"https:\\\/\\\/darkamazi.site\\\/#website\"},\"primaryImageOfPage\":{\"@id\":\"https:\\\/\\\/darkamazi.site\\\/archives\\\/1010448#primaryimage\"},\"image\":{\"@id\":\"https:\\\/\\\/darkamazi.site\\\/archives\\\/1010448#primaryimage\"},\"thumbnailUrl\":\"https:\\\/\\\/darkamazi.site\\\/darka-content\\\/uploads\\\/2020\\\/08\\\/ha\u015fdi-\u015faabi.jpg\",\"datePublished\":\"2020-08-08T10:08:44+00:00\",\"breadcrumb\":{\"@id\":\"https:\\\/\\\/darkamazi.site\\\/archives\\\/1010448#breadcrumb\"},\"inLanguage\":\"en-US\",\"potentialAction\":[{\"@type\":\"ReadAction\",\"target\":[\"https:\\\/\\\/darkamazi.site\\\/archives\\\/1010448\"]}]},{\"@type\":\"ImageObject\",\"inLanguage\":\"en-US\",\"@id\":\"https:\\\/\\\/darkamazi.site\\\/archives\\\/1010448#primaryimage\",\"url\":\"https:\\\/\\\/darkamazi.site\\\/darka-content\\\/uploads\\\/2020\\\/08\\\/ha\u015fdi-\u015faabi.jpg\",\"contentUrl\":\"https:\\\/\\\/darkamazi.site\\\/darka-content\\\/uploads\\\/2020\\\/08\\\/ha\u015fdi-\u015faabi.jpg\",\"width\":1500,\"height\":945,\"caption\":\"\u015eii milisler Ha\u015fdi \u015eabi'nin en radikal ve K\u00fcrt d\u00fc\u015fman\u0131 gurubu Kerk\u00fck \u00e7evresine getirildi, Ha\u015fdi \u0130mameyn. Dakuk,\"},{\"@type\":\"BreadcrumbList\",\"@id\":\"https:\\\/\\\/darkamazi.site\\\/archives\\\/1010448#breadcrumb\",\"itemListElement\":[{\"@type\":\"ListItem\",\"position\":1,\"name\":\"Home\",\"item\":\"https:\\\/\\\/darkamazi.site\\\/\"},{\"@type\":\"ListItem\",\"position\":2,\"name\":\"\u015eii milisler Ha\u015fdi \u015eabi&#8217;nin en radikal ve K\u00fcrt d\u00fc\u015fman\u0131 gurubu Kerk\u00fck \u00e7evresine getirildi\"}]},{\"@type\":\"WebSite\",\"@id\":\"https:\\\/\\\/darkamazi.site\\\/#website\",\"url\":\"https:\\\/\\\/darkamazi.site\\\/\",\"name\":\"Darka Mazi\",\"description\":\"Ana Sayfa\",\"publisher\":{\"@id\":\"https:\\\/\\\/darkamazi.site\\\/#organization\"},\"potentialAction\":[{\"@type\":\"SearchAction\",\"target\":{\"@type\":\"EntryPoint\",\"urlTemplate\":\"https:\\\/\\\/darkamazi.site\\\/?s={search_term_string}\"},\"query-input\":{\"@type\":\"PropertyValueSpecification\",\"valueRequired\":true,\"valueName\":\"search_term_string\"}}],\"inLanguage\":\"en-US\"},{\"@type\":\"Organization\",\"@id\":\"https:\\\/\\\/darkamazi.site\\\/#organization\",\"name\":\"Darka Mazi T\u00fcrk\u00e7e\",\"alternateName\":\"Darka Mazi\",\"url\":\"https:\\\/\\\/darkamazi.site\\\/\",\"logo\":{\"@type\":\"ImageObject\",\"inLanguage\":\"en-US\",\"@id\":\"https:\\\/\\\/darkamazi.site\\\/#\\\/schema\\\/logo\\\/image\\\/\",\"url\":\"https:\\\/\\\/darkamazi.site\\\/darka-content\\\/uploads\\\/2017\\\/12\\\/darka-mazi-logo.png\",\"contentUrl\":\"https:\\\/\\\/darkamazi.site\\\/darka-content\\\/uploads\\\/2017\\\/12\\\/darka-mazi-logo.png\",\"width\":151,\"height\":75,\"caption\":\"Darka Mazi T\u00fcrk\u00e7e\"},\"image\":{\"@id\":\"https:\\\/\\\/darkamazi.site\\\/#\\\/schema\\\/logo\\\/image\\\/\"},\"sameAs\":[\"https:\\\/\\\/www.facebook.com\\\/DarkaMaziturkce\",\"https:\\\/\\\/x.com\\\/DarkaMaziTurkce\"]},{\"@type\":\"Person\",\"@id\":\"https:\\\/\\\/darkamazi.site\\\/#\\\/schema\\\/person\\\/67986a95ac546c16760365877ef4a9d3\",\"name\":\"darka mazi\",\"sameAs\":[\"https:\\\/\\\/darkamazi.site\"],\"url\":\"https:\\\/\\\/darkamazi.site\\\/archives\\\/author\\\/turkish\"}]}<\/script>\n<!-- \/ Yoast SEO plugin. -->","seo_head_json":{"title":"\u015eii milisler Ha\u015fdi \u015eabi'nin en radikal ve K\u00fcrt d\u00fc\u015fman\u0131 gurubu Kerk\u00fck \u00e7evresine getirildi - Darka Mazi","robots":{"index":"index","follow":"follow","max-snippet":"max-snippet:-1","max-image-preview":"max-image-preview:large","max-video-preview":"max-video-preview:-1"},"canonical":"https:\/\/darkamazi.site\/archives\/1010448","og_locale":"en_US","og_type":"article","og_title":"\u015eii milisler Ha\u015fdi \u015eabi'nin en radikal ve K\u00fcrt d\u00fc\u015fman\u0131 gurubu Kerk\u00fck \u00e7evresine getirildi - Darka Mazi","og_description":"Kerk\u00fck\u2019\u00fcn Dibuz il\u00e7esine K\u00fcrtlere kar\u015f\u0131 \u015fovenist tavr\u0131 ve d\u00fc\u015fmanl\u0131\u011f\u0131 ile nam salm\u0131\u015f Ha\u015fdi \u0130mameyn g\u00fc\u00e7leri yerle\u015ftirilmeye ba\u015fland\u0131\u011f\u0131 a\u00e7\u0131kland\u0131. Bu g\u00fcn BasNews&#8217;te ge\u00e7en habere g\u00f6re\u00a0 K\u00fcrtlere kar\u015f\u0131 \u015fovenist tutumlar\u0131 ve d\u00fc\u015fmanl\u0131\u011f\u0131 ile tan\u0131nan \u0130mameyn g\u00fc\u00e7lerinin b\u00f6lgeye yerle\u015ftirilmesi K\u00fcrtlerde endi\u015fe ve korkuya yol a\u00e7t\u0131. Kerk\u00fck\u2019te bulunan Ha\u015fdi \u015eabi g\u00fc\u00e7lerinin bir k\u0131sm\u0131 Dubiz il\u00e7esine kayd\u0131r\u0131ld\u0131. BasNews\u2019in edindi\u011fi bilgilere [&hellip;]","og_url":"https:\/\/darkamazi.site\/archives\/1010448","og_site_name":"Darka Mazi","article_publisher":"https:\/\/www.facebook.com\/DarkaMaziturkce","article_published_time":"2020-08-08T10:08:44+00:00","og_image":[{"width":1500,"height":945,"url":"https:\/\/darkamazi.site\/file\/2020\/08\/ha\u015fdi-\u015faabi.jpg","type":"image\/jpeg"}],"author":"darka mazi","twitter_card":"summary_large_image","twitter_creator":"@DarkaMaziTurkce","twitter_site":"@DarkaMaziTurkce","twitter_misc":{"Written by":"darka mazi","Est. reading time":"2 minutes"},"schema":{"@context":"https:\/\/schema.org","@graph":[{"@type":"NewsArticle","@id":"https:\/\/darkamazi.site\/archives\/1010448#article","isPartOf":{"@id":"https:\/\/darkamazi.site\/archives\/1010448"},"author":{"name":"darka mazi","@id":"https:\/\/darkamazi.site\/#\/schema\/person\/67986a95ac546c16760365877ef4a9d3"},"headline":"\u015eii milisler Ha\u015fdi \u015eabi&#8217;nin en radikal ve K\u00fcrt d\u00fc\u015fman\u0131 gurubu Kerk\u00fck \u00e7evresine getirildi","datePublished":"2020-08-08T10:08:44+00:00","mainEntityOfPage":{"@id":"https:\/\/darkamazi.site\/archives\/1010448"},"wordCount":342,"publisher":{"@id":"https:\/\/darkamazi.site\/#organization"},"image":{"@id":"https:\/\/darkamazi.site\/archives\/1010448#primaryimage"},"thumbnailUrl":"https:\/\/darkamazi.site\/file\/2020\/08\/ha\u015fdi-\u015faabi.jpg","keywords":["\u00f6nemli"],"articleSection":["Kurdistan"],"inLanguage":"en-US"},{"@type":"WebPage","@id":"https:\/\/darkamazi.site\/archives\/1010448","url":"https:\/\/darkamazi.site\/archives\/1010448","name":"\u015eii milisler Ha\u015fdi \u015eabi'nin en radikal ve K\u00fcrt d\u00fc\u015fman\u0131 gurubu Kerk\u00fck \u00e7evresine getirildi - Darka Mazi","isPartOf":{"@id":"https:\/\/darkamazi.site\/#website"},"primaryImageOfPage":{"@id":"https:\/\/darkamazi.site\/archives\/1010448#primaryimage"},"image":{"@id":"https:\/\/darkamazi.site\/archives\/1010448#primaryimage"},"thumbnailUrl":"https:\/\/darkamazi.site\/file\/2020\/08\/ha\u015fdi-\u015faabi.jpg","datePublished":"2020-08-08T10:08:44+00:00","breadcrumb":{"@id":"https:\/\/darkamazi.site\/archives\/1010448#breadcrumb"},"inLanguage":"en-US","potentialAction":[{"@type":"ReadAction","target":["https:\/\/darkamazi.site\/archives\/1010448"]}]},{"@type":"ImageObject","inLanguage":"en-US","@id":"https:\/\/darkamazi.site\/archives\/1010448#primaryimage","url":"https:\/\/darkamazi.site\/file\/2020\/08\/ha\u015fdi-\u015faabi.jpg","contentUrl":"https:\/\/darkamazi.site\/file\/2020\/08\/ha\u015fdi-\u015faabi.jpg","width":1500,"height":945,"caption":"\u015eii milisler Ha\u015fdi \u015eabi'nin en radikal ve K\u00fcrt d\u00fc\u015fman\u0131 gurubu Kerk\u00fck \u00e7evresine getirildi, Ha\u015fdi \u0130mameyn. Dakuk,"},{"@type":"BreadcrumbList","@id":"https:\/\/darkamazi.site\/archives\/1010448#breadcrumb","itemListElement":[{"@type":"ListItem","position":1,"name":"Home","item":"https:\/\/darkamazi.site\/"},{"@type":"ListItem","position":2,"name":"\u015eii milisler Ha\u015fdi \u015eabi&#8217;nin en radikal ve K\u00fcrt d\u00fc\u015fman\u0131 gurubu Kerk\u00fck \u00e7evresine getirildi"}]},{"@type":"WebSite","@id":"https:\/\/darkamazi.site\/#website","url":"https:\/\/darkamazi.site\/","name":"Darka Mazi","description":"Ana Sayfa","publisher":{"@id":"https:\/\/darkamazi.site\/#organization"},"potentialAction":[{"@type":"SearchAction","target":{"@type":"EntryPoint","urlTemplate":"https:\/\/darkamazi.site\/?s={search_term_string}"},"query-input":{"@type":"PropertyValueSpecification","valueRequired":true,"valueName":"search_term_string"}}],"inLanguage":"en-US"},{"@type":"Organization","@id":"https:\/\/darkamazi.site\/#organization","name":"Darka Mazi T\u00fcrk\u00e7e","alternateName":"Darka Mazi","url":"https:\/\/darkamazi.site\/","logo":{"@type":"ImageObject","inLanguage":"en-US","@id":"https:\/\/darkamazi.site\/#\/schema\/logo\/image\/","url":"https:\/\/darkamazi.site\/file\/2017\/12\/darka-mazi-logo.png","contentUrl":"https:\/\/darkamazi.site\/file\/2017\/12\/darka-mazi-logo.png","width":151,"height":75,"caption":"Darka Mazi T\u00fcrk\u00e7e"},"image":{"@id":"https:\/\/darkamazi.site\/#\/schema\/logo\/image\/"},"sameAs":["https:\/\/www.facebook.com\/DarkaMaziturkce","https:\/\/x.com\/DarkaMaziTurkce"]},{"@type":"Person","@id":"https:\/\/darkamazi.site\/#\/schema\/person\/67986a95ac546c16760365877ef4a9d3","name":"darka mazi","sameAs":["https:\/\/darkamazi.site"],"url":"https:\/\/darkamazi.site\/archives\/author\/turkish"}]}},"_links":{"self":[{"href":"https:\/\/darkamazi.site\/funavuv\/wp\/v2\/posts\/1010448","targetHints":{"allow":["GET"]}}],"collection":[{"href":"https:\/\/darkamazi.site\/funavuv\/wp\/v2\/posts"}],"about":[{"href":"https:\/\/darkamazi.site\/funavuv\/wp\/v2\/types\/post"}],"author":[{"embeddable":true,"href":"https:\/\/darkamazi.site\/funavuv\/wp\/v2\/users\/2"}],"replies":[{"embeddable":true,"href":"https:\/\/darkamazi.site\/funavuv\/wp\/v2\/comments?post=1010448"}],"version-history":[{"count":0,"href":"https:\/\/darkamazi.site\/funavuv\/wp\/v2\/posts\/1010448\/revisions"}],"wp:featuredmedia":[{"embeddable":true,"href":"https:\/\/darkamazi.site\/funavuv\/wp\/v2\/media\/1010449"}],"wp:attachment":[{"href":"https:\/\/darkamazi.site\/funavuv\/wp\/v2\/media?parent=1010448"}],"wp:term":[{"taxonomy":"category","embeddable":true,"href":"https:\/\/darkamazi.site\/funavuv\/wp\/v2\/categories?post=1010448"},{"taxonomy":"post_tag","embeddable":true,"href":"https:\/\/darkamazi.site\/funavuv\/wp\/v2\/tags?post=1010448"}],"curies":[{"name":"wp","href":"https:\/\/api.w.org\/{rel}","templated":true}]}}