{"id":1010623,"date":"2020-08-17T17:01:39","date_gmt":"2020-08-17T14:01:39","guid":{"rendered":"https:\/\/darkamazi.site\/?p=1010623"},"modified":"2020-08-17T17:01:39","modified_gmt":"2020-08-17T14:01:39","slug":"yemen-abd-ajani-oldugu-iddia-ettikleri-kisiyi-carmiga-gerdiler","status":"publish","type":"post","link":"https:\/\/darkamazi.site\/archives\/1010623","title":{"rendered":"Yemen: ABD ajan\u0131 oldu\u011fu iddia ettikleri ki\u015fiyi \u00e7arm\u0131\u011fa gerdiler"},"content":{"rendered":"<p>Yemen\u2019de \u2018Arap Yar\u0131madas\u0131 El-Kaidesi\u2019 \u00f6rg\u00fct\u00fcne \u00fcye silahl\u0131 ki\u015filer, \u2018Yemen h\u00fck\u00fcmeti ad\u0131na casusluk yapma ve ABD\u2019nin El-Kaide \u00fcyelerine silahl\u0131 insans\u0131z hava ara\u00e7lar\u0131 (S\u0130HA) ile sald\u0131r\u0131 d\u00fczenlemesine neden olma\u2019 su\u00e7lamas\u0131yla bir di\u015f doktorunu infaz etti.<\/p>\n<p>AFP\u2019ye konu\u015fan yerel bir yetkili, El-Kaide\u2019nin Beyda ilinde bulunan Savma il\u00e7esinde Doktor Mutahhar el-Yusufi\u2019yi d\u00fcn infaz etti\u011fini bildirdi.<\/p>\n<p>Yemenli yetkiliye g\u00f6re El-Kaide militanlar\u0131, Dr. Yusufi\u2019yi \u00f6nce silahla vurdu, ard\u0131ndan \u00e7arm\u0131ha gerdi ve son olarak onu \u00e7al\u0131\u015ft\u0131\u011f\u0131 t\u0131p merkezinin d\u0131\u015f\u0131nda ast\u0131.<\/p>\n<p>Yetkili, El-Kaide unsurlar\u0131n\u0131n casusluk su\u00e7lamas\u0131yla il\u00e7edeki ba\u015fka bir ki\u015fiyi infaz etmeyi planlad\u0131\u011f\u0131n\u0131 da s\u00f6yledi.<\/p>\n<p>S\u00f6z konusu yetkili ayr\u0131ca ge\u00e7ti\u011fimiz haftalarda, \u00f6rg\u00fct\u00fcn hareketlerini izledikleri su\u00e7lamas\u0131yla be\u015f erkek ve yedi kad\u0131n\u0131n ka\u00e7\u0131r\u0131ld\u0131\u011f\u0131n\u0131 dile getirerek, a\u015firetlerin arabuluculuk \u00e7abalar\u0131na ra\u011fmen \u00f6rg\u00fct\u00fcn onlar\u0131 da infaz etme niyetinde oldu\u011funa i\u015faret etti.<\/p>\n<p>\u00d6rg\u00fct, Yemen\u2019in g\u00fcneyinde faaliyetlerinin azalmas\u0131n\u0131n ard\u0131ndan Savma il\u00e7esinde faaliyet g\u00f6steriyor.<\/p>\n<p>Arap Yar\u0131madas\u0131 El-Kaidesi \u00f6rg\u00fct\u00fc, Yemen\u2019deki merkezi otoritenin zay\u0131fl\u0131\u011f\u0131ndan yararlanarak Yemen\u2019in g\u00fcney ve g\u00fcneydo\u011fusundaki varl\u0131\u011f\u0131n\u0131 g\u00fc\u00e7lendirdi.<\/p>\n<p>ABD, merkezi Yemen\u2019de bulunan Arap Yar\u0131madas\u0131 el-Kaidesi\u2019nin \u00f6rg\u00fct\u00fcn en tehlikeli kolu oldu\u011funu d\u00fc\u015f\u00fcn\u00fcyor.<\/p>\n<p>Donald Trump\u2019\u0131n 2017\u2019de ABD ba\u015fkanl\u0131\u011f\u0131 g\u00f6revine gelmesinin ard\u0131ndan Washington, \u00f6rg\u00fcte y\u00f6nelik sald\u0131r\u0131lar\u0131n\u0131 h\u0131zland\u0131rd\u0131.<\/p>\n<p>ABD, ge\u00e7ti\u011fimiz \u015eubat ay\u0131nda Yemen\u2019de d\u00fczenledi\u011fini bir S\u0130HA sald\u0131r\u0131s\u0131nda \u00f6rg\u00fct\u00fcn lideri Kas\u0131m er-Rimi\u2019yi \u00f6ld\u00fcrd\u00fc.<\/p>\n","protected":false},"excerpt":{"rendered":"<p>Yemen\u2019de \u2018Arap Yar\u0131madas\u0131 El-Kaidesi\u2019 \u00f6rg\u00fct\u00fcne \u00fcye silahl\u0131 ki\u015filer, \u2018Yemen h\u00fck\u00fcmeti ad\u0131na casusluk yapma ve ABD\u2019nin El-Kaide \u00fcyelerine silahl\u0131 insans\u0131z hava ara\u00e7lar\u0131 (S\u0130HA) ile sald\u0131r\u0131 d\u00fczenlemesine neden olma\u2019 su\u00e7lamas\u0131yla bir di\u015f doktorunu infaz etti. AFP\u2019ye konu\u015fan yerel bir yetkili, El-Kaide\u2019nin Beyda ilinde bulunan Savma il\u00e7esinde Doktor Mutahhar el-Yusufi\u2019yi d\u00fcn infaz etti\u011fini bildirdi. Yemenli yetkiliye g\u00f6re El-Kaide [&hellip;]<\/p>\n","protected":false},"author":2,"featured_media":1010624,"comment_status":"closed","ping_status":"closed","sticky":false,"template":"","format":"standard","meta":{"footnotes":""},"categories":[6],"tags":[31],"class_list":["post-1010623","post","type-post","status-publish","format-standard","has-post-thumbnail","hentry","category-dunya","tag-onemli"],"blocksy_meta":[],"seo_head":"<!-- This site is optimized with the Yoast SEO plugin v27.5 - https:\/\/yoast.com\/product\/yoast-seo-wordpress\/ -->\n<title>Yemen: ABD ajan\u0131 oldu\u011fu iddia ettikleri ki\u015fiyi \u00e7arm\u0131\u011fa gerdiler - Darka Mazi<\/title>\n<meta name=\"robots\" content=\"index, follow, max-snippet:-1, max-image-preview:large, max-video-preview:-1\" \/>\n<link rel=\"canonical\" href=\"https:\/\/darkamazi.site\/archives\/1010623\" \/>\n<meta property=\"og:locale\" content=\"en_US\" \/>\n<meta property=\"og:type\" content=\"article\" \/>\n<meta property=\"og:title\" content=\"Yemen: ABD ajan\u0131 oldu\u011fu iddia ettikleri ki\u015fiyi \u00e7arm\u0131\u011fa gerdiler - Darka Mazi\" \/>\n<meta property=\"og:description\" content=\"Yemen\u2019de \u2018Arap Yar\u0131madas\u0131 El-Kaidesi\u2019 \u00f6rg\u00fct\u00fcne \u00fcye silahl\u0131 ki\u015filer, \u2018Yemen h\u00fck\u00fcmeti ad\u0131na casusluk yapma ve ABD\u2019nin El-Kaide \u00fcyelerine silahl\u0131 insans\u0131z hava ara\u00e7lar\u0131 (S\u0130HA) ile sald\u0131r\u0131 d\u00fczenlemesine neden olma\u2019 su\u00e7lamas\u0131yla bir di\u015f doktorunu infaz etti. AFP\u2019ye konu\u015fan yerel bir yetkili, El-Kaide\u2019nin Beyda ilinde bulunan Savma il\u00e7esinde Doktor Mutahhar el-Yusufi\u2019yi d\u00fcn infaz etti\u011fini bildirdi. Yemenli yetkiliye g\u00f6re El-Kaide [&hellip;]\" \/>\n<meta property=\"og:url\" content=\"https:\/\/darkamazi.site\/archives\/1010623\" \/>\n<meta property=\"og:site_name\" content=\"Darka Mazi\" \/>\n<meta property=\"article:publisher\" content=\"https:\/\/www.facebook.com\/DarkaMaziturkce\" \/>\n<meta property=\"article:published_time\" content=\"2020-08-17T14:01:39+00:00\" \/>\n<meta property=\"og:image\" content=\"https:\/\/darkamazi.site\/file\/2020\/08\/dentst-killed-of-yemen.jpg\" \/>\n\t<meta property=\"og:image:width\" content=\"822\" \/>\n\t<meta property=\"og:image:height\" content=\"454\" \/>\n\t<meta property=\"og:image:type\" content=\"image\/jpeg\" \/>\n<meta name=\"author\" content=\"darka mazi\" \/>\n<meta name=\"twitter:card\" content=\"summary_large_image\" \/>\n<meta name=\"twitter:creator\" content=\"@DarkaMaziTurkce\" \/>\n<meta name=\"twitter:site\" content=\"@DarkaMaziTurkce\" \/>\n<meta name=\"twitter:label1\" content=\"Written by\" \/>\n\t<meta name=\"twitter:data1\" content=\"darka mazi\" \/>\n\t<meta name=\"twitter:label2\" content=\"Est. reading time\" \/>\n\t<meta name=\"twitter:data2\" content=\"1 minute\" \/>\n<script type=\"application\/ld+json\" class=\"seo-schema-graph\">{\"@context\":\"https:\\\/\\\/schema.org\",\"@graph\":[{\"@type\":\"NewsArticle\",\"@id\":\"https:\\\/\\\/darkamazi.site\\\/archives\\\/1010623#article\",\"isPartOf\":{\"@id\":\"https:\\\/\\\/darkamazi.site\\\/archives\\\/1010623\"},\"author\":{\"name\":\"darka mazi\",\"@id\":\"https:\\\/\\\/darkamazi.site\\\/#\\\/schema\\\/person\\\/67986a95ac546c16760365877ef4a9d3\"},\"headline\":\"Yemen: ABD ajan\u0131 oldu\u011fu iddia ettikleri ki\u015fiyi \u00e7arm\u0131\u011fa gerdiler\",\"datePublished\":\"2020-08-17T14:01:39+00:00\",\"mainEntityOfPage\":{\"@id\":\"https:\\\/\\\/darkamazi.site\\\/archives\\\/1010623\"},\"wordCount\":307,\"publisher\":{\"@id\":\"https:\\\/\\\/darkamazi.site\\\/#organization\"},\"image\":{\"@id\":\"https:\\\/\\\/darkamazi.site\\\/archives\\\/1010623#primaryimage\"},\"thumbnailUrl\":\"https:\\\/\\\/darkamazi.site\\\/darka-content\\\/uploads\\\/2020\\\/08\\\/dentst-killed-of-yemen.jpg\",\"keywords\":[\"\u00f6nemli\"],\"articleSection\":[\"D\u00fcnya\"],\"inLanguage\":\"en-US\"},{\"@type\":\"WebPage\",\"@id\":\"https:\\\/\\\/darkamazi.site\\\/archives\\\/1010623\",\"url\":\"https:\\\/\\\/darkamazi.site\\\/archives\\\/1010623\",\"name\":\"Yemen: ABD ajan\u0131 oldu\u011fu iddia ettikleri ki\u015fiyi \u00e7arm\u0131\u011fa gerdiler - Darka Mazi\",\"isPartOf\":{\"@id\":\"https:\\\/\\\/darkamazi.site\\\/#website\"},\"primaryImageOfPage\":{\"@id\":\"https:\\\/\\\/darkamazi.site\\\/archives\\\/1010623#primaryimage\"},\"image\":{\"@id\":\"https:\\\/\\\/darkamazi.site\\\/archives\\\/1010623#primaryimage\"},\"thumbnailUrl\":\"https:\\\/\\\/darkamazi.site\\\/darka-content\\\/uploads\\\/2020\\\/08\\\/dentst-killed-of-yemen.jpg\",\"datePublished\":\"2020-08-17T14:01:39+00:00\",\"breadcrumb\":{\"@id\":\"https:\\\/\\\/darkamazi.site\\\/archives\\\/1010623#breadcrumb\"},\"inLanguage\":\"en-US\",\"potentialAction\":[{\"@type\":\"ReadAction\",\"target\":[\"https:\\\/\\\/darkamazi.site\\\/archives\\\/1010623\"]}]},{\"@type\":\"ImageObject\",\"inLanguage\":\"en-US\",\"@id\":\"https:\\\/\\\/darkamazi.site\\\/archives\\\/1010623#primaryimage\",\"url\":\"https:\\\/\\\/darkamazi.site\\\/darka-content\\\/uploads\\\/2020\\\/08\\\/dentst-killed-of-yemen.jpg\",\"contentUrl\":\"https:\\\/\\\/darkamazi.site\\\/darka-content\\\/uploads\\\/2020\\\/08\\\/dentst-killed-of-yemen.jpg\",\"width\":822,\"height\":454,\"caption\":\"Yemen: ABD ajan\u0131 oldu\u011fu iddia ettikleri ki\u015fiyi \u00e7arm\u0131\u011fa gerdiler\"},{\"@type\":\"BreadcrumbList\",\"@id\":\"https:\\\/\\\/darkamazi.site\\\/archives\\\/1010623#breadcrumb\",\"itemListElement\":[{\"@type\":\"ListItem\",\"position\":1,\"name\":\"Home\",\"item\":\"https:\\\/\\\/darkamazi.site\\\/\"},{\"@type\":\"ListItem\",\"position\":2,\"name\":\"Yemen: ABD ajan\u0131 oldu\u011fu iddia ettikleri ki\u015fiyi \u00e7arm\u0131\u011fa gerdiler\"}]},{\"@type\":\"WebSite\",\"@id\":\"https:\\\/\\\/darkamazi.site\\\/#website\",\"url\":\"https:\\\/\\\/darkamazi.site\\\/\",\"name\":\"Darka Mazi\",\"description\":\"Ana Sayfa\",\"publisher\":{\"@id\":\"https:\\\/\\\/darkamazi.site\\\/#organization\"},\"potentialAction\":[{\"@type\":\"SearchAction\",\"target\":{\"@type\":\"EntryPoint\",\"urlTemplate\":\"https:\\\/\\\/darkamazi.site\\\/?s={search_term_string}\"},\"query-input\":{\"@type\":\"PropertyValueSpecification\",\"valueRequired\":true,\"valueName\":\"search_term_string\"}}],\"inLanguage\":\"en-US\"},{\"@type\":\"Organization\",\"@id\":\"https:\\\/\\\/darkamazi.site\\\/#organization\",\"name\":\"Darka Mazi T\u00fcrk\u00e7e\",\"alternateName\":\"Darka Mazi\",\"url\":\"https:\\\/\\\/darkamazi.site\\\/\",\"logo\":{\"@type\":\"ImageObject\",\"inLanguage\":\"en-US\",\"@id\":\"https:\\\/\\\/darkamazi.site\\\/#\\\/schema\\\/logo\\\/image\\\/\",\"url\":\"https:\\\/\\\/darkamazi.site\\\/darka-content\\\/uploads\\\/2017\\\/12\\\/darka-mazi-logo.png\",\"contentUrl\":\"https:\\\/\\\/darkamazi.site\\\/darka-content\\\/uploads\\\/2017\\\/12\\\/darka-mazi-logo.png\",\"width\":151,\"height\":75,\"caption\":\"Darka Mazi T\u00fcrk\u00e7e\"},\"image\":{\"@id\":\"https:\\\/\\\/darkamazi.site\\\/#\\\/schema\\\/logo\\\/image\\\/\"},\"sameAs\":[\"https:\\\/\\\/www.facebook.com\\\/DarkaMaziturkce\",\"https:\\\/\\\/x.com\\\/DarkaMaziTurkce\"]},{\"@type\":\"Person\",\"@id\":\"https:\\\/\\\/darkamazi.site\\\/#\\\/schema\\\/person\\\/67986a95ac546c16760365877ef4a9d3\",\"name\":\"darka mazi\",\"sameAs\":[\"https:\\\/\\\/darkamazi.site\"],\"url\":\"https:\\\/\\\/darkamazi.site\\\/archives\\\/author\\\/turkish\"}]}<\/script>\n<!-- \/ Yoast SEO plugin. -->","seo_head_json":{"title":"Yemen: ABD ajan\u0131 oldu\u011fu iddia ettikleri ki\u015fiyi \u00e7arm\u0131\u011fa gerdiler - Darka Mazi","robots":{"index":"index","follow":"follow","max-snippet":"max-snippet:-1","max-image-preview":"max-image-preview:large","max-video-preview":"max-video-preview:-1"},"canonical":"https:\/\/darkamazi.site\/archives\/1010623","og_locale":"en_US","og_type":"article","og_title":"Yemen: ABD ajan\u0131 oldu\u011fu iddia ettikleri ki\u015fiyi \u00e7arm\u0131\u011fa gerdiler - Darka Mazi","og_description":"Yemen\u2019de \u2018Arap Yar\u0131madas\u0131 El-Kaidesi\u2019 \u00f6rg\u00fct\u00fcne \u00fcye silahl\u0131 ki\u015filer, \u2018Yemen h\u00fck\u00fcmeti ad\u0131na casusluk yapma ve ABD\u2019nin El-Kaide \u00fcyelerine silahl\u0131 insans\u0131z hava ara\u00e7lar\u0131 (S\u0130HA) ile sald\u0131r\u0131 d\u00fczenlemesine neden olma\u2019 su\u00e7lamas\u0131yla bir di\u015f doktorunu infaz etti. AFP\u2019ye konu\u015fan yerel bir yetkili, El-Kaide\u2019nin Beyda ilinde bulunan Savma il\u00e7esinde Doktor Mutahhar el-Yusufi\u2019yi d\u00fcn infaz etti\u011fini bildirdi. Yemenli yetkiliye g\u00f6re El-Kaide [&hellip;]","og_url":"https:\/\/darkamazi.site\/archives\/1010623","og_site_name":"Darka Mazi","article_publisher":"https:\/\/www.facebook.com\/DarkaMaziturkce","article_published_time":"2020-08-17T14:01:39+00:00","og_image":[{"width":822,"height":454,"url":"https:\/\/darkamazi.site\/file\/2020\/08\/dentst-killed-of-yemen.jpg","type":"image\/jpeg"}],"author":"darka mazi","twitter_card":"summary_large_image","twitter_creator":"@DarkaMaziTurkce","twitter_site":"@DarkaMaziTurkce","twitter_misc":{"Written by":"darka mazi","Est. reading time":"1 minute"},"schema":{"@context":"https:\/\/schema.org","@graph":[{"@type":"NewsArticle","@id":"https:\/\/darkamazi.site\/archives\/1010623#article","isPartOf":{"@id":"https:\/\/darkamazi.site\/archives\/1010623"},"author":{"name":"darka mazi","@id":"https:\/\/darkamazi.site\/#\/schema\/person\/67986a95ac546c16760365877ef4a9d3"},"headline":"Yemen: ABD ajan\u0131 oldu\u011fu iddia ettikleri ki\u015fiyi \u00e7arm\u0131\u011fa gerdiler","datePublished":"2020-08-17T14:01:39+00:00","mainEntityOfPage":{"@id":"https:\/\/darkamazi.site\/archives\/1010623"},"wordCount":307,"publisher":{"@id":"https:\/\/darkamazi.site\/#organization"},"image":{"@id":"https:\/\/darkamazi.site\/archives\/1010623#primaryimage"},"thumbnailUrl":"https:\/\/darkamazi.site\/file\/2020\/08\/dentst-killed-of-yemen.jpg","keywords":["\u00f6nemli"],"articleSection":["D\u00fcnya"],"inLanguage":"en-US"},{"@type":"WebPage","@id":"https:\/\/darkamazi.site\/archives\/1010623","url":"https:\/\/darkamazi.site\/archives\/1010623","name":"Yemen: ABD ajan\u0131 oldu\u011fu iddia ettikleri ki\u015fiyi \u00e7arm\u0131\u011fa gerdiler - Darka Mazi","isPartOf":{"@id":"https:\/\/darkamazi.site\/#website"},"primaryImageOfPage":{"@id":"https:\/\/darkamazi.site\/archives\/1010623#primaryimage"},"image":{"@id":"https:\/\/darkamazi.site\/archives\/1010623#primaryimage"},"thumbnailUrl":"https:\/\/darkamazi.site\/file\/2020\/08\/dentst-killed-of-yemen.jpg","datePublished":"2020-08-17T14:01:39+00:00","breadcrumb":{"@id":"https:\/\/darkamazi.site\/archives\/1010623#breadcrumb"},"inLanguage":"en-US","potentialAction":[{"@type":"ReadAction","target":["https:\/\/darkamazi.site\/archives\/1010623"]}]},{"@type":"ImageObject","inLanguage":"en-US","@id":"https:\/\/darkamazi.site\/archives\/1010623#primaryimage","url":"https:\/\/darkamazi.site\/file\/2020\/08\/dentst-killed-of-yemen.jpg","contentUrl":"https:\/\/darkamazi.site\/file\/2020\/08\/dentst-killed-of-yemen.jpg","width":822,"height":454,"caption":"Yemen: ABD ajan\u0131 oldu\u011fu iddia ettikleri ki\u015fiyi \u00e7arm\u0131\u011fa gerdiler"},{"@type":"BreadcrumbList","@id":"https:\/\/darkamazi.site\/archives\/1010623#breadcrumb","itemListElement":[{"@type":"ListItem","position":1,"name":"Home","item":"https:\/\/darkamazi.site\/"},{"@type":"ListItem","position":2,"name":"Yemen: ABD ajan\u0131 oldu\u011fu iddia ettikleri ki\u015fiyi \u00e7arm\u0131\u011fa gerdiler"}]},{"@type":"WebSite","@id":"https:\/\/darkamazi.site\/#website","url":"https:\/\/darkamazi.site\/","name":"Darka Mazi","description":"Ana Sayfa","publisher":{"@id":"https:\/\/darkamazi.site\/#organization"},"potentialAction":[{"@type":"SearchAction","target":{"@type":"EntryPoint","urlTemplate":"https:\/\/darkamazi.site\/?s={search_term_string}"},"query-input":{"@type":"PropertyValueSpecification","valueRequired":true,"valueName":"search_term_string"}}],"inLanguage":"en-US"},{"@type":"Organization","@id":"https:\/\/darkamazi.site\/#organization","name":"Darka Mazi T\u00fcrk\u00e7e","alternateName":"Darka Mazi","url":"https:\/\/darkamazi.site\/","logo":{"@type":"ImageObject","inLanguage":"en-US","@id":"https:\/\/darkamazi.site\/#\/schema\/logo\/image\/","url":"https:\/\/darkamazi.site\/file\/2017\/12\/darka-mazi-logo.png","contentUrl":"https:\/\/darkamazi.site\/file\/2017\/12\/darka-mazi-logo.png","width":151,"height":75,"caption":"Darka Mazi T\u00fcrk\u00e7e"},"image":{"@id":"https:\/\/darkamazi.site\/#\/schema\/logo\/image\/"},"sameAs":["https:\/\/www.facebook.com\/DarkaMaziturkce","https:\/\/x.com\/DarkaMaziTurkce"]},{"@type":"Person","@id":"https:\/\/darkamazi.site\/#\/schema\/person\/67986a95ac546c16760365877ef4a9d3","name":"darka mazi","sameAs":["https:\/\/darkamazi.site"],"url":"https:\/\/darkamazi.site\/archives\/author\/turkish"}]}},"_links":{"self":[{"href":"https:\/\/darkamazi.site\/funavuv\/wp\/v2\/posts\/1010623","targetHints":{"allow":["GET"]}}],"collection":[{"href":"https:\/\/darkamazi.site\/funavuv\/wp\/v2\/posts"}],"about":[{"href":"https:\/\/darkamazi.site\/funavuv\/wp\/v2\/types\/post"}],"author":[{"embeddable":true,"href":"https:\/\/darkamazi.site\/funavuv\/wp\/v2\/users\/2"}],"replies":[{"embeddable":true,"href":"https:\/\/darkamazi.site\/funavuv\/wp\/v2\/comments?post=1010623"}],"version-history":[{"count":0,"href":"https:\/\/darkamazi.site\/funavuv\/wp\/v2\/posts\/1010623\/revisions"}],"wp:featuredmedia":[{"embeddable":true,"href":"https:\/\/darkamazi.site\/funavuv\/wp\/v2\/media\/1010624"}],"wp:attachment":[{"href":"https:\/\/darkamazi.site\/funavuv\/wp\/v2\/media?parent=1010623"}],"wp:term":[{"taxonomy":"category","embeddable":true,"href":"https:\/\/darkamazi.site\/funavuv\/wp\/v2\/categories?post=1010623"},{"taxonomy":"post_tag","embeddable":true,"href":"https:\/\/darkamazi.site\/funavuv\/wp\/v2\/tags?post=1010623"}],"curies":[{"name":"wp","href":"https:\/\/api.w.org\/{rel}","templated":true}]}}