{"id":1010707,"date":"2020-08-24T19:46:33","date_gmt":"2020-08-24T16:46:33","guid":{"rendered":"https:\/\/darkamazi.site\/?p=1010707"},"modified":"2020-08-24T19:46:33","modified_gmt":"2020-08-24T16:46:33","slug":"taninmis-akademisyenlerden-irana-cagri-mamosta-zarayi-serbest-birak","status":"publish","type":"post","link":"https:\/\/darkamazi.site\/archives\/1010707","title":{"rendered":"Tan\u0131nm\u0131\u015f akademisyenlerden \u0130ran&#8217;a \u00e7a\u011fr\u0131: Mamosta Zara\u2019y\u0131 serbest b\u0131rak"},"content":{"rendered":"<p style=\"text-align: justify\">Dil Bilimci ve Felsefeci Noam Chomsky ile Sosyolog \u0130smail Be\u015fik\u00e7i\u2019nin de\u00a0 aralar\u0131nda yer ald\u0131\u011f\u0131 akademisyenler, K\u00fcrt\u00e7e ders verdi\u011fi i\u00e7in 10 y\u0131l hapis cezas\u0131na \u00e7arp\u0131t\u0131lan K\u00fcrt \u00f6\u011fretmen Zara Muhammedi\u2019nin serbest b\u0131rak\u0131lmas\u0131 i\u00e7in \u00e7a\u011fr\u0131da bulundular.<\/p>\n<p style=\"text-align: justify\">Do\u011fu K\u00fcrdistan\u2019da (Rojhelat) a\u00e7\u0131lan Nujin Sosyal K\u00fclt\u00fcr Derne\u011fi\u2019nde K\u00fcrt\u00e7e dersi veren Zara Mihemedi, \u0130ran \u0130slam Cumhuriyeti Devrim Mahkemesi 1\u2019inci \u015eubesi taraf\u0131ndan \u201cUlusal g\u00fcvenli\u011fi tehdit etti\u011fi\u201d gerek\u00e7esiyle yarg\u0131lanm\u0131\u015f, yarg\u0131laman\u0131n sonucunda Mamosta Zara hakk\u0131nda 14 Temmuz 2020\u2019de 10 y\u0131l hapis cezas\u0131 verilmi\u015fti.<\/p>\n<p style=\"text-align: justify\">Mamosta Zara\u2019nin K\u00fcrt\u00e7e dil dersi verdi\u011fi i\u00e7in 10 y\u0131l hapis cezas\u0131na \u00e7arpt\u0131r\u0131lmas\u0131yla ilgili bildiri yay\u0131mlayan akademisyen ve yazarlar, \u0130ran rejiminin K\u00fcrt\u00e7e\u2019ye y\u00f6nelik ayr\u0131mc\u0131 politikalar\u0131n\u0131n, Birle\u015fmi\u015f Milletler\u2019in (BM) \u201cHer T\u00fcrl\u00fc Irk Ayr\u0131mc\u0131l\u0131\u011f\u0131n\u0131n Ortadan Kald\u0131r\u0131lmas\u0131na \u0130li\u015fkin Uluslararas\u0131 S\u00f6zle\u015fmesi\u201dne ayk\u0131r\u0131 oldu\u011funu vurgulad\u0131.<\/p>\n<p style=\"text-align: justify\">Bildiride, \u201c\u0130ran Mahkemesi\u2019nin hukuka ayk\u0131r\u0131 karar\u0131n\u0131 k\u0131n\u0131yor, Zara Muhammedi\u2019nin derhal beraat etmesini talep ediyoruz. \u0130ran\u2019da Fars\u00e7a olmayan dillere kar\u015f\u0131 geli\u015ftirilen ayr\u0131mc\u0131 politikalara son verilmelidir \u00e7a\u011fr\u0131m\u0131z\u0131 yineliyoruz\u201d denildi.<\/p>\n","protected":false},"excerpt":{"rendered":"<p>Dil Bilimci ve Felsefeci Noam Chomsky ile Sosyolog \u0130smail Be\u015fik\u00e7i\u2019nin de\u00a0 aralar\u0131nda yer ald\u0131\u011f\u0131 akademisyenler, K\u00fcrt\u00e7e ders verdi\u011fi i\u00e7in 10 y\u0131l hapis cezas\u0131na \u00e7arp\u0131t\u0131lan K\u00fcrt \u00f6\u011fretmen Zara Muhammedi\u2019nin serbest b\u0131rak\u0131lmas\u0131 i\u00e7in \u00e7a\u011fr\u0131da bulundular. Do\u011fu K\u00fcrdistan\u2019da (Rojhelat) a\u00e7\u0131lan Nujin Sosyal K\u00fclt\u00fcr Derne\u011fi\u2019nde K\u00fcrt\u00e7e dersi veren Zara Mihemedi, \u0130ran \u0130slam Cumhuriyeti Devrim Mahkemesi 1\u2019inci \u015eubesi taraf\u0131ndan \u201cUlusal [&hellip;]<\/p>\n","protected":false},"author":2,"featured_media":1010708,"comment_status":"closed","ping_status":"closed","sticky":false,"template":"","format":"standard","meta":{"footnotes":""},"categories":[3],"tags":[31],"class_list":["post-1010707","post","type-post","status-publish","format-standard","has-post-thumbnail","hentry","category-kurdistan","tag-onemli"],"blocksy_meta":[],"seo_head":"<!-- This site is optimized with the Yoast SEO plugin v27.5 - https:\/\/yoast.com\/product\/yoast-seo-wordpress\/ -->\n<title>Tan\u0131nm\u0131\u015f akademisyenlerden \u0130ran&#039;a \u00e7a\u011fr\u0131: Mamosta Zara\u2019y\u0131 serbest b\u0131rak - Darka Mazi<\/title>\n<meta name=\"robots\" content=\"index, follow, max-snippet:-1, max-image-preview:large, max-video-preview:-1\" \/>\n<link rel=\"canonical\" href=\"https:\/\/darkamazi.site\/archives\/1010707\" \/>\n<meta property=\"og:locale\" content=\"en_US\" \/>\n<meta property=\"og:type\" content=\"article\" \/>\n<meta property=\"og:title\" content=\"Tan\u0131nm\u0131\u015f akademisyenlerden \u0130ran&#039;a \u00e7a\u011fr\u0131: Mamosta Zara\u2019y\u0131 serbest b\u0131rak - Darka Mazi\" \/>\n<meta property=\"og:description\" content=\"Dil Bilimci ve Felsefeci Noam Chomsky ile Sosyolog \u0130smail Be\u015fik\u00e7i\u2019nin de\u00a0 aralar\u0131nda yer ald\u0131\u011f\u0131 akademisyenler, K\u00fcrt\u00e7e ders verdi\u011fi i\u00e7in 10 y\u0131l hapis cezas\u0131na \u00e7arp\u0131t\u0131lan K\u00fcrt \u00f6\u011fretmen Zara Muhammedi\u2019nin serbest b\u0131rak\u0131lmas\u0131 i\u00e7in \u00e7a\u011fr\u0131da bulundular. Do\u011fu K\u00fcrdistan\u2019da (Rojhelat) a\u00e7\u0131lan Nujin Sosyal K\u00fclt\u00fcr Derne\u011fi\u2019nde K\u00fcrt\u00e7e dersi veren Zara Mihemedi, \u0130ran \u0130slam Cumhuriyeti Devrim Mahkemesi 1\u2019inci \u015eubesi taraf\u0131ndan \u201cUlusal [&hellip;]\" \/>\n<meta property=\"og:url\" content=\"https:\/\/darkamazi.site\/archives\/1010707\" \/>\n<meta property=\"og:site_name\" content=\"Darka Mazi\" \/>\n<meta property=\"article:publisher\" content=\"https:\/\/www.facebook.com\/DarkaMaziturkce\" \/>\n<meta property=\"article:published_time\" content=\"2020-08-24T16:46:33+00:00\" \/>\n<meta property=\"og:image\" content=\"https:\/\/darkamazi.site\/file\/2020\/08\/Zara-Muhammed-i.jpg\" \/>\n\t<meta property=\"og:image:width\" content=\"852\" \/>\n\t<meta property=\"og:image:height\" content=\"479\" \/>\n\t<meta property=\"og:image:type\" content=\"image\/jpeg\" \/>\n<meta name=\"author\" content=\"darka mazi\" \/>\n<meta name=\"twitter:card\" content=\"summary_large_image\" \/>\n<meta name=\"twitter:creator\" content=\"@DarkaMaziTurkce\" \/>\n<meta name=\"twitter:site\" content=\"@DarkaMaziTurkce\" \/>\n<meta name=\"twitter:label1\" content=\"Written by\" \/>\n\t<meta name=\"twitter:data1\" content=\"darka mazi\" \/>\n\t<meta name=\"twitter:label2\" content=\"Est. reading time\" \/>\n\t<meta name=\"twitter:data2\" content=\"1 minute\" \/>\n<script type=\"application\/ld+json\" class=\"seo-schema-graph\">{\"@context\":\"https:\\\/\\\/schema.org\",\"@graph\":[{\"@type\":\"NewsArticle\",\"@id\":\"https:\\\/\\\/darkamazi.site\\\/archives\\\/1010707#article\",\"isPartOf\":{\"@id\":\"https:\\\/\\\/darkamazi.site\\\/archives\\\/1010707\"},\"author\":{\"name\":\"darka mazi\",\"@id\":\"https:\\\/\\\/darkamazi.site\\\/#\\\/schema\\\/person\\\/67986a95ac546c16760365877ef4a9d3\"},\"headline\":\"Tan\u0131nm\u0131\u015f akademisyenlerden \u0130ran&#8217;a \u00e7a\u011fr\u0131: Mamosta Zara\u2019y\u0131 serbest b\u0131rak\",\"datePublished\":\"2020-08-24T16:46:33+00:00\",\"mainEntityOfPage\":{\"@id\":\"https:\\\/\\\/darkamazi.site\\\/archives\\\/1010707\"},\"wordCount\":235,\"publisher\":{\"@id\":\"https:\\\/\\\/darkamazi.site\\\/#organization\"},\"image\":{\"@id\":\"https:\\\/\\\/darkamazi.site\\\/archives\\\/1010707#primaryimage\"},\"thumbnailUrl\":\"https:\\\/\\\/darkamazi.site\\\/darka-content\\\/uploads\\\/2020\\\/08\\\/Zara-Muhammed-i.jpg\",\"keywords\":[\"\u00f6nemli\"],\"articleSection\":[\"Kurdistan\"],\"inLanguage\":\"en-US\"},{\"@type\":\"WebPage\",\"@id\":\"https:\\\/\\\/darkamazi.site\\\/archives\\\/1010707\",\"url\":\"https:\\\/\\\/darkamazi.site\\\/archives\\\/1010707\",\"name\":\"Tan\u0131nm\u0131\u015f akademisyenlerden \u0130ran'a \u00e7a\u011fr\u0131: Mamosta Zara\u2019y\u0131 serbest b\u0131rak - Darka Mazi\",\"isPartOf\":{\"@id\":\"https:\\\/\\\/darkamazi.site\\\/#website\"},\"primaryImageOfPage\":{\"@id\":\"https:\\\/\\\/darkamazi.site\\\/archives\\\/1010707#primaryimage\"},\"image\":{\"@id\":\"https:\\\/\\\/darkamazi.site\\\/archives\\\/1010707#primaryimage\"},\"thumbnailUrl\":\"https:\\\/\\\/darkamazi.site\\\/darka-content\\\/uploads\\\/2020\\\/08\\\/Zara-Muhammed-i.jpg\",\"datePublished\":\"2020-08-24T16:46:33+00:00\",\"breadcrumb\":{\"@id\":\"https:\\\/\\\/darkamazi.site\\\/archives\\\/1010707#breadcrumb\"},\"inLanguage\":\"en-US\",\"potentialAction\":[{\"@type\":\"ReadAction\",\"target\":[\"https:\\\/\\\/darkamazi.site\\\/archives\\\/1010707\"]}]},{\"@type\":\"ImageObject\",\"inLanguage\":\"en-US\",\"@id\":\"https:\\\/\\\/darkamazi.site\\\/archives\\\/1010707#primaryimage\",\"url\":\"https:\\\/\\\/darkamazi.site\\\/darka-content\\\/uploads\\\/2020\\\/08\\\/Zara-Muhammed-i.jpg\",\"contentUrl\":\"https:\\\/\\\/darkamazi.site\\\/darka-content\\\/uploads\\\/2020\\\/08\\\/Zara-Muhammed-i.jpg\",\"width\":852,\"height\":479,\"caption\":\"Tan\u0131nm\u0131\u015f akademisyenlerden \u0130ran'a \u00e7a\u011fr\u0131: Mamosta Zara\u2019y\u0131 serbest b\u0131rak Zara Muhammedi\"},{\"@type\":\"BreadcrumbList\",\"@id\":\"https:\\\/\\\/darkamazi.site\\\/archives\\\/1010707#breadcrumb\",\"itemListElement\":[{\"@type\":\"ListItem\",\"position\":1,\"name\":\"Home\",\"item\":\"https:\\\/\\\/darkamazi.site\\\/\"},{\"@type\":\"ListItem\",\"position\":2,\"name\":\"Tan\u0131nm\u0131\u015f akademisyenlerden \u0130ran&#8217;a \u00e7a\u011fr\u0131: Mamosta Zara\u2019y\u0131 serbest b\u0131rak\"}]},{\"@type\":\"WebSite\",\"@id\":\"https:\\\/\\\/darkamazi.site\\\/#website\",\"url\":\"https:\\\/\\\/darkamazi.site\\\/\",\"name\":\"Darka Mazi\",\"description\":\"Ana Sayfa\",\"publisher\":{\"@id\":\"https:\\\/\\\/darkamazi.site\\\/#organization\"},\"potentialAction\":[{\"@type\":\"SearchAction\",\"target\":{\"@type\":\"EntryPoint\",\"urlTemplate\":\"https:\\\/\\\/darkamazi.site\\\/?s={search_term_string}\"},\"query-input\":{\"@type\":\"PropertyValueSpecification\",\"valueRequired\":true,\"valueName\":\"search_term_string\"}}],\"inLanguage\":\"en-US\"},{\"@type\":\"Organization\",\"@id\":\"https:\\\/\\\/darkamazi.site\\\/#organization\",\"name\":\"Darka Mazi T\u00fcrk\u00e7e\",\"alternateName\":\"Darka Mazi\",\"url\":\"https:\\\/\\\/darkamazi.site\\\/\",\"logo\":{\"@type\":\"ImageObject\",\"inLanguage\":\"en-US\",\"@id\":\"https:\\\/\\\/darkamazi.site\\\/#\\\/schema\\\/logo\\\/image\\\/\",\"url\":\"https:\\\/\\\/darkamazi.site\\\/darka-content\\\/uploads\\\/2017\\\/12\\\/darka-mazi-logo.png\",\"contentUrl\":\"https:\\\/\\\/darkamazi.site\\\/darka-content\\\/uploads\\\/2017\\\/12\\\/darka-mazi-logo.png\",\"width\":151,\"height\":75,\"caption\":\"Darka Mazi T\u00fcrk\u00e7e\"},\"image\":{\"@id\":\"https:\\\/\\\/darkamazi.site\\\/#\\\/schema\\\/logo\\\/image\\\/\"},\"sameAs\":[\"https:\\\/\\\/www.facebook.com\\\/DarkaMaziturkce\",\"https:\\\/\\\/x.com\\\/DarkaMaziTurkce\"]},{\"@type\":\"Person\",\"@id\":\"https:\\\/\\\/darkamazi.site\\\/#\\\/schema\\\/person\\\/67986a95ac546c16760365877ef4a9d3\",\"name\":\"darka mazi\",\"sameAs\":[\"https:\\\/\\\/darkamazi.site\"],\"url\":\"https:\\\/\\\/darkamazi.site\\\/archives\\\/author\\\/turkish\"}]}<\/script>\n<!-- \/ Yoast SEO plugin. -->","seo_head_json":{"title":"Tan\u0131nm\u0131\u015f akademisyenlerden \u0130ran'a \u00e7a\u011fr\u0131: Mamosta Zara\u2019y\u0131 serbest b\u0131rak - Darka Mazi","robots":{"index":"index","follow":"follow","max-snippet":"max-snippet:-1","max-image-preview":"max-image-preview:large","max-video-preview":"max-video-preview:-1"},"canonical":"https:\/\/darkamazi.site\/archives\/1010707","og_locale":"en_US","og_type":"article","og_title":"Tan\u0131nm\u0131\u015f akademisyenlerden \u0130ran'a \u00e7a\u011fr\u0131: Mamosta Zara\u2019y\u0131 serbest b\u0131rak - Darka Mazi","og_description":"Dil Bilimci ve Felsefeci Noam Chomsky ile Sosyolog \u0130smail Be\u015fik\u00e7i\u2019nin de\u00a0 aralar\u0131nda yer ald\u0131\u011f\u0131 akademisyenler, K\u00fcrt\u00e7e ders verdi\u011fi i\u00e7in 10 y\u0131l hapis cezas\u0131na \u00e7arp\u0131t\u0131lan K\u00fcrt \u00f6\u011fretmen Zara Muhammedi\u2019nin serbest b\u0131rak\u0131lmas\u0131 i\u00e7in \u00e7a\u011fr\u0131da bulundular. Do\u011fu K\u00fcrdistan\u2019da (Rojhelat) a\u00e7\u0131lan Nujin Sosyal K\u00fclt\u00fcr Derne\u011fi\u2019nde K\u00fcrt\u00e7e dersi veren Zara Mihemedi, \u0130ran \u0130slam Cumhuriyeti Devrim Mahkemesi 1\u2019inci \u015eubesi taraf\u0131ndan \u201cUlusal [&hellip;]","og_url":"https:\/\/darkamazi.site\/archives\/1010707","og_site_name":"Darka Mazi","article_publisher":"https:\/\/www.facebook.com\/DarkaMaziturkce","article_published_time":"2020-08-24T16:46:33+00:00","og_image":[{"width":852,"height":479,"url":"https:\/\/darkamazi.site\/file\/2020\/08\/Zara-Muhammed-i.jpg","type":"image\/jpeg"}],"author":"darka mazi","twitter_card":"summary_large_image","twitter_creator":"@DarkaMaziTurkce","twitter_site":"@DarkaMaziTurkce","twitter_misc":{"Written by":"darka mazi","Est. reading time":"1 minute"},"schema":{"@context":"https:\/\/schema.org","@graph":[{"@type":"NewsArticle","@id":"https:\/\/darkamazi.site\/archives\/1010707#article","isPartOf":{"@id":"https:\/\/darkamazi.site\/archives\/1010707"},"author":{"name":"darka mazi","@id":"https:\/\/darkamazi.site\/#\/schema\/person\/67986a95ac546c16760365877ef4a9d3"},"headline":"Tan\u0131nm\u0131\u015f akademisyenlerden \u0130ran&#8217;a \u00e7a\u011fr\u0131: Mamosta Zara\u2019y\u0131 serbest b\u0131rak","datePublished":"2020-08-24T16:46:33+00:00","mainEntityOfPage":{"@id":"https:\/\/darkamazi.site\/archives\/1010707"},"wordCount":235,"publisher":{"@id":"https:\/\/darkamazi.site\/#organization"},"image":{"@id":"https:\/\/darkamazi.site\/archives\/1010707#primaryimage"},"thumbnailUrl":"https:\/\/darkamazi.site\/file\/2020\/08\/Zara-Muhammed-i.jpg","keywords":["\u00f6nemli"],"articleSection":["Kurdistan"],"inLanguage":"en-US"},{"@type":"WebPage","@id":"https:\/\/darkamazi.site\/archives\/1010707","url":"https:\/\/darkamazi.site\/archives\/1010707","name":"Tan\u0131nm\u0131\u015f akademisyenlerden \u0130ran'a \u00e7a\u011fr\u0131: Mamosta Zara\u2019y\u0131 serbest b\u0131rak - Darka Mazi","isPartOf":{"@id":"https:\/\/darkamazi.site\/#website"},"primaryImageOfPage":{"@id":"https:\/\/darkamazi.site\/archives\/1010707#primaryimage"},"image":{"@id":"https:\/\/darkamazi.site\/archives\/1010707#primaryimage"},"thumbnailUrl":"https:\/\/darkamazi.site\/file\/2020\/08\/Zara-Muhammed-i.jpg","datePublished":"2020-08-24T16:46:33+00:00","breadcrumb":{"@id":"https:\/\/darkamazi.site\/archives\/1010707#breadcrumb"},"inLanguage":"en-US","potentialAction":[{"@type":"ReadAction","target":["https:\/\/darkamazi.site\/archives\/1010707"]}]},{"@type":"ImageObject","inLanguage":"en-US","@id":"https:\/\/darkamazi.site\/archives\/1010707#primaryimage","url":"https:\/\/darkamazi.site\/file\/2020\/08\/Zara-Muhammed-i.jpg","contentUrl":"https:\/\/darkamazi.site\/file\/2020\/08\/Zara-Muhammed-i.jpg","width":852,"height":479,"caption":"Tan\u0131nm\u0131\u015f akademisyenlerden \u0130ran'a \u00e7a\u011fr\u0131: Mamosta Zara\u2019y\u0131 serbest b\u0131rak Zara Muhammedi"},{"@type":"BreadcrumbList","@id":"https:\/\/darkamazi.site\/archives\/1010707#breadcrumb","itemListElement":[{"@type":"ListItem","position":1,"name":"Home","item":"https:\/\/darkamazi.site\/"},{"@type":"ListItem","position":2,"name":"Tan\u0131nm\u0131\u015f akademisyenlerden \u0130ran&#8217;a \u00e7a\u011fr\u0131: Mamosta Zara\u2019y\u0131 serbest b\u0131rak"}]},{"@type":"WebSite","@id":"https:\/\/darkamazi.site\/#website","url":"https:\/\/darkamazi.site\/","name":"Darka Mazi","description":"Ana Sayfa","publisher":{"@id":"https:\/\/darkamazi.site\/#organization"},"potentialAction":[{"@type":"SearchAction","target":{"@type":"EntryPoint","urlTemplate":"https:\/\/darkamazi.site\/?s={search_term_string}"},"query-input":{"@type":"PropertyValueSpecification","valueRequired":true,"valueName":"search_term_string"}}],"inLanguage":"en-US"},{"@type":"Organization","@id":"https:\/\/darkamazi.site\/#organization","name":"Darka Mazi T\u00fcrk\u00e7e","alternateName":"Darka Mazi","url":"https:\/\/darkamazi.site\/","logo":{"@type":"ImageObject","inLanguage":"en-US","@id":"https:\/\/darkamazi.site\/#\/schema\/logo\/image\/","url":"https:\/\/darkamazi.site\/file\/2017\/12\/darka-mazi-logo.png","contentUrl":"https:\/\/darkamazi.site\/file\/2017\/12\/darka-mazi-logo.png","width":151,"height":75,"caption":"Darka Mazi T\u00fcrk\u00e7e"},"image":{"@id":"https:\/\/darkamazi.site\/#\/schema\/logo\/image\/"},"sameAs":["https:\/\/www.facebook.com\/DarkaMaziturkce","https:\/\/x.com\/DarkaMaziTurkce"]},{"@type":"Person","@id":"https:\/\/darkamazi.site\/#\/schema\/person\/67986a95ac546c16760365877ef4a9d3","name":"darka mazi","sameAs":["https:\/\/darkamazi.site"],"url":"https:\/\/darkamazi.site\/archives\/author\/turkish"}]}},"_links":{"self":[{"href":"https:\/\/darkamazi.site\/funavuv\/wp\/v2\/posts\/1010707","targetHints":{"allow":["GET"]}}],"collection":[{"href":"https:\/\/darkamazi.site\/funavuv\/wp\/v2\/posts"}],"about":[{"href":"https:\/\/darkamazi.site\/funavuv\/wp\/v2\/types\/post"}],"author":[{"embeddable":true,"href":"https:\/\/darkamazi.site\/funavuv\/wp\/v2\/users\/2"}],"replies":[{"embeddable":true,"href":"https:\/\/darkamazi.site\/funavuv\/wp\/v2\/comments?post=1010707"}],"version-history":[{"count":0,"href":"https:\/\/darkamazi.site\/funavuv\/wp\/v2\/posts\/1010707\/revisions"}],"wp:featuredmedia":[{"embeddable":true,"href":"https:\/\/darkamazi.site\/funavuv\/wp\/v2\/media\/1010708"}],"wp:attachment":[{"href":"https:\/\/darkamazi.site\/funavuv\/wp\/v2\/media?parent=1010707"}],"wp:term":[{"taxonomy":"category","embeddable":true,"href":"https:\/\/darkamazi.site\/funavuv\/wp\/v2\/categories?post=1010707"},{"taxonomy":"post_tag","embeddable":true,"href":"https:\/\/darkamazi.site\/funavuv\/wp\/v2\/tags?post=1010707"}],"curies":[{"name":"wp","href":"https:\/\/api.w.org\/{rel}","templated":true}]}}