{"id":1010745,"date":"2020-08-27T17:43:49","date_gmt":"2020-08-27T14:43:49","guid":{"rendered":"https:\/\/darkamazi.site\/?p=1010745"},"modified":"2020-08-27T17:43:49","modified_gmt":"2020-08-27T14:43:49","slug":"pkk-guney-kurdistan-hukumetine-karsi-savas-karari-aldi-2-bolum","status":"publish","type":"post","link":"https:\/\/darkamazi.site\/archives\/1010745","title":{"rendered":"PKK G\u00fcney K\u00fcrdistan H\u00fck\u00fcmetine kar\u015f\u0131 sava\u015f karar\u0131 ald\u0131 2. B\u00f6l\u00fcm"},"content":{"rendered":"<h3 style=\"text-align: justify\"><span style=\"font-family: 'arial black', sans-serif;font-size: 12pt\">2.B\u00f6l\u00fcm: PKK s\u00f6m\u00fcrgeciden de\u011fil kazan\u0131lm\u0131\u015f K\u00fcrdistan\u2019dan toprak koparmak istiyor<\/span><\/h3>\n<p style=\"text-align: justify\">PKK\u2019nin G\u00fcney K\u00fcrdistan h\u00fck\u00fcmetine kar\u015f\u0131 sava\u015f karar\u0131 ald\u0131\u011f\u0131 y\u00f6n\u00fcnde pek \u00e7ok emare var. Bir\u00e7ok ki\u015fi PKK\u2019nin bunu yapamayaca\u011f\u0131n\u0131 d\u00fc\u015f\u00fcn\u00fcyor. Oysaki PKK\u2019nin b\u00f6lge denkleminde ki yeri ve PKK\u2019nin yap\u0131sal olarak ya\u015fad\u0131\u011f\u0131 sorunlar\u0131 iyi analiz edersek PKK\u2019nin \u201cG\u00fcney K\u00fcrdistan H\u00fck\u00fcmetine kar\u015f\u0131 sava\u015f ilan\u0131n\u0131\u201d kendi varl\u0131k-yokluk sorunu olarak g\u00f6rd\u00fc\u011f\u00fcn\u00fc net g\u00f6re biliriz. Bunu ba\u015far\u0131p ba\u015faramayaca\u011f\u0131, g\u00fcc\u00fc vb. konular ayr\u0131 bir tart\u0131\u015fma konusu fakat PKK kendi varl\u0131\u011f\u0131n\u0131 G\u00fcney K\u00fcrdistan h\u00fck\u00fcmetinin yoklu\u011fu \u00fczerine in\u015fa etmek istiyor.<\/p>\n<p style=\"text-align: justify\"><span style=\"font-family: 'arial black', sans-serif;font-size: 12pt\">T\u00fcrkiye s\u00f6m\u00fcrgeci ise \u0130ran nedir?<\/span><\/p>\n<p style=\"text-align: justify\">PKK G\u00fcney K\u00fcrdistan\u2019a kar\u015f\u0131 duydu\u011fu rekabet duygusunu her zaman izah edecek arg\u00fcmanlar yarat\u0131r. Son y\u0131llarda da K\u00fcrt halk\u0131n\u0131n T\u00fcrk s\u00f6m\u00fcrgecili\u011fine kar\u015f\u0131 duydu\u011fu tepkiyi G\u00fcneye kar\u015f\u0131 kullanmak istiyor. PKK her ko\u015fulda G\u00fcney y\u00f6netimi ve siyaset\u00e7ilerini T\u00fcrk devleti ile ili\u015fkileri oldu\u011fu gerek\u00e7esi ile su\u00e7luyor. Hatta bunu G\u00fcney Y\u00f6netimine kar\u015f\u0131 sava\u015f a\u00e7ma gerek\u00e7esi olarak g\u00f6steriyor. Oysaki PKK\u2019nin kendisi T\u00fcrk devletinden kopmam\u0131\u015ft\u0131r. Hala T\u00fcrk devleti ile bir diyalog aray\u0131\u015f\u0131 i\u00e7indedir. Bu g\u00fcn de\u011fil Erdo\u011fan herhangi bir AKP kadrosu veya gazetecisi bile PKK\u2019ye \u201chadi gelin g\u00f6r\u00fc\u015felim dese\u201d gidip g\u00f6r\u00fc\u015fecektir. PKK bunca sava\u015f\u0131 T\u00fcrk devleti ile g\u00f6r\u00fc\u015fmek i\u00e7in yap\u0131yor. \u00a0PKK\u2019nin T\u00fcrkiye\u2019deki legal siyasi aya\u011f\u0131 HDP\u2019de hala T\u00fcrk devletini demokratikle\u015ftirecek planlar sunuyor halka. Yani PKK\u2019nin kendisi T\u00fcrk devleti ile ili\u015fkilenmek istiyor, ili\u015fkilenecek kanal ar\u0131yor, tekrar diyalog kurmak istiyor.<\/p>\n<p style=\"text-align: justify\">PKK birka\u00e7 y\u0131l \u00f6ncesine kadar Erdo\u011fan ve M\u0130T m\u00fcste\u015far\u0131 ve Hakan Fidan\u2019la g\u00fcnl\u00fck ili\u015fki halindeydi. Her \u015fey bir yana PKK\u2019nin T\u00fcrk devleti ile ili\u015fkilerinden \u015faibe oldu\u011fu da herkes taraf\u0131ndan dile getiriliyor. AKP i\u015f ba\u015f\u0131na geldi\u011fi 2001 y\u0131l\u0131ndan bu yana PKK\u2019ye dayanarak T\u00fcrk devletinde etkili bir konuma geldi. Ayr\u0131ca PKK T\u00fcrk devletini y\u00f6netenleri AKP-MHP fa\u015fizmi g\u00f6r\u00fcyor da \u0130ran\u2019\u0131 y\u00f6neten Ruhani\u2019yi demokrat m\u0131 g\u00f6r\u00fcyor? K\u00fcrdistan\u2019\u0131n tek s\u00f6m\u00fcrgecisi T\u00fcrkiye de\u011fil G\u00fcneyi i\u015fgal etme plan\u0131 varsa bu tek ayakl\u0131 bir plan de\u011fil di\u011fer aya\u011f\u0131 \u0130ran\u2019d\u0131r. PKK G\u00fcney\u2019in i\u015fgalini \u00f6nlemeye mi \u00e7al\u0131\u015f\u0131yor yoksa \u0130ran\u2019\u0131n i\u015fgal etmesi i\u00e7in kendisine zemin mi haz\u0131rl\u0131yor. Elbette ki PKK \u0130ran ve Irak\u2019\u0131n egemen oldu\u011fu, y\u00f6netti\u011fi bir G\u00fcney K\u00fcrdistan\u2019da kendine bir egemenlik alan\u0131 kalaca\u011f\u0131n\u0131 hesapl\u0131yor.<\/p>\n<p style=\"text-align: justify\"><span style=\"font-family: 'arial black', sans-serif;font-size: 12pt\">\u015eengal\u2019de yapt\u0131\u011f\u0131n\u0131 Hewler\u2019e yapmak istiyor<\/span><\/p>\n<p style=\"text-align: justify\">PKK bu y\u00f6ntemi \u015eengal\u2019de denedi. G\u00fcney K\u00fcrdistan\u2019dan bir par\u00e7a toprak kopard\u0131 ve Irak-\u0130ran devletlerine dayanarak oray\u0131 y\u00f6netiyor. \u015eimdi \u015eengal\u2019de yapt\u0131\u011f\u0131n\u0131n ayn\u0131s\u0131n\u0131 t\u00fcm K\u00fcrdistan b\u00f6lgesinde denemek istiyor. Yani PKK\u2019nin G\u00fcney K\u00fcrdistan h\u00fck\u00fcmetine kar\u015f\u0131 verdi\u011fi sava\u015f iktidar\u0131 ele ge\u00e7irmek olmad\u0131 ortak olma sava\u015f\u0131d\u0131r. Hi\u00e7bir ba\u015fka neden yoktur. T\u00fcrk devleti de san\u0131ld\u0131\u011f\u0131n\u0131n aksine PKK\u2019nin ve PKK paradigmas\u0131n\u0131n G\u00fcney K\u00fcrdistan\u2019da bulunmas\u0131ndan asla rahats\u0131z de\u011fildir.<\/p>\n<p style=\"text-align: justify\">Ger\u00e7e\u011fe bakarsan\u0131z YNK S\u00fcleymaniye Eyalete Meclisinin Irak\u2019a ba\u011flanmak istemesi, \u015easuwar Abduhvahid\u2019in kriz ortam\u0131nda halk\u0131 meydanlara \u00e7a\u011f\u0131rmas\u0131, PKK\u2019nin s\u00fcrekli olarak G\u00fcney h\u00fck\u00fcmetini hedef g\u00f6stermesinin hi\u00e7 biri tesad\u00fcf de\u011fildir. Hepsi ayn\u0131 merkezden kontrol edilmektedir.<\/p>\n<p style=\"text-align: justify\"><span style=\"font-family: 'arial black', sans-serif;font-size: 12pt\">S\u00f6m\u00fcrgeciye de\u011fil K\u00fcrtlere kar\u015f\u0131 sava\u015f<\/span><\/p>\n<p style=\"text-align: justify\">K\u0131sacas\u0131 PKK s\u00f6m\u00fcrgecilerden bir par\u00e7a toprak koparmayaca\u011f\u0131n\u0131 anlam\u0131\u015ft\u0131r. \u015eimdi kurtar\u0131lm\u0131\u015f bir K\u00fcrdistan par\u00e7as\u0131n\u0131 ele ge\u00e7irmek olmaza da kendi y\u00f6netece\u011fi birka\u00e7 par\u00e7ay\u0131 koparmak istemektedir. PKK s\u00f6m\u00fcrgeci ile yapamad\u0131\u011f\u0131-yapmad\u0131\u011f\u0131 sava\u015f\u0131 G\u00fcney K\u00fcrdistan y\u00f6ntemine kar\u015f\u0131 vermek istemektedir.<\/p>\n<p style=\"text-align: justify\">Bunun i\u00e7inde PKK\u2019nin plan\u0131 Eyl\u00fcl ay\u0131n\u0131n ortas\u0131na do\u011fru bir hareketlilik yaratmakt\u0131r. Birka\u00e7 koldan provaksyon yarat\u0131lacak. \u00d6ncelikle Pe\u015fmergeye kar\u015f\u0131 sava\u015f ilan etmenin gerek\u00e7esi olu\u015fturulacak. Bunun i\u00e7in de gerilla g\u00fc\u00e7lerini Haftanin, \u015eeladize, Amediye, hatt\u0131nda daha fazla \u015fehirlere yak\u0131n yerlere g\u00f6nderecek. Asayi\u015f noktalar\u0131nda olay \u00e7\u0131karacak. Bir bi\u00e7ime pe\u015fmerge gerilla \u00e7at\u0131\u015fmas\u0131n\u0131n zemini haz\u0131rlanacak.<\/p>\n<p style=\"text-align: justify\">\u015eehirde Neweye Nu adl\u0131 hareketin \u00e7a\u011fr\u0131s\u0131 ile birka\u00e7 hareket ve zaten PKK\u2019nin bir iki y\u0131ld\u0131r e\u011fitti\u011fi birka\u00e7 gencin silahl\u0131 ortama m\u00fcdahelesi ile kontrol edilmez olaylar ortaya \u00e7\u0131karmaya \u00e7al\u0131\u015f\u0131lacak. PKK\u2019nin b\u00f6yle bir provaksyon pe\u015finde oldu\u011funu yerel g\u00fc\u00e7lerde do\u011fruluyor. En son olarak 20 A\u011fustos gecesi Zaxo\u2019da t\u0131r \u015fof\u00f6rlerinin normal bir talebini provake etmeleri de bir \u00e7e\u015fit provad\u0131r. Bu i\u015fin devam\u0131 gelecektir. PKK\u2019nin amac\u0131 G\u00fcneyde ciddi bir karga\u015fa ortam\u0131 yarat\u0131p H\u00fck\u00fcmeti i\u015fleyemez duruma getirip baz\u0131 siyasi ortaklar\u0131 ile beraber Irak h\u00fck\u00fcmetinin olaylara m\u00fcdahale etmesi hatta Irak ordusunun alana gelmesidir.<\/p>\n<p style=\"text-align: justify\"><span style=\"font-size: 12pt;font-family: 'arial black', sans-serif\">Kerk\u00fck ihanetinin ikinci perdesi<\/span><\/p>\n<p style=\"text-align: justify\">Bu plan akl\u0131m\u0131za elbette ki Kerk\u00fck olaylar\u0131n\u0131 getiriyor. 2017 y\u0131l\u0131nda Kerk\u00fck olaylar\u0131 olurken esas plan \u015fuydu: Irak ordusu S\u00fcleymaniye Hewler aras\u0131n\u0131 kesecek, Irak ordusu ilerleye bildi\u011fi kadar ilerleyecekti. S\u00fcleymaniye cephesinde ise Lahor Cengi ekibi geri kalan YNK \u00fcyelerine darbe yapm\u0131\u015ft\u0131. Her an biz K\u00fcrdistan b\u00f6lgesel y\u00f6netiminden ayr\u0131la bilirdiler. Bu da K\u00fcrdistan B\u00f6lgesinin lahvedilmesi anlam\u0131na gelecekti.<\/p>\n<p style=\"text-align: justify\">Elbett ki ne plan bu kadar basitti ne de bu kadar kolay yap\u0131la bilirdi. Ama ana hatlar\u0131 ile nihayi hedef buydu. Pirde direni\u015fi bu plana izin vermedi.<\/p>\n<p style=\"text-align: justify\">\u015eimdi 2017 y\u0131l\u0131na Lahor Cengi arac\u0131l\u0131\u011f\u0131 ile yapamad\u0131klar\u0131n\u0131 bu kez daha b\u00fcy\u00fck konseptle yapmak istiyorlar. PKK bu kez olay\u0131n esas g\u00fcc\u00fc olarak rol oynayacak.<\/p>\n<p style=\"text-align: justify\">Tamda Irak y\u00f6netimi ile K\u00fcrdistan B\u00f6lgesel y\u00f6netimi aras\u0131nda g\u00f6r\u00fc\u015fmelerin ba\u015flayaca\u011f\u0131 bir d\u00f6nemde b\u00f6yle bir plan\u0131n olmas\u0131 \u00e7ok manidard\u0131r. PKK bu yanl\u0131\u015ftan geri d\u00f6nmelidir.<\/p>\n","protected":false},"excerpt":{"rendered":"<p>2.B\u00f6l\u00fcm: PKK s\u00f6m\u00fcrgeciden de\u011fil kazan\u0131lm\u0131\u015f K\u00fcrdistan\u2019dan toprak koparmak istiyor PKK\u2019nin G\u00fcney K\u00fcrdistan h\u00fck\u00fcmetine kar\u015f\u0131 sava\u015f karar\u0131 ald\u0131\u011f\u0131 y\u00f6n\u00fcnde pek \u00e7ok emare var. Bir\u00e7ok ki\u015fi PKK\u2019nin bunu yapamayaca\u011f\u0131n\u0131 d\u00fc\u015f\u00fcn\u00fcyor. Oysaki PKK\u2019nin b\u00f6lge denkleminde ki yeri ve PKK\u2019nin yap\u0131sal olarak ya\u015fad\u0131\u011f\u0131 sorunlar\u0131 iyi analiz edersek PKK\u2019nin \u201cG\u00fcney K\u00fcrdistan H\u00fck\u00fcmetine kar\u015f\u0131 sava\u015f ilan\u0131n\u0131\u201d kendi varl\u0131k-yokluk sorunu olarak g\u00f6rd\u00fc\u011f\u00fcn\u00fc [&hellip;]<\/p>\n","protected":false},"author":2,"featured_media":1010746,"comment_status":"closed","ping_status":"closed","sticky":false,"template":"","format":"standard","meta":{"footnotes":""},"categories":[39],"tags":[31],"class_list":["post-1010745","post","type-post","status-publish","format-standard","has-post-thumbnail","hentry","category-ozel-dosya","tag-onemli"],"blocksy_meta":[],"seo_head":"<!-- This site is optimized with the Yoast SEO plugin v27.5 - https:\/\/yoast.com\/product\/yoast-seo-wordpress\/ -->\n<title>PKK G\u00fcney K\u00fcrdistan H\u00fck\u00fcmetine kar\u015f\u0131 sava\u015f karar\u0131 ald\u0131 2. B\u00f6l\u00fcm - Darka Mazi<\/title>\n<meta name=\"robots\" content=\"index, follow, max-snippet:-1, max-image-preview:large, max-video-preview:-1\" \/>\n<link rel=\"canonical\" href=\"https:\/\/darkamazi.site\/archives\/1010745\" \/>\n<meta property=\"og:locale\" content=\"en_US\" \/>\n<meta property=\"og:type\" content=\"article\" \/>\n<meta property=\"og:title\" content=\"PKK G\u00fcney K\u00fcrdistan H\u00fck\u00fcmetine kar\u015f\u0131 sava\u015f karar\u0131 ald\u0131 2. B\u00f6l\u00fcm - Darka Mazi\" \/>\n<meta property=\"og:description\" content=\"2.B\u00f6l\u00fcm: PKK s\u00f6m\u00fcrgeciden de\u011fil kazan\u0131lm\u0131\u015f K\u00fcrdistan\u2019dan toprak koparmak istiyor PKK\u2019nin G\u00fcney K\u00fcrdistan h\u00fck\u00fcmetine kar\u015f\u0131 sava\u015f karar\u0131 ald\u0131\u011f\u0131 y\u00f6n\u00fcnde pek \u00e7ok emare var. Bir\u00e7ok ki\u015fi PKK\u2019nin bunu yapamayaca\u011f\u0131n\u0131 d\u00fc\u015f\u00fcn\u00fcyor. Oysaki PKK\u2019nin b\u00f6lge denkleminde ki yeri ve PKK\u2019nin yap\u0131sal olarak ya\u015fad\u0131\u011f\u0131 sorunlar\u0131 iyi analiz edersek PKK\u2019nin \u201cG\u00fcney K\u00fcrdistan H\u00fck\u00fcmetine kar\u015f\u0131 sava\u015f ilan\u0131n\u0131\u201d kendi varl\u0131k-yokluk sorunu olarak g\u00f6rd\u00fc\u011f\u00fcn\u00fc [&hellip;]\" \/>\n<meta property=\"og:url\" content=\"https:\/\/darkamazi.site\/archives\/1010745\" \/>\n<meta property=\"og:site_name\" content=\"Darka Mazi\" \/>\n<meta property=\"article:publisher\" content=\"https:\/\/www.facebook.com\/DarkaMaziturkce\" \/>\n<meta property=\"article:published_time\" content=\"2020-08-27T14:43:49+00:00\" \/>\n<meta property=\"og:image\" content=\"https:\/\/darkamazi.site\/file\/2020\/08\/Bu-gunku-yazi-icin-1.jpg\" \/>\n\t<meta property=\"og:image:width\" content=\"900\" \/>\n\t<meta property=\"og:image:height\" content=\"500\" \/>\n\t<meta property=\"og:image:type\" content=\"image\/jpeg\" \/>\n<meta name=\"author\" content=\"darka mazi\" \/>\n<meta name=\"twitter:card\" content=\"summary_large_image\" \/>\n<meta name=\"twitter:creator\" content=\"@DarkaMaziTurkce\" \/>\n<meta name=\"twitter:site\" content=\"@DarkaMaziTurkce\" \/>\n<meta name=\"twitter:label1\" content=\"Written by\" \/>\n\t<meta name=\"twitter:data1\" content=\"darka mazi\" \/>\n\t<meta name=\"twitter:label2\" content=\"Est. reading time\" \/>\n\t<meta name=\"twitter:data2\" content=\"5 minutes\" \/>\n<script type=\"application\/ld+json\" class=\"seo-schema-graph\">{\"@context\":\"https:\\\/\\\/schema.org\",\"@graph\":[{\"@type\":\"NewsArticle\",\"@id\":\"https:\\\/\\\/darkamazi.site\\\/archives\\\/1010745#article\",\"isPartOf\":{\"@id\":\"https:\\\/\\\/darkamazi.site\\\/archives\\\/1010745\"},\"author\":{\"name\":\"darka mazi\",\"@id\":\"https:\\\/\\\/darkamazi.site\\\/#\\\/schema\\\/person\\\/67986a95ac546c16760365877ef4a9d3\"},\"headline\":\"PKK G\u00fcney K\u00fcrdistan H\u00fck\u00fcmetine kar\u015f\u0131 sava\u015f karar\u0131 ald\u0131 2. B\u00f6l\u00fcm\",\"datePublished\":\"2020-08-27T14:43:49+00:00\",\"mainEntityOfPage\":{\"@id\":\"https:\\\/\\\/darkamazi.site\\\/archives\\\/1010745\"},\"wordCount\":1092,\"publisher\":{\"@id\":\"https:\\\/\\\/darkamazi.site\\\/#organization\"},\"image\":{\"@id\":\"https:\\\/\\\/darkamazi.site\\\/archives\\\/1010745#primaryimage\"},\"thumbnailUrl\":\"https:\\\/\\\/darkamazi.site\\\/darka-content\\\/uploads\\\/2020\\\/08\\\/Bu-gunku-yazi-icin-1.jpg\",\"keywords\":[\"\u00f6nemli\"],\"articleSection\":[\"\u00d6zel Dosya\"],\"inLanguage\":\"en-US\"},{\"@type\":\"WebPage\",\"@id\":\"https:\\\/\\\/darkamazi.site\\\/archives\\\/1010745\",\"url\":\"https:\\\/\\\/darkamazi.site\\\/archives\\\/1010745\",\"name\":\"PKK G\u00fcney K\u00fcrdistan H\u00fck\u00fcmetine kar\u015f\u0131 sava\u015f karar\u0131 ald\u0131 2. B\u00f6l\u00fcm - Darka Mazi\",\"isPartOf\":{\"@id\":\"https:\\\/\\\/darkamazi.site\\\/#website\"},\"primaryImageOfPage\":{\"@id\":\"https:\\\/\\\/darkamazi.site\\\/archives\\\/1010745#primaryimage\"},\"image\":{\"@id\":\"https:\\\/\\\/darkamazi.site\\\/archives\\\/1010745#primaryimage\"},\"thumbnailUrl\":\"https:\\\/\\\/darkamazi.site\\\/darka-content\\\/uploads\\\/2020\\\/08\\\/Bu-gunku-yazi-icin-1.jpg\",\"datePublished\":\"2020-08-27T14:43:49+00:00\",\"breadcrumb\":{\"@id\":\"https:\\\/\\\/darkamazi.site\\\/archives\\\/1010745#breadcrumb\"},\"inLanguage\":\"en-US\",\"potentialAction\":[{\"@type\":\"ReadAction\",\"target\":[\"https:\\\/\\\/darkamazi.site\\\/archives\\\/1010745\"]}]},{\"@type\":\"ImageObject\",\"inLanguage\":\"en-US\",\"@id\":\"https:\\\/\\\/darkamazi.site\\\/archives\\\/1010745#primaryimage\",\"url\":\"https:\\\/\\\/darkamazi.site\\\/darka-content\\\/uploads\\\/2020\\\/08\\\/Bu-gunku-yazi-icin-1.jpg\",\"contentUrl\":\"https:\\\/\\\/darkamazi.site\\\/darka-content\\\/uploads\\\/2020\\\/08\\\/Bu-gunku-yazi-icin-1.jpg\",\"width\":900,\"height\":500,\"caption\":\"PKK G\u00fcney K\u00fcrdistan H\u00fck\u00fcmetine kar\u015f\u0131 sava\u015f karar\u0131 ald\u0131 2. B\u00f6l\u00fcm\"},{\"@type\":\"BreadcrumbList\",\"@id\":\"https:\\\/\\\/darkamazi.site\\\/archives\\\/1010745#breadcrumb\",\"itemListElement\":[{\"@type\":\"ListItem\",\"position\":1,\"name\":\"Home\",\"item\":\"https:\\\/\\\/darkamazi.site\\\/\"},{\"@type\":\"ListItem\",\"position\":2,\"name\":\"PKK G\u00fcney K\u00fcrdistan H\u00fck\u00fcmetine kar\u015f\u0131 sava\u015f karar\u0131 ald\u0131 2. B\u00f6l\u00fcm\"}]},{\"@type\":\"WebSite\",\"@id\":\"https:\\\/\\\/darkamazi.site\\\/#website\",\"url\":\"https:\\\/\\\/darkamazi.site\\\/\",\"name\":\"Darka Mazi\",\"description\":\"Ana Sayfa\",\"publisher\":{\"@id\":\"https:\\\/\\\/darkamazi.site\\\/#organization\"},\"potentialAction\":[{\"@type\":\"SearchAction\",\"target\":{\"@type\":\"EntryPoint\",\"urlTemplate\":\"https:\\\/\\\/darkamazi.site\\\/?s={search_term_string}\"},\"query-input\":{\"@type\":\"PropertyValueSpecification\",\"valueRequired\":true,\"valueName\":\"search_term_string\"}}],\"inLanguage\":\"en-US\"},{\"@type\":\"Organization\",\"@id\":\"https:\\\/\\\/darkamazi.site\\\/#organization\",\"name\":\"Darka Mazi T\u00fcrk\u00e7e\",\"alternateName\":\"Darka Mazi\",\"url\":\"https:\\\/\\\/darkamazi.site\\\/\",\"logo\":{\"@type\":\"ImageObject\",\"inLanguage\":\"en-US\",\"@id\":\"https:\\\/\\\/darkamazi.site\\\/#\\\/schema\\\/logo\\\/image\\\/\",\"url\":\"https:\\\/\\\/darkamazi.site\\\/darka-content\\\/uploads\\\/2017\\\/12\\\/darka-mazi-logo.png\",\"contentUrl\":\"https:\\\/\\\/darkamazi.site\\\/darka-content\\\/uploads\\\/2017\\\/12\\\/darka-mazi-logo.png\",\"width\":151,\"height\":75,\"caption\":\"Darka Mazi T\u00fcrk\u00e7e\"},\"image\":{\"@id\":\"https:\\\/\\\/darkamazi.site\\\/#\\\/schema\\\/logo\\\/image\\\/\"},\"sameAs\":[\"https:\\\/\\\/www.facebook.com\\\/DarkaMaziturkce\",\"https:\\\/\\\/x.com\\\/DarkaMaziTurkce\"]},{\"@type\":\"Person\",\"@id\":\"https:\\\/\\\/darkamazi.site\\\/#\\\/schema\\\/person\\\/67986a95ac546c16760365877ef4a9d3\",\"name\":\"darka mazi\",\"sameAs\":[\"https:\\\/\\\/darkamazi.site\"],\"url\":\"https:\\\/\\\/darkamazi.site\\\/archives\\\/author\\\/turkish\"}]}<\/script>\n<!-- \/ Yoast SEO plugin. -->","seo_head_json":{"title":"PKK G\u00fcney K\u00fcrdistan H\u00fck\u00fcmetine kar\u015f\u0131 sava\u015f karar\u0131 ald\u0131 2. B\u00f6l\u00fcm - Darka Mazi","robots":{"index":"index","follow":"follow","max-snippet":"max-snippet:-1","max-image-preview":"max-image-preview:large","max-video-preview":"max-video-preview:-1"},"canonical":"https:\/\/darkamazi.site\/archives\/1010745","og_locale":"en_US","og_type":"article","og_title":"PKK G\u00fcney K\u00fcrdistan H\u00fck\u00fcmetine kar\u015f\u0131 sava\u015f karar\u0131 ald\u0131 2. B\u00f6l\u00fcm - Darka Mazi","og_description":"2.B\u00f6l\u00fcm: PKK s\u00f6m\u00fcrgeciden de\u011fil kazan\u0131lm\u0131\u015f K\u00fcrdistan\u2019dan toprak koparmak istiyor PKK\u2019nin G\u00fcney K\u00fcrdistan h\u00fck\u00fcmetine kar\u015f\u0131 sava\u015f karar\u0131 ald\u0131\u011f\u0131 y\u00f6n\u00fcnde pek \u00e7ok emare var. Bir\u00e7ok ki\u015fi PKK\u2019nin bunu yapamayaca\u011f\u0131n\u0131 d\u00fc\u015f\u00fcn\u00fcyor. Oysaki PKK\u2019nin b\u00f6lge denkleminde ki yeri ve PKK\u2019nin yap\u0131sal olarak ya\u015fad\u0131\u011f\u0131 sorunlar\u0131 iyi analiz edersek PKK\u2019nin \u201cG\u00fcney K\u00fcrdistan H\u00fck\u00fcmetine kar\u015f\u0131 sava\u015f ilan\u0131n\u0131\u201d kendi varl\u0131k-yokluk sorunu olarak g\u00f6rd\u00fc\u011f\u00fcn\u00fc [&hellip;]","og_url":"https:\/\/darkamazi.site\/archives\/1010745","og_site_name":"Darka Mazi","article_publisher":"https:\/\/www.facebook.com\/DarkaMaziturkce","article_published_time":"2020-08-27T14:43:49+00:00","og_image":[{"width":900,"height":500,"url":"https:\/\/darkamazi.site\/file\/2020\/08\/Bu-gunku-yazi-icin-1.jpg","type":"image\/jpeg"}],"author":"darka mazi","twitter_card":"summary_large_image","twitter_creator":"@DarkaMaziTurkce","twitter_site":"@DarkaMaziTurkce","twitter_misc":{"Written by":"darka mazi","Est. reading time":"5 minutes"},"schema":{"@context":"https:\/\/schema.org","@graph":[{"@type":"NewsArticle","@id":"https:\/\/darkamazi.site\/archives\/1010745#article","isPartOf":{"@id":"https:\/\/darkamazi.site\/archives\/1010745"},"author":{"name":"darka mazi","@id":"https:\/\/darkamazi.site\/#\/schema\/person\/67986a95ac546c16760365877ef4a9d3"},"headline":"PKK G\u00fcney K\u00fcrdistan H\u00fck\u00fcmetine kar\u015f\u0131 sava\u015f karar\u0131 ald\u0131 2. B\u00f6l\u00fcm","datePublished":"2020-08-27T14:43:49+00:00","mainEntityOfPage":{"@id":"https:\/\/darkamazi.site\/archives\/1010745"},"wordCount":1092,"publisher":{"@id":"https:\/\/darkamazi.site\/#organization"},"image":{"@id":"https:\/\/darkamazi.site\/archives\/1010745#primaryimage"},"thumbnailUrl":"https:\/\/darkamazi.site\/file\/2020\/08\/Bu-gunku-yazi-icin-1.jpg","keywords":["\u00f6nemli"],"articleSection":["\u00d6zel Dosya"],"inLanguage":"en-US"},{"@type":"WebPage","@id":"https:\/\/darkamazi.site\/archives\/1010745","url":"https:\/\/darkamazi.site\/archives\/1010745","name":"PKK G\u00fcney K\u00fcrdistan H\u00fck\u00fcmetine kar\u015f\u0131 sava\u015f karar\u0131 ald\u0131 2. B\u00f6l\u00fcm - Darka Mazi","isPartOf":{"@id":"https:\/\/darkamazi.site\/#website"},"primaryImageOfPage":{"@id":"https:\/\/darkamazi.site\/archives\/1010745#primaryimage"},"image":{"@id":"https:\/\/darkamazi.site\/archives\/1010745#primaryimage"},"thumbnailUrl":"https:\/\/darkamazi.site\/file\/2020\/08\/Bu-gunku-yazi-icin-1.jpg","datePublished":"2020-08-27T14:43:49+00:00","breadcrumb":{"@id":"https:\/\/darkamazi.site\/archives\/1010745#breadcrumb"},"inLanguage":"en-US","potentialAction":[{"@type":"ReadAction","target":["https:\/\/darkamazi.site\/archives\/1010745"]}]},{"@type":"ImageObject","inLanguage":"en-US","@id":"https:\/\/darkamazi.site\/archives\/1010745#primaryimage","url":"https:\/\/darkamazi.site\/file\/2020\/08\/Bu-gunku-yazi-icin-1.jpg","contentUrl":"https:\/\/darkamazi.site\/file\/2020\/08\/Bu-gunku-yazi-icin-1.jpg","width":900,"height":500,"caption":"PKK G\u00fcney K\u00fcrdistan H\u00fck\u00fcmetine kar\u015f\u0131 sava\u015f karar\u0131 ald\u0131 2. B\u00f6l\u00fcm"},{"@type":"BreadcrumbList","@id":"https:\/\/darkamazi.site\/archives\/1010745#breadcrumb","itemListElement":[{"@type":"ListItem","position":1,"name":"Home","item":"https:\/\/darkamazi.site\/"},{"@type":"ListItem","position":2,"name":"PKK G\u00fcney K\u00fcrdistan H\u00fck\u00fcmetine kar\u015f\u0131 sava\u015f karar\u0131 ald\u0131 2. B\u00f6l\u00fcm"}]},{"@type":"WebSite","@id":"https:\/\/darkamazi.site\/#website","url":"https:\/\/darkamazi.site\/","name":"Darka Mazi","description":"Ana Sayfa","publisher":{"@id":"https:\/\/darkamazi.site\/#organization"},"potentialAction":[{"@type":"SearchAction","target":{"@type":"EntryPoint","urlTemplate":"https:\/\/darkamazi.site\/?s={search_term_string}"},"query-input":{"@type":"PropertyValueSpecification","valueRequired":true,"valueName":"search_term_string"}}],"inLanguage":"en-US"},{"@type":"Organization","@id":"https:\/\/darkamazi.site\/#organization","name":"Darka Mazi T\u00fcrk\u00e7e","alternateName":"Darka Mazi","url":"https:\/\/darkamazi.site\/","logo":{"@type":"ImageObject","inLanguage":"en-US","@id":"https:\/\/darkamazi.site\/#\/schema\/logo\/image\/","url":"https:\/\/darkamazi.site\/file\/2017\/12\/darka-mazi-logo.png","contentUrl":"https:\/\/darkamazi.site\/file\/2017\/12\/darka-mazi-logo.png","width":151,"height":75,"caption":"Darka Mazi T\u00fcrk\u00e7e"},"image":{"@id":"https:\/\/darkamazi.site\/#\/schema\/logo\/image\/"},"sameAs":["https:\/\/www.facebook.com\/DarkaMaziturkce","https:\/\/x.com\/DarkaMaziTurkce"]},{"@type":"Person","@id":"https:\/\/darkamazi.site\/#\/schema\/person\/67986a95ac546c16760365877ef4a9d3","name":"darka mazi","sameAs":["https:\/\/darkamazi.site"],"url":"https:\/\/darkamazi.site\/archives\/author\/turkish"}]}},"_links":{"self":[{"href":"https:\/\/darkamazi.site\/funavuv\/wp\/v2\/posts\/1010745","targetHints":{"allow":["GET"]}}],"collection":[{"href":"https:\/\/darkamazi.site\/funavuv\/wp\/v2\/posts"}],"about":[{"href":"https:\/\/darkamazi.site\/funavuv\/wp\/v2\/types\/post"}],"author":[{"embeddable":true,"href":"https:\/\/darkamazi.site\/funavuv\/wp\/v2\/users\/2"}],"replies":[{"embeddable":true,"href":"https:\/\/darkamazi.site\/funavuv\/wp\/v2\/comments?post=1010745"}],"version-history":[{"count":0,"href":"https:\/\/darkamazi.site\/funavuv\/wp\/v2\/posts\/1010745\/revisions"}],"wp:featuredmedia":[{"embeddable":true,"href":"https:\/\/darkamazi.site\/funavuv\/wp\/v2\/media\/1010746"}],"wp:attachment":[{"href":"https:\/\/darkamazi.site\/funavuv\/wp\/v2\/media?parent=1010745"}],"wp:term":[{"taxonomy":"category","embeddable":true,"href":"https:\/\/darkamazi.site\/funavuv\/wp\/v2\/categories?post=1010745"},{"taxonomy":"post_tag","embeddable":true,"href":"https:\/\/darkamazi.site\/funavuv\/wp\/v2\/tags?post=1010745"}],"curies":[{"name":"wp","href":"https:\/\/api.w.org\/{rel}","templated":true}]}}