{"id":1010924,"date":"2020-09-17T17:55:16","date_gmt":"2020-09-17T14:55:16","guid":{"rendered":"https:\/\/darkamazi.site\/?p=1010924"},"modified":"2020-09-17T17:55:16","modified_gmt":"2020-09-17T14:55:16","slug":"abd-iki-iranliyi-casusluk-nedeni-ile-tutukladi","status":"publish","type":"post","link":"https:\/\/darkamazi.site\/archives\/1010924","title":{"rendered":"ABD iki \u0130ranl\u0131y\u0131 casusluk nedeni ile tutuklad\u0131"},"content":{"rendered":"<p style=\"text-align: justify\"><span>ABD Adalet Bakanl\u0131\u011f\u0131, iki \u0130ranl\u0131y\u0131 ABD ulusal g\u00fcvenli\u011fi ve n\u00fckleer bilgileri i\u00e7eren yayg\u0131n siber casusluk operasyonlar\u0131na kat\u0131lmak su\u00e7u nedeni ile tutuklad\u0131.<\/span><\/p>\n<p style=\"text-align: justify\"><span>ABD Savunma Bakanl\u0131\u011f\u0131 konuyla ilgili yay\u0131nlad\u0131\u011f\u0131 a\u00e7\u0131klamada, ger\u00e7ekle\u015ftirilen bu elektronik casusluk operasyonu sonucu bu casuslu\u011fun \u0130ran \u0130slam Cumhuriyeti rejiminin emri ve deste\u011fiyle ger\u00e7ekle\u015ftirildi\u011finin do\u011frulad\u0131\u011f\u0131n\u0131 belirtti.<\/span><\/p>\n<p style=\"text-align: justify\"><span>Reuters&#8217;\u0131n ge\u00e7ti\u011fi habere g\u00f6re Adalet Bakanl\u0131\u011f\u0131 a\u00e7\u0131klamas\u0131nda, yarg\u0131lanan \u0130ranl\u0131lar\u0131n orta \u0130ran\u2019\u0131n Hamedan eyaletinden Humen Haydrian (30) ve Mehdi Ferhadi (34) isimli ki\u015filer oldu\u011fu kaydedildi.<\/span><\/p>\n<p style=\"text-align: justify\"><span>A\u00e7\u0131klamada bu iki casusun ABD\u2019nin ulusal g\u00fcvenli\u011fiyle ilgili bilgi ve belgeler de dahil olmak \u00fczere uzay \u00e7al\u0131\u015fmalar\u0131, yay\u0131mlanmam\u0131\u015f bilimsel ara\u015ft\u0131rma ve n\u00fckleer bilgilerin yer ald\u0131\u011f\u0131 y\u00fczlerce tarabaytl\u0131k veri \u00e7ald\u0131\u011f\u0131 ifade edildi.<\/span><\/p>\n<h3 style=\"text-align: justify\"><span style=\"font-family: 'arial black', sans-serif;font-size: 12pt\">Casuslar rejim muhaliflerini de hedef ald\u0131<\/span><\/h3>\n<p style=\"text-align: justify\"><span>ABD Adalet Bakanl\u0131\u011f\u0131, yakalanan iki casusun baz\u0131 durumlarda \u0130ran rejiminin talebi \u00fczerine \u0130ran rejimine muhalif ki\u015fi ve liderler ile insan haklar\u0131 aktivistleri hakk\u0131nda bilgi toplad\u0131\u011f\u0131n\u0131, ayr\u0131ca bu casuslar\u0131n toplad\u0131klar\u0131 bu bilgileri baz\u0131 durumlarda dijital karaborsada satt\u0131\u011f\u0131n\u0131 da belirtti.<\/span><\/p>\n<p style=\"text-align: justify\"><span>Davay\u0131 y\u00fcr\u00fcten New Jersey B\u00f6lge Savc\u0131s\u0131 Craig Carpinetto, iki casusun bilgisayar sistemlerine k\u00fcstah\u00e7a s\u0131zarak fikri m\u00fclkiyeti hedef ald\u0131\u011f\u0131n\u0131, s\u0131k s\u0131k \u0130ran&#8217;da ve d\u00fcnyan\u0131n d\u00f6rt bir yan\u0131nda insan haklar\u0131 m\u00fccadelesi y\u00fcr\u00fcten aktivistler de dahil olmak \u00fczere \u0130ran rejimine muhalif ki\u015fileri sindirmeye \u00e7al\u0131\u015ft\u0131klar\u0131n\u0131n ortaya \u00e7\u0131kt\u0131\u011f\u0131n\u0131 s\u00f6yledi.<\/span><\/p>\n","protected":false},"excerpt":{"rendered":"<p>ABD Adalet Bakanl\u0131\u011f\u0131, iki \u0130ranl\u0131y\u0131 ABD ulusal g\u00fcvenli\u011fi ve n\u00fckleer bilgileri i\u00e7eren yayg\u0131n siber casusluk operasyonlar\u0131na kat\u0131lmak su\u00e7u nedeni ile tutuklad\u0131. ABD Savunma Bakanl\u0131\u011f\u0131 konuyla ilgili yay\u0131nlad\u0131\u011f\u0131 a\u00e7\u0131klamada, ger\u00e7ekle\u015ftirilen bu elektronik casusluk operasyonu sonucu bu casuslu\u011fun \u0130ran \u0130slam Cumhuriyeti rejiminin emri ve deste\u011fiyle ger\u00e7ekle\u015ftirildi\u011finin do\u011frulad\u0131\u011f\u0131n\u0131 belirtti. Reuters&#8217;\u0131n ge\u00e7ti\u011fi habere g\u00f6re Adalet Bakanl\u0131\u011f\u0131 a\u00e7\u0131klamas\u0131nda, yarg\u0131lanan \u0130ranl\u0131lar\u0131n [&hellip;]<\/p>\n","protected":false},"author":2,"featured_media":1010925,"comment_status":"closed","ping_status":"closed","sticky":false,"template":"","format":"standard","meta":{"footnotes":""},"categories":[6],"tags":[],"class_list":["post-1010924","post","type-post","status-publish","format-standard","has-post-thumbnail","hentry","category-dunya"],"blocksy_meta":[],"seo_head":"<!-- This site is optimized with the Yoast SEO plugin v27.5 - https:\/\/yoast.com\/product\/yoast-seo-wordpress\/ -->\n<title>ABD iki \u0130ranl\u0131y\u0131 casusluk nedeni ile tutuklad\u0131 - Darka Mazi<\/title>\n<meta name=\"robots\" content=\"index, follow, max-snippet:-1, max-image-preview:large, max-video-preview:-1\" \/>\n<link rel=\"canonical\" href=\"https:\/\/darkamazi.site\/archives\/1010924\" \/>\n<meta property=\"og:locale\" content=\"en_US\" \/>\n<meta property=\"og:type\" content=\"article\" \/>\n<meta property=\"og:title\" content=\"ABD iki \u0130ranl\u0131y\u0131 casusluk nedeni ile tutuklad\u0131 - Darka Mazi\" \/>\n<meta property=\"og:description\" content=\"ABD Adalet Bakanl\u0131\u011f\u0131, iki \u0130ranl\u0131y\u0131 ABD ulusal g\u00fcvenli\u011fi ve n\u00fckleer bilgileri i\u00e7eren yayg\u0131n siber casusluk operasyonlar\u0131na kat\u0131lmak su\u00e7u nedeni ile tutuklad\u0131. ABD Savunma Bakanl\u0131\u011f\u0131 konuyla ilgili yay\u0131nlad\u0131\u011f\u0131 a\u00e7\u0131klamada, ger\u00e7ekle\u015ftirilen bu elektronik casusluk operasyonu sonucu bu casuslu\u011fun \u0130ran \u0130slam Cumhuriyeti rejiminin emri ve deste\u011fiyle ger\u00e7ekle\u015ftirildi\u011finin do\u011frulad\u0131\u011f\u0131n\u0131 belirtti. Reuters&#8217;\u0131n ge\u00e7ti\u011fi habere g\u00f6re Adalet Bakanl\u0131\u011f\u0131 a\u00e7\u0131klamas\u0131nda, yarg\u0131lanan \u0130ranl\u0131lar\u0131n [&hellip;]\" \/>\n<meta property=\"og:url\" content=\"https:\/\/darkamazi.site\/archives\/1010924\" \/>\n<meta property=\"og:site_name\" content=\"Darka Mazi\" \/>\n<meta property=\"article:publisher\" content=\"https:\/\/www.facebook.com\/DarkaMaziturkce\" \/>\n<meta property=\"article:published_time\" content=\"2020-09-17T14:55:16+00:00\" \/>\n<meta property=\"og:image\" content=\"https:\/\/darkamazi.site\/file\/2020\/09\/FBI.jpg\" \/>\n\t<meta property=\"og:image:width\" content=\"1023\" \/>\n\t<meta property=\"og:image:height\" content=\"575\" \/>\n\t<meta property=\"og:image:type\" content=\"image\/jpeg\" \/>\n<meta name=\"author\" content=\"darka mazi\" \/>\n<meta name=\"twitter:card\" content=\"summary_large_image\" \/>\n<meta name=\"twitter:creator\" content=\"@DarkaMaziTurkce\" \/>\n<meta name=\"twitter:site\" content=\"@DarkaMaziTurkce\" \/>\n<meta name=\"twitter:label1\" content=\"Written by\" \/>\n\t<meta name=\"twitter:data1\" content=\"darka mazi\" \/>\n\t<meta name=\"twitter:label2\" content=\"Est. reading time\" \/>\n\t<meta name=\"twitter:data2\" content=\"1 minute\" \/>\n<script type=\"application\/ld+json\" class=\"seo-schema-graph\">{\"@context\":\"https:\\\/\\\/schema.org\",\"@graph\":[{\"@type\":\"NewsArticle\",\"@id\":\"https:\\\/\\\/darkamazi.site\\\/archives\\\/1010924#article\",\"isPartOf\":{\"@id\":\"https:\\\/\\\/darkamazi.site\\\/archives\\\/1010924\"},\"author\":{\"name\":\"darka mazi\",\"@id\":\"https:\\\/\\\/darkamazi.site\\\/#\\\/schema\\\/person\\\/67986a95ac546c16760365877ef4a9d3\"},\"headline\":\"ABD iki \u0130ranl\u0131y\u0131 casusluk nedeni ile tutuklad\u0131\",\"datePublished\":\"2020-09-17T14:55:16+00:00\",\"mainEntityOfPage\":{\"@id\":\"https:\\\/\\\/darkamazi.site\\\/archives\\\/1010924\"},\"wordCount\":271,\"publisher\":{\"@id\":\"https:\\\/\\\/darkamazi.site\\\/#organization\"},\"image\":{\"@id\":\"https:\\\/\\\/darkamazi.site\\\/archives\\\/1010924#primaryimage\"},\"thumbnailUrl\":\"https:\\\/\\\/darkamazi.site\\\/darka-content\\\/uploads\\\/2020\\\/09\\\/FBI.jpg\",\"articleSection\":[\"D\u00fcnya\"],\"inLanguage\":\"en-US\"},{\"@type\":\"WebPage\",\"@id\":\"https:\\\/\\\/darkamazi.site\\\/archives\\\/1010924\",\"url\":\"https:\\\/\\\/darkamazi.site\\\/archives\\\/1010924\",\"name\":\"ABD iki \u0130ranl\u0131y\u0131 casusluk nedeni ile tutuklad\u0131 - Darka Mazi\",\"isPartOf\":{\"@id\":\"https:\\\/\\\/darkamazi.site\\\/#website\"},\"primaryImageOfPage\":{\"@id\":\"https:\\\/\\\/darkamazi.site\\\/archives\\\/1010924#primaryimage\"},\"image\":{\"@id\":\"https:\\\/\\\/darkamazi.site\\\/archives\\\/1010924#primaryimage\"},\"thumbnailUrl\":\"https:\\\/\\\/darkamazi.site\\\/darka-content\\\/uploads\\\/2020\\\/09\\\/FBI.jpg\",\"datePublished\":\"2020-09-17T14:55:16+00:00\",\"breadcrumb\":{\"@id\":\"https:\\\/\\\/darkamazi.site\\\/archives\\\/1010924#breadcrumb\"},\"inLanguage\":\"en-US\",\"potentialAction\":[{\"@type\":\"ReadAction\",\"target\":[\"https:\\\/\\\/darkamazi.site\\\/archives\\\/1010924\"]}]},{\"@type\":\"ImageObject\",\"inLanguage\":\"en-US\",\"@id\":\"https:\\\/\\\/darkamazi.site\\\/archives\\\/1010924#primaryimage\",\"url\":\"https:\\\/\\\/darkamazi.site\\\/darka-content\\\/uploads\\\/2020\\\/09\\\/FBI.jpg\",\"contentUrl\":\"https:\\\/\\\/darkamazi.site\\\/darka-content\\\/uploads\\\/2020\\\/09\\\/FBI.jpg\",\"width\":1023,\"height\":575,\"caption\":\"ABD Adalet Bakanl\u0131\u011f\u0131, iki \u0130ranl\u0131y\u0131 ABD ulusal g\u00fcvenli\u011fi ve n\u00fckleer bilgileri i\u00e7eren yayg\u0131n siber casusluk operasyonlar\u0131na kat\u0131lmaktan yakalad\u0131. ABD Savunma Bakanl\u0131\u011f\u0131 konuyla ilgili yay\u0131nlad\u0131\u011f\u0131 a\u00e7\u0131klamada, ger\u00e7ekle\u015ftirilen bu elektronik casusluk operasyonu sonucu bu casuslu\u011fun \u0130ran \u0130slam Cumhuriyeti rejiminin emri ve deste\u011fiyle ger\u00e7ekle\u015ftirildi\u011finin do\u011frulad\u0131\u011f\u0131n\u0131 belirtti. Reuters'\u0131n ge\u00e7ti\u011fi habere g\u00f6re Adalet Bakanl\u0131\u011f\u0131 a\u00e7\u0131klamas\u0131nda, yarg\u0131lanan \u0130ranl\u0131lar\u0131n orta \u0130ran\u2019\u0131n Hamedan eyaletinden Humen Haydrian (30) ve Mehdi Ferhadi (34) isimli ki\u015filer oldu\u011fu kaydedildi. A\u00e7\u0131klamada bu iki casusun ABD\u2019nin ulusal g\u00fcvenli\u011fiyle ilgili bilgi ve belgeler de dahil olmak \u00fczere uzay \u00e7al\u0131\u015fmalar\u0131, yay\u0131mlanmam\u0131\u015f bilimsel ara\u015ft\u0131rma ve n\u00fckleer bilgilerin yer ald\u0131\u011f\u0131 y\u00fczlerce tarabaytl\u0131k veri \u00e7ald\u0131\u011f\u0131 ifade edildi. Casuslar rejim muhaliflerini de hedef ald\u0131 ABD Adalet Bakanl\u0131\u011f\u0131, yakalanan iki casusun baz\u0131 durumlarda \u0130ran rejiminin talebi \u00fczerine \u0130ran rejimine muhalif ki\u015fi ve liderler ile insan haklar\u0131 aktivistleri hakk\u0131nda bilgi toplad\u0131\u011f\u0131n\u0131, ayr\u0131ca bu casuslar\u0131n toplad\u0131klar\u0131 bu bilgileri baz\u0131 durumlarda dijital karaborsada satt\u0131\u011f\u0131n\u0131 da belirtti. Davay\u0131 y\u00fcr\u00fcten New Jersey B\u00f6lge Savc\u0131s\u0131 Craig Carpinetto, iki casusun bilgisayar sistemlerine k\u00fcstah\u00e7a s\u0131zarak fikri m\u00fclkiyeti hedef ald\u0131\u011f\u0131n\u0131, s\u0131k s\u0131k \u0130ran'da ve d\u00fcnyan\u0131n d\u00f6rt bir yan\u0131nda insan haklar\u0131 m\u00fccadelesi y\u00fcr\u00fcten aktivistler de dahil olmak \u00fczere \u0130ran rejimine muhalif ki\u015fileri sindirmeye \u00e7al\u0131\u015ft\u0131klar\u0131n\u0131n ortaya \u00e7\u0131kt\u0131\u011f\u0131n\u0131 s\u00f6yledi.\"},{\"@type\":\"BreadcrumbList\",\"@id\":\"https:\\\/\\\/darkamazi.site\\\/archives\\\/1010924#breadcrumb\",\"itemListElement\":[{\"@type\":\"ListItem\",\"position\":1,\"name\":\"Home\",\"item\":\"https:\\\/\\\/darkamazi.site\\\/\"},{\"@type\":\"ListItem\",\"position\":2,\"name\":\"ABD iki \u0130ranl\u0131y\u0131 casusluk nedeni ile tutuklad\u0131\"}]},{\"@type\":\"WebSite\",\"@id\":\"https:\\\/\\\/darkamazi.site\\\/#website\",\"url\":\"https:\\\/\\\/darkamazi.site\\\/\",\"name\":\"Darka Mazi\",\"description\":\"Ana Sayfa\",\"publisher\":{\"@id\":\"https:\\\/\\\/darkamazi.site\\\/#organization\"},\"potentialAction\":[{\"@type\":\"SearchAction\",\"target\":{\"@type\":\"EntryPoint\",\"urlTemplate\":\"https:\\\/\\\/darkamazi.site\\\/?s={search_term_string}\"},\"query-input\":{\"@type\":\"PropertyValueSpecification\",\"valueRequired\":true,\"valueName\":\"search_term_string\"}}],\"inLanguage\":\"en-US\"},{\"@type\":\"Organization\",\"@id\":\"https:\\\/\\\/darkamazi.site\\\/#organization\",\"name\":\"Darka Mazi T\u00fcrk\u00e7e\",\"alternateName\":\"Darka Mazi\",\"url\":\"https:\\\/\\\/darkamazi.site\\\/\",\"logo\":{\"@type\":\"ImageObject\",\"inLanguage\":\"en-US\",\"@id\":\"https:\\\/\\\/darkamazi.site\\\/#\\\/schema\\\/logo\\\/image\\\/\",\"url\":\"https:\\\/\\\/darkamazi.site\\\/darka-content\\\/uploads\\\/2017\\\/12\\\/darka-mazi-logo.png\",\"contentUrl\":\"https:\\\/\\\/darkamazi.site\\\/darka-content\\\/uploads\\\/2017\\\/12\\\/darka-mazi-logo.png\",\"width\":151,\"height\":75,\"caption\":\"Darka Mazi T\u00fcrk\u00e7e\"},\"image\":{\"@id\":\"https:\\\/\\\/darkamazi.site\\\/#\\\/schema\\\/logo\\\/image\\\/\"},\"sameAs\":[\"https:\\\/\\\/www.facebook.com\\\/DarkaMaziturkce\",\"https:\\\/\\\/x.com\\\/DarkaMaziTurkce\"]},{\"@type\":\"Person\",\"@id\":\"https:\\\/\\\/darkamazi.site\\\/#\\\/schema\\\/person\\\/67986a95ac546c16760365877ef4a9d3\",\"name\":\"darka mazi\",\"sameAs\":[\"https:\\\/\\\/darkamazi.site\"],\"url\":\"https:\\\/\\\/darkamazi.site\\\/archives\\\/author\\\/turkish\"}]}<\/script>\n<!-- \/ Yoast SEO plugin. -->","seo_head_json":{"title":"ABD iki \u0130ranl\u0131y\u0131 casusluk nedeni ile tutuklad\u0131 - Darka Mazi","robots":{"index":"index","follow":"follow","max-snippet":"max-snippet:-1","max-image-preview":"max-image-preview:large","max-video-preview":"max-video-preview:-1"},"canonical":"https:\/\/darkamazi.site\/archives\/1010924","og_locale":"en_US","og_type":"article","og_title":"ABD iki \u0130ranl\u0131y\u0131 casusluk nedeni ile tutuklad\u0131 - Darka Mazi","og_description":"ABD Adalet Bakanl\u0131\u011f\u0131, iki \u0130ranl\u0131y\u0131 ABD ulusal g\u00fcvenli\u011fi ve n\u00fckleer bilgileri i\u00e7eren yayg\u0131n siber casusluk operasyonlar\u0131na kat\u0131lmak su\u00e7u nedeni ile tutuklad\u0131. ABD Savunma Bakanl\u0131\u011f\u0131 konuyla ilgili yay\u0131nlad\u0131\u011f\u0131 a\u00e7\u0131klamada, ger\u00e7ekle\u015ftirilen bu elektronik casusluk operasyonu sonucu bu casuslu\u011fun \u0130ran \u0130slam Cumhuriyeti rejiminin emri ve deste\u011fiyle ger\u00e7ekle\u015ftirildi\u011finin do\u011frulad\u0131\u011f\u0131n\u0131 belirtti. Reuters&#8217;\u0131n ge\u00e7ti\u011fi habere g\u00f6re Adalet Bakanl\u0131\u011f\u0131 a\u00e7\u0131klamas\u0131nda, yarg\u0131lanan \u0130ranl\u0131lar\u0131n [&hellip;]","og_url":"https:\/\/darkamazi.site\/archives\/1010924","og_site_name":"Darka Mazi","article_publisher":"https:\/\/www.facebook.com\/DarkaMaziturkce","article_published_time":"2020-09-17T14:55:16+00:00","og_image":[{"width":1023,"height":575,"url":"https:\/\/darkamazi.site\/file\/2020\/09\/FBI.jpg","type":"image\/jpeg"}],"author":"darka mazi","twitter_card":"summary_large_image","twitter_creator":"@DarkaMaziTurkce","twitter_site":"@DarkaMaziTurkce","twitter_misc":{"Written by":"darka mazi","Est. reading time":"1 minute"},"schema":{"@context":"https:\/\/schema.org","@graph":[{"@type":"NewsArticle","@id":"https:\/\/darkamazi.site\/archives\/1010924#article","isPartOf":{"@id":"https:\/\/darkamazi.site\/archives\/1010924"},"author":{"name":"darka mazi","@id":"https:\/\/darkamazi.site\/#\/schema\/person\/67986a95ac546c16760365877ef4a9d3"},"headline":"ABD iki \u0130ranl\u0131y\u0131 casusluk nedeni ile tutuklad\u0131","datePublished":"2020-09-17T14:55:16+00:00","mainEntityOfPage":{"@id":"https:\/\/darkamazi.site\/archives\/1010924"},"wordCount":271,"publisher":{"@id":"https:\/\/darkamazi.site\/#organization"},"image":{"@id":"https:\/\/darkamazi.site\/archives\/1010924#primaryimage"},"thumbnailUrl":"https:\/\/darkamazi.site\/file\/2020\/09\/FBI.jpg","articleSection":["D\u00fcnya"],"inLanguage":"en-US"},{"@type":"WebPage","@id":"https:\/\/darkamazi.site\/archives\/1010924","url":"https:\/\/darkamazi.site\/archives\/1010924","name":"ABD iki \u0130ranl\u0131y\u0131 casusluk nedeni ile tutuklad\u0131 - Darka Mazi","isPartOf":{"@id":"https:\/\/darkamazi.site\/#website"},"primaryImageOfPage":{"@id":"https:\/\/darkamazi.site\/archives\/1010924#primaryimage"},"image":{"@id":"https:\/\/darkamazi.site\/archives\/1010924#primaryimage"},"thumbnailUrl":"https:\/\/darkamazi.site\/file\/2020\/09\/FBI.jpg","datePublished":"2020-09-17T14:55:16+00:00","breadcrumb":{"@id":"https:\/\/darkamazi.site\/archives\/1010924#breadcrumb"},"inLanguage":"en-US","potentialAction":[{"@type":"ReadAction","target":["https:\/\/darkamazi.site\/archives\/1010924"]}]},{"@type":"ImageObject","inLanguage":"en-US","@id":"https:\/\/darkamazi.site\/archives\/1010924#primaryimage","url":"https:\/\/darkamazi.site\/file\/2020\/09\/FBI.jpg","contentUrl":"https:\/\/darkamazi.site\/file\/2020\/09\/FBI.jpg","width":1023,"height":575,"caption":"ABD Adalet Bakanl\u0131\u011f\u0131, iki \u0130ranl\u0131y\u0131 ABD ulusal g\u00fcvenli\u011fi ve n\u00fckleer bilgileri i\u00e7eren yayg\u0131n siber casusluk operasyonlar\u0131na kat\u0131lmaktan yakalad\u0131. ABD Savunma Bakanl\u0131\u011f\u0131 konuyla ilgili yay\u0131nlad\u0131\u011f\u0131 a\u00e7\u0131klamada, ger\u00e7ekle\u015ftirilen bu elektronik casusluk operasyonu sonucu bu casuslu\u011fun \u0130ran \u0130slam Cumhuriyeti rejiminin emri ve deste\u011fiyle ger\u00e7ekle\u015ftirildi\u011finin do\u011frulad\u0131\u011f\u0131n\u0131 belirtti. Reuters'\u0131n ge\u00e7ti\u011fi habere g\u00f6re Adalet Bakanl\u0131\u011f\u0131 a\u00e7\u0131klamas\u0131nda, yarg\u0131lanan \u0130ranl\u0131lar\u0131n orta \u0130ran\u2019\u0131n Hamedan eyaletinden Humen Haydrian (30) ve Mehdi Ferhadi (34) isimli ki\u015filer oldu\u011fu kaydedildi. A\u00e7\u0131klamada bu iki casusun ABD\u2019nin ulusal g\u00fcvenli\u011fiyle ilgili bilgi ve belgeler de dahil olmak \u00fczere uzay \u00e7al\u0131\u015fmalar\u0131, yay\u0131mlanmam\u0131\u015f bilimsel ara\u015ft\u0131rma ve n\u00fckleer bilgilerin yer ald\u0131\u011f\u0131 y\u00fczlerce tarabaytl\u0131k veri \u00e7ald\u0131\u011f\u0131 ifade edildi. Casuslar rejim muhaliflerini de hedef ald\u0131 ABD Adalet Bakanl\u0131\u011f\u0131, yakalanan iki casusun baz\u0131 durumlarda \u0130ran rejiminin talebi \u00fczerine \u0130ran rejimine muhalif ki\u015fi ve liderler ile insan haklar\u0131 aktivistleri hakk\u0131nda bilgi toplad\u0131\u011f\u0131n\u0131, ayr\u0131ca bu casuslar\u0131n toplad\u0131klar\u0131 bu bilgileri baz\u0131 durumlarda dijital karaborsada satt\u0131\u011f\u0131n\u0131 da belirtti. Davay\u0131 y\u00fcr\u00fcten New Jersey B\u00f6lge Savc\u0131s\u0131 Craig Carpinetto, iki casusun bilgisayar sistemlerine k\u00fcstah\u00e7a s\u0131zarak fikri m\u00fclkiyeti hedef ald\u0131\u011f\u0131n\u0131, s\u0131k s\u0131k \u0130ran'da ve d\u00fcnyan\u0131n d\u00f6rt bir yan\u0131nda insan haklar\u0131 m\u00fccadelesi y\u00fcr\u00fcten aktivistler de dahil olmak \u00fczere \u0130ran rejimine muhalif ki\u015fileri sindirmeye \u00e7al\u0131\u015ft\u0131klar\u0131n\u0131n ortaya \u00e7\u0131kt\u0131\u011f\u0131n\u0131 s\u00f6yledi."},{"@type":"BreadcrumbList","@id":"https:\/\/darkamazi.site\/archives\/1010924#breadcrumb","itemListElement":[{"@type":"ListItem","position":1,"name":"Home","item":"https:\/\/darkamazi.site\/"},{"@type":"ListItem","position":2,"name":"ABD iki \u0130ranl\u0131y\u0131 casusluk nedeni ile tutuklad\u0131"}]},{"@type":"WebSite","@id":"https:\/\/darkamazi.site\/#website","url":"https:\/\/darkamazi.site\/","name":"Darka Mazi","description":"Ana Sayfa","publisher":{"@id":"https:\/\/darkamazi.site\/#organization"},"potentialAction":[{"@type":"SearchAction","target":{"@type":"EntryPoint","urlTemplate":"https:\/\/darkamazi.site\/?s={search_term_string}"},"query-input":{"@type":"PropertyValueSpecification","valueRequired":true,"valueName":"search_term_string"}}],"inLanguage":"en-US"},{"@type":"Organization","@id":"https:\/\/darkamazi.site\/#organization","name":"Darka Mazi T\u00fcrk\u00e7e","alternateName":"Darka Mazi","url":"https:\/\/darkamazi.site\/","logo":{"@type":"ImageObject","inLanguage":"en-US","@id":"https:\/\/darkamazi.site\/#\/schema\/logo\/image\/","url":"https:\/\/darkamazi.site\/file\/2017\/12\/darka-mazi-logo.png","contentUrl":"https:\/\/darkamazi.site\/file\/2017\/12\/darka-mazi-logo.png","width":151,"height":75,"caption":"Darka Mazi T\u00fcrk\u00e7e"},"image":{"@id":"https:\/\/darkamazi.site\/#\/schema\/logo\/image\/"},"sameAs":["https:\/\/www.facebook.com\/DarkaMaziturkce","https:\/\/x.com\/DarkaMaziTurkce"]},{"@type":"Person","@id":"https:\/\/darkamazi.site\/#\/schema\/person\/67986a95ac546c16760365877ef4a9d3","name":"darka mazi","sameAs":["https:\/\/darkamazi.site"],"url":"https:\/\/darkamazi.site\/archives\/author\/turkish"}]}},"_links":{"self":[{"href":"https:\/\/darkamazi.site\/funavuv\/wp\/v2\/posts\/1010924","targetHints":{"allow":["GET"]}}],"collection":[{"href":"https:\/\/darkamazi.site\/funavuv\/wp\/v2\/posts"}],"about":[{"href":"https:\/\/darkamazi.site\/funavuv\/wp\/v2\/types\/post"}],"author":[{"embeddable":true,"href":"https:\/\/darkamazi.site\/funavuv\/wp\/v2\/users\/2"}],"replies":[{"embeddable":true,"href":"https:\/\/darkamazi.site\/funavuv\/wp\/v2\/comments?post=1010924"}],"version-history":[{"count":0,"href":"https:\/\/darkamazi.site\/funavuv\/wp\/v2\/posts\/1010924\/revisions"}],"wp:featuredmedia":[{"embeddable":true,"href":"https:\/\/darkamazi.site\/funavuv\/wp\/v2\/media\/1010925"}],"wp:attachment":[{"href":"https:\/\/darkamazi.site\/funavuv\/wp\/v2\/media?parent=1010924"}],"wp:term":[{"taxonomy":"category","embeddable":true,"href":"https:\/\/darkamazi.site\/funavuv\/wp\/v2\/categories?post=1010924"},{"taxonomy":"post_tag","embeddable":true,"href":"https:\/\/darkamazi.site\/funavuv\/wp\/v2\/tags?post=1010924"}],"curies":[{"name":"wp","href":"https:\/\/api.w.org\/{rel}","templated":true}]}}