{"id":1010970,"date":"2020-09-21T18:43:07","date_gmt":"2020-09-21T15:43:07","guid":{"rendered":"https:\/\/darkamazi.site\/?p=1010970"},"modified":"2020-09-21T18:43:07","modified_gmt":"2020-09-21T15:43:07","slug":"kcknin-yeni-tecride-fasizme-isgale-son-ozgurlugu-saglama-zamani-hamlesi","status":"publish","type":"post","link":"https:\/\/darkamazi.site\/archives\/1010970","title":{"rendered":"KCK\u2019nin yeni \u201cTecride, fa\u015fizme, i\u015fgale son; \u00f6zg\u00fcrl\u00fc\u011f\u00fc sa\u011flama zaman\u0131 hamlesi\u201d"},"content":{"rendered":"<p style=\"text-align: justify\">10 Eyl\u00fcl g\u00fcn\u00fc KCK Y\u00fcr\u00fctme Konseyi ad\u0131na yap\u0131lan bir a\u00e7\u0131klama yap\u0131larak \u201cTecride, fa\u015fizme, i\u015fgale son; \u00f6zg\u00fcrl\u00fc\u011f\u00fc sa\u011flama zaman\u0131\u201d ad\u0131yla bir kampanya ba\u015flad\u0131\u011f\u0131n\u0131 duyurdu.\u00a0 Bildiride son y\u00fcz y\u0131ll\u0131k zaman dilimi de\u011ferlendiriliyor. Hamlenin amac\u0131 ise \u015fu s\u00f6zlerle ifade ediliyor: \u201cBu hamlenin hedefi; \u0130mral\u0131\u2019da a\u011f\u0131r tecride dayal\u0131 i\u015fkence sistemini sistematik \u00f6zel sava\u015f ve K\u00fcrt halk\u0131 \u00fczerinde psikolojik harekat haline getiren, i\u015fgali yayg\u0131nla\u015ft\u0131ran, i\u00e7erde ve d\u0131\u015far\u0131da ba\u015fta K\u00fcrt halk\u0131 olmak \u00fczere halklar \u00fczerinde fa\u015fist bask\u0131lar\u0131 yo\u011funla\u015ft\u0131ran AKP-MHP-Ergenekon iktidar\u0131n\u0131 y\u0131kmakt\u0131r.\u201d<\/p>\n<p style=\"text-align: justify\"><span style=\"font-family: 'arial black', sans-serif;font-size: 12pt\">PKK\u2019nin tekelinde ki \u00a0kelimeler: \u00d6zg\u00fcrl\u00fck, direni\u015f, demokrasi, gelecek<\/span><\/p>\n<p style=\"text-align: justify\">Hamlenin ba\u015far\u0131ya ula\u015fmas\u0131 halinde olacaklar ise \u015f\u00f6yle \u00f6zetleniyor.\u00a0 K\u00fcrt halk\u0131n\u0131n devrimci demokratik g\u00fcc\u00fc ile T\u00fcrkiye ve Ortado\u011fu halklar\u0131n\u0131n demokrasi g\u00fc\u00e7leri, m\u00fccadelelerini bu g\u00fcce y\u00f6nelttiklerinde mutlaka kazanacaklard\u0131r. Bu kazan\u0131m sadece K\u00fcrdistan ve T\u00fcrkiye\u2019nin de\u011fil, t\u00fcm Ortado\u011fu\u2019nun da demokrasi, \u00f6zg\u00fcrl\u00fck ve t\u00fcm de\u011ferlerde d\u00fcnyaya \u00f6rnek hale gelmesini sa\u011flayacakt\u0131r.\u201d deniyor.<\/p>\n<p style=\"text-align: justify\">Bu c\u00fcmleler ilk kez bir KCK bildirisi hatta ilk kez bir hamle bildirisi okuyan biri i\u00e7in \u00e7ok romantik ve etkili g\u00f6r\u00fcle bilir. Oysaki PKK-KCK \u00e7izgisini az \u00e7ok takip etmi\u015f ve tarihi haf\u0131zas\u0131 da yerinde biri \u015fu ger\u00e7e\u011fi g\u00f6re bilir. \u201cKCK\u2019nin12 Eyl\u00fcl\u2019de ba\u015flatt\u0131\u011f\u0131 hamle son yirmi y\u0131ll\u0131k hamlelerin tekrar\u0131d\u0131r.\u201d KCK \u00f6zg\u00fcrl\u00fck, \u00f6nder Apo, tecrit, gelecek vb. kavramlar\u0131 de\u011fi\u015fik bi\u00e7imlerde dizayn ederek her defas\u0131nda sanki yeni bir ke\u015fif yapm\u0131\u015f gibi anlat\u0131yor. Son yirmi y\u0131lda KCK\u2019nin yapt\u0131\u011f\u0131 hamleleri ve y\u0131llar\u0131n\u0131 bir hat\u0131rlayal\u0131m.<\/p>\n<p style=\"text-align: justify\"><span style=\"font-family: 'arial black', sans-serif;font-size: 12pt\">PKK\u2019nin\u00a0 hamleleri<\/span><\/p>\n<ol>\n<li>2001- 2003 \u00d6nderli\u011fi sahiplenme ve savunma kampanyas\u0131<\/li>\n<li>2004-2005 \u00d6nderli\u011fe \u00d6zg\u00fcrl\u00fck Kampanyas\u0131<\/li>\n<li>2005-2006 \u00d6calan siyasi irademdir kampanyas\u0131<\/li>\n<li>2007 Edi Bese hamlesi<\/li>\n<li>2009 Say\u0131n \u00d6calan kampanyas\u0131<\/li>\n<li>2012 An azadi, an azadi kampanyas\u0131<\/li>\n<li>2014 \u00d6nderli\u011fin fiziki \u00f6zg\u00fcrl\u00fc\u011f\u00fcn\u00fc sa\u011flama kampanyas\u0131<\/li>\n<li>2015 \u00d6z y\u00f6netim hamlesi<\/li>\n<li>2019 Tecridi k\u0131ral\u0131m, fa\u015fizmi y\u0131kal\u0131m, K\u00fcrdistan\u0131 \u00f6zg\u00fcrle\u015ftirelim kampanyas\u0131.<\/li>\n<li>2020 Tecride, fa\u015fizme, i\u015fgale son; \u00f6zg\u00fcrl\u00fc\u011f\u00fc sa\u011flama zaman\u0131<\/li>\n<\/ol>\n<p style=\"text-align: justify\">Bu sayd\u0131klar\u0131m\u0131z en b\u00fcy\u00fck kampanyalar birde bunlar\u0131n yerelde devam eden isimleri var, dar kampanyalar var, kad\u0131n ve gen\u00e7li\u011fin kampanyas\u0131 var. Hepsinin de amac\u0131 ayn\u0131 kelimelerle ifade ediliyor. E\u011fer bu kampanyalar\u0131n bildirilerini bir araya getirirseniz \u015funu g\u00f6receksiniz ki 2001\u2019den 2020\u2019ye kadar nerdeyse ayn\u0131 c\u00fcmleler kullan\u0131lm\u0131\u015f. Ba\u015flang\u0131\u00e7ta bir iki tarihi vurgu yap\u0131l\u0131r, \u00d6calan\u2019\u0131n \u00f6zg\u00fcrl\u00fc\u011f\u00fc hepimizin \u00f6zg\u00fcrl\u00fc\u011f\u00fcd\u00fcr denir, \u0130mral\u0131 tecrit sisteminin y\u0131k\u0131lmas\u0131 T\u00fcrkiye\u2019nin demokratikle\u015fmesi ve Ortado\u011fu ayd\u0131nlanmas\u0131n\u0131n yolunu a\u00e7acakt\u0131r denir. Her par\u00e7aya g\u00f6rev verilir.<\/p>\n<p style=\"text-align: justify\">20 y\u0131ld\u0131r bu hamleler milim ilerlemeye ve kazan\u0131ma yol a\u00e7mad\u0131\u011f\u0131 halde tekrarlan\u0131r. PKK a\u00e7\u0131klama yapar, ona ba\u011fl\u0131 par\u00e7a \u00f6rg\u00fctleri bu hamleye destek verir. PKK etraf\u0131ndaki kitle az insan \u00e7ok bayrak, \u00e7ok \u00d6calan resmi ile biraz boy g\u00f6sterir. Bir iki ay sonra ortam biraz yat\u0131\u015f\u0131r KCK tekrar herkesi g\u00f6reve \u00e7a\u011f\u0131r\u0131r ve b\u00f6ylelikle her bahar, her sonbahar m\u00fczik e\u015fli\u011finde slogan atan, halay \u00e7eken K\u00fcrtler K\u00fcrdistan devrimine hizmet etti\u011fini, kutsal bir g\u00f6revi yerine getirdi\u011fini zanneder. Oysaki Paris\u2019te veya Frankfurt\u2019ta \u201cYa\u015fas\u0131n haklar\u0131n karde\u015fli\u011fi, biji\u00a0 serok Apo\u201d diye slogan atan birinin K\u00fcrdistan\u2019\u0131n \u00f6zg\u00fcrl\u00fck m\u00fccadelesine etkisi hi\u00e7 yoktur. Hatta ya\u015fanan k\u0131s\u0131rd\u00f6ng\u00fc bir enerji \u00e7alma bi\u00e7imidir.<\/p>\n<p style=\"text-align: justify\"><span style=\"font-family: 'arial black', sans-serif;font-size: 12pt\">Napolyon: Biricik s\u00f6z sanat\u0131 tekrard\u0131r<\/span><\/p>\n<p style=\"text-align: justify\">PKK kitleye bu k\u0131s\u0131r d\u00f6ng\u00fcy\u00fc \u00e7ok bilin\u00e7li bir \u015fekilde ya\u015fat\u0131r. PKK bir toplum m\u00fchendisi edas\u0131 ile toplumun g\u00fcndemini \u00e7arp\u0131t\u0131r. Gerekli olmayan \u015feyleri birincil sorun gibi g\u00f6sterir. \u00d6nemli sorunlar\u0131 ise yok sayar, halk ger\u00e7e\u011fi b\u00f6ylelikle bilmez. Mesela \u00d6calan\u2019\u0131n \u00f6zg\u00fcrl\u00fc\u011f\u00fcn\u00fcn t\u00fcm K\u00fcrdistan ve Ortado\u011fu\u2019yu ayd\u0131nlataca\u011f\u0131 d\u00fc\u015f\u00fcncesi sadece ve sadece bir hikayedir. Yirmi y\u0131ld\u0131r PKK Kuzey K\u00fcrtlerini Abdullah \u00d6calan\u2019\u0131n \u00f6zg\u00fcrl\u00fc\u011f\u00fc i\u00e7in verdi\u011fi eme\u011fi K\u00fcrt dilini kabul ettirmek i\u00e7in vermi\u015f olsayd\u0131 bu g\u00fcn K\u00fcrtlerin en b\u00fcy\u00fck kazan\u0131m\u0131 dil meselesi belki b\u00fcy\u00fck oranda hal olmu\u015f olacakt\u0131. Ama PKK bunu yapmad\u0131, t\u00fcm ele\u015ftiri ve g\u00f6r\u00fc\u015flere ra\u011fmen ayn\u0131 \u00e7izgiyi bilin\u00e7li bir bi\u00e7imde uygulad\u0131.<br \/>\nNapolyon derki; \u201c Biricik s\u00f6z sanat\u0131 tekrard\u0131r.\u201d E\u011fer bir \u015feyi ayn\u0131 kelimelerle ve s\u00fcrekli olarak tekrar ederseniz bir yerden sonra kar\u015f\u0131 taraf s\u00f6yledi\u011finizi tart\u0131\u015fmas\u0131z do\u011fru olarak g\u00f6r\u00fcr. PKK i\u015fte bu tespite g\u00f6re hareket eder. \u00d6calan\u2019\u0131n \u00f6zg\u00fcrl\u00fc\u011f\u00fc t\u00fcm Ortado\u011fu\u2019yu ayd\u0131nlatacak diyen insanlar\u0131n \u00e7ok az\u0131 bu konuda bir iki farkl\u0131 c\u00fcmle kura bilir. \u00c7\u00fcnk\u00fc beyin \u015fartlanmas\u0131 ile bu c\u00fcmleleri kuruyorlar.<\/p>\n<p style=\"text-align: justify\"><span style=\"font-family: 'arial black', sans-serif;font-size: 12pt\">\u201cPKK Ed\u00ee Bese Vere Ser R\u00eaya Netewey\u00ee\u201d kampanyas\u0131 m\u0131 gerekiyor?<\/span><\/p>\n<p style=\"text-align: justify\">PKK\u2019nin bu hamlesi sadece ve sadece s\u00fcreci her zamanki gibi maniple etmeye dayan\u0131r. Her par\u00e7aya g\u00f6rev veriyor. Mesela Rojava ulusal birlik gibi b\u00fcy\u00fck bir g\u00f6revle kar\u015f\u0131 kar\u015f\u0131ya, d\u00fcnya da ki hegemonya sava\u015flar\u0131n\u0131n nerdeyse belli ba\u015fl\u0131 kap\u0131\u015fma sahalar\u0131ndan biri ama PKK Rojava halk\u0131na \u015fu \u00e7a\u011fr\u0131y\u0131 yap\u0131yor. Meydanlara \u00e7\u0131k\u0131n, halk da yirmi y\u0131ld\u0131r duydu\u011fu s\u00f6ze ayn\u0131 refleksi veriyor \u00d6calan\u2019\u0131n foto\u011fraf\u0131n\u0131 kap\u0131yor ve meydana \u00e7\u0131k\u0131yor.\u00a0 Oysaki Rojava halk\u0131n\u0131n ne \u00e7\u0131kar\u0131 ne kaderi Kandil\u2019den belirlenen tecridi y\u0131kma kampanyas\u0131 ile alakal\u0131 de\u011fildir. Rojava halk\u0131n\u0131n kaderi Qam\u0131\u015flo\u2019da belirlenen K\u00fcrt partilerinin ortakla\u015fmas\u0131 ve ortak diplomasi yaparak Rojava\u2019ya uluslararas\u0131 bir stat\u00fc kazand\u0131rmakt\u0131r. PKK kalem\u015forlar\u0131 Rojava\u2019da K\u00fcrtler aras\u0131 birli\u011fi hakir g\u00f6steriyor ama PKK bu ger\u00e7e\u011fi \u00d6calan tecridi ile \u00f6rtmeye \u00e7al\u0131\u015fmaktad\u0131r.<\/p>\n<p style=\"text-align: justify\">\u015eu an i\u00e7in K\u00fcrtler i\u00e7in en b\u00fcy\u00fck tehlikelerden bir PKK\u2019nin bu g\u00fcndem maniplasyonuna gelmektir. E\u011fer K\u00fcrtler d\u00fcnya siyasal sisteminin de\u011fi\u015fti\u011fi bu y\u00fczy\u0131ldan kazan\u0131m elde etmek istiyorsa PKK\u2019nin bu kelime, kavram, ifade ve tekrara dayal\u0131 maniplesinin d\u0131\u015f\u0131nda reel siyasete odaklanmal\u0131. Hatta gerekirse K\u00fcrtler PKK\u2019ye kar\u015f\u0131 \u201cPKK Ed\u00ee Bese Vere Ser R\u00eaya Netewey\u00ee\u201d kampanyas\u0131 ba\u015flatmal\u0131d\u0131r.<\/p>\n","protected":false},"excerpt":{"rendered":"<p>10 Eyl\u00fcl g\u00fcn\u00fc KCK Y\u00fcr\u00fctme Konseyi ad\u0131na yap\u0131lan bir a\u00e7\u0131klama yap\u0131larak \u201cTecride, fa\u015fizme, i\u015fgale son; \u00f6zg\u00fcrl\u00fc\u011f\u00fc sa\u011flama zaman\u0131\u201d ad\u0131yla bir kampanya ba\u015flad\u0131\u011f\u0131n\u0131 duyurdu.\u00a0 Bildiride son y\u00fcz y\u0131ll\u0131k zaman dilimi de\u011ferlendiriliyor. Hamlenin amac\u0131 ise \u015fu s\u00f6zlerle ifade ediliyor: \u201cBu hamlenin hedefi; \u0130mral\u0131\u2019da a\u011f\u0131r tecride dayal\u0131 i\u015fkence sistemini sistematik \u00f6zel sava\u015f ve K\u00fcrt halk\u0131 \u00fczerinde psikolojik harekat [&hellip;]<\/p>\n","protected":false},"author":2,"featured_media":1010971,"comment_status":"closed","ping_status":"closed","sticky":false,"template":"","format":"standard","meta":{"footnotes":""},"categories":[7],"tags":[31],"class_list":["post-1010970","post","type-post","status-publish","format-standard","has-post-thumbnail","hentry","category-editorden","tag-onemli"],"blocksy_meta":[],"seo_head":"<!-- This site is optimized with the Yoast SEO plugin v27.5 - https:\/\/yoast.com\/product\/yoast-seo-wordpress\/ -->\n<title>KCK\u2019nin yeni \u201cTecride, fa\u015fizme, i\u015fgale son; \u00f6zg\u00fcrl\u00fc\u011f\u00fc sa\u011flama zaman\u0131 hamlesi\u201d - Darka Mazi<\/title>\n<meta name=\"robots\" content=\"index, follow, max-snippet:-1, max-image-preview:large, max-video-preview:-1\" \/>\n<link rel=\"canonical\" href=\"https:\/\/darkamazi.site\/archives\/1010970\" \/>\n<meta property=\"og:locale\" content=\"en_US\" \/>\n<meta property=\"og:type\" content=\"article\" \/>\n<meta property=\"og:title\" content=\"KCK\u2019nin yeni \u201cTecride, fa\u015fizme, i\u015fgale son; \u00f6zg\u00fcrl\u00fc\u011f\u00fc sa\u011flama zaman\u0131 hamlesi\u201d - Darka Mazi\" \/>\n<meta property=\"og:description\" content=\"10 Eyl\u00fcl g\u00fcn\u00fc KCK Y\u00fcr\u00fctme Konseyi ad\u0131na yap\u0131lan bir a\u00e7\u0131klama yap\u0131larak \u201cTecride, fa\u015fizme, i\u015fgale son; \u00f6zg\u00fcrl\u00fc\u011f\u00fc sa\u011flama zaman\u0131\u201d ad\u0131yla bir kampanya ba\u015flad\u0131\u011f\u0131n\u0131 duyurdu.\u00a0 Bildiride son y\u00fcz y\u0131ll\u0131k zaman dilimi de\u011ferlendiriliyor. Hamlenin amac\u0131 ise \u015fu s\u00f6zlerle ifade ediliyor: \u201cBu hamlenin hedefi; \u0130mral\u0131\u2019da a\u011f\u0131r tecride dayal\u0131 i\u015fkence sistemini sistematik \u00f6zel sava\u015f ve K\u00fcrt halk\u0131 \u00fczerinde psikolojik harekat [&hellip;]\" \/>\n<meta property=\"og:url\" content=\"https:\/\/darkamazi.site\/archives\/1010970\" \/>\n<meta property=\"og:site_name\" content=\"Darka Mazi\" \/>\n<meta property=\"article:publisher\" content=\"https:\/\/www.facebook.com\/DarkaMaziturkce\" \/>\n<meta property=\"article:published_time\" content=\"2020-09-21T15:43:07+00:00\" \/>\n<meta property=\"og:image\" content=\"https:\/\/darkamazi.site\/file\/2020\/09\/KCKnin-hamlesi.jpg\" \/>\n\t<meta property=\"og:image:width\" content=\"900\" \/>\n\t<meta property=\"og:image:height\" content=\"500\" \/>\n\t<meta property=\"og:image:type\" content=\"image\/jpeg\" \/>\n<meta name=\"author\" content=\"darka mazi\" \/>\n<meta name=\"twitter:card\" content=\"summary_large_image\" \/>\n<meta name=\"twitter:creator\" content=\"@DarkaMaziTurkce\" \/>\n<meta name=\"twitter:site\" content=\"@DarkaMaziTurkce\" \/>\n<meta name=\"twitter:label1\" content=\"Written by\" \/>\n\t<meta name=\"twitter:data1\" content=\"darka mazi\" \/>\n\t<meta name=\"twitter:label2\" content=\"Est. reading time\" \/>\n\t<meta name=\"twitter:data2\" content=\"6 minutes\" \/>\n<script type=\"application\/ld+json\" class=\"seo-schema-graph\">{\"@context\":\"https:\\\/\\\/schema.org\",\"@graph\":[{\"@type\":\"NewsArticle\",\"@id\":\"https:\\\/\\\/darkamazi.site\\\/archives\\\/1010970#article\",\"isPartOf\":{\"@id\":\"https:\\\/\\\/darkamazi.site\\\/archives\\\/1010970\"},\"author\":{\"name\":\"darka mazi\",\"@id\":\"https:\\\/\\\/darkamazi.site\\\/#\\\/schema\\\/person\\\/67986a95ac546c16760365877ef4a9d3\"},\"headline\":\"KCK\u2019nin yeni \u201cTecride, fa\u015fizme, i\u015fgale son; \u00f6zg\u00fcrl\u00fc\u011f\u00fc sa\u011flama zaman\u0131 hamlesi\u201d\",\"datePublished\":\"2020-09-21T15:43:07+00:00\",\"mainEntityOfPage\":{\"@id\":\"https:\\\/\\\/darkamazi.site\\\/archives\\\/1010970\"},\"wordCount\":1130,\"publisher\":{\"@id\":\"https:\\\/\\\/darkamazi.site\\\/#organization\"},\"image\":{\"@id\":\"https:\\\/\\\/darkamazi.site\\\/archives\\\/1010970#primaryimage\"},\"thumbnailUrl\":\"https:\\\/\\\/darkamazi.site\\\/darka-content\\\/uploads\\\/2020\\\/09\\\/KCKnin-hamlesi.jpg\",\"keywords\":[\"\u00f6nemli\"],\"articleSection\":[\"Edit\u00f6rden\"],\"inLanguage\":\"en-US\"},{\"@type\":\"WebPage\",\"@id\":\"https:\\\/\\\/darkamazi.site\\\/archives\\\/1010970\",\"url\":\"https:\\\/\\\/darkamazi.site\\\/archives\\\/1010970\",\"name\":\"KCK\u2019nin yeni \u201cTecride, fa\u015fizme, i\u015fgale son; \u00f6zg\u00fcrl\u00fc\u011f\u00fc sa\u011flama zaman\u0131 hamlesi\u201d - Darka Mazi\",\"isPartOf\":{\"@id\":\"https:\\\/\\\/darkamazi.site\\\/#website\"},\"primaryImageOfPage\":{\"@id\":\"https:\\\/\\\/darkamazi.site\\\/archives\\\/1010970#primaryimage\"},\"image\":{\"@id\":\"https:\\\/\\\/darkamazi.site\\\/archives\\\/1010970#primaryimage\"},\"thumbnailUrl\":\"https:\\\/\\\/darkamazi.site\\\/darka-content\\\/uploads\\\/2020\\\/09\\\/KCKnin-hamlesi.jpg\",\"datePublished\":\"2020-09-21T15:43:07+00:00\",\"breadcrumb\":{\"@id\":\"https:\\\/\\\/darkamazi.site\\\/archives\\\/1010970#breadcrumb\"},\"inLanguage\":\"en-US\",\"potentialAction\":[{\"@type\":\"ReadAction\",\"target\":[\"https:\\\/\\\/darkamazi.site\\\/archives\\\/1010970\"]}]},{\"@type\":\"ImageObject\",\"inLanguage\":\"en-US\",\"@id\":\"https:\\\/\\\/darkamazi.site\\\/archives\\\/1010970#primaryimage\",\"url\":\"https:\\\/\\\/darkamazi.site\\\/darka-content\\\/uploads\\\/2020\\\/09\\\/KCKnin-hamlesi.jpg\",\"contentUrl\":\"https:\\\/\\\/darkamazi.site\\\/darka-content\\\/uploads\\\/2020\\\/09\\\/KCKnin-hamlesi.jpg\",\"width\":900,\"height\":500,\"caption\":\"KCK\u2019nin yeni \u201cTecride, fa\u015fizme, i\u015fgale son; \u00f6zg\u00fcrl\u00fc\u011f\u00fc sa\u011flama zaman\u0131 hamlesi\u201d PKK, Edi Bese, \u00d6calana \u00f6zg\u00fcrl\u00fck, Eylem, Abdullah \u00d6calan, Apo\"},{\"@type\":\"BreadcrumbList\",\"@id\":\"https:\\\/\\\/darkamazi.site\\\/archives\\\/1010970#breadcrumb\",\"itemListElement\":[{\"@type\":\"ListItem\",\"position\":1,\"name\":\"Home\",\"item\":\"https:\\\/\\\/darkamazi.site\\\/\"},{\"@type\":\"ListItem\",\"position\":2,\"name\":\"KCK\u2019nin yeni \u201cTecride, fa\u015fizme, i\u015fgale son; \u00f6zg\u00fcrl\u00fc\u011f\u00fc sa\u011flama zaman\u0131 hamlesi\u201d\"}]},{\"@type\":\"WebSite\",\"@id\":\"https:\\\/\\\/darkamazi.site\\\/#website\",\"url\":\"https:\\\/\\\/darkamazi.site\\\/\",\"name\":\"Darka Mazi\",\"description\":\"Ana Sayfa\",\"publisher\":{\"@id\":\"https:\\\/\\\/darkamazi.site\\\/#organization\"},\"potentialAction\":[{\"@type\":\"SearchAction\",\"target\":{\"@type\":\"EntryPoint\",\"urlTemplate\":\"https:\\\/\\\/darkamazi.site\\\/?s={search_term_string}\"},\"query-input\":{\"@type\":\"PropertyValueSpecification\",\"valueRequired\":true,\"valueName\":\"search_term_string\"}}],\"inLanguage\":\"en-US\"},{\"@type\":\"Organization\",\"@id\":\"https:\\\/\\\/darkamazi.site\\\/#organization\",\"name\":\"Darka Mazi T\u00fcrk\u00e7e\",\"alternateName\":\"Darka Mazi\",\"url\":\"https:\\\/\\\/darkamazi.site\\\/\",\"logo\":{\"@type\":\"ImageObject\",\"inLanguage\":\"en-US\",\"@id\":\"https:\\\/\\\/darkamazi.site\\\/#\\\/schema\\\/logo\\\/image\\\/\",\"url\":\"https:\\\/\\\/darkamazi.site\\\/darka-content\\\/uploads\\\/2017\\\/12\\\/darka-mazi-logo.png\",\"contentUrl\":\"https:\\\/\\\/darkamazi.site\\\/darka-content\\\/uploads\\\/2017\\\/12\\\/darka-mazi-logo.png\",\"width\":151,\"height\":75,\"caption\":\"Darka Mazi T\u00fcrk\u00e7e\"},\"image\":{\"@id\":\"https:\\\/\\\/darkamazi.site\\\/#\\\/schema\\\/logo\\\/image\\\/\"},\"sameAs\":[\"https:\\\/\\\/www.facebook.com\\\/DarkaMaziturkce\",\"https:\\\/\\\/x.com\\\/DarkaMaziTurkce\"]},{\"@type\":\"Person\",\"@id\":\"https:\\\/\\\/darkamazi.site\\\/#\\\/schema\\\/person\\\/67986a95ac546c16760365877ef4a9d3\",\"name\":\"darka mazi\",\"sameAs\":[\"https:\\\/\\\/darkamazi.site\"],\"url\":\"https:\\\/\\\/darkamazi.site\\\/archives\\\/author\\\/turkish\"}]}<\/script>\n<!-- \/ Yoast SEO plugin. -->","seo_head_json":{"title":"KCK\u2019nin yeni \u201cTecride, fa\u015fizme, i\u015fgale son; \u00f6zg\u00fcrl\u00fc\u011f\u00fc sa\u011flama zaman\u0131 hamlesi\u201d - Darka Mazi","robots":{"index":"index","follow":"follow","max-snippet":"max-snippet:-1","max-image-preview":"max-image-preview:large","max-video-preview":"max-video-preview:-1"},"canonical":"https:\/\/darkamazi.site\/archives\/1010970","og_locale":"en_US","og_type":"article","og_title":"KCK\u2019nin yeni \u201cTecride, fa\u015fizme, i\u015fgale son; \u00f6zg\u00fcrl\u00fc\u011f\u00fc sa\u011flama zaman\u0131 hamlesi\u201d - Darka Mazi","og_description":"10 Eyl\u00fcl g\u00fcn\u00fc KCK Y\u00fcr\u00fctme Konseyi ad\u0131na yap\u0131lan bir a\u00e7\u0131klama yap\u0131larak \u201cTecride, fa\u015fizme, i\u015fgale son; \u00f6zg\u00fcrl\u00fc\u011f\u00fc sa\u011flama zaman\u0131\u201d ad\u0131yla bir kampanya ba\u015flad\u0131\u011f\u0131n\u0131 duyurdu.\u00a0 Bildiride son y\u00fcz y\u0131ll\u0131k zaman dilimi de\u011ferlendiriliyor. Hamlenin amac\u0131 ise \u015fu s\u00f6zlerle ifade ediliyor: \u201cBu hamlenin hedefi; \u0130mral\u0131\u2019da a\u011f\u0131r tecride dayal\u0131 i\u015fkence sistemini sistematik \u00f6zel sava\u015f ve K\u00fcrt halk\u0131 \u00fczerinde psikolojik harekat [&hellip;]","og_url":"https:\/\/darkamazi.site\/archives\/1010970","og_site_name":"Darka Mazi","article_publisher":"https:\/\/www.facebook.com\/DarkaMaziturkce","article_published_time":"2020-09-21T15:43:07+00:00","og_image":[{"width":900,"height":500,"url":"https:\/\/darkamazi.site\/file\/2020\/09\/KCKnin-hamlesi.jpg","type":"image\/jpeg"}],"author":"darka mazi","twitter_card":"summary_large_image","twitter_creator":"@DarkaMaziTurkce","twitter_site":"@DarkaMaziTurkce","twitter_misc":{"Written by":"darka mazi","Est. reading time":"6 minutes"},"schema":{"@context":"https:\/\/schema.org","@graph":[{"@type":"NewsArticle","@id":"https:\/\/darkamazi.site\/archives\/1010970#article","isPartOf":{"@id":"https:\/\/darkamazi.site\/archives\/1010970"},"author":{"name":"darka mazi","@id":"https:\/\/darkamazi.site\/#\/schema\/person\/67986a95ac546c16760365877ef4a9d3"},"headline":"KCK\u2019nin yeni \u201cTecride, fa\u015fizme, i\u015fgale son; \u00f6zg\u00fcrl\u00fc\u011f\u00fc sa\u011flama zaman\u0131 hamlesi\u201d","datePublished":"2020-09-21T15:43:07+00:00","mainEntityOfPage":{"@id":"https:\/\/darkamazi.site\/archives\/1010970"},"wordCount":1130,"publisher":{"@id":"https:\/\/darkamazi.site\/#organization"},"image":{"@id":"https:\/\/darkamazi.site\/archives\/1010970#primaryimage"},"thumbnailUrl":"https:\/\/darkamazi.site\/file\/2020\/09\/KCKnin-hamlesi.jpg","keywords":["\u00f6nemli"],"articleSection":["Edit\u00f6rden"],"inLanguage":"en-US"},{"@type":"WebPage","@id":"https:\/\/darkamazi.site\/archives\/1010970","url":"https:\/\/darkamazi.site\/archives\/1010970","name":"KCK\u2019nin yeni \u201cTecride, fa\u015fizme, i\u015fgale son; \u00f6zg\u00fcrl\u00fc\u011f\u00fc sa\u011flama zaman\u0131 hamlesi\u201d - Darka Mazi","isPartOf":{"@id":"https:\/\/darkamazi.site\/#website"},"primaryImageOfPage":{"@id":"https:\/\/darkamazi.site\/archives\/1010970#primaryimage"},"image":{"@id":"https:\/\/darkamazi.site\/archives\/1010970#primaryimage"},"thumbnailUrl":"https:\/\/darkamazi.site\/file\/2020\/09\/KCKnin-hamlesi.jpg","datePublished":"2020-09-21T15:43:07+00:00","breadcrumb":{"@id":"https:\/\/darkamazi.site\/archives\/1010970#breadcrumb"},"inLanguage":"en-US","potentialAction":[{"@type":"ReadAction","target":["https:\/\/darkamazi.site\/archives\/1010970"]}]},{"@type":"ImageObject","inLanguage":"en-US","@id":"https:\/\/darkamazi.site\/archives\/1010970#primaryimage","url":"https:\/\/darkamazi.site\/file\/2020\/09\/KCKnin-hamlesi.jpg","contentUrl":"https:\/\/darkamazi.site\/file\/2020\/09\/KCKnin-hamlesi.jpg","width":900,"height":500,"caption":"KCK\u2019nin yeni \u201cTecride, fa\u015fizme, i\u015fgale son; \u00f6zg\u00fcrl\u00fc\u011f\u00fc sa\u011flama zaman\u0131 hamlesi\u201d PKK, Edi Bese, \u00d6calana \u00f6zg\u00fcrl\u00fck, Eylem, Abdullah \u00d6calan, Apo"},{"@type":"BreadcrumbList","@id":"https:\/\/darkamazi.site\/archives\/1010970#breadcrumb","itemListElement":[{"@type":"ListItem","position":1,"name":"Home","item":"https:\/\/darkamazi.site\/"},{"@type":"ListItem","position":2,"name":"KCK\u2019nin yeni \u201cTecride, fa\u015fizme, i\u015fgale son; \u00f6zg\u00fcrl\u00fc\u011f\u00fc sa\u011flama zaman\u0131 hamlesi\u201d"}]},{"@type":"WebSite","@id":"https:\/\/darkamazi.site\/#website","url":"https:\/\/darkamazi.site\/","name":"Darka Mazi","description":"Ana Sayfa","publisher":{"@id":"https:\/\/darkamazi.site\/#organization"},"potentialAction":[{"@type":"SearchAction","target":{"@type":"EntryPoint","urlTemplate":"https:\/\/darkamazi.site\/?s={search_term_string}"},"query-input":{"@type":"PropertyValueSpecification","valueRequired":true,"valueName":"search_term_string"}}],"inLanguage":"en-US"},{"@type":"Organization","@id":"https:\/\/darkamazi.site\/#organization","name":"Darka Mazi T\u00fcrk\u00e7e","alternateName":"Darka Mazi","url":"https:\/\/darkamazi.site\/","logo":{"@type":"ImageObject","inLanguage":"en-US","@id":"https:\/\/darkamazi.site\/#\/schema\/logo\/image\/","url":"https:\/\/darkamazi.site\/file\/2017\/12\/darka-mazi-logo.png","contentUrl":"https:\/\/darkamazi.site\/file\/2017\/12\/darka-mazi-logo.png","width":151,"height":75,"caption":"Darka Mazi T\u00fcrk\u00e7e"},"image":{"@id":"https:\/\/darkamazi.site\/#\/schema\/logo\/image\/"},"sameAs":["https:\/\/www.facebook.com\/DarkaMaziturkce","https:\/\/x.com\/DarkaMaziTurkce"]},{"@type":"Person","@id":"https:\/\/darkamazi.site\/#\/schema\/person\/67986a95ac546c16760365877ef4a9d3","name":"darka mazi","sameAs":["https:\/\/darkamazi.site"],"url":"https:\/\/darkamazi.site\/archives\/author\/turkish"}]}},"_links":{"self":[{"href":"https:\/\/darkamazi.site\/funavuv\/wp\/v2\/posts\/1010970","targetHints":{"allow":["GET"]}}],"collection":[{"href":"https:\/\/darkamazi.site\/funavuv\/wp\/v2\/posts"}],"about":[{"href":"https:\/\/darkamazi.site\/funavuv\/wp\/v2\/types\/post"}],"author":[{"embeddable":true,"href":"https:\/\/darkamazi.site\/funavuv\/wp\/v2\/users\/2"}],"replies":[{"embeddable":true,"href":"https:\/\/darkamazi.site\/funavuv\/wp\/v2\/comments?post=1010970"}],"version-history":[{"count":0,"href":"https:\/\/darkamazi.site\/funavuv\/wp\/v2\/posts\/1010970\/revisions"}],"wp:featuredmedia":[{"embeddable":true,"href":"https:\/\/darkamazi.site\/funavuv\/wp\/v2\/media\/1010971"}],"wp:attachment":[{"href":"https:\/\/darkamazi.site\/funavuv\/wp\/v2\/media?parent=1010970"}],"wp:term":[{"taxonomy":"category","embeddable":true,"href":"https:\/\/darkamazi.site\/funavuv\/wp\/v2\/categories?post=1010970"},{"taxonomy":"post_tag","embeddable":true,"href":"https:\/\/darkamazi.site\/funavuv\/wp\/v2\/tags?post=1010970"}],"curies":[{"name":"wp","href":"https:\/\/api.w.org\/{rel}","templated":true}]}}