{"id":1011166,"date":"2020-10-17T16:25:57","date_gmt":"2020-10-17T13:25:57","guid":{"rendered":"https:\/\/darkamazi.site\/?p=1011166"},"modified":"2020-10-17T16:25:57","modified_gmt":"2020-10-17T13:25:57","slug":"sengalli-yonetici-pkk-ve-hasdi-sabi-yeni-idare-kurulmasini-engelliyor","status":"publish","type":"post","link":"https:\/\/darkamazi.site\/archives\/1011166","title":{"rendered":"\u015eengalli y\u00f6netici: PKK ve Ha\u015fdi \u015eabi yeni idare kurulmas\u0131n\u0131 engelliyor"},"content":{"rendered":"<p style=\"text-align: justify\">\u00a0Sinun\u00a0Nahiyesi\u00a0Y\u00f6neticisi\u00a0Naif Seydo, PKK ve Ha\u015fdi \u015eabi\u2019nin\u00a0\u015eengal\u2019de yeni bir idarenin kurulmas\u0131n\u0131 engelledi\u011fini s\u00f6yledi.<\/p>\n<p style=\"text-align: justify\">\u015eengal&#8217;in kuzeyinde bulunan\u00a0Sinun\u00a0Nahiyesi Y\u00f6neticisi Naif Seydo, K24\u2019e yapt\u0131\u011f\u0131 de\u011ferlendirmede,\u00a0PKK\u00a0ile\u00a0Ha\u015fdi \u015eabi\u2019nin b\u00f6lgede hizmetlerin sa\u011flanmas\u0131, yeni bir idarenin kurulmas\u0131 ve bar\u0131\u015f\u0131n tesis edilmesini engelledi\u011fini dile getirdi.<\/p>\n<p style=\"text-align: justify\">Naif Seydo, \u015eengal halk\u0131n\u0131n istek ve kararlar\u0131na sayg\u0131 duyduklar\u0131n\u0131 ifade ederek, b\u00f6lge halk\u0131na hizmet verecek yeni bir y\u00f6netimin kurulmas\u0131na engel olmad\u0131klar\u0131n\u0131 ifade etti.<\/p>\n<p style=\"text-align: justify\">Seydo, \u015eengal halk\u0131n\u0131n ter\u00f6r \u00f6rg\u00fct\u00fc\u00a0I\u015e\u0130D sald\u0131r\u0131lar\u0131 sonras\u0131 \u00e7ok b\u00fcy\u00fck ac\u0131lar ya\u015fad\u0131\u011f\u0131n\u0131 ve yerlerinden edilen binlerce insan\u0131n evlerine d\u00f6nmesinin zaman\u0131n\u0131n geldi\u011fini vurgulad\u0131.<\/p>\n<p style=\"text-align: justify\"><span style=\"font-family: 'arial black', sans-serif;font-size: 12pt\">\u015eengal Anla\u015fmas\u0131&#8217;nda neler var?<\/span><\/p>\n<p style=\"text-align: justify\">K\u00fcrdistan B\u00f6lgesi H\u00fck\u00fcmeti\u00a0ile\u00a0merkezi\u00a0Irak h\u00fck\u00fcmeti\u00a0aras\u0131nda imzalanan anla\u015fmaya g\u00f6re, \u015eengal\u2019de idari ve g\u00fcvenlik alanlar\u0131nda yeniden yap\u0131land\u0131rmaya gidilecek.<\/p>\n<p style=\"text-align: justify\">G\u00fcvenli\u011fin sa\u011flanmas\u0131 ise \u015eengal polis g\u00fc\u00e7leri,\u00a0Ulusal G\u00fcvenlik M\u00fcste\u015farl\u0131\u011f\u0131\u00a0ve\u00a0Ulusal \u0130stihbarat Servisi\u00a0taraf\u0131ndan K\u00fcrdistan B\u00f6lgesi g\u00fc\u00e7leriyle koordinasyon \u015feklinde y\u00fcr\u00fct\u00fclecek.<\/p>\n<p style=\"text-align: justify\">Yasal olmayan t\u00fcm silahl\u0131 yap\u0131lar\u0131n \u015eengal d\u0131\u015f\u0131na \u00e7\u0131kar\u0131lmas\u0131n\u0131 da \u00f6ng\u00f6ren\u00a0anla\u015fma\u00a0kapsam\u0131nda,\u00a0K\u00fcrdistan B\u00f6lgesi ve Irak i\u015fbirli\u011fiyle kapsam\u0131nda 2 bin 500 g\u00fcvenlik g\u00fcc\u00fc atamas\u0131\u00a0yap\u0131lacak.<\/p>\n<p style=\"text-align: justify\">Anla\u015fma kapsam\u0131nda ayr\u0131ca,\u00a0\u015eengal\u2019in g\u00fcvenlik ve idari y\u00f6netiminin g\u00f6zden ge\u00e7irilmesi ve yeniden imar\u0131 i\u00e7in\u00a0Erbil\u00a0ile aras\u0131nda ortak komite kurulmas\u0131\u00a0kararla\u015ft\u0131r\u0131ld\u0131.<\/p>\n<p style=\"text-align: justify\">\u015eengal\u2019deki sorunlar\u0131n \u00e7\u00f6z\u00fcm\u00fcyle ilgili d\u00fcn Ba\u011fdat&#8217;ta yap\u0131lan toplant\u0131da anla\u015fmaya var\u0131ld\u0131\u011f\u0131 duyurulmu\u015ftu.<\/p>\n<p style=\"text-align: justify\">Toplant\u0131ya Irak Ba\u015fbakan\u0131\u00a0Mustafa Kazimi, Birle\u015fmi\u015f Milletler Genel Sekreteri&#8217;nin Irak \u00d6zel Temsilcisi Jeanine Hennis, K\u00fcrdistan B\u00f6lgesi heyeti ve\u00a0Ezidi\u00a0toplumu temsilcileri kat\u0131lm\u0131\u015ft\u0131.<\/p>\n<p style=\"text-align: justify\">\u00d6te yandan anla\u015fma kapsam\u0131nda Sinun Nahiyesi Eski M\u00fcd\u00fcr\u00fc\u00a0H\u0131d\u0131r\u00a0Re\u015fo \u015eengali\u2019nin \u015eengal\u2019in yeni kaymakam\u0131 olarak belirlendi\u011fini a\u00e7\u0131klanm\u0131\u015ft\u0131.<\/p>\n","protected":false},"excerpt":{"rendered":"<p>\u00a0Sinun\u00a0Nahiyesi\u00a0Y\u00f6neticisi\u00a0Naif Seydo, PKK ve Ha\u015fdi \u015eabi\u2019nin\u00a0\u015eengal\u2019de yeni bir idarenin kurulmas\u0131n\u0131 engelledi\u011fini s\u00f6yledi. \u015eengal&#8217;in kuzeyinde bulunan\u00a0Sinun\u00a0Nahiyesi Y\u00f6neticisi Naif Seydo, K24\u2019e yapt\u0131\u011f\u0131 de\u011ferlendirmede,\u00a0PKK\u00a0ile\u00a0Ha\u015fdi \u015eabi\u2019nin b\u00f6lgede hizmetlerin sa\u011flanmas\u0131, yeni bir idarenin kurulmas\u0131 ve bar\u0131\u015f\u0131n tesis edilmesini engelledi\u011fini dile getirdi. Naif Seydo, \u015eengal halk\u0131n\u0131n istek ve kararlar\u0131na sayg\u0131 duyduklar\u0131n\u0131 ifade ederek, b\u00f6lge halk\u0131na hizmet verecek yeni bir y\u00f6netimin kurulmas\u0131na [&hellip;]<\/p>\n","protected":false},"author":2,"featured_media":1011176,"comment_status":"closed","ping_status":"closed","sticky":false,"template":"","format":"standard","meta":{"footnotes":""},"categories":[3],"tags":[31],"class_list":["post-1011166","post","type-post","status-publish","format-standard","has-post-thumbnail","hentry","category-kurdistan","tag-onemli"],"blocksy_meta":[],"seo_head":"<!-- This site is optimized with the Yoast SEO plugin v27.5 - https:\/\/yoast.com\/product\/yoast-seo-wordpress\/ -->\n<title>\u015eengalli y\u00f6netici: PKK ve Ha\u015fdi \u015eabi yeni idare kurulmas\u0131n\u0131 engelliyor - Darka Mazi<\/title>\n<meta name=\"robots\" content=\"index, follow, max-snippet:-1, max-image-preview:large, max-video-preview:-1\" \/>\n<link rel=\"canonical\" href=\"https:\/\/darkamazi.site\/archives\/1011166\" \/>\n<meta property=\"og:locale\" content=\"en_US\" \/>\n<meta property=\"og:type\" content=\"article\" \/>\n<meta property=\"og:title\" content=\"\u015eengalli y\u00f6netici: PKK ve Ha\u015fdi \u015eabi yeni idare kurulmas\u0131n\u0131 engelliyor - Darka Mazi\" \/>\n<meta property=\"og:description\" content=\"\u00a0Sinun\u00a0Nahiyesi\u00a0Y\u00f6neticisi\u00a0Naif Seydo, PKK ve Ha\u015fdi \u015eabi\u2019nin\u00a0\u015eengal\u2019de yeni bir idarenin kurulmas\u0131n\u0131 engelledi\u011fini s\u00f6yledi. \u015eengal&#8217;in kuzeyinde bulunan\u00a0Sinun\u00a0Nahiyesi Y\u00f6neticisi Naif Seydo, K24\u2019e yapt\u0131\u011f\u0131 de\u011ferlendirmede,\u00a0PKK\u00a0ile\u00a0Ha\u015fdi \u015eabi\u2019nin b\u00f6lgede hizmetlerin sa\u011flanmas\u0131, yeni bir idarenin kurulmas\u0131 ve bar\u0131\u015f\u0131n tesis edilmesini engelledi\u011fini dile getirdi. Naif Seydo, \u015eengal halk\u0131n\u0131n istek ve kararlar\u0131na sayg\u0131 duyduklar\u0131n\u0131 ifade ederek, b\u00f6lge halk\u0131na hizmet verecek yeni bir y\u00f6netimin kurulmas\u0131na [&hellip;]\" \/>\n<meta property=\"og:url\" content=\"https:\/\/darkamazi.site\/archives\/1011166\" \/>\n<meta property=\"og:site_name\" content=\"Darka Mazi\" \/>\n<meta property=\"article:publisher\" content=\"https:\/\/www.facebook.com\/DarkaMaziturkce\" \/>\n<meta property=\"article:published_time\" content=\"2020-10-17T13:25:57+00:00\" \/>\n<meta property=\"og:image\" content=\"https:\/\/darkamazi.site\/file\/2020\/10\/Sengal-PKK-izin-vermiyour.jpg\" \/>\n\t<meta property=\"og:image:width\" content=\"638\" \/>\n\t<meta property=\"og:image:height\" content=\"450\" \/>\n\t<meta property=\"og:image:type\" content=\"image\/jpeg\" \/>\n<meta name=\"author\" content=\"darka mazi\" \/>\n<meta name=\"twitter:card\" content=\"summary_large_image\" \/>\n<meta name=\"twitter:creator\" content=\"@DarkaMaziTurkce\" \/>\n<meta name=\"twitter:site\" content=\"@DarkaMaziTurkce\" \/>\n<meta name=\"twitter:label1\" content=\"Written by\" \/>\n\t<meta name=\"twitter:data1\" content=\"darka mazi\" \/>\n\t<meta name=\"twitter:label2\" content=\"Est. reading time\" \/>\n\t<meta name=\"twitter:data2\" content=\"2 minutes\" \/>\n<script type=\"application\/ld+json\" class=\"seo-schema-graph\">{\"@context\":\"https:\\\/\\\/schema.org\",\"@graph\":[{\"@type\":\"NewsArticle\",\"@id\":\"https:\\\/\\\/darkamazi.site\\\/archives\\\/1011166#article\",\"isPartOf\":{\"@id\":\"https:\\\/\\\/darkamazi.site\\\/archives\\\/1011166\"},\"author\":{\"name\":\"darka mazi\",\"@id\":\"https:\\\/\\\/darkamazi.site\\\/#\\\/schema\\\/person\\\/67986a95ac546c16760365877ef4a9d3\"},\"headline\":\"\u015eengalli y\u00f6netici: PKK ve Ha\u015fdi \u015eabi yeni idare kurulmas\u0131n\u0131 engelliyor\",\"datePublished\":\"2020-10-17T13:25:57+00:00\",\"mainEntityOfPage\":{\"@id\":\"https:\\\/\\\/darkamazi.site\\\/archives\\\/1011166\"},\"wordCount\":376,\"publisher\":{\"@id\":\"https:\\\/\\\/darkamazi.site\\\/#organization\"},\"image\":{\"@id\":\"https:\\\/\\\/darkamazi.site\\\/archives\\\/1011166#primaryimage\"},\"thumbnailUrl\":\"https:\\\/\\\/darkamazi.site\\\/darka-content\\\/uploads\\\/2020\\\/10\\\/Sengal-PKK-izin-vermiyour.jpg\",\"keywords\":[\"\u00f6nemli\"],\"articleSection\":[\"Kurdistan\"],\"inLanguage\":\"en-US\"},{\"@type\":\"WebPage\",\"@id\":\"https:\\\/\\\/darkamazi.site\\\/archives\\\/1011166\",\"url\":\"https:\\\/\\\/darkamazi.site\\\/archives\\\/1011166\",\"name\":\"\u015eengalli y\u00f6netici: PKK ve Ha\u015fdi \u015eabi yeni idare kurulmas\u0131n\u0131 engelliyor - Darka Mazi\",\"isPartOf\":{\"@id\":\"https:\\\/\\\/darkamazi.site\\\/#website\"},\"primaryImageOfPage\":{\"@id\":\"https:\\\/\\\/darkamazi.site\\\/archives\\\/1011166#primaryimage\"},\"image\":{\"@id\":\"https:\\\/\\\/darkamazi.site\\\/archives\\\/1011166#primaryimage\"},\"thumbnailUrl\":\"https:\\\/\\\/darkamazi.site\\\/darka-content\\\/uploads\\\/2020\\\/10\\\/Sengal-PKK-izin-vermiyour.jpg\",\"datePublished\":\"2020-10-17T13:25:57+00:00\",\"breadcrumb\":{\"@id\":\"https:\\\/\\\/darkamazi.site\\\/archives\\\/1011166#breadcrumb\"},\"inLanguage\":\"en-US\",\"potentialAction\":[{\"@type\":\"ReadAction\",\"target\":[\"https:\\\/\\\/darkamazi.site\\\/archives\\\/1011166\"]}]},{\"@type\":\"ImageObject\",\"inLanguage\":\"en-US\",\"@id\":\"https:\\\/\\\/darkamazi.site\\\/archives\\\/1011166#primaryimage\",\"url\":\"https:\\\/\\\/darkamazi.site\\\/darka-content\\\/uploads\\\/2020\\\/10\\\/Sengal-PKK-izin-vermiyour.jpg\",\"contentUrl\":\"https:\\\/\\\/darkamazi.site\\\/darka-content\\\/uploads\\\/2020\\\/10\\\/Sengal-PKK-izin-vermiyour.jpg\",\"width\":638,\"height\":450,\"caption\":\"\u015eengalli y\u00f6netici: PKK ve Ha\u015fdi \u015eabi yeni idare kurulmas\u0131n\u0131 engelliyor\"},{\"@type\":\"BreadcrumbList\",\"@id\":\"https:\\\/\\\/darkamazi.site\\\/archives\\\/1011166#breadcrumb\",\"itemListElement\":[{\"@type\":\"ListItem\",\"position\":1,\"name\":\"Home\",\"item\":\"https:\\\/\\\/darkamazi.site\\\/\"},{\"@type\":\"ListItem\",\"position\":2,\"name\":\"\u015eengalli y\u00f6netici: PKK ve Ha\u015fdi \u015eabi yeni idare kurulmas\u0131n\u0131 engelliyor\"}]},{\"@type\":\"WebSite\",\"@id\":\"https:\\\/\\\/darkamazi.site\\\/#website\",\"url\":\"https:\\\/\\\/darkamazi.site\\\/\",\"name\":\"Darka Mazi\",\"description\":\"Ana Sayfa\",\"publisher\":{\"@id\":\"https:\\\/\\\/darkamazi.site\\\/#organization\"},\"potentialAction\":[{\"@type\":\"SearchAction\",\"target\":{\"@type\":\"EntryPoint\",\"urlTemplate\":\"https:\\\/\\\/darkamazi.site\\\/?s={search_term_string}\"},\"query-input\":{\"@type\":\"PropertyValueSpecification\",\"valueRequired\":true,\"valueName\":\"search_term_string\"}}],\"inLanguage\":\"en-US\"},{\"@type\":\"Organization\",\"@id\":\"https:\\\/\\\/darkamazi.site\\\/#organization\",\"name\":\"Darka Mazi T\u00fcrk\u00e7e\",\"alternateName\":\"Darka Mazi\",\"url\":\"https:\\\/\\\/darkamazi.site\\\/\",\"logo\":{\"@type\":\"ImageObject\",\"inLanguage\":\"en-US\",\"@id\":\"https:\\\/\\\/darkamazi.site\\\/#\\\/schema\\\/logo\\\/image\\\/\",\"url\":\"https:\\\/\\\/darkamazi.site\\\/darka-content\\\/uploads\\\/2017\\\/12\\\/darka-mazi-logo.png\",\"contentUrl\":\"https:\\\/\\\/darkamazi.site\\\/darka-content\\\/uploads\\\/2017\\\/12\\\/darka-mazi-logo.png\",\"width\":151,\"height\":75,\"caption\":\"Darka Mazi T\u00fcrk\u00e7e\"},\"image\":{\"@id\":\"https:\\\/\\\/darkamazi.site\\\/#\\\/schema\\\/logo\\\/image\\\/\"},\"sameAs\":[\"https:\\\/\\\/www.facebook.com\\\/DarkaMaziturkce\",\"https:\\\/\\\/x.com\\\/DarkaMaziTurkce\"]},{\"@type\":\"Person\",\"@id\":\"https:\\\/\\\/darkamazi.site\\\/#\\\/schema\\\/person\\\/67986a95ac546c16760365877ef4a9d3\",\"name\":\"darka mazi\",\"sameAs\":[\"https:\\\/\\\/darkamazi.site\"],\"url\":\"https:\\\/\\\/darkamazi.site\\\/archives\\\/author\\\/turkish\"}]}<\/script>\n<!-- \/ Yoast SEO plugin. -->","seo_head_json":{"title":"\u015eengalli y\u00f6netici: PKK ve Ha\u015fdi \u015eabi yeni idare kurulmas\u0131n\u0131 engelliyor - Darka Mazi","robots":{"index":"index","follow":"follow","max-snippet":"max-snippet:-1","max-image-preview":"max-image-preview:large","max-video-preview":"max-video-preview:-1"},"canonical":"https:\/\/darkamazi.site\/archives\/1011166","og_locale":"en_US","og_type":"article","og_title":"\u015eengalli y\u00f6netici: PKK ve Ha\u015fdi \u015eabi yeni idare kurulmas\u0131n\u0131 engelliyor - Darka Mazi","og_description":"\u00a0Sinun\u00a0Nahiyesi\u00a0Y\u00f6neticisi\u00a0Naif Seydo, PKK ve Ha\u015fdi \u015eabi\u2019nin\u00a0\u015eengal\u2019de yeni bir idarenin kurulmas\u0131n\u0131 engelledi\u011fini s\u00f6yledi. \u015eengal&#8217;in kuzeyinde bulunan\u00a0Sinun\u00a0Nahiyesi Y\u00f6neticisi Naif Seydo, K24\u2019e yapt\u0131\u011f\u0131 de\u011ferlendirmede,\u00a0PKK\u00a0ile\u00a0Ha\u015fdi \u015eabi\u2019nin b\u00f6lgede hizmetlerin sa\u011flanmas\u0131, yeni bir idarenin kurulmas\u0131 ve bar\u0131\u015f\u0131n tesis edilmesini engelledi\u011fini dile getirdi. Naif Seydo, \u015eengal halk\u0131n\u0131n istek ve kararlar\u0131na sayg\u0131 duyduklar\u0131n\u0131 ifade ederek, b\u00f6lge halk\u0131na hizmet verecek yeni bir y\u00f6netimin kurulmas\u0131na [&hellip;]","og_url":"https:\/\/darkamazi.site\/archives\/1011166","og_site_name":"Darka Mazi","article_publisher":"https:\/\/www.facebook.com\/DarkaMaziturkce","article_published_time":"2020-10-17T13:25:57+00:00","og_image":[{"width":638,"height":450,"url":"https:\/\/darkamazi.site\/file\/2020\/10\/Sengal-PKK-izin-vermiyour.jpg","type":"image\/jpeg"}],"author":"darka mazi","twitter_card":"summary_large_image","twitter_creator":"@DarkaMaziTurkce","twitter_site":"@DarkaMaziTurkce","twitter_misc":{"Written by":"darka mazi","Est. reading time":"2 minutes"},"schema":{"@context":"https:\/\/schema.org","@graph":[{"@type":"NewsArticle","@id":"https:\/\/darkamazi.site\/archives\/1011166#article","isPartOf":{"@id":"https:\/\/darkamazi.site\/archives\/1011166"},"author":{"name":"darka mazi","@id":"https:\/\/darkamazi.site\/#\/schema\/person\/67986a95ac546c16760365877ef4a9d3"},"headline":"\u015eengalli y\u00f6netici: PKK ve Ha\u015fdi \u015eabi yeni idare kurulmas\u0131n\u0131 engelliyor","datePublished":"2020-10-17T13:25:57+00:00","mainEntityOfPage":{"@id":"https:\/\/darkamazi.site\/archives\/1011166"},"wordCount":376,"publisher":{"@id":"https:\/\/darkamazi.site\/#organization"},"image":{"@id":"https:\/\/darkamazi.site\/archives\/1011166#primaryimage"},"thumbnailUrl":"https:\/\/darkamazi.site\/file\/2020\/10\/Sengal-PKK-izin-vermiyour.jpg","keywords":["\u00f6nemli"],"articleSection":["Kurdistan"],"inLanguage":"en-US"},{"@type":"WebPage","@id":"https:\/\/darkamazi.site\/archives\/1011166","url":"https:\/\/darkamazi.site\/archives\/1011166","name":"\u015eengalli y\u00f6netici: PKK ve Ha\u015fdi \u015eabi yeni idare kurulmas\u0131n\u0131 engelliyor - Darka Mazi","isPartOf":{"@id":"https:\/\/darkamazi.site\/#website"},"primaryImageOfPage":{"@id":"https:\/\/darkamazi.site\/archives\/1011166#primaryimage"},"image":{"@id":"https:\/\/darkamazi.site\/archives\/1011166#primaryimage"},"thumbnailUrl":"https:\/\/darkamazi.site\/file\/2020\/10\/Sengal-PKK-izin-vermiyour.jpg","datePublished":"2020-10-17T13:25:57+00:00","breadcrumb":{"@id":"https:\/\/darkamazi.site\/archives\/1011166#breadcrumb"},"inLanguage":"en-US","potentialAction":[{"@type":"ReadAction","target":["https:\/\/darkamazi.site\/archives\/1011166"]}]},{"@type":"ImageObject","inLanguage":"en-US","@id":"https:\/\/darkamazi.site\/archives\/1011166#primaryimage","url":"https:\/\/darkamazi.site\/file\/2020\/10\/Sengal-PKK-izin-vermiyour.jpg","contentUrl":"https:\/\/darkamazi.site\/file\/2020\/10\/Sengal-PKK-izin-vermiyour.jpg","width":638,"height":450,"caption":"\u015eengalli y\u00f6netici: PKK ve Ha\u015fdi \u015eabi yeni idare kurulmas\u0131n\u0131 engelliyor"},{"@type":"BreadcrumbList","@id":"https:\/\/darkamazi.site\/archives\/1011166#breadcrumb","itemListElement":[{"@type":"ListItem","position":1,"name":"Home","item":"https:\/\/darkamazi.site\/"},{"@type":"ListItem","position":2,"name":"\u015eengalli y\u00f6netici: PKK ve Ha\u015fdi \u015eabi yeni idare kurulmas\u0131n\u0131 engelliyor"}]},{"@type":"WebSite","@id":"https:\/\/darkamazi.site\/#website","url":"https:\/\/darkamazi.site\/","name":"Darka Mazi","description":"Ana Sayfa","publisher":{"@id":"https:\/\/darkamazi.site\/#organization"},"potentialAction":[{"@type":"SearchAction","target":{"@type":"EntryPoint","urlTemplate":"https:\/\/darkamazi.site\/?s={search_term_string}"},"query-input":{"@type":"PropertyValueSpecification","valueRequired":true,"valueName":"search_term_string"}}],"inLanguage":"en-US"},{"@type":"Organization","@id":"https:\/\/darkamazi.site\/#organization","name":"Darka Mazi T\u00fcrk\u00e7e","alternateName":"Darka Mazi","url":"https:\/\/darkamazi.site\/","logo":{"@type":"ImageObject","inLanguage":"en-US","@id":"https:\/\/darkamazi.site\/#\/schema\/logo\/image\/","url":"https:\/\/darkamazi.site\/file\/2017\/12\/darka-mazi-logo.png","contentUrl":"https:\/\/darkamazi.site\/file\/2017\/12\/darka-mazi-logo.png","width":151,"height":75,"caption":"Darka Mazi T\u00fcrk\u00e7e"},"image":{"@id":"https:\/\/darkamazi.site\/#\/schema\/logo\/image\/"},"sameAs":["https:\/\/www.facebook.com\/DarkaMaziturkce","https:\/\/x.com\/DarkaMaziTurkce"]},{"@type":"Person","@id":"https:\/\/darkamazi.site\/#\/schema\/person\/67986a95ac546c16760365877ef4a9d3","name":"darka mazi","sameAs":["https:\/\/darkamazi.site"],"url":"https:\/\/darkamazi.site\/archives\/author\/turkish"}]}},"_links":{"self":[{"href":"https:\/\/darkamazi.site\/funavuv\/wp\/v2\/posts\/1011166","targetHints":{"allow":["GET"]}}],"collection":[{"href":"https:\/\/darkamazi.site\/funavuv\/wp\/v2\/posts"}],"about":[{"href":"https:\/\/darkamazi.site\/funavuv\/wp\/v2\/types\/post"}],"author":[{"embeddable":true,"href":"https:\/\/darkamazi.site\/funavuv\/wp\/v2\/users\/2"}],"replies":[{"embeddable":true,"href":"https:\/\/darkamazi.site\/funavuv\/wp\/v2\/comments?post=1011166"}],"version-history":[{"count":0,"href":"https:\/\/darkamazi.site\/funavuv\/wp\/v2\/posts\/1011166\/revisions"}],"wp:featuredmedia":[{"embeddable":true,"href":"https:\/\/darkamazi.site\/funavuv\/wp\/v2\/media\/1011176"}],"wp:attachment":[{"href":"https:\/\/darkamazi.site\/funavuv\/wp\/v2\/media?parent=1011166"}],"wp:term":[{"taxonomy":"category","embeddable":true,"href":"https:\/\/darkamazi.site\/funavuv\/wp\/v2\/categories?post=1011166"},{"taxonomy":"post_tag","embeddable":true,"href":"https:\/\/darkamazi.site\/funavuv\/wp\/v2\/tags?post=1011166"}],"curies":[{"name":"wp","href":"https:\/\/api.w.org\/{rel}","templated":true}]}}