{"id":1011178,"date":"2020-10-17T19:10:54","date_gmt":"2020-10-17T16:10:54","guid":{"rendered":"https:\/\/darkamazi.site\/?p=1011178"},"modified":"2020-10-17T19:24:45","modified_gmt":"2020-10-17T16:24:45","slug":"mesut-barzani-kurdistan-halkinin-degerlerine-hakaret-edenler-bunun-bedelini-odeyecekler","status":"publish","type":"post","link":"https:\/\/darkamazi.site\/archives\/1011178","title":{"rendered":"Mesut Barzani: K\u00fcrdistan halk\u0131n\u0131n de\u011ferlerine hakaret edenler bunun bedelini \u00f6deyecekler"},"content":{"rendered":"<p style=\"text-align: justify\">K\u00fcrdistan B\u00f6lgesel Y\u00f6netimi Eski Ba\u015fkan\u0131\u00a0 Mesud Barzani, Ba\u011fdat\u2019ta PDK ofisi ve K\u00fcrdistan bayra\u011f\u0131n\u0131n yak\u0131lmas\u0131na ili\u015fkin yapt\u0131\u011f\u0131 a\u00e7\u0131klamada, \u201cK\u00fcrdistan halk\u0131n\u0131n de\u011ferlerine hakaret edenler bunun bedelini \u00f6deyecekler\u201d dedi.<\/p>\n<p style=\"text-align: justify\">KBY Eski Ba\u015fkan\u0131 ve KDP Genel Ba\u015fkan\u0131 Mesut\u00a0 Barzani, Ba\u011fdat\u2019ta PDK ofisi ve K\u00fcrdistan bayraklar\u0131n\u0131n yak\u0131lmas\u0131na ili\u015fkin yaz\u0131l\u0131 bir a\u00e7\u0131klama yay\u0131mlad\u0131.<\/p>\n<p style=\"text-align: justify\">Barzani yapt\u0131\u011f\u0131 a\u00e7\u0131klamada, \u201cBu namert\u00e7e yakla\u015f\u0131mlar K\u00fcrtlerin ve K\u00fcrdistan halk\u0131n\u0131n onurlu duru\u015fundan bir \u015fey eksiltmez\u201d dedi.<\/p>\n<p style=\"text-align: justify\">\u00a0Barzani a\u00e7\u0131klamas\u0131 \u015f\u00f6yle:\u00a0\u00a0&#8220;Yenik ve yasal olmayan bir grubun Ba\u011fdat\u2019taki PDK binas\u0131n\u0131 ate\u015fe verdi\u011fi ve K\u00fcrdistan\u2019\u0131n kutsal bayra\u011f\u0131n\u0131 yakt\u0131klar\u0131 bilgisi elimize ula\u015fm\u0131\u015f durumda<\/p>\n<p style=\"text-align: justify\">Bu namert\u00e7e sald\u0131r\u0131y\u0131 \u015fiddetle k\u0131n\u0131yoruz. K\u00fcrtlere ve K\u00fcrdistan halk\u0131n\u0131n en y\u00fcce de\u011ferlerine el uzat\u0131lmas\u0131 K\u00fcrtlerin onuru ve de\u011ferinden bir \u015fey eksiltmez.Ancak bu sald\u0131r\u0131, o yenik grubun gericili\u011fini, k\u00fclt\u00fcrs\u00fczl\u00fc\u011f\u00fcn\u00fc ve sava\u015f k\u0131\u015fk\u0131rt\u0131c\u0131l\u0131\u011f\u0131na dayanan zihniyetini a\u00e7\u0131k\u00e7a g\u00f6stermektedir.<\/p>\n<p style=\"text-align: justify\">Irak Federal H\u00fck\u00fcmeti\u2019nin bu sald\u0131r\u0131lar\u0131n \u00f6n\u00fcn\u00fc almas\u0131n\u0131 almalar\u0131n\u0131 bekliyoruz. Parti binas\u0131na sald\u0131ran ve K\u00fcrdistan halk\u0131n\u0131n de\u011ferlerine hakaret edenler bunun bedelini \u00f6deyecekler.\u201d<\/p>\n","protected":false},"excerpt":{"rendered":"<p>K\u00fcrdistan B\u00f6lgesel Y\u00f6netimi Eski Ba\u015fkan\u0131\u00a0 Mesud Barzani, Ba\u011fdat\u2019ta PDK ofisi ve K\u00fcrdistan bayra\u011f\u0131n\u0131n yak\u0131lmas\u0131na ili\u015fkin yapt\u0131\u011f\u0131 a\u00e7\u0131klamada, \u201cK\u00fcrdistan halk\u0131n\u0131n de\u011ferlerine hakaret edenler bunun bedelini \u00f6deyecekler\u201d dedi. KBY Eski Ba\u015fkan\u0131 ve KDP Genel Ba\u015fkan\u0131 Mesut\u00a0 Barzani, Ba\u011fdat\u2019ta PDK ofisi ve K\u00fcrdistan bayraklar\u0131n\u0131n yak\u0131lmas\u0131na ili\u015fkin yaz\u0131l\u0131 bir a\u00e7\u0131klama yay\u0131mlad\u0131. Barzani yapt\u0131\u011f\u0131 a\u00e7\u0131klamada, \u201cBu namert\u00e7e yakla\u015f\u0131mlar K\u00fcrtlerin ve [&hellip;]<\/p>\n","protected":false},"author":2,"featured_media":1011179,"comment_status":"closed","ping_status":"closed","sticky":false,"template":"","format":"standard","meta":{"footnotes":""},"categories":[3],"tags":[31],"class_list":["post-1011178","post","type-post","status-publish","format-standard","has-post-thumbnail","hentry","category-kurdistan","tag-onemli"],"blocksy_meta":[],"seo_head":"<!-- This site is optimized with the Yoast SEO plugin v27.5 - https:\/\/yoast.com\/product\/yoast-seo-wordpress\/ -->\n<title>Mesut Barzani: K\u00fcrdistan halk\u0131n\u0131n de\u011ferlerine hakaret edenler bunun bedelini \u00f6deyecekler - Darka Mazi<\/title>\n<meta name=\"robots\" content=\"index, follow, max-snippet:-1, max-image-preview:large, max-video-preview:-1\" \/>\n<link rel=\"canonical\" href=\"https:\/\/darkamazi.site\/archives\/1011178\" \/>\n<meta property=\"og:locale\" content=\"en_US\" \/>\n<meta property=\"og:type\" content=\"article\" \/>\n<meta property=\"og:title\" content=\"Mesut Barzani: K\u00fcrdistan halk\u0131n\u0131n de\u011ferlerine hakaret edenler bunun bedelini \u00f6deyecekler - Darka Mazi\" \/>\n<meta property=\"og:description\" content=\"K\u00fcrdistan B\u00f6lgesel Y\u00f6netimi Eski Ba\u015fkan\u0131\u00a0 Mesud Barzani, Ba\u011fdat\u2019ta PDK ofisi ve K\u00fcrdistan bayra\u011f\u0131n\u0131n yak\u0131lmas\u0131na ili\u015fkin yapt\u0131\u011f\u0131 a\u00e7\u0131klamada, \u201cK\u00fcrdistan halk\u0131n\u0131n de\u011ferlerine hakaret edenler bunun bedelini \u00f6deyecekler\u201d dedi. KBY Eski Ba\u015fkan\u0131 ve KDP Genel Ba\u015fkan\u0131 Mesut\u00a0 Barzani, Ba\u011fdat\u2019ta PDK ofisi ve K\u00fcrdistan bayraklar\u0131n\u0131n yak\u0131lmas\u0131na ili\u015fkin yaz\u0131l\u0131 bir a\u00e7\u0131klama yay\u0131mlad\u0131. Barzani yapt\u0131\u011f\u0131 a\u00e7\u0131klamada, \u201cBu namert\u00e7e yakla\u015f\u0131mlar K\u00fcrtlerin ve [&hellip;]\" \/>\n<meta property=\"og:url\" content=\"https:\/\/darkamazi.site\/archives\/1011178\" \/>\n<meta property=\"og:site_name\" content=\"Darka Mazi\" \/>\n<meta property=\"article:publisher\" content=\"https:\/\/www.facebook.com\/DarkaMaziturkce\" \/>\n<meta property=\"article:published_time\" content=\"2020-10-17T16:10:54+00:00\" \/>\n<meta property=\"article:modified_time\" content=\"2020-10-17T16:24:45+00:00\" \/>\n<meta property=\"og:image\" content=\"https:\/\/darkamazi.site\/file\/2020\/10\/Baskan-Barzani.jpg\" \/>\n\t<meta property=\"og:image:width\" content=\"680\" \/>\n\t<meta property=\"og:image:height\" content=\"392\" \/>\n\t<meta property=\"og:image:type\" content=\"image\/jpeg\" \/>\n<meta name=\"author\" content=\"darka mazi\" \/>\n<meta name=\"twitter:card\" content=\"summary_large_image\" \/>\n<meta name=\"twitter:creator\" content=\"@DarkaMaziTurkce\" \/>\n<meta name=\"twitter:site\" content=\"@DarkaMaziTurkce\" \/>\n<meta name=\"twitter:label1\" content=\"Written by\" \/>\n\t<meta name=\"twitter:data1\" content=\"darka mazi\" \/>\n\t<meta name=\"twitter:label2\" content=\"Est. reading time\" \/>\n\t<meta name=\"twitter:data2\" content=\"1 minute\" \/>\n<script type=\"application\/ld+json\" class=\"seo-schema-graph\">{\"@context\":\"https:\\\/\\\/schema.org\",\"@graph\":[{\"@type\":\"NewsArticle\",\"@id\":\"https:\\\/\\\/darkamazi.site\\\/archives\\\/1011178#article\",\"isPartOf\":{\"@id\":\"https:\\\/\\\/darkamazi.site\\\/archives\\\/1011178\"},\"author\":{\"name\":\"darka mazi\",\"@id\":\"https:\\\/\\\/darkamazi.site\\\/#\\\/schema\\\/person\\\/67986a95ac546c16760365877ef4a9d3\"},\"headline\":\"Mesut Barzani: K\u00fcrdistan halk\u0131n\u0131n de\u011ferlerine hakaret edenler bunun bedelini \u00f6deyecekler\",\"datePublished\":\"2020-10-17T16:10:54+00:00\",\"dateModified\":\"2020-10-17T16:24:45+00:00\",\"mainEntityOfPage\":{\"@id\":\"https:\\\/\\\/darkamazi.site\\\/archives\\\/1011178\"},\"wordCount\":249,\"publisher\":{\"@id\":\"https:\\\/\\\/darkamazi.site\\\/#organization\"},\"image\":{\"@id\":\"https:\\\/\\\/darkamazi.site\\\/archives\\\/1011178#primaryimage\"},\"thumbnailUrl\":\"https:\\\/\\\/darkamazi.site\\\/darka-content\\\/uploads\\\/2020\\\/10\\\/Baskan-Barzani.jpg\",\"keywords\":[\"\u00f6nemli\"],\"articleSection\":[\"Kurdistan\"],\"inLanguage\":\"en-US\"},{\"@type\":\"WebPage\",\"@id\":\"https:\\\/\\\/darkamazi.site\\\/archives\\\/1011178\",\"url\":\"https:\\\/\\\/darkamazi.site\\\/archives\\\/1011178\",\"name\":\"Mesut Barzani: K\u00fcrdistan halk\u0131n\u0131n de\u011ferlerine hakaret edenler bunun bedelini \u00f6deyecekler - Darka Mazi\",\"isPartOf\":{\"@id\":\"https:\\\/\\\/darkamazi.site\\\/#website\"},\"primaryImageOfPage\":{\"@id\":\"https:\\\/\\\/darkamazi.site\\\/archives\\\/1011178#primaryimage\"},\"image\":{\"@id\":\"https:\\\/\\\/darkamazi.site\\\/archives\\\/1011178#primaryimage\"},\"thumbnailUrl\":\"https:\\\/\\\/darkamazi.site\\\/darka-content\\\/uploads\\\/2020\\\/10\\\/Baskan-Barzani.jpg\",\"datePublished\":\"2020-10-17T16:10:54+00:00\",\"dateModified\":\"2020-10-17T16:24:45+00:00\",\"breadcrumb\":{\"@id\":\"https:\\\/\\\/darkamazi.site\\\/archives\\\/1011178#breadcrumb\"},\"inLanguage\":\"en-US\",\"potentialAction\":[{\"@type\":\"ReadAction\",\"target\":[\"https:\\\/\\\/darkamazi.site\\\/archives\\\/1011178\"]}]},{\"@type\":\"ImageObject\",\"inLanguage\":\"en-US\",\"@id\":\"https:\\\/\\\/darkamazi.site\\\/archives\\\/1011178#primaryimage\",\"url\":\"https:\\\/\\\/darkamazi.site\\\/darka-content\\\/uploads\\\/2020\\\/10\\\/Baskan-Barzani.jpg\",\"contentUrl\":\"https:\\\/\\\/darkamazi.site\\\/darka-content\\\/uploads\\\/2020\\\/10\\\/Baskan-Barzani.jpg\",\"width\":680,\"height\":392,\"caption\":\"K\u00fcrdistan halk\u0131n\u0131n de\u011ferlerine hakaret edenler bunun bedelini \u00f6deyecekler\"},{\"@type\":\"BreadcrumbList\",\"@id\":\"https:\\\/\\\/darkamazi.site\\\/archives\\\/1011178#breadcrumb\",\"itemListElement\":[{\"@type\":\"ListItem\",\"position\":1,\"name\":\"Home\",\"item\":\"https:\\\/\\\/darkamazi.site\\\/\"},{\"@type\":\"ListItem\",\"position\":2,\"name\":\"Mesut Barzani: K\u00fcrdistan halk\u0131n\u0131n de\u011ferlerine hakaret edenler bunun bedelini \u00f6deyecekler\"}]},{\"@type\":\"WebSite\",\"@id\":\"https:\\\/\\\/darkamazi.site\\\/#website\",\"url\":\"https:\\\/\\\/darkamazi.site\\\/\",\"name\":\"Darka Mazi\",\"description\":\"Ana Sayfa\",\"publisher\":{\"@id\":\"https:\\\/\\\/darkamazi.site\\\/#organization\"},\"potentialAction\":[{\"@type\":\"SearchAction\",\"target\":{\"@type\":\"EntryPoint\",\"urlTemplate\":\"https:\\\/\\\/darkamazi.site\\\/?s={search_term_string}\"},\"query-input\":{\"@type\":\"PropertyValueSpecification\",\"valueRequired\":true,\"valueName\":\"search_term_string\"}}],\"inLanguage\":\"en-US\"},{\"@type\":\"Organization\",\"@id\":\"https:\\\/\\\/darkamazi.site\\\/#organization\",\"name\":\"Darka Mazi T\u00fcrk\u00e7e\",\"alternateName\":\"Darka Mazi\",\"url\":\"https:\\\/\\\/darkamazi.site\\\/\",\"logo\":{\"@type\":\"ImageObject\",\"inLanguage\":\"en-US\",\"@id\":\"https:\\\/\\\/darkamazi.site\\\/#\\\/schema\\\/logo\\\/image\\\/\",\"url\":\"https:\\\/\\\/darkamazi.site\\\/darka-content\\\/uploads\\\/2017\\\/12\\\/darka-mazi-logo.png\",\"contentUrl\":\"https:\\\/\\\/darkamazi.site\\\/darka-content\\\/uploads\\\/2017\\\/12\\\/darka-mazi-logo.png\",\"width\":151,\"height\":75,\"caption\":\"Darka Mazi T\u00fcrk\u00e7e\"},\"image\":{\"@id\":\"https:\\\/\\\/darkamazi.site\\\/#\\\/schema\\\/logo\\\/image\\\/\"},\"sameAs\":[\"https:\\\/\\\/www.facebook.com\\\/DarkaMaziturkce\",\"https:\\\/\\\/x.com\\\/DarkaMaziTurkce\"]},{\"@type\":\"Person\",\"@id\":\"https:\\\/\\\/darkamazi.site\\\/#\\\/schema\\\/person\\\/67986a95ac546c16760365877ef4a9d3\",\"name\":\"darka mazi\",\"sameAs\":[\"https:\\\/\\\/darkamazi.site\"],\"url\":\"https:\\\/\\\/darkamazi.site\\\/archives\\\/author\\\/turkish\"}]}<\/script>\n<!-- \/ Yoast SEO plugin. -->","seo_head_json":{"title":"Mesut Barzani: K\u00fcrdistan halk\u0131n\u0131n de\u011ferlerine hakaret edenler bunun bedelini \u00f6deyecekler - Darka Mazi","robots":{"index":"index","follow":"follow","max-snippet":"max-snippet:-1","max-image-preview":"max-image-preview:large","max-video-preview":"max-video-preview:-1"},"canonical":"https:\/\/darkamazi.site\/archives\/1011178","og_locale":"en_US","og_type":"article","og_title":"Mesut Barzani: K\u00fcrdistan halk\u0131n\u0131n de\u011ferlerine hakaret edenler bunun bedelini \u00f6deyecekler - Darka Mazi","og_description":"K\u00fcrdistan B\u00f6lgesel Y\u00f6netimi Eski Ba\u015fkan\u0131\u00a0 Mesud Barzani, Ba\u011fdat\u2019ta PDK ofisi ve K\u00fcrdistan bayra\u011f\u0131n\u0131n yak\u0131lmas\u0131na ili\u015fkin yapt\u0131\u011f\u0131 a\u00e7\u0131klamada, \u201cK\u00fcrdistan halk\u0131n\u0131n de\u011ferlerine hakaret edenler bunun bedelini \u00f6deyecekler\u201d dedi. KBY Eski Ba\u015fkan\u0131 ve KDP Genel Ba\u015fkan\u0131 Mesut\u00a0 Barzani, Ba\u011fdat\u2019ta PDK ofisi ve K\u00fcrdistan bayraklar\u0131n\u0131n yak\u0131lmas\u0131na ili\u015fkin yaz\u0131l\u0131 bir a\u00e7\u0131klama yay\u0131mlad\u0131. Barzani yapt\u0131\u011f\u0131 a\u00e7\u0131klamada, \u201cBu namert\u00e7e yakla\u015f\u0131mlar K\u00fcrtlerin ve [&hellip;]","og_url":"https:\/\/darkamazi.site\/archives\/1011178","og_site_name":"Darka Mazi","article_publisher":"https:\/\/www.facebook.com\/DarkaMaziturkce","article_published_time":"2020-10-17T16:10:54+00:00","article_modified_time":"2020-10-17T16:24:45+00:00","og_image":[{"width":680,"height":392,"url":"https:\/\/darkamazi.site\/file\/2020\/10\/Baskan-Barzani.jpg","type":"image\/jpeg"}],"author":"darka mazi","twitter_card":"summary_large_image","twitter_creator":"@DarkaMaziTurkce","twitter_site":"@DarkaMaziTurkce","twitter_misc":{"Written by":"darka mazi","Est. reading time":"1 minute"},"schema":{"@context":"https:\/\/schema.org","@graph":[{"@type":"NewsArticle","@id":"https:\/\/darkamazi.site\/archives\/1011178#article","isPartOf":{"@id":"https:\/\/darkamazi.site\/archives\/1011178"},"author":{"name":"darka mazi","@id":"https:\/\/darkamazi.site\/#\/schema\/person\/67986a95ac546c16760365877ef4a9d3"},"headline":"Mesut Barzani: K\u00fcrdistan halk\u0131n\u0131n de\u011ferlerine hakaret edenler bunun bedelini \u00f6deyecekler","datePublished":"2020-10-17T16:10:54+00:00","dateModified":"2020-10-17T16:24:45+00:00","mainEntityOfPage":{"@id":"https:\/\/darkamazi.site\/archives\/1011178"},"wordCount":249,"publisher":{"@id":"https:\/\/darkamazi.site\/#organization"},"image":{"@id":"https:\/\/darkamazi.site\/archives\/1011178#primaryimage"},"thumbnailUrl":"https:\/\/darkamazi.site\/file\/2020\/10\/Baskan-Barzani.jpg","keywords":["\u00f6nemli"],"articleSection":["Kurdistan"],"inLanguage":"en-US"},{"@type":"WebPage","@id":"https:\/\/darkamazi.site\/archives\/1011178","url":"https:\/\/darkamazi.site\/archives\/1011178","name":"Mesut Barzani: K\u00fcrdistan halk\u0131n\u0131n de\u011ferlerine hakaret edenler bunun bedelini \u00f6deyecekler - Darka Mazi","isPartOf":{"@id":"https:\/\/darkamazi.site\/#website"},"primaryImageOfPage":{"@id":"https:\/\/darkamazi.site\/archives\/1011178#primaryimage"},"image":{"@id":"https:\/\/darkamazi.site\/archives\/1011178#primaryimage"},"thumbnailUrl":"https:\/\/darkamazi.site\/file\/2020\/10\/Baskan-Barzani.jpg","datePublished":"2020-10-17T16:10:54+00:00","dateModified":"2020-10-17T16:24:45+00:00","breadcrumb":{"@id":"https:\/\/darkamazi.site\/archives\/1011178#breadcrumb"},"inLanguage":"en-US","potentialAction":[{"@type":"ReadAction","target":["https:\/\/darkamazi.site\/archives\/1011178"]}]},{"@type":"ImageObject","inLanguage":"en-US","@id":"https:\/\/darkamazi.site\/archives\/1011178#primaryimage","url":"https:\/\/darkamazi.site\/file\/2020\/10\/Baskan-Barzani.jpg","contentUrl":"https:\/\/darkamazi.site\/file\/2020\/10\/Baskan-Barzani.jpg","width":680,"height":392,"caption":"K\u00fcrdistan halk\u0131n\u0131n de\u011ferlerine hakaret edenler bunun bedelini \u00f6deyecekler"},{"@type":"BreadcrumbList","@id":"https:\/\/darkamazi.site\/archives\/1011178#breadcrumb","itemListElement":[{"@type":"ListItem","position":1,"name":"Home","item":"https:\/\/darkamazi.site\/"},{"@type":"ListItem","position":2,"name":"Mesut Barzani: K\u00fcrdistan halk\u0131n\u0131n de\u011ferlerine hakaret edenler bunun bedelini \u00f6deyecekler"}]},{"@type":"WebSite","@id":"https:\/\/darkamazi.site\/#website","url":"https:\/\/darkamazi.site\/","name":"Darka Mazi","description":"Ana Sayfa","publisher":{"@id":"https:\/\/darkamazi.site\/#organization"},"potentialAction":[{"@type":"SearchAction","target":{"@type":"EntryPoint","urlTemplate":"https:\/\/darkamazi.site\/?s={search_term_string}"},"query-input":{"@type":"PropertyValueSpecification","valueRequired":true,"valueName":"search_term_string"}}],"inLanguage":"en-US"},{"@type":"Organization","@id":"https:\/\/darkamazi.site\/#organization","name":"Darka Mazi T\u00fcrk\u00e7e","alternateName":"Darka Mazi","url":"https:\/\/darkamazi.site\/","logo":{"@type":"ImageObject","inLanguage":"en-US","@id":"https:\/\/darkamazi.site\/#\/schema\/logo\/image\/","url":"https:\/\/darkamazi.site\/file\/2017\/12\/darka-mazi-logo.png","contentUrl":"https:\/\/darkamazi.site\/file\/2017\/12\/darka-mazi-logo.png","width":151,"height":75,"caption":"Darka Mazi T\u00fcrk\u00e7e"},"image":{"@id":"https:\/\/darkamazi.site\/#\/schema\/logo\/image\/"},"sameAs":["https:\/\/www.facebook.com\/DarkaMaziturkce","https:\/\/x.com\/DarkaMaziTurkce"]},{"@type":"Person","@id":"https:\/\/darkamazi.site\/#\/schema\/person\/67986a95ac546c16760365877ef4a9d3","name":"darka mazi","sameAs":["https:\/\/darkamazi.site"],"url":"https:\/\/darkamazi.site\/archives\/author\/turkish"}]}},"_links":{"self":[{"href":"https:\/\/darkamazi.site\/funavuv\/wp\/v2\/posts\/1011178","targetHints":{"allow":["GET"]}}],"collection":[{"href":"https:\/\/darkamazi.site\/funavuv\/wp\/v2\/posts"}],"about":[{"href":"https:\/\/darkamazi.site\/funavuv\/wp\/v2\/types\/post"}],"author":[{"embeddable":true,"href":"https:\/\/darkamazi.site\/funavuv\/wp\/v2\/users\/2"}],"replies":[{"embeddable":true,"href":"https:\/\/darkamazi.site\/funavuv\/wp\/v2\/comments?post=1011178"}],"version-history":[{"count":0,"href":"https:\/\/darkamazi.site\/funavuv\/wp\/v2\/posts\/1011178\/revisions"}],"wp:featuredmedia":[{"embeddable":true,"href":"https:\/\/darkamazi.site\/funavuv\/wp\/v2\/media\/1011179"}],"wp:attachment":[{"href":"https:\/\/darkamazi.site\/funavuv\/wp\/v2\/media?parent=1011178"}],"wp:term":[{"taxonomy":"category","embeddable":true,"href":"https:\/\/darkamazi.site\/funavuv\/wp\/v2\/categories?post=1011178"},{"taxonomy":"post_tag","embeddable":true,"href":"https:\/\/darkamazi.site\/funavuv\/wp\/v2\/tags?post=1011178"}],"curies":[{"name":"wp","href":"https:\/\/api.w.org\/{rel}","templated":true}]}}