{"id":1011414,"date":"2020-11-02T14:44:43","date_gmt":"2020-11-02T11:44:43","guid":{"rendered":"https:\/\/darkamazi.site\/?p=1011414"},"modified":"2026-03-31T16:43:58","modified_gmt":"2026-03-31T13:43:58","slug":"basbakan-kurdistan-halkinin-tarimla-tarihsel-bagi-var","status":"publish","type":"post","link":"https:\/\/darkamazi.site\/archives\/1011414","title":{"rendered":"Ba\u015fbakan: K\u00fcrdistan halk\u0131n\u0131n tar\u0131mla tarihsel ba\u011f\u0131 var"},"content":{"rendered":"<p><span style=\"font-family: 'arial black', sans-serif\">ERB\u0130L (K24) &#8211; Ba\u015fkent Erbil\u2019de bu\u011fday al\u0131m projesinin temel atma t\u00f6reninde konu\u015fan Ba\u015fbakan\u00a0Mesrur Barzani, K\u00fcrdistan halk\u0131 ve b\u00f6lgenin tar\u0131mla ba\u011f\u0131n\u0131n tarihsel oldu\u011funa dikkat \u00e7ekti.<\/span><\/p>\n<p>Ba\u015fbakan Mesrur Barzani,\u00a0K\u00fcrdistan\u00a0B\u00f6lgesi\u00a0\u00e7ift\u00e7isinin\u00a0bu\u011fday\u00a0al\u0131m\u0131 i\u00e7in in\u015fa edilecek projenin temel atma t\u00f6reninde konu\u015ftu. Projenin \u00f6n\u00fcm\u00fczdeki y\u0131l\u0131n sonunda tamamlanmas\u0131 bekleniyor.<\/p>\n<p>Ba\u015fbakan, \u015funlar\u0131 s\u00f6yledi:<\/p>\n<p>\u201cGe\u00e7ti\u011fimiz y\u00fczy\u0131l\u0131n ortalar\u0131nda Barzan b\u00f6lgesindeki \u015eaneder Ma\u011faras\u0131\u2019nda, 50 bin y\u0131l \u00f6nce ya\u015fam\u0131\u015f olan Neanderthallere ait kemikler bulundu. \u0130lgin\u00e7 olan da bu kemiklerle birlikte bu\u011fday ve tah\u0131l tohumlar\u0131n\u0131n bulunmu\u015f olmas\u0131yd\u0131. Bunlar, insan\u0131n o d\u00f6nemde tar\u0131mla olan ili\u015fkisini g\u00f6steriyor. D\u00fcnyan\u0131n en eski k\u00f6ylerinden biri oldu\u011funu \u00f6\u011frendi\u011fimiz K\u00fcrdistan\u2019daki \u00c7ermu k\u00f6y\u00fcnde insanlar tar\u0131mla u\u011fra\u015fm\u0131\u015ft\u0131r. Yani K\u00fcrdistan halk\u0131 ve bu b\u00f6lgenin tar\u0131mla ili\u015fkisi tarihseldir. Ancak maalesef tarih boyunca, \u00f6zellikle ge\u00e7ti\u011fimiz y\u00fczy\u0131ldan g\u00fcn\u00fcm\u00fczde kadar, K\u00fcrdistan\u2019\u0131n tar\u0131m \u00fcr\u00fcnlerinden gerekti\u011fi \u015fekilde faydalan\u0131lamam\u0131\u015ft\u0131r.<\/p>\n<p>Kabine olarak, K\u00fcrdistan\u2019\u0131n gelirlerini \u00e7e\u015fitlendirmek ve tar\u0131m sekt\u00f6r\u00fcne \u00f6zel bir \u00f6nem vermek i\u00e7in ciddi \u00e7aba g\u00f6steriyoruz. Bug\u00fcn burada, K\u00fcrdistan B\u00f6lgesi \u00e7ift\u00e7isinin bu\u011fdaylar\u0131n\u0131 pazarlamak amac\u0131yla kurulacak olan bu fabrika ve depolar\u0131n temelini atmaktan mutluluk duyuyorum. Bu projeler Erbil\u2019le s\u0131n\u0131rl\u0131 olmayacak, di\u011fer vilayetlerde de s\u00fcrecek.<\/p>\n<p>Hat\u0131rlayacak olursak, ge\u00e7ti\u011fimiz y\u00fczy\u0131ldan son d\u00f6nemlere kadar K\u00fcrdistan Enfal ve kimyasal sald\u0131r\u0131ya u\u011frad\u0131ktan sonra \u00e7ok say\u0131da \u00e7ift\u00e7inin tarla ve arazileri de yak\u0131l\u0131p y\u0131k\u0131ld\u0131. K\u00f6ylerde ya\u015fayan insanlar da g\u00f6\u00e7e zorland\u0131, k\u00f6yleri y\u0131k\u0131ld\u0131, zorla kamplara yerle\u015ftirildiler. Bu da K\u00fcrdistan\u2019da tar\u0131m \u00fcr\u00fcnlerinin t\u00fcmden zarar g\u00f6rmesine yol a\u00e7t\u0131.<\/p>\n<p>\u015eimdi bu durumu tersine \u00e7evirmek ve K\u00fcrdistan halk\u0131n\u0131n g\u00f6z\u00fcn\u00fcn maa\u015fta kalmas\u0131 yerine kendi kendine yetip, \u00fcretici hale gelmesini, t\u00fcketici olmaktan \u00e7\u0131kmas\u0131n\u0131 istiyoruz. Bu projeler sadece \u00e7ift\u00e7iye de\u011fil t\u00fcm K\u00fcrdistan halk\u0131na yard\u0131m edilmesine imkan sa\u011fl\u0131yor. K\u00fcrdistan, sadece kendi g\u0131da g\u00fcvenli\u011fini sa\u011flamakla kalmay\u0131p Irak ve b\u00f6lgenin de g\u0131da deposu olabilecek zenginliktedir. Bu anlamda bu projeyi \u00e7ok \u00f6nemli buluyorum.<\/p>\n<p>S\u00f6z verdi\u011fimiz gibi, daha g\u00fc\u00e7l\u00fc bir ekonomik altyap\u0131 kurmam\u0131z i\u00e7in bu t\u00fcr projelerin devam etmesini umuyorum. Bu kabinenin temel hedefi K\u00fcrdistan\u2019\u0131n ekonomik altyap\u0131s\u0131n\u0131 g\u00fc\u00e7lendirmektir.\u201d<\/p>\n<p>Ba\u015fbakan konu\u015fmas\u0131n\u0131n sonunda, artan coronavir\u00fcs vakalar\u0131na dikkat \u00e7ekerek, vatanda\u015flardan tedbirlere uymalar\u0131n\u0131 istedi.<\/p>\n<p>kaynak: K24<\/p>\n","protected":false},"excerpt":{"rendered":"<p>ERB\u0130L (K24) &#8211; Ba\u015fkent Erbil\u2019de bu\u011fday al\u0131m projesinin temel atma t\u00f6reninde konu\u015fan Ba\u015fbakan\u00a0Mesrur Barzani, K\u00fcrdistan halk\u0131 ve b\u00f6lgenin tar\u0131mla ba\u011f\u0131n\u0131n tarihsel oldu\u011funa dikkat \u00e7ekti. Ba\u015fbakan Mesrur Barzani,\u00a0K\u00fcrdistan\u00a0B\u00f6lgesi\u00a0\u00e7ift\u00e7isinin\u00a0bu\u011fday\u00a0al\u0131m\u0131 i\u00e7in in\u015fa edilecek projenin temel atma t\u00f6reninde konu\u015ftu. Projenin \u00f6n\u00fcm\u00fczdeki y\u0131l\u0131n sonunda tamamlanmas\u0131 bekleniyor. Ba\u015fbakan, \u015funlar\u0131 s\u00f6yledi: \u201cGe\u00e7ti\u011fimiz y\u00fczy\u0131l\u0131n ortalar\u0131nda Barzan b\u00f6lgesindeki \u015eaneder Ma\u011faras\u0131\u2019nda, 50 bin y\u0131l \u00f6nce [&hellip;]<\/p>\n","protected":false},"author":2,"featured_media":1011415,"comment_status":"closed","ping_status":"closed","sticky":false,"template":"","format":"standard","meta":{"footnotes":""},"categories":[3],"tags":[],"class_list":["post-1011414","post","type-post","status-publish","format-standard","has-post-thumbnail","hentry","category-kurdistan"],"blocksy_meta":[],"seo_head":"<!-- This site is optimized with the Yoast SEO plugin v27.5 - https:\/\/yoast.com\/product\/yoast-seo-wordpress\/ -->\n<title>Ba\u015fbakan: K\u00fcrdistan halk\u0131n\u0131n tar\u0131mla tarihsel ba\u011f\u0131 var - Darka Mazi<\/title>\n<meta name=\"robots\" content=\"index, follow, max-snippet:-1, max-image-preview:large, max-video-preview:-1\" \/>\n<link rel=\"canonical\" href=\"https:\/\/darkamazi.site\/archives\/1011414\" \/>\n<meta property=\"og:locale\" content=\"en_US\" \/>\n<meta property=\"og:type\" content=\"article\" \/>\n<meta property=\"og:title\" content=\"Ba\u015fbakan: K\u00fcrdistan halk\u0131n\u0131n tar\u0131mla tarihsel ba\u011f\u0131 var - Darka Mazi\" \/>\n<meta property=\"og:description\" content=\"ERB\u0130L (K24) &#8211; Ba\u015fkent Erbil\u2019de bu\u011fday al\u0131m projesinin temel atma t\u00f6reninde konu\u015fan Ba\u015fbakan\u00a0Mesrur Barzani, K\u00fcrdistan halk\u0131 ve b\u00f6lgenin tar\u0131mla ba\u011f\u0131n\u0131n tarihsel oldu\u011funa dikkat \u00e7ekti. Ba\u015fbakan Mesrur Barzani,\u00a0K\u00fcrdistan\u00a0B\u00f6lgesi\u00a0\u00e7ift\u00e7isinin\u00a0bu\u011fday\u00a0al\u0131m\u0131 i\u00e7in in\u015fa edilecek projenin temel atma t\u00f6reninde konu\u015ftu. Projenin \u00f6n\u00fcm\u00fczdeki y\u0131l\u0131n sonunda tamamlanmas\u0131 bekleniyor. Ba\u015fbakan, \u015funlar\u0131 s\u00f6yledi: \u201cGe\u00e7ti\u011fimiz y\u00fczy\u0131l\u0131n ortalar\u0131nda Barzan b\u00f6lgesindeki \u015eaneder Ma\u011faras\u0131\u2019nda, 50 bin y\u0131l \u00f6nce [&hellip;]\" \/>\n<meta property=\"og:url\" content=\"https:\/\/darkamazi.site\/archives\/1011414\" \/>\n<meta property=\"og:site_name\" content=\"Darka Mazi\" \/>\n<meta property=\"article:publisher\" content=\"https:\/\/www.facebook.com\/DarkaMaziturkce\" \/>\n<meta property=\"article:published_time\" content=\"2020-11-02T11:44:43+00:00\" \/>\n<meta property=\"article:modified_time\" content=\"2026-03-31T13:43:58+00:00\" \/>\n<meta property=\"og:image\" content=\"https:\/\/darkamazi.site\/file\/2020\/11\/mesrurbarzani.jpg\" \/>\n\t<meta property=\"og:image:width\" content=\"781\" \/>\n\t<meta property=\"og:image:height\" content=\"439\" \/>\n\t<meta property=\"og:image:type\" content=\"image\/jpeg\" \/>\n<meta name=\"author\" content=\"darka mazi\" \/>\n<meta name=\"twitter:card\" content=\"summary_large_image\" \/>\n<meta name=\"twitter:creator\" content=\"@DarkaMaziTurkce\" \/>\n<meta name=\"twitter:site\" content=\"@DarkaMaziTurkce\" \/>\n<meta name=\"twitter:label1\" content=\"Written by\" \/>\n\t<meta name=\"twitter:data1\" content=\"darka mazi\" \/>\n\t<meta name=\"twitter:label2\" content=\"Est. reading time\" \/>\n\t<meta name=\"twitter:data2\" content=\"2 minutes\" \/>\n<script type=\"application\/ld+json\" class=\"seo-schema-graph\">{\"@context\":\"https:\\\/\\\/schema.org\",\"@graph\":[{\"@type\":\"NewsArticle\",\"@id\":\"https:\\\/\\\/darkamazi.site\\\/archives\\\/1011414#article\",\"isPartOf\":{\"@id\":\"https:\\\/\\\/darkamazi.site\\\/archives\\\/1011414\"},\"author\":{\"name\":\"darka mazi\",\"@id\":\"https:\\\/\\\/darkamazi.site\\\/#\\\/schema\\\/person\\\/67986a95ac546c16760365877ef4a9d3\"},\"headline\":\"Ba\u015fbakan: K\u00fcrdistan halk\u0131n\u0131n tar\u0131mla tarihsel ba\u011f\u0131 var\",\"datePublished\":\"2020-11-02T11:44:43+00:00\",\"dateModified\":\"2026-03-31T13:43:58+00:00\",\"mainEntityOfPage\":{\"@id\":\"https:\\\/\\\/darkamazi.site\\\/archives\\\/1011414\"},\"wordCount\":496,\"publisher\":{\"@id\":\"https:\\\/\\\/darkamazi.site\\\/#organization\"},\"image\":{\"@id\":\"https:\\\/\\\/darkamazi.site\\\/archives\\\/1011414#primaryimage\"},\"thumbnailUrl\":\"https:\\\/\\\/darkamazi.site\\\/darka-content\\\/uploads\\\/2020\\\/11\\\/mesrurbarzani.jpg\",\"articleSection\":[\"Kurdistan\"],\"inLanguage\":\"en-US\"},{\"@type\":\"WebPage\",\"@id\":\"https:\\\/\\\/darkamazi.site\\\/archives\\\/1011414\",\"url\":\"https:\\\/\\\/darkamazi.site\\\/archives\\\/1011414\",\"name\":\"Ba\u015fbakan: K\u00fcrdistan halk\u0131n\u0131n tar\u0131mla tarihsel ba\u011f\u0131 var - Darka Mazi\",\"isPartOf\":{\"@id\":\"https:\\\/\\\/darkamazi.site\\\/#website\"},\"primaryImageOfPage\":{\"@id\":\"https:\\\/\\\/darkamazi.site\\\/archives\\\/1011414#primaryimage\"},\"image\":{\"@id\":\"https:\\\/\\\/darkamazi.site\\\/archives\\\/1011414#primaryimage\"},\"thumbnailUrl\":\"https:\\\/\\\/darkamazi.site\\\/darka-content\\\/uploads\\\/2020\\\/11\\\/mesrurbarzani.jpg\",\"datePublished\":\"2020-11-02T11:44:43+00:00\",\"dateModified\":\"2026-03-31T13:43:58+00:00\",\"breadcrumb\":{\"@id\":\"https:\\\/\\\/darkamazi.site\\\/archives\\\/1011414#breadcrumb\"},\"inLanguage\":\"en-US\",\"potentialAction\":[{\"@type\":\"ReadAction\",\"target\":[\"https:\\\/\\\/darkamazi.site\\\/archives\\\/1011414\"]}]},{\"@type\":\"ImageObject\",\"inLanguage\":\"en-US\",\"@id\":\"https:\\\/\\\/darkamazi.site\\\/archives\\\/1011414#primaryimage\",\"url\":\"https:\\\/\\\/darkamazi.site\\\/darka-content\\\/uploads\\\/2020\\\/11\\\/mesrurbarzani.jpg\",\"contentUrl\":\"https:\\\/\\\/darkamazi.site\\\/darka-content\\\/uploads\\\/2020\\\/11\\\/mesrurbarzani.jpg\",\"width\":781,\"height\":439,\"caption\":\"Ba\u015fbakan: K\u00fcrdistan halk\u0131n\u0131n tar\u0131mla tarihsel ba\u011f\u0131 var\"},{\"@type\":\"BreadcrumbList\",\"@id\":\"https:\\\/\\\/darkamazi.site\\\/archives\\\/1011414#breadcrumb\",\"itemListElement\":[{\"@type\":\"ListItem\",\"position\":1,\"name\":\"Home\",\"item\":\"https:\\\/\\\/darkamazi.site\\\/\"},{\"@type\":\"ListItem\",\"position\":2,\"name\":\"Ba\u015fbakan: K\u00fcrdistan halk\u0131n\u0131n tar\u0131mla tarihsel ba\u011f\u0131 var\"}]},{\"@type\":\"WebSite\",\"@id\":\"https:\\\/\\\/darkamazi.site\\\/#website\",\"url\":\"https:\\\/\\\/darkamazi.site\\\/\",\"name\":\"Darka Mazi\",\"description\":\"Ana Sayfa\",\"publisher\":{\"@id\":\"https:\\\/\\\/darkamazi.site\\\/#organization\"},\"potentialAction\":[{\"@type\":\"SearchAction\",\"target\":{\"@type\":\"EntryPoint\",\"urlTemplate\":\"https:\\\/\\\/darkamazi.site\\\/?s={search_term_string}\"},\"query-input\":{\"@type\":\"PropertyValueSpecification\",\"valueRequired\":true,\"valueName\":\"search_term_string\"}}],\"inLanguage\":\"en-US\"},{\"@type\":\"Organization\",\"@id\":\"https:\\\/\\\/darkamazi.site\\\/#organization\",\"name\":\"Darka Mazi T\u00fcrk\u00e7e\",\"alternateName\":\"Darka Mazi\",\"url\":\"https:\\\/\\\/darkamazi.site\\\/\",\"logo\":{\"@type\":\"ImageObject\",\"inLanguage\":\"en-US\",\"@id\":\"https:\\\/\\\/darkamazi.site\\\/#\\\/schema\\\/logo\\\/image\\\/\",\"url\":\"https:\\\/\\\/darkamazi.site\\\/darka-content\\\/uploads\\\/2017\\\/12\\\/darka-mazi-logo.png\",\"contentUrl\":\"https:\\\/\\\/darkamazi.site\\\/darka-content\\\/uploads\\\/2017\\\/12\\\/darka-mazi-logo.png\",\"width\":151,\"height\":75,\"caption\":\"Darka Mazi T\u00fcrk\u00e7e\"},\"image\":{\"@id\":\"https:\\\/\\\/darkamazi.site\\\/#\\\/schema\\\/logo\\\/image\\\/\"},\"sameAs\":[\"https:\\\/\\\/www.facebook.com\\\/DarkaMaziturkce\",\"https:\\\/\\\/x.com\\\/DarkaMaziTurkce\"]},{\"@type\":\"Person\",\"@id\":\"https:\\\/\\\/darkamazi.site\\\/#\\\/schema\\\/person\\\/67986a95ac546c16760365877ef4a9d3\",\"name\":\"darka mazi\",\"sameAs\":[\"https:\\\/\\\/darkamazi.site\"],\"url\":\"https:\\\/\\\/darkamazi.site\\\/archives\\\/author\\\/turkish\"}]}<\/script>\n<!-- \/ Yoast SEO plugin. -->","seo_head_json":{"title":"Ba\u015fbakan: K\u00fcrdistan halk\u0131n\u0131n tar\u0131mla tarihsel ba\u011f\u0131 var - Darka Mazi","robots":{"index":"index","follow":"follow","max-snippet":"max-snippet:-1","max-image-preview":"max-image-preview:large","max-video-preview":"max-video-preview:-1"},"canonical":"https:\/\/darkamazi.site\/archives\/1011414","og_locale":"en_US","og_type":"article","og_title":"Ba\u015fbakan: K\u00fcrdistan halk\u0131n\u0131n tar\u0131mla tarihsel ba\u011f\u0131 var - Darka Mazi","og_description":"ERB\u0130L (K24) &#8211; Ba\u015fkent Erbil\u2019de bu\u011fday al\u0131m projesinin temel atma t\u00f6reninde konu\u015fan Ba\u015fbakan\u00a0Mesrur Barzani, K\u00fcrdistan halk\u0131 ve b\u00f6lgenin tar\u0131mla ba\u011f\u0131n\u0131n tarihsel oldu\u011funa dikkat \u00e7ekti. Ba\u015fbakan Mesrur Barzani,\u00a0K\u00fcrdistan\u00a0B\u00f6lgesi\u00a0\u00e7ift\u00e7isinin\u00a0bu\u011fday\u00a0al\u0131m\u0131 i\u00e7in in\u015fa edilecek projenin temel atma t\u00f6reninde konu\u015ftu. Projenin \u00f6n\u00fcm\u00fczdeki y\u0131l\u0131n sonunda tamamlanmas\u0131 bekleniyor. Ba\u015fbakan, \u015funlar\u0131 s\u00f6yledi: \u201cGe\u00e7ti\u011fimiz y\u00fczy\u0131l\u0131n ortalar\u0131nda Barzan b\u00f6lgesindeki \u015eaneder Ma\u011faras\u0131\u2019nda, 50 bin y\u0131l \u00f6nce [&hellip;]","og_url":"https:\/\/darkamazi.site\/archives\/1011414","og_site_name":"Darka Mazi","article_publisher":"https:\/\/www.facebook.com\/DarkaMaziturkce","article_published_time":"2020-11-02T11:44:43+00:00","article_modified_time":"2026-03-31T13:43:58+00:00","og_image":[{"width":781,"height":439,"url":"https:\/\/darkamazi.site\/file\/2020\/11\/mesrurbarzani.jpg","type":"image\/jpeg"}],"author":"darka mazi","twitter_card":"summary_large_image","twitter_creator":"@DarkaMaziTurkce","twitter_site":"@DarkaMaziTurkce","twitter_misc":{"Written by":"darka mazi","Est. reading time":"2 minutes"},"schema":{"@context":"https:\/\/schema.org","@graph":[{"@type":"NewsArticle","@id":"https:\/\/darkamazi.site\/archives\/1011414#article","isPartOf":{"@id":"https:\/\/darkamazi.site\/archives\/1011414"},"author":{"name":"darka mazi","@id":"https:\/\/darkamazi.site\/#\/schema\/person\/67986a95ac546c16760365877ef4a9d3"},"headline":"Ba\u015fbakan: K\u00fcrdistan halk\u0131n\u0131n tar\u0131mla tarihsel ba\u011f\u0131 var","datePublished":"2020-11-02T11:44:43+00:00","dateModified":"2026-03-31T13:43:58+00:00","mainEntityOfPage":{"@id":"https:\/\/darkamazi.site\/archives\/1011414"},"wordCount":496,"publisher":{"@id":"https:\/\/darkamazi.site\/#organization"},"image":{"@id":"https:\/\/darkamazi.site\/archives\/1011414#primaryimage"},"thumbnailUrl":"https:\/\/darkamazi.site\/file\/2020\/11\/mesrurbarzani.jpg","articleSection":["Kurdistan"],"inLanguage":"en-US"},{"@type":"WebPage","@id":"https:\/\/darkamazi.site\/archives\/1011414","url":"https:\/\/darkamazi.site\/archives\/1011414","name":"Ba\u015fbakan: K\u00fcrdistan halk\u0131n\u0131n tar\u0131mla tarihsel ba\u011f\u0131 var - Darka Mazi","isPartOf":{"@id":"https:\/\/darkamazi.site\/#website"},"primaryImageOfPage":{"@id":"https:\/\/darkamazi.site\/archives\/1011414#primaryimage"},"image":{"@id":"https:\/\/darkamazi.site\/archives\/1011414#primaryimage"},"thumbnailUrl":"https:\/\/darkamazi.site\/file\/2020\/11\/mesrurbarzani.jpg","datePublished":"2020-11-02T11:44:43+00:00","dateModified":"2026-03-31T13:43:58+00:00","breadcrumb":{"@id":"https:\/\/darkamazi.site\/archives\/1011414#breadcrumb"},"inLanguage":"en-US","potentialAction":[{"@type":"ReadAction","target":["https:\/\/darkamazi.site\/archives\/1011414"]}]},{"@type":"ImageObject","inLanguage":"en-US","@id":"https:\/\/darkamazi.site\/archives\/1011414#primaryimage","url":"https:\/\/darkamazi.site\/file\/2020\/11\/mesrurbarzani.jpg","contentUrl":"https:\/\/darkamazi.site\/file\/2020\/11\/mesrurbarzani.jpg","width":781,"height":439,"caption":"Ba\u015fbakan: K\u00fcrdistan halk\u0131n\u0131n tar\u0131mla tarihsel ba\u011f\u0131 var"},{"@type":"BreadcrumbList","@id":"https:\/\/darkamazi.site\/archives\/1011414#breadcrumb","itemListElement":[{"@type":"ListItem","position":1,"name":"Home","item":"https:\/\/darkamazi.site\/"},{"@type":"ListItem","position":2,"name":"Ba\u015fbakan: K\u00fcrdistan halk\u0131n\u0131n tar\u0131mla tarihsel ba\u011f\u0131 var"}]},{"@type":"WebSite","@id":"https:\/\/darkamazi.site\/#website","url":"https:\/\/darkamazi.site\/","name":"Darka Mazi","description":"Ana Sayfa","publisher":{"@id":"https:\/\/darkamazi.site\/#organization"},"potentialAction":[{"@type":"SearchAction","target":{"@type":"EntryPoint","urlTemplate":"https:\/\/darkamazi.site\/?s={search_term_string}"},"query-input":{"@type":"PropertyValueSpecification","valueRequired":true,"valueName":"search_term_string"}}],"inLanguage":"en-US"},{"@type":"Organization","@id":"https:\/\/darkamazi.site\/#organization","name":"Darka Mazi T\u00fcrk\u00e7e","alternateName":"Darka Mazi","url":"https:\/\/darkamazi.site\/","logo":{"@type":"ImageObject","inLanguage":"en-US","@id":"https:\/\/darkamazi.site\/#\/schema\/logo\/image\/","url":"https:\/\/darkamazi.site\/file\/2017\/12\/darka-mazi-logo.png","contentUrl":"https:\/\/darkamazi.site\/file\/2017\/12\/darka-mazi-logo.png","width":151,"height":75,"caption":"Darka Mazi T\u00fcrk\u00e7e"},"image":{"@id":"https:\/\/darkamazi.site\/#\/schema\/logo\/image\/"},"sameAs":["https:\/\/www.facebook.com\/DarkaMaziturkce","https:\/\/x.com\/DarkaMaziTurkce"]},{"@type":"Person","@id":"https:\/\/darkamazi.site\/#\/schema\/person\/67986a95ac546c16760365877ef4a9d3","name":"darka mazi","sameAs":["https:\/\/darkamazi.site"],"url":"https:\/\/darkamazi.site\/archives\/author\/turkish"}]}},"_links":{"self":[{"href":"https:\/\/darkamazi.site\/funavuv\/wp\/v2\/posts\/1011414","targetHints":{"allow":["GET"]}}],"collection":[{"href":"https:\/\/darkamazi.site\/funavuv\/wp\/v2\/posts"}],"about":[{"href":"https:\/\/darkamazi.site\/funavuv\/wp\/v2\/types\/post"}],"author":[{"embeddable":true,"href":"https:\/\/darkamazi.site\/funavuv\/wp\/v2\/users\/2"}],"replies":[{"embeddable":true,"href":"https:\/\/darkamazi.site\/funavuv\/wp\/v2\/comments?post=1011414"}],"version-history":[{"count":0,"href":"https:\/\/darkamazi.site\/funavuv\/wp\/v2\/posts\/1011414\/revisions"}],"wp:featuredmedia":[{"embeddable":true,"href":"https:\/\/darkamazi.site\/funavuv\/wp\/v2\/media\/1011415"}],"wp:attachment":[{"href":"https:\/\/darkamazi.site\/funavuv\/wp\/v2\/media?parent=1011414"}],"wp:term":[{"taxonomy":"category","embeddable":true,"href":"https:\/\/darkamazi.site\/funavuv\/wp\/v2\/categories?post=1011414"},{"taxonomy":"post_tag","embeddable":true,"href":"https:\/\/darkamazi.site\/funavuv\/wp\/v2\/tags?post=1011414"}],"curies":[{"name":"wp","href":"https:\/\/api.w.org\/{rel}","templated":true}]}}