{"id":1011591,"date":"2020-11-14T15:15:06","date_gmt":"2020-11-14T12:15:06","guid":{"rendered":"https:\/\/darkamazi.site\/?p=1011591"},"modified":"2020-11-14T15:15:06","modified_gmt":"2020-11-14T12:15:06","slug":"rewenda-kurd-pkknin-saldirilari-ve-faaliyetleri-kurdistan-bolgesinin-huzur-ortamini-bozuyor","status":"publish","type":"post","link":"https:\/\/darkamazi.site\/archives\/1011591","title":{"rendered":"Rewenda Kurd: PKK\u2019nin sald\u0131r\u0131lar\u0131 ve faaliyetleri K\u00fcrdistan B\u00f6lgesi\u2019nin huzur ortam\u0131n\u0131 bozuyor"},"content":{"rendered":"<p>Rewenda Kurd (K\u00fcrt Diasporas\u0131) PKK\u2019nin Pe\u015fmerge G\u00fc\u00e7leri\u2019ne sald\u0131r\u0131s\u0131n\u0131 k\u0131nad\u0131. Yap\u0131lan a\u00e7\u0131klamada, &#8220;D\u00f6nem sorun ve \u00e7eli\u015fkileri derinle\u015ftirme de\u011fil, dayalog ve \u00e7\u00f6z\u00fcm\u00fc geli\u015ftirme d\u00f6nemidir\u201d denildi.<\/p>\n<p>Rewenda Kurd yapt\u0131\u011f\u0131 yaz\u0131l\u0131 a\u00e7\u0131klamada, I\u015e\u0130D sald\u0131r\u0131s\u0131 ve Pe\u015fmerge G\u00fc\u00e7leri\u2019nin ba\u015far\u0131s\u0131 ard\u0131ndan K\u00fcrdistan B\u00f6lgesi\u2019nin hasas bir d\u00f6nemden ge\u00e7ti\u011fi belirtilerek, K\u00fcrdistan B\u00f6lgesi\u2019nde PKK\u2019nin sald\u0131r\u0131lar\u0131 ve faaliyetlerin K\u00fcrdistan B\u00f6lgesi\u2019nin huzur ortam\u0131n\u0131 bozdu\u011fu toplumu olumsuz y\u00f6nde etkiledi\u011fi bildirildi.<\/p>\n<p>A\u00e7\u0131klamada \u015fu ifadelere yer verildi: \u201cBu d\u00f6ndemde K\u00fcrdistan B\u00f6lgesi\u2019nin kurum, kururulu\u015f ile yasalar\u0131n\u0131 ve kazan\u0131mlar\u0131n\u0131 destekledi\u011fimizi belirtiyor, ulusal \u00e7\u0131karlara y\u00f6nelik her t\u00fcrl\u00fc sald\u0131r\u0131y\u0131 k\u0131n\u0131yoruz.\u201d<\/p>\n<p>\u201cPKK y\u00f6netiminden G\u00fcney K\u00fcrdistan\u2019\u0131n hassasiyetlerini ve halk\u0131n emeklerini g\u00f6z\u00f6n\u00fcnde bulundurma \u00e7a\u011fr\u0131s\u0131 yap\u0131yoruz\u201d denilen a\u00e7\u0131klamada, \u201cK\u00fcrdistan B\u00f6lgesi\u2019nde olumsuz olaylar\u0131n \u00f6n\u00fcn\u00fcn al\u0131nmas\u0131 i\u00e7in h\u00fck\u00fcmete sayg\u0131 duymal\u0131, i\u00e7i\u015flerine m\u00fcdahale etmemeli ve esas m\u00fccadele alan\u0131n\u0131z olan Kuzey K\u00fcrdistan\u2019a d\u00f6nmelisiniz\u201d ifadelerine yer verildi.<\/p>\n<p>A\u00e7\u0131klaman\u0131n sonunda \u00e7eli\u015fki ve sorunlar\u0131n ulusal sorumluluk \u00e7er\u00e7evesinde, bar\u0131\u015f\u00e7\u0131l yollar ve diyalog y\u00f6ntemiyle \u00e7\u00f6z\u00fclmesi gerekti\u011fi dile getirilerek \u201cK\u00fcrtler i\u00e7erisindeki bar\u0131\u015f ve huzur ortam\u0131 korunmal\u0131d\u0131r. Hi\u00e7 bir \u015fekilde K\u00fcrtler aras\u0131 tecr\u00fcbesinin tekrarlanmas\u0131 kabul edilemez. \u00a0D\u00f6nem sorun ve \u00e7eli\u015fkileri derinle\u015ftirme de\u011fil, dayalog ve \u00e7\u00f6z\u00fcm\u00fc geli\u015ftirme d\u00f6nemidir\u201d denildi.<\/p>\n","protected":false},"excerpt":{"rendered":"<p>Rewenda Kurd (K\u00fcrt Diasporas\u0131) PKK\u2019nin Pe\u015fmerge G\u00fc\u00e7leri\u2019ne sald\u0131r\u0131s\u0131n\u0131 k\u0131nad\u0131. Yap\u0131lan a\u00e7\u0131klamada, &#8220;D\u00f6nem sorun ve \u00e7eli\u015fkileri derinle\u015ftirme de\u011fil, dayalog ve \u00e7\u00f6z\u00fcm\u00fc geli\u015ftirme d\u00f6nemidir\u201d denildi. Rewenda Kurd yapt\u0131\u011f\u0131 yaz\u0131l\u0131 a\u00e7\u0131klamada, I\u015e\u0130D sald\u0131r\u0131s\u0131 ve Pe\u015fmerge G\u00fc\u00e7leri\u2019nin ba\u015far\u0131s\u0131 ard\u0131ndan K\u00fcrdistan B\u00f6lgesi\u2019nin hasas bir d\u00f6nemden ge\u00e7ti\u011fi belirtilerek, K\u00fcrdistan B\u00f6lgesi\u2019nde PKK\u2019nin sald\u0131r\u0131lar\u0131 ve faaliyetlerin K\u00fcrdistan B\u00f6lgesi\u2019nin huzur ortam\u0131n\u0131 bozdu\u011fu toplumu olumsuz [&hellip;]<\/p>\n","protected":false},"author":2,"featured_media":1011593,"comment_status":"closed","ping_status":"closed","sticky":false,"template":"","format":"standard","meta":{"footnotes":""},"categories":[3],"tags":[31],"class_list":["post-1011591","post","type-post","status-publish","format-standard","has-post-thumbnail","hentry","category-kurdistan","tag-onemli"],"blocksy_meta":[],"seo_head":"<!-- This site is optimized with the Yoast SEO plugin v27.5 - https:\/\/yoast.com\/product\/yoast-seo-wordpress\/ -->\n<title>Rewenda Kurd: PKK\u2019nin sald\u0131r\u0131lar\u0131 ve faaliyetleri K\u00fcrdistan B\u00f6lgesi\u2019nin huzur ortam\u0131n\u0131 bozuyor - Darka Mazi<\/title>\n<meta name=\"robots\" content=\"index, follow, max-snippet:-1, max-image-preview:large, max-video-preview:-1\" \/>\n<link rel=\"canonical\" href=\"https:\/\/darkamazi.site\/archives\/1011591\" \/>\n<meta property=\"og:locale\" content=\"en_US\" \/>\n<meta property=\"og:type\" content=\"article\" \/>\n<meta property=\"og:title\" content=\"Rewenda Kurd: PKK\u2019nin sald\u0131r\u0131lar\u0131 ve faaliyetleri K\u00fcrdistan B\u00f6lgesi\u2019nin huzur ortam\u0131n\u0131 bozuyor - Darka Mazi\" \/>\n<meta property=\"og:description\" content=\"Rewenda Kurd (K\u00fcrt Diasporas\u0131) PKK\u2019nin Pe\u015fmerge G\u00fc\u00e7leri\u2019ne sald\u0131r\u0131s\u0131n\u0131 k\u0131nad\u0131. Yap\u0131lan a\u00e7\u0131klamada, &#8220;D\u00f6nem sorun ve \u00e7eli\u015fkileri derinle\u015ftirme de\u011fil, dayalog ve \u00e7\u00f6z\u00fcm\u00fc geli\u015ftirme d\u00f6nemidir\u201d denildi. Rewenda Kurd yapt\u0131\u011f\u0131 yaz\u0131l\u0131 a\u00e7\u0131klamada, I\u015e\u0130D sald\u0131r\u0131s\u0131 ve Pe\u015fmerge G\u00fc\u00e7leri\u2019nin ba\u015far\u0131s\u0131 ard\u0131ndan K\u00fcrdistan B\u00f6lgesi\u2019nin hasas bir d\u00f6nemden ge\u00e7ti\u011fi belirtilerek, K\u00fcrdistan B\u00f6lgesi\u2019nde PKK\u2019nin sald\u0131r\u0131lar\u0131 ve faaliyetlerin K\u00fcrdistan B\u00f6lgesi\u2019nin huzur ortam\u0131n\u0131 bozdu\u011fu toplumu olumsuz [&hellip;]\" \/>\n<meta property=\"og:url\" content=\"https:\/\/darkamazi.site\/archives\/1011591\" \/>\n<meta property=\"og:site_name\" content=\"Darka Mazi\" \/>\n<meta property=\"article:publisher\" content=\"https:\/\/www.facebook.com\/DarkaMaziturkce\" \/>\n<meta property=\"article:published_time\" content=\"2020-11-14T12:15:06+00:00\" \/>\n<meta property=\"og:image\" content=\"https:\/\/darkamazi.site\/file\/2020\/11\/Rawenda-Kurd.jpg\" \/>\n\t<meta property=\"og:image:width\" content=\"512\" \/>\n\t<meta property=\"og:image:height\" content=\"237\" \/>\n\t<meta property=\"og:image:type\" content=\"image\/jpeg\" \/>\n<meta name=\"author\" content=\"darka mazi\" \/>\n<meta name=\"twitter:card\" content=\"summary_large_image\" \/>\n<meta name=\"twitter:creator\" content=\"@DarkaMaziTurkce\" \/>\n<meta name=\"twitter:site\" content=\"@DarkaMaziTurkce\" \/>\n<meta name=\"twitter:label1\" content=\"Written by\" \/>\n\t<meta name=\"twitter:data1\" content=\"darka mazi\" \/>\n\t<meta name=\"twitter:label2\" content=\"Est. reading time\" \/>\n\t<meta name=\"twitter:data2\" content=\"1 minute\" \/>\n<script type=\"application\/ld+json\" class=\"seo-schema-graph\">{\"@context\":\"https:\\\/\\\/schema.org\",\"@graph\":[{\"@type\":\"NewsArticle\",\"@id\":\"https:\\\/\\\/darkamazi.site\\\/archives\\\/1011591#article\",\"isPartOf\":{\"@id\":\"https:\\\/\\\/darkamazi.site\\\/archives\\\/1011591\"},\"author\":{\"name\":\"darka mazi\",\"@id\":\"https:\\\/\\\/darkamazi.site\\\/#\\\/schema\\\/person\\\/67986a95ac546c16760365877ef4a9d3\"},\"headline\":\"Rewenda Kurd: PKK\u2019nin sald\u0131r\u0131lar\u0131 ve faaliyetleri K\u00fcrdistan B\u00f6lgesi\u2019nin huzur ortam\u0131n\u0131 bozuyor\",\"datePublished\":\"2020-11-14T12:15:06+00:00\",\"mainEntityOfPage\":{\"@id\":\"https:\\\/\\\/darkamazi.site\\\/archives\\\/1011591\"},\"wordCount\":299,\"publisher\":{\"@id\":\"https:\\\/\\\/darkamazi.site\\\/#organization\"},\"image\":{\"@id\":\"https:\\\/\\\/darkamazi.site\\\/archives\\\/1011591#primaryimage\"},\"thumbnailUrl\":\"https:\\\/\\\/darkamazi.site\\\/darka-content\\\/uploads\\\/2020\\\/11\\\/Rawenda-Kurd.jpg\",\"keywords\":[\"\u00f6nemli\"],\"articleSection\":[\"Kurdistan\"],\"inLanguage\":\"en-US\"},{\"@type\":\"WebPage\",\"@id\":\"https:\\\/\\\/darkamazi.site\\\/archives\\\/1011591\",\"url\":\"https:\\\/\\\/darkamazi.site\\\/archives\\\/1011591\",\"name\":\"Rewenda Kurd: PKK\u2019nin sald\u0131r\u0131lar\u0131 ve faaliyetleri K\u00fcrdistan B\u00f6lgesi\u2019nin huzur ortam\u0131n\u0131 bozuyor - Darka Mazi\",\"isPartOf\":{\"@id\":\"https:\\\/\\\/darkamazi.site\\\/#website\"},\"primaryImageOfPage\":{\"@id\":\"https:\\\/\\\/darkamazi.site\\\/archives\\\/1011591#primaryimage\"},\"image\":{\"@id\":\"https:\\\/\\\/darkamazi.site\\\/archives\\\/1011591#primaryimage\"},\"thumbnailUrl\":\"https:\\\/\\\/darkamazi.site\\\/darka-content\\\/uploads\\\/2020\\\/11\\\/Rawenda-Kurd.jpg\",\"datePublished\":\"2020-11-14T12:15:06+00:00\",\"breadcrumb\":{\"@id\":\"https:\\\/\\\/darkamazi.site\\\/archives\\\/1011591#breadcrumb\"},\"inLanguage\":\"en-US\",\"potentialAction\":[{\"@type\":\"ReadAction\",\"target\":[\"https:\\\/\\\/darkamazi.site\\\/archives\\\/1011591\"]}]},{\"@type\":\"ImageObject\",\"inLanguage\":\"en-US\",\"@id\":\"https:\\\/\\\/darkamazi.site\\\/archives\\\/1011591#primaryimage\",\"url\":\"https:\\\/\\\/darkamazi.site\\\/darka-content\\\/uploads\\\/2020\\\/11\\\/Rawenda-Kurd.jpg\",\"contentUrl\":\"https:\\\/\\\/darkamazi.site\\\/darka-content\\\/uploads\\\/2020\\\/11\\\/Rawenda-Kurd.jpg\",\"width\":512,\"height\":237,\"caption\":\"Rewenda Kurd: PKK\u2019nin sald\u0131r\u0131lar\u0131 ve faaliyetleri K\u00fcrdistan B\u00f6lgesi\u2019nin huzur ortam\u0131n\u0131 bozuyor\"},{\"@type\":\"BreadcrumbList\",\"@id\":\"https:\\\/\\\/darkamazi.site\\\/archives\\\/1011591#breadcrumb\",\"itemListElement\":[{\"@type\":\"ListItem\",\"position\":1,\"name\":\"Home\",\"item\":\"https:\\\/\\\/darkamazi.site\\\/\"},{\"@type\":\"ListItem\",\"position\":2,\"name\":\"Rewenda Kurd: PKK\u2019nin sald\u0131r\u0131lar\u0131 ve faaliyetleri K\u00fcrdistan B\u00f6lgesi\u2019nin huzur ortam\u0131n\u0131 bozuyor\"}]},{\"@type\":\"WebSite\",\"@id\":\"https:\\\/\\\/darkamazi.site\\\/#website\",\"url\":\"https:\\\/\\\/darkamazi.site\\\/\",\"name\":\"Darka Mazi\",\"description\":\"Ana Sayfa\",\"publisher\":{\"@id\":\"https:\\\/\\\/darkamazi.site\\\/#organization\"},\"potentialAction\":[{\"@type\":\"SearchAction\",\"target\":{\"@type\":\"EntryPoint\",\"urlTemplate\":\"https:\\\/\\\/darkamazi.site\\\/?s={search_term_string}\"},\"query-input\":{\"@type\":\"PropertyValueSpecification\",\"valueRequired\":true,\"valueName\":\"search_term_string\"}}],\"inLanguage\":\"en-US\"},{\"@type\":\"Organization\",\"@id\":\"https:\\\/\\\/darkamazi.site\\\/#organization\",\"name\":\"Darka Mazi T\u00fcrk\u00e7e\",\"alternateName\":\"Darka Mazi\",\"url\":\"https:\\\/\\\/darkamazi.site\\\/\",\"logo\":{\"@type\":\"ImageObject\",\"inLanguage\":\"en-US\",\"@id\":\"https:\\\/\\\/darkamazi.site\\\/#\\\/schema\\\/logo\\\/image\\\/\",\"url\":\"https:\\\/\\\/darkamazi.site\\\/darka-content\\\/uploads\\\/2017\\\/12\\\/darka-mazi-logo.png\",\"contentUrl\":\"https:\\\/\\\/darkamazi.site\\\/darka-content\\\/uploads\\\/2017\\\/12\\\/darka-mazi-logo.png\",\"width\":151,\"height\":75,\"caption\":\"Darka Mazi T\u00fcrk\u00e7e\"},\"image\":{\"@id\":\"https:\\\/\\\/darkamazi.site\\\/#\\\/schema\\\/logo\\\/image\\\/\"},\"sameAs\":[\"https:\\\/\\\/www.facebook.com\\\/DarkaMaziturkce\",\"https:\\\/\\\/x.com\\\/DarkaMaziTurkce\"]},{\"@type\":\"Person\",\"@id\":\"https:\\\/\\\/darkamazi.site\\\/#\\\/schema\\\/person\\\/67986a95ac546c16760365877ef4a9d3\",\"name\":\"darka mazi\",\"sameAs\":[\"https:\\\/\\\/darkamazi.site\"],\"url\":\"https:\\\/\\\/darkamazi.site\\\/archives\\\/author\\\/turkish\"}]}<\/script>\n<!-- \/ Yoast SEO plugin. -->","seo_head_json":{"title":"Rewenda Kurd: PKK\u2019nin sald\u0131r\u0131lar\u0131 ve faaliyetleri K\u00fcrdistan B\u00f6lgesi\u2019nin huzur ortam\u0131n\u0131 bozuyor - Darka Mazi","robots":{"index":"index","follow":"follow","max-snippet":"max-snippet:-1","max-image-preview":"max-image-preview:large","max-video-preview":"max-video-preview:-1"},"canonical":"https:\/\/darkamazi.site\/archives\/1011591","og_locale":"en_US","og_type":"article","og_title":"Rewenda Kurd: PKK\u2019nin sald\u0131r\u0131lar\u0131 ve faaliyetleri K\u00fcrdistan B\u00f6lgesi\u2019nin huzur ortam\u0131n\u0131 bozuyor - Darka Mazi","og_description":"Rewenda Kurd (K\u00fcrt Diasporas\u0131) PKK\u2019nin Pe\u015fmerge G\u00fc\u00e7leri\u2019ne sald\u0131r\u0131s\u0131n\u0131 k\u0131nad\u0131. Yap\u0131lan a\u00e7\u0131klamada, &#8220;D\u00f6nem sorun ve \u00e7eli\u015fkileri derinle\u015ftirme de\u011fil, dayalog ve \u00e7\u00f6z\u00fcm\u00fc geli\u015ftirme d\u00f6nemidir\u201d denildi. Rewenda Kurd yapt\u0131\u011f\u0131 yaz\u0131l\u0131 a\u00e7\u0131klamada, I\u015e\u0130D sald\u0131r\u0131s\u0131 ve Pe\u015fmerge G\u00fc\u00e7leri\u2019nin ba\u015far\u0131s\u0131 ard\u0131ndan K\u00fcrdistan B\u00f6lgesi\u2019nin hasas bir d\u00f6nemden ge\u00e7ti\u011fi belirtilerek, K\u00fcrdistan B\u00f6lgesi\u2019nde PKK\u2019nin sald\u0131r\u0131lar\u0131 ve faaliyetlerin K\u00fcrdistan B\u00f6lgesi\u2019nin huzur ortam\u0131n\u0131 bozdu\u011fu toplumu olumsuz [&hellip;]","og_url":"https:\/\/darkamazi.site\/archives\/1011591","og_site_name":"Darka Mazi","article_publisher":"https:\/\/www.facebook.com\/DarkaMaziturkce","article_published_time":"2020-11-14T12:15:06+00:00","og_image":[{"width":512,"height":237,"url":"https:\/\/darkamazi.site\/file\/2020\/11\/Rawenda-Kurd.jpg","type":"image\/jpeg"}],"author":"darka mazi","twitter_card":"summary_large_image","twitter_creator":"@DarkaMaziTurkce","twitter_site":"@DarkaMaziTurkce","twitter_misc":{"Written by":"darka mazi","Est. reading time":"1 minute"},"schema":{"@context":"https:\/\/schema.org","@graph":[{"@type":"NewsArticle","@id":"https:\/\/darkamazi.site\/archives\/1011591#article","isPartOf":{"@id":"https:\/\/darkamazi.site\/archives\/1011591"},"author":{"name":"darka mazi","@id":"https:\/\/darkamazi.site\/#\/schema\/person\/67986a95ac546c16760365877ef4a9d3"},"headline":"Rewenda Kurd: PKK\u2019nin sald\u0131r\u0131lar\u0131 ve faaliyetleri K\u00fcrdistan B\u00f6lgesi\u2019nin huzur ortam\u0131n\u0131 bozuyor","datePublished":"2020-11-14T12:15:06+00:00","mainEntityOfPage":{"@id":"https:\/\/darkamazi.site\/archives\/1011591"},"wordCount":299,"publisher":{"@id":"https:\/\/darkamazi.site\/#organization"},"image":{"@id":"https:\/\/darkamazi.site\/archives\/1011591#primaryimage"},"thumbnailUrl":"https:\/\/darkamazi.site\/file\/2020\/11\/Rawenda-Kurd.jpg","keywords":["\u00f6nemli"],"articleSection":["Kurdistan"],"inLanguage":"en-US"},{"@type":"WebPage","@id":"https:\/\/darkamazi.site\/archives\/1011591","url":"https:\/\/darkamazi.site\/archives\/1011591","name":"Rewenda Kurd: PKK\u2019nin sald\u0131r\u0131lar\u0131 ve faaliyetleri K\u00fcrdistan B\u00f6lgesi\u2019nin huzur ortam\u0131n\u0131 bozuyor - Darka Mazi","isPartOf":{"@id":"https:\/\/darkamazi.site\/#website"},"primaryImageOfPage":{"@id":"https:\/\/darkamazi.site\/archives\/1011591#primaryimage"},"image":{"@id":"https:\/\/darkamazi.site\/archives\/1011591#primaryimage"},"thumbnailUrl":"https:\/\/darkamazi.site\/file\/2020\/11\/Rawenda-Kurd.jpg","datePublished":"2020-11-14T12:15:06+00:00","breadcrumb":{"@id":"https:\/\/darkamazi.site\/archives\/1011591#breadcrumb"},"inLanguage":"en-US","potentialAction":[{"@type":"ReadAction","target":["https:\/\/darkamazi.site\/archives\/1011591"]}]},{"@type":"ImageObject","inLanguage":"en-US","@id":"https:\/\/darkamazi.site\/archives\/1011591#primaryimage","url":"https:\/\/darkamazi.site\/file\/2020\/11\/Rawenda-Kurd.jpg","contentUrl":"https:\/\/darkamazi.site\/file\/2020\/11\/Rawenda-Kurd.jpg","width":512,"height":237,"caption":"Rewenda Kurd: PKK\u2019nin sald\u0131r\u0131lar\u0131 ve faaliyetleri K\u00fcrdistan B\u00f6lgesi\u2019nin huzur ortam\u0131n\u0131 bozuyor"},{"@type":"BreadcrumbList","@id":"https:\/\/darkamazi.site\/archives\/1011591#breadcrumb","itemListElement":[{"@type":"ListItem","position":1,"name":"Home","item":"https:\/\/darkamazi.site\/"},{"@type":"ListItem","position":2,"name":"Rewenda Kurd: PKK\u2019nin sald\u0131r\u0131lar\u0131 ve faaliyetleri K\u00fcrdistan B\u00f6lgesi\u2019nin huzur ortam\u0131n\u0131 bozuyor"}]},{"@type":"WebSite","@id":"https:\/\/darkamazi.site\/#website","url":"https:\/\/darkamazi.site\/","name":"Darka Mazi","description":"Ana Sayfa","publisher":{"@id":"https:\/\/darkamazi.site\/#organization"},"potentialAction":[{"@type":"SearchAction","target":{"@type":"EntryPoint","urlTemplate":"https:\/\/darkamazi.site\/?s={search_term_string}"},"query-input":{"@type":"PropertyValueSpecification","valueRequired":true,"valueName":"search_term_string"}}],"inLanguage":"en-US"},{"@type":"Organization","@id":"https:\/\/darkamazi.site\/#organization","name":"Darka Mazi T\u00fcrk\u00e7e","alternateName":"Darka Mazi","url":"https:\/\/darkamazi.site\/","logo":{"@type":"ImageObject","inLanguage":"en-US","@id":"https:\/\/darkamazi.site\/#\/schema\/logo\/image\/","url":"https:\/\/darkamazi.site\/file\/2017\/12\/darka-mazi-logo.png","contentUrl":"https:\/\/darkamazi.site\/file\/2017\/12\/darka-mazi-logo.png","width":151,"height":75,"caption":"Darka Mazi T\u00fcrk\u00e7e"},"image":{"@id":"https:\/\/darkamazi.site\/#\/schema\/logo\/image\/"},"sameAs":["https:\/\/www.facebook.com\/DarkaMaziturkce","https:\/\/x.com\/DarkaMaziTurkce"]},{"@type":"Person","@id":"https:\/\/darkamazi.site\/#\/schema\/person\/67986a95ac546c16760365877ef4a9d3","name":"darka mazi","sameAs":["https:\/\/darkamazi.site"],"url":"https:\/\/darkamazi.site\/archives\/author\/turkish"}]}},"_links":{"self":[{"href":"https:\/\/darkamazi.site\/funavuv\/wp\/v2\/posts\/1011591","targetHints":{"allow":["GET"]}}],"collection":[{"href":"https:\/\/darkamazi.site\/funavuv\/wp\/v2\/posts"}],"about":[{"href":"https:\/\/darkamazi.site\/funavuv\/wp\/v2\/types\/post"}],"author":[{"embeddable":true,"href":"https:\/\/darkamazi.site\/funavuv\/wp\/v2\/users\/2"}],"replies":[{"embeddable":true,"href":"https:\/\/darkamazi.site\/funavuv\/wp\/v2\/comments?post=1011591"}],"version-history":[{"count":0,"href":"https:\/\/darkamazi.site\/funavuv\/wp\/v2\/posts\/1011591\/revisions"}],"wp:featuredmedia":[{"embeddable":true,"href":"https:\/\/darkamazi.site\/funavuv\/wp\/v2\/media\/1011593"}],"wp:attachment":[{"href":"https:\/\/darkamazi.site\/funavuv\/wp\/v2\/media?parent=1011591"}],"wp:term":[{"taxonomy":"category","embeddable":true,"href":"https:\/\/darkamazi.site\/funavuv\/wp\/v2\/categories?post=1011591"},{"taxonomy":"post_tag","embeddable":true,"href":"https:\/\/darkamazi.site\/funavuv\/wp\/v2\/tags?post=1011591"}],"curies":[{"name":"wp","href":"https:\/\/api.w.org\/{rel}","templated":true}]}}