{"id":1011639,"date":"2020-11-17T14:07:37","date_gmt":"2020-11-17T11:07:37","guid":{"rendered":"https:\/\/darkamazi.site\/?p=1011639"},"modified":"2020-11-17T14:07:37","modified_gmt":"2020-11-17T11:07:37","slug":"sergio-vieira-de-mello-odulu-ezidileri-kurtarma-ofisi-sorumlusu-husen-qaidinin","status":"publish","type":"post","link":"https:\/\/darkamazi.site\/archives\/1011639","title":{"rendered":"Sergio Vieira de Mello \u00d6d\u00fcl\u00fc Ezidileri Kurtarma Ofisi Sorumlusu Husen Qaidi&#8217;nin"},"content":{"rendered":"<p style=\"text-align: justify\">Ezdileri Kurtarma Ofisi\u00a0Sorumlusu\u00a0Husen Qaidi, insan haklar\u0131 savunuculu\u011fu ve diyalogu destekleyen ki\u015fi ve kurulu\u015flara verilen\u00a0Sergio Vieira de Mello \u00d6d\u00fcl\u00fc\u2019ne lay\u0131k g\u00f6r\u00fcld\u00fc.<\/p>\n<p style=\"text-align: justify\">2002-2003 y\u0131llar\u0131 aras\u0131nda Birle\u015fmi\u015f Milletler \u0130nsan Haklar\u0131 Komisyonu Ba\u015fkan\u0131 olarak g\u00f6rev yapan Sergio Vieira de Mello ad\u0131na verilen \u00f6d\u00fcl 17\u2019nci kez veriliyor.<\/p>\n<p style=\"text-align: justify\">Her y\u0131l Polonya\u2019da verilen \u00f6d\u00fcle bu y\u0131l,\u00a0K\u00fcrdistan B\u00f6lgesi H\u00fck\u00fcmeti\u2019ne ba\u011fl\u0131 Ezdileri Kurtarma Ofisi Sorumlusu Husen Qaidi lay\u0131k g\u00f6r\u00fcld\u00fc.<\/p>\n<p style=\"text-align: justify\">Villa Decius\u00a0Derne\u011fi, \u00f6d\u00fcl t\u00f6reninin 10 Aral\u0131k&#8217;ta Zoom program\u0131 \u00fczerinden online olarak yay\u0131nlanaca\u011f\u0131n\u0131 duyurdu.<\/p>\n<p style=\"text-align: justify\">K24\u2019e konu\u015fan K\u00fcrdistan B\u00f6lgesi H\u00fck\u00fcmeti Polonya Temsilcisi Ziyad Rauf, \u201cBu \u00f6d\u00fcl, Polonya\u2019n\u0131n Ezdilere verdi\u011fi \u00f6nemi g\u00f6steriyor. \u00d6d\u00fcl komitesinde; Polonya Devlet Ba\u015fkan\u0131, BM M\u00fclteciler Y\u00fcksek Komiserli\u011fi, Polonya D\u0131\u015fi\u015fleri Bakanl\u0131\u011f\u0131, Polonya\u2019n\u0131n Brezilya B\u00fcy\u00fckel\u00e7isi, \u0130sve\u00e7\u2019in Polonya B\u00fcy\u00fckel\u00e7isi ve di\u011fer baz\u0131 kurulu\u015flar yer al\u0131yor\u201d dedi.<\/p>\n<p style=\"text-align: justify\">Ezidi K\u00fcrtlerinden olan Husen Qaydi, Duhok do\u011fumlu. 2014 y\u0131l\u0131nda I\u015e\u0130D\u2019in\u00a0\u015eengal\u00a0ve \u00e7evresini i\u015fgali ve binlerce Ezidi\u2019ye ka\u00e7\u0131rmas\u0131ndan sonra Qaidi, kurtar\u0131lmalar\u0131 i\u00e7in \u00e7al\u0131\u015fmalara ba\u015flad\u0131.<\/p>\n<p style=\"text-align: justify\">Qaidi\u2019nin \u00e7al\u0131\u015fmalar\u0131na destek veren K\u00fcrdistan B\u00f6lgesi H\u00fck\u00fcmeti, ayn\u0131 y\u0131l Duhok\u2019ta Ezidileri Kurtarma Ofisi\u2019ni a\u00e7t\u0131 ve ba\u015f\u0131na da Qaidi\u2019yi getirdi.<\/p>\n<p style=\"text-align: justify\">Resmi rakamlara g\u00f6re I\u015e\u0130D taraf\u0131ndan ka\u00e7\u0131r\u0131lan 6 bin 417 Ezidi\u2019den 3 bin 537\u2019si kurtar\u0131ld\u0131. Halen 2 bin 880 ki\u015finin ak\u0131beti bilinmiyor.<\/p>\n<p style=\"text-align: justify\">Ge\u00e7ti\u011fimiz y\u0131l da Uluslararas\u0131 Mother Teresa (Rahibe Terasa) \u00d6d\u00fcl\u00fc Ezidileri Kurtarma Ofisi\u2019ne verilmi\u015fti.<\/p>\n","protected":false},"excerpt":{"rendered":"<p>Ezdileri Kurtarma Ofisi\u00a0Sorumlusu\u00a0Husen Qaidi, insan haklar\u0131 savunuculu\u011fu ve diyalogu destekleyen ki\u015fi ve kurulu\u015flara verilen\u00a0Sergio Vieira de Mello \u00d6d\u00fcl\u00fc\u2019ne lay\u0131k g\u00f6r\u00fcld\u00fc. 2002-2003 y\u0131llar\u0131 aras\u0131nda Birle\u015fmi\u015f Milletler \u0130nsan Haklar\u0131 Komisyonu Ba\u015fkan\u0131 olarak g\u00f6rev yapan Sergio Vieira de Mello ad\u0131na verilen \u00f6d\u00fcl 17\u2019nci kez veriliyor. Her y\u0131l Polonya\u2019da verilen \u00f6d\u00fcle bu y\u0131l,\u00a0K\u00fcrdistan B\u00f6lgesi H\u00fck\u00fcmeti\u2019ne ba\u011fl\u0131 Ezdileri Kurtarma Ofisi [&hellip;]<\/p>\n","protected":false},"author":2,"featured_media":1011640,"comment_status":"closed","ping_status":"closed","sticky":false,"template":"","format":"standard","meta":{"footnotes":""},"categories":[3],"tags":[],"class_list":["post-1011639","post","type-post","status-publish","format-standard","has-post-thumbnail","hentry","category-kurdistan"],"blocksy_meta":[],"seo_head":"<!-- This site is optimized with the Yoast SEO plugin v27.5 - https:\/\/yoast.com\/product\/yoast-seo-wordpress\/ -->\n<title>Sergio Vieira de Mello \u00d6d\u00fcl\u00fc Ezidileri Kurtarma Ofisi Sorumlusu Husen Qaidi&#039;nin - Darka Mazi<\/title>\n<meta name=\"robots\" content=\"index, follow, max-snippet:-1, max-image-preview:large, max-video-preview:-1\" \/>\n<link rel=\"canonical\" href=\"https:\/\/darkamazi.site\/archives\/1011639\" \/>\n<meta property=\"og:locale\" content=\"en_US\" \/>\n<meta property=\"og:type\" content=\"article\" \/>\n<meta property=\"og:title\" content=\"Sergio Vieira de Mello \u00d6d\u00fcl\u00fc Ezidileri Kurtarma Ofisi Sorumlusu Husen Qaidi&#039;nin - Darka Mazi\" \/>\n<meta property=\"og:description\" content=\"Ezdileri Kurtarma Ofisi\u00a0Sorumlusu\u00a0Husen Qaidi, insan haklar\u0131 savunuculu\u011fu ve diyalogu destekleyen ki\u015fi ve kurulu\u015flara verilen\u00a0Sergio Vieira de Mello \u00d6d\u00fcl\u00fc\u2019ne lay\u0131k g\u00f6r\u00fcld\u00fc. 2002-2003 y\u0131llar\u0131 aras\u0131nda Birle\u015fmi\u015f Milletler \u0130nsan Haklar\u0131 Komisyonu Ba\u015fkan\u0131 olarak g\u00f6rev yapan Sergio Vieira de Mello ad\u0131na verilen \u00f6d\u00fcl 17\u2019nci kez veriliyor. Her y\u0131l Polonya\u2019da verilen \u00f6d\u00fcle bu y\u0131l,\u00a0K\u00fcrdistan B\u00f6lgesi H\u00fck\u00fcmeti\u2019ne ba\u011fl\u0131 Ezdileri Kurtarma Ofisi [&hellip;]\" \/>\n<meta property=\"og:url\" content=\"https:\/\/darkamazi.site\/archives\/1011639\" \/>\n<meta property=\"og:site_name\" content=\"Darka Mazi\" \/>\n<meta property=\"article:publisher\" content=\"https:\/\/www.facebook.com\/DarkaMaziturkce\" \/>\n<meta property=\"article:published_time\" content=\"2020-11-17T11:07:37+00:00\" \/>\n<meta property=\"og:image\" content=\"https:\/\/darkamazi.site\/file\/2020\/11\/Ezidi-kurtarma-ofisi-muduru.jpg\" \/>\n\t<meta property=\"og:image:width\" content=\"710\" \/>\n\t<meta property=\"og:image:height\" content=\"399\" \/>\n\t<meta property=\"og:image:type\" content=\"image\/jpeg\" \/>\n<meta name=\"author\" content=\"darka mazi\" \/>\n<meta name=\"twitter:card\" content=\"summary_large_image\" \/>\n<meta name=\"twitter:creator\" content=\"@DarkaMaziTurkce\" \/>\n<meta name=\"twitter:site\" content=\"@DarkaMaziTurkce\" \/>\n<meta name=\"twitter:label1\" content=\"Written by\" \/>\n\t<meta name=\"twitter:data1\" content=\"darka mazi\" \/>\n\t<meta name=\"twitter:label2\" content=\"Est. reading time\" \/>\n\t<meta name=\"twitter:data2\" content=\"1 minute\" \/>\n<script type=\"application\/ld+json\" class=\"seo-schema-graph\">{\"@context\":\"https:\\\/\\\/schema.org\",\"@graph\":[{\"@type\":\"NewsArticle\",\"@id\":\"https:\\\/\\\/darkamazi.site\\\/archives\\\/1011639#article\",\"isPartOf\":{\"@id\":\"https:\\\/\\\/darkamazi.site\\\/archives\\\/1011639\"},\"author\":{\"name\":\"darka mazi\",\"@id\":\"https:\\\/\\\/darkamazi.site\\\/#\\\/schema\\\/person\\\/67986a95ac546c16760365877ef4a9d3\"},\"headline\":\"Sergio Vieira de Mello \u00d6d\u00fcl\u00fc Ezidileri Kurtarma Ofisi Sorumlusu Husen Qaidi&#8217;nin\",\"datePublished\":\"2020-11-17T11:07:37+00:00\",\"mainEntityOfPage\":{\"@id\":\"https:\\\/\\\/darkamazi.site\\\/archives\\\/1011639\"},\"wordCount\":309,\"publisher\":{\"@id\":\"https:\\\/\\\/darkamazi.site\\\/#organization\"},\"image\":{\"@id\":\"https:\\\/\\\/darkamazi.site\\\/archives\\\/1011639#primaryimage\"},\"thumbnailUrl\":\"https:\\\/\\\/darkamazi.site\\\/darka-content\\\/uploads\\\/2020\\\/11\\\/Ezidi-kurtarma-ofisi-muduru.jpg\",\"articleSection\":[\"Kurdistan\"],\"inLanguage\":\"en-US\"},{\"@type\":\"WebPage\",\"@id\":\"https:\\\/\\\/darkamazi.site\\\/archives\\\/1011639\",\"url\":\"https:\\\/\\\/darkamazi.site\\\/archives\\\/1011639\",\"name\":\"Sergio Vieira de Mello \u00d6d\u00fcl\u00fc Ezidileri Kurtarma Ofisi Sorumlusu Husen Qaidi'nin - Darka Mazi\",\"isPartOf\":{\"@id\":\"https:\\\/\\\/darkamazi.site\\\/#website\"},\"primaryImageOfPage\":{\"@id\":\"https:\\\/\\\/darkamazi.site\\\/archives\\\/1011639#primaryimage\"},\"image\":{\"@id\":\"https:\\\/\\\/darkamazi.site\\\/archives\\\/1011639#primaryimage\"},\"thumbnailUrl\":\"https:\\\/\\\/darkamazi.site\\\/darka-content\\\/uploads\\\/2020\\\/11\\\/Ezidi-kurtarma-ofisi-muduru.jpg\",\"datePublished\":\"2020-11-17T11:07:37+00:00\",\"breadcrumb\":{\"@id\":\"https:\\\/\\\/darkamazi.site\\\/archives\\\/1011639#breadcrumb\"},\"inLanguage\":\"en-US\",\"potentialAction\":[{\"@type\":\"ReadAction\",\"target\":[\"https:\\\/\\\/darkamazi.site\\\/archives\\\/1011639\"]}]},{\"@type\":\"ImageObject\",\"inLanguage\":\"en-US\",\"@id\":\"https:\\\/\\\/darkamazi.site\\\/archives\\\/1011639#primaryimage\",\"url\":\"https:\\\/\\\/darkamazi.site\\\/darka-content\\\/uploads\\\/2020\\\/11\\\/Ezidi-kurtarma-ofisi-muduru.jpg\",\"contentUrl\":\"https:\\\/\\\/darkamazi.site\\\/darka-content\\\/uploads\\\/2020\\\/11\\\/Ezidi-kurtarma-ofisi-muduru.jpg\",\"width\":710,\"height\":399,\"caption\":\"Sergio Vieira de Mello \u00d6d\u00fcl\u00fc Ezidileri Kurtarma Ofisi Sorumlusu Husen Qaidi'nin\"},{\"@type\":\"BreadcrumbList\",\"@id\":\"https:\\\/\\\/darkamazi.site\\\/archives\\\/1011639#breadcrumb\",\"itemListElement\":[{\"@type\":\"ListItem\",\"position\":1,\"name\":\"Home\",\"item\":\"https:\\\/\\\/darkamazi.site\\\/\"},{\"@type\":\"ListItem\",\"position\":2,\"name\":\"Sergio Vieira de Mello \u00d6d\u00fcl\u00fc Ezidileri Kurtarma Ofisi Sorumlusu Husen Qaidi&#8217;nin\"}]},{\"@type\":\"WebSite\",\"@id\":\"https:\\\/\\\/darkamazi.site\\\/#website\",\"url\":\"https:\\\/\\\/darkamazi.site\\\/\",\"name\":\"Darka Mazi\",\"description\":\"Ana Sayfa\",\"publisher\":{\"@id\":\"https:\\\/\\\/darkamazi.site\\\/#organization\"},\"potentialAction\":[{\"@type\":\"SearchAction\",\"target\":{\"@type\":\"EntryPoint\",\"urlTemplate\":\"https:\\\/\\\/darkamazi.site\\\/?s={search_term_string}\"},\"query-input\":{\"@type\":\"PropertyValueSpecification\",\"valueRequired\":true,\"valueName\":\"search_term_string\"}}],\"inLanguage\":\"en-US\"},{\"@type\":\"Organization\",\"@id\":\"https:\\\/\\\/darkamazi.site\\\/#organization\",\"name\":\"Darka Mazi T\u00fcrk\u00e7e\",\"alternateName\":\"Darka Mazi\",\"url\":\"https:\\\/\\\/darkamazi.site\\\/\",\"logo\":{\"@type\":\"ImageObject\",\"inLanguage\":\"en-US\",\"@id\":\"https:\\\/\\\/darkamazi.site\\\/#\\\/schema\\\/logo\\\/image\\\/\",\"url\":\"https:\\\/\\\/darkamazi.site\\\/darka-content\\\/uploads\\\/2017\\\/12\\\/darka-mazi-logo.png\",\"contentUrl\":\"https:\\\/\\\/darkamazi.site\\\/darka-content\\\/uploads\\\/2017\\\/12\\\/darka-mazi-logo.png\",\"width\":151,\"height\":75,\"caption\":\"Darka Mazi T\u00fcrk\u00e7e\"},\"image\":{\"@id\":\"https:\\\/\\\/darkamazi.site\\\/#\\\/schema\\\/logo\\\/image\\\/\"},\"sameAs\":[\"https:\\\/\\\/www.facebook.com\\\/DarkaMaziturkce\",\"https:\\\/\\\/x.com\\\/DarkaMaziTurkce\"]},{\"@type\":\"Person\",\"@id\":\"https:\\\/\\\/darkamazi.site\\\/#\\\/schema\\\/person\\\/67986a95ac546c16760365877ef4a9d3\",\"name\":\"darka mazi\",\"sameAs\":[\"https:\\\/\\\/darkamazi.site\"],\"url\":\"https:\\\/\\\/darkamazi.site\\\/archives\\\/author\\\/turkish\"}]}<\/script>\n<!-- \/ Yoast SEO plugin. -->","seo_head_json":{"title":"Sergio Vieira de Mello \u00d6d\u00fcl\u00fc Ezidileri Kurtarma Ofisi Sorumlusu Husen Qaidi'nin - Darka Mazi","robots":{"index":"index","follow":"follow","max-snippet":"max-snippet:-1","max-image-preview":"max-image-preview:large","max-video-preview":"max-video-preview:-1"},"canonical":"https:\/\/darkamazi.site\/archives\/1011639","og_locale":"en_US","og_type":"article","og_title":"Sergio Vieira de Mello \u00d6d\u00fcl\u00fc Ezidileri Kurtarma Ofisi Sorumlusu Husen Qaidi'nin - Darka Mazi","og_description":"Ezdileri Kurtarma Ofisi\u00a0Sorumlusu\u00a0Husen Qaidi, insan haklar\u0131 savunuculu\u011fu ve diyalogu destekleyen ki\u015fi ve kurulu\u015flara verilen\u00a0Sergio Vieira de Mello \u00d6d\u00fcl\u00fc\u2019ne lay\u0131k g\u00f6r\u00fcld\u00fc. 2002-2003 y\u0131llar\u0131 aras\u0131nda Birle\u015fmi\u015f Milletler \u0130nsan Haklar\u0131 Komisyonu Ba\u015fkan\u0131 olarak g\u00f6rev yapan Sergio Vieira de Mello ad\u0131na verilen \u00f6d\u00fcl 17\u2019nci kez veriliyor. Her y\u0131l Polonya\u2019da verilen \u00f6d\u00fcle bu y\u0131l,\u00a0K\u00fcrdistan B\u00f6lgesi H\u00fck\u00fcmeti\u2019ne ba\u011fl\u0131 Ezdileri Kurtarma Ofisi [&hellip;]","og_url":"https:\/\/darkamazi.site\/archives\/1011639","og_site_name":"Darka Mazi","article_publisher":"https:\/\/www.facebook.com\/DarkaMaziturkce","article_published_time":"2020-11-17T11:07:37+00:00","og_image":[{"width":710,"height":399,"url":"https:\/\/darkamazi.site\/file\/2020\/11\/Ezidi-kurtarma-ofisi-muduru.jpg","type":"image\/jpeg"}],"author":"darka mazi","twitter_card":"summary_large_image","twitter_creator":"@DarkaMaziTurkce","twitter_site":"@DarkaMaziTurkce","twitter_misc":{"Written by":"darka mazi","Est. reading time":"1 minute"},"schema":{"@context":"https:\/\/schema.org","@graph":[{"@type":"NewsArticle","@id":"https:\/\/darkamazi.site\/archives\/1011639#article","isPartOf":{"@id":"https:\/\/darkamazi.site\/archives\/1011639"},"author":{"name":"darka mazi","@id":"https:\/\/darkamazi.site\/#\/schema\/person\/67986a95ac546c16760365877ef4a9d3"},"headline":"Sergio Vieira de Mello \u00d6d\u00fcl\u00fc Ezidileri Kurtarma Ofisi Sorumlusu Husen Qaidi&#8217;nin","datePublished":"2020-11-17T11:07:37+00:00","mainEntityOfPage":{"@id":"https:\/\/darkamazi.site\/archives\/1011639"},"wordCount":309,"publisher":{"@id":"https:\/\/darkamazi.site\/#organization"},"image":{"@id":"https:\/\/darkamazi.site\/archives\/1011639#primaryimage"},"thumbnailUrl":"https:\/\/darkamazi.site\/file\/2020\/11\/Ezidi-kurtarma-ofisi-muduru.jpg","articleSection":["Kurdistan"],"inLanguage":"en-US"},{"@type":"WebPage","@id":"https:\/\/darkamazi.site\/archives\/1011639","url":"https:\/\/darkamazi.site\/archives\/1011639","name":"Sergio Vieira de Mello \u00d6d\u00fcl\u00fc Ezidileri Kurtarma Ofisi Sorumlusu Husen Qaidi'nin - Darka Mazi","isPartOf":{"@id":"https:\/\/darkamazi.site\/#website"},"primaryImageOfPage":{"@id":"https:\/\/darkamazi.site\/archives\/1011639#primaryimage"},"image":{"@id":"https:\/\/darkamazi.site\/archives\/1011639#primaryimage"},"thumbnailUrl":"https:\/\/darkamazi.site\/file\/2020\/11\/Ezidi-kurtarma-ofisi-muduru.jpg","datePublished":"2020-11-17T11:07:37+00:00","breadcrumb":{"@id":"https:\/\/darkamazi.site\/archives\/1011639#breadcrumb"},"inLanguage":"en-US","potentialAction":[{"@type":"ReadAction","target":["https:\/\/darkamazi.site\/archives\/1011639"]}]},{"@type":"ImageObject","inLanguage":"en-US","@id":"https:\/\/darkamazi.site\/archives\/1011639#primaryimage","url":"https:\/\/darkamazi.site\/file\/2020\/11\/Ezidi-kurtarma-ofisi-muduru.jpg","contentUrl":"https:\/\/darkamazi.site\/file\/2020\/11\/Ezidi-kurtarma-ofisi-muduru.jpg","width":710,"height":399,"caption":"Sergio Vieira de Mello \u00d6d\u00fcl\u00fc Ezidileri Kurtarma Ofisi Sorumlusu Husen Qaidi'nin"},{"@type":"BreadcrumbList","@id":"https:\/\/darkamazi.site\/archives\/1011639#breadcrumb","itemListElement":[{"@type":"ListItem","position":1,"name":"Home","item":"https:\/\/darkamazi.site\/"},{"@type":"ListItem","position":2,"name":"Sergio Vieira de Mello \u00d6d\u00fcl\u00fc Ezidileri Kurtarma Ofisi Sorumlusu Husen Qaidi&#8217;nin"}]},{"@type":"WebSite","@id":"https:\/\/darkamazi.site\/#website","url":"https:\/\/darkamazi.site\/","name":"Darka Mazi","description":"Ana Sayfa","publisher":{"@id":"https:\/\/darkamazi.site\/#organization"},"potentialAction":[{"@type":"SearchAction","target":{"@type":"EntryPoint","urlTemplate":"https:\/\/darkamazi.site\/?s={search_term_string}"},"query-input":{"@type":"PropertyValueSpecification","valueRequired":true,"valueName":"search_term_string"}}],"inLanguage":"en-US"},{"@type":"Organization","@id":"https:\/\/darkamazi.site\/#organization","name":"Darka Mazi T\u00fcrk\u00e7e","alternateName":"Darka Mazi","url":"https:\/\/darkamazi.site\/","logo":{"@type":"ImageObject","inLanguage":"en-US","@id":"https:\/\/darkamazi.site\/#\/schema\/logo\/image\/","url":"https:\/\/darkamazi.site\/file\/2017\/12\/darka-mazi-logo.png","contentUrl":"https:\/\/darkamazi.site\/file\/2017\/12\/darka-mazi-logo.png","width":151,"height":75,"caption":"Darka Mazi T\u00fcrk\u00e7e"},"image":{"@id":"https:\/\/darkamazi.site\/#\/schema\/logo\/image\/"},"sameAs":["https:\/\/www.facebook.com\/DarkaMaziturkce","https:\/\/x.com\/DarkaMaziTurkce"]},{"@type":"Person","@id":"https:\/\/darkamazi.site\/#\/schema\/person\/67986a95ac546c16760365877ef4a9d3","name":"darka mazi","sameAs":["https:\/\/darkamazi.site"],"url":"https:\/\/darkamazi.site\/archives\/author\/turkish"}]}},"_links":{"self":[{"href":"https:\/\/darkamazi.site\/funavuv\/wp\/v2\/posts\/1011639","targetHints":{"allow":["GET"]}}],"collection":[{"href":"https:\/\/darkamazi.site\/funavuv\/wp\/v2\/posts"}],"about":[{"href":"https:\/\/darkamazi.site\/funavuv\/wp\/v2\/types\/post"}],"author":[{"embeddable":true,"href":"https:\/\/darkamazi.site\/funavuv\/wp\/v2\/users\/2"}],"replies":[{"embeddable":true,"href":"https:\/\/darkamazi.site\/funavuv\/wp\/v2\/comments?post=1011639"}],"version-history":[{"count":0,"href":"https:\/\/darkamazi.site\/funavuv\/wp\/v2\/posts\/1011639\/revisions"}],"wp:featuredmedia":[{"embeddable":true,"href":"https:\/\/darkamazi.site\/funavuv\/wp\/v2\/media\/1011640"}],"wp:attachment":[{"href":"https:\/\/darkamazi.site\/funavuv\/wp\/v2\/media?parent=1011639"}],"wp:term":[{"taxonomy":"category","embeddable":true,"href":"https:\/\/darkamazi.site\/funavuv\/wp\/v2\/categories?post=1011639"},{"taxonomy":"post_tag","embeddable":true,"href":"https:\/\/darkamazi.site\/funavuv\/wp\/v2\/tags?post=1011639"}],"curies":[{"name":"wp","href":"https:\/\/api.w.org\/{rel}","templated":true}]}}