{"id":1011660,"date":"2020-11-19T12:32:28","date_gmt":"2020-11-19T09:32:28","guid":{"rendered":"https:\/\/darkamazi.site\/?p=1011660"},"modified":"2020-11-19T12:32:28","modified_gmt":"2020-11-19T09:32:28","slug":"biden-trumpin-iran-siyaseti-ile-nasil-bas-edecek","status":"publish","type":"post","link":"https:\/\/darkamazi.site\/archives\/1011660","title":{"rendered":"Biden Trump&#8217;\u0131n \u0130ran siyaseti ile nas\u0131l ba\u015f edecek?"},"content":{"rendered":"<p>BBC bu g\u00fcn ki yay\u0131n\u0131nda Trump\u2019\u0131n \u0130ran politikas\u0131n\u0131n etkilerini ve Joe Biden\u2019in \u0130ran siyasetinin ne olaca\u011f\u0131na dair bir rapor yay\u0131nland\u0131.<\/p>\n<p>ABD&#8217;nin 46. Ba\u015fkan\u0131 se\u00e7ilen Joe Biden, uluslararas\u0131 sistemin &#8220;diki\u015flerinin s\u00f6k\u00fcld\u00fc\u011f\u00fcn\u00fc&#8221; s\u00f6yl\u00fcyor.<\/p>\n<p>Joe Biden ABD&#8217;nin itibar\u0131n\u0131 kurtarma s\u00f6z\u00fc veriyor ve bunun bir an \u00f6nce yap\u0131lmas\u0131 gerekti\u011fine inan\u0131yor. Bu y\u0131l ba\u015flar\u0131nda Amerikan Foreign Affairs dergisine yazan Biden, &#8220;Kaybedecek zaman\u0131m\u0131z yok&#8221; diyordu.<\/p>\n<p>Biden&#8217;\u0131n planlar\u0131 aras\u0131nda 2015&#8217;te \u0130ran ile yap\u0131lan n\u00fckleer anla\u015fmaya yeniden dahil olmak da var.<\/p>\n<p>ABD Ba\u015fkan\u0131 Donald Trump, May\u0131s 2018&#8217;de \u00fclkesini bu anla\u015fmadan tek tarafl\u0131 olarak \u00e7ekti\u011fini a\u00e7\u0131klam\u0131\u015f ve anla\u015fmay\u0131 i\u015flevsiz k\u0131lmak i\u00e7in elinden geleni yapm\u0131\u015ft\u0131.<\/p>\n<p>Ancak Trump&#8217;\u0131n iki y\u0131l\u0131 a\u015fk\u0131n \u0130ran&#8217;a y\u00f6nelik s\u00fcrd\u00fcrd\u00fc\u011f\u00fc &#8220;maksimum bask\u0131&#8221; politikas\u0131na ra\u011fmen, \u0130ran boyun e\u011fmedi ve n\u00fckleer silah teknolojisini geli\u015ftirme do\u011frultusunda ilerliyor.<\/p>\n<p>20 Ocak&#8217;ta g\u00f6revi devralacak olan Joe Biden bu konuda nas\u0131l bir politika izleyecek? Aradan bu kadar uzun zaman ge\u00e7tikten sonra ve Amerikan politikas\u0131n\u0131n b\u00f6l\u00fcnm\u00fc\u015f hali dikkate al\u0131n\u0131rsa Trump \u00f6ncesi stat\u00fckoya geri d\u00f6nebilecek mi?<\/p>\n<p>Londra merkezli savunma ve g\u00fcvenlik ara\u015ft\u0131rmalar\u0131 merkezi RUSI&#8217;den Aniesh Bassiri Tabrizi&#8217;ye g\u00f6re &#8220;Strateji \u00e7ok net. Ama kolay olmayacak&#8221; diyor.<\/p>\n<h3><span style=\"font-family: 'arial black', sans-serif;font-size: 12pt\">Geriye d\u00f6n\u00fc\u015f olamaz<\/span><\/h3>\n<p>Bu konuda bir\u00e7ok zorluk oldu\u011funu s\u00f6ylemek gerek.<\/p>\n<p>ABD&#8217;nin iki y\u0131ld\u0131r \u0130ran&#8217;a uygulad\u0131\u011f\u0131 yapt\u0131r\u0131mlar, kullanmak isterse Biden&#8217;a bir\u00e7ok olanak sa\u011flayabilir. \u015eimdiye dek Biden sadece \u0130ran&#8217;\u0131n n\u00fckleer anla\u015fma h\u00fck\u00fcmlerine uymas\u0131yla ilgili ifadeler kulland\u0131.<\/p>\n<p>Biden Ocak ay\u0131nda yazd\u0131\u011f\u0131 makalede, Tahran&#8217;\u0131n anla\u015fmaya uymas\u0131ndan s\u00f6z etmi\u015fti. Ancak Trump&#8217;\u0131n anla\u015fmadan \u00e7ekilmesi \u00fczerine \u0130ran&#8217;\u0131n da kendi y\u00fck\u00fcml\u00fcl\u00fcklerinden geri atmaya ba\u015flamas\u0131 bunu zorla\u015ft\u0131r\u0131yor.<\/p>\n<p>Uluslararas\u0131 Atom Enerjisi Kurumu (IAEA) son raporunda, \u0130ran&#8217;\u0131n anla\u015fmada izin verilen d\u00fc\u015f\u00fck d\u00fczeyde zenginle\u015ftirilmi\u015f uranyum miktar\u0131n\u0131n 12 kat\u0131n\u0131 depolad\u0131\u011f\u0131 belirtiliyordu<\/p>\n<p>Ayr\u0131ca anla\u015fmada izin verilen y\u00fczde 3.67 safl\u0131kta uranyum zenginle\u015ftirme d\u00fczeyini de a\u015fmaya ba\u015flad\u0131.<\/p>\n<p>D\u00fc\u015f\u00fck d\u00fczeyde zenginle\u015ftirilmi\u015f uranyum n\u00fckleer enerji \u00fcretimi gibi sivil ama\u00e7la kullan\u0131l\u0131yor; en y\u00fcksek safl\u0131k derecesinde uranyum ise (\u0130ran bu d\u00fczeyde de\u011fil ve bu d\u00fczeye ula\u015fma gibi bir hedefi oldu\u011fu bilinmiyor) n\u00fckleer bomba yap\u0131m\u0131nda kullan\u0131ld\u0131\u011f\u0131 i\u00e7in endi\u015fe kayna\u011f\u0131 olarak g\u00f6r\u00fcl\u00fcyor.<\/p>\n<p>\u0130ranl\u0131 yetkililer, anla\u015fma h\u00fck\u00fcmlerine uymama politikas\u0131ndan geri d\u00f6n\u00fclebilece\u011fini ifade etse de, n\u00fckleer alandaki ara\u015ft\u0131rma ve geli\u015ftirme \u00e7al\u0131\u015fmalar\u0131nda kaydedilen ilerlemeler ortadan kalkm\u0131\u015f olmayacak.<\/p>\n<p>\u0130ran&#8217;\u0131n eski IAEA temsilcisi Ali Asker Sultaniye, &#8220;Geriye d\u00f6n\u00fc\u015f olamaz. \u015eimdi A noktas\u0131ndan B noktas\u0131na ula\u015f\u0131yoruz ve bulundu\u011fumuz nokta oras\u0131&#8221; diyor.<\/p>\n<p><span style=\"font-family: 'arial black', sans-serif;font-size: 12pt\">Siyasi bask\u0131<\/span><\/p>\n<p>Trump f\u0131rt\u0131nas\u0131n\u0131 atlatan \u0130ran&#8217;\u0131n da kendi talepleri var. Yetkililer, yapt\u0131r\u0131mlar\u0131n kald\u0131r\u0131lmas\u0131n\u0131n tek ba\u015f\u0131na yeterli olmayaca\u011f\u0131n\u0131 s\u00f6yl\u00fcyor. \u0130ran, iki bu\u00e7uk y\u0131ld\u0131r uygulanan yapt\u0131r\u0131mlar\u0131n yol a\u00e7t\u0131\u011f\u0131 ekonomik zarar\u0131n\u0131n giderilmesini istiyor.<\/p>\n<p>Gelecek y\u0131l Haziran&#8217;da \u0130ran&#8217;da da cumhurba\u015fkanl\u0131\u011f\u0131 se\u00e7imleri olacak. Reformcularla muhafazakarlar aras\u0131nda bir yar\u0131\u015f var.<\/p>\n<p>\u0130ran ekonomisi k\u00f6t\u00fcye gittik\u00e7e Cumhurba\u015fkan\u0131 Hasan Ruhani&#8217;ye kamuoyu deste\u011fi de azal\u0131yor. Joe Biden, yapt\u0131r\u0131mlar\u0131 gev\u015feterek Ruhani&#8217;nin \u015fans\u0131n\u0131 art\u0131rma ihtiyac\u0131 duyar m\u0131?<\/p>\n<p>Tahran \u00dcniversitesi&#8217;nden siyaset bilimi uzman\u0131 Prof. Nasser Hadian-Jazy&#8217;ye g\u00f6re, Biden&#8217;\u0131n g\u00f6reve ba\u015flamadan \u00f6nce niyetini net ifade etmesi gerekiyor.<\/p>\n<p>&#8220;H\u0131zla ve ko\u015fulsuz bir \u015fekilde n\u00fckleer anla\u015fmaya yeniden kat\u0131laca\u011f\u0131na dair bir a\u00e7\u0131klama bunun i\u00e7in yeterli olur&#8221; diyor.<\/p>\n<p>Bunu yapmad\u0131\u011f\u0131 takdirde, \u0130ran, ABD ve b\u00f6lgedeki &#8220;bozguncular\u0131n&#8221; iki \u00fclke aras\u0131ndaki yak\u0131nla\u015fmay\u0131 baltalayabilece\u011fi uyar\u0131s\u0131nda bulunuyor.<\/p>\n<p>Ancak Biden&#8217;\u0131n da manevra alan\u0131 s\u0131n\u0131rl\u0131 olabilir. Cumhuriyet\u00e7ilerin \u00e7o\u011fu n\u00fckleer anla\u015fmaya destek vermiyor.<\/p>\n<p>Georgia eyaletinin iki senat\u00f6r\u00fc i\u00e7in Ocak ay\u0131nda yap\u0131lacak se\u00e7im sonucu, Washington&#8217;daki g\u00fc\u00e7 dengesini ve biraz da gelecek y\u00f6netimin hareket \u00f6zg\u00fcrl\u00fc\u011f\u00fcn\u00fc belirleyecek.<\/p>\n<h3><span style=\"font-family: 'arial black', sans-serif;font-size: 12pt\">Yeni m\u00fcttefikler<\/span><\/h3>\n<p>\u0130ran&#8217;la yap\u0131lan n\u00fckleer anla\u015fma sadece ABD ile \u0130ran aras\u0131nda de\u011fildi. Rusya, \u00c7in, Fransa, \u0130ngiltere ve Almanya&#8217;n\u0131n yan\u0131 s\u0131ra Avrupa Birli\u011fi de anla\u015fman\u0131n taraflar\u0131.<\/p>\n<p>Avrupa \u00fclkeleri, Washington&#8217;\u0131n yeniden anla\u015fman\u0131n ba\u015far\u0131l\u0131 olmas\u0131 i\u00e7in \u00e7aba g\u00f6sterdi\u011fini g\u00f6rmek istiyor. \u0130ngiltere, Fransa ve Almanya (E3), Trump y\u00f6netimi s\u0131ras\u0131nda anla\u015fmay\u0131 canl\u0131 tutmaya \u00e7al\u0131\u015ft\u0131 ve \u015fimdi de Washington&#8217;\u0131n anla\u015fmaya geri d\u00f6nmesi m\u00fczakerelerinde rol oynayabilirler.<\/p>\n<p>Fakat bu \u00fc\u00e7 \u00fclke de aradan ge\u00e7en s\u00fcre i\u00e7inde d\u00fcnyan\u0131n de\u011fi\u015fti\u011finin ve anla\u015fman\u0131n orijinal haline d\u00f6n\u00fc\u015f\u00fcn m\u00fcmk\u00fcn olmayabilece\u011finin fark\u0131nda.<\/p>\n<p>RUSI adl\u0131 d\u00fc\u015f\u00fcnce merkezinden Aniesh Bassiri Tabrizi &#8220;E3 \u00fclkeleri bile n\u00fckleer anla\u015fmaya m\u00fcteakip yeni bir anla\u015fmadan s\u00f6z ediyor&#8221; diyor.<\/p>\n<p>B\u00f6ylesi bir anla\u015fman\u0131n, \u0130ran&#8217;\u0131n b\u00f6lgesel faaliyetlerini ve balistik f\u00fcze geli\u015ftirmesini kapsamay\u0131, ayn\u0131 zamanda n\u00fckleer anla\u015fma maddelerinin ge\u00e7erlilik s\u00fcresinin dolmas\u0131 halinde \u0130ran&#8217;\u0131n n\u00fckleer faaliyetlerini s\u0131n\u0131rlamay\u0131 hedefledi\u011fini belirtiyor.<\/p>\n<p>N\u00fckleer anla\u015fmaya kar\u015f\u0131 \u00e7\u0131km\u0131\u015f ve Trump&#8217;\u0131n destek ve te\u015fvikiyle bir s\u00fcre \u00f6nce ili\u015fkilerini normalle\u015ftirme anla\u015fmas\u0131 imzalam\u0131\u015f \u0130srail, Birle\u015fik Arap Emirlikleri ve Bahreyn gibi b\u00f6lge \u00fclkeleri ise kendi \u00e7\u0131karlar\u0131n\u0131 daha g\u00fc\u00e7l\u00fc bir \u015fekilde dayatacakt\u0131r.<\/p>\n<p>BAE&#8217;nin Washington B\u00fcy\u00fckel\u00e7isi Yousef al-Otaiba, &#8220;B\u00f6lgemizdeki g\u00fcvenli\u011fi m\u00fczakere edeceksek bizim de m\u00fczakerelerde olmam\u0131z laz\u0131m&#8221; diyor.<\/p>\n<p>Tel Aviv \u00dcniversitesi&#8217;ndeki Ulusal G\u00fcvenlik Ara\u015ft\u0131rmalar\u0131 Enstit\u00fcs\u00fc taraf\u0131ndan d\u00fczenlenen seminerde konu\u015fan Otaiba&#8217;n\u0131n bu g\u00f6r\u00fc\u015f\u00fcn\u00fc, Enstit\u00fc y\u00f6neticisi Amos Yadlin de destekleyerek &#8220;\u0130srail de Orta Do\u011fu&#8217;daki m\u00fcttefikleriyle birlikte masada olmak istiyor&#8221; diyor.<\/p>\n<p>Suudi Arabistan Kral\u0131 Selman bin Abd\u00fclaziz el-Suud ise &#8220;\u0130ran&#8217;a kar\u015f\u0131 uluslararas\u0131 toplumdan kararl\u0131 bir duru\u015f&#8221; \u00e7a\u011fr\u0131s\u0131 yap\u0131yor.<\/p>\n<p>\u0130ran ile n\u00fckleer anla\u015fmay\u0131 yeniden canland\u0131r\u0131p ayn\u0131 zamanda bu anla\u015fmaya kar\u015f\u0131 olanlar\u0131n \u00e7\u0131karlar\u0131n\u0131 dengelemek Biden a\u00e7\u0131s\u0131ndan zorlu bir diplomasi g\u00f6revi olacak. Ayr\u0131ca Trump&#8217;\u0131n da hen\u00fcz g\u00f6revinin sona ermedi\u011fini hat\u0131rlamak gerek.<\/p>\n<p>ABD medyas\u0131, Trump&#8217;\u0131n ge\u00e7en hafta \u00fcst d\u00fczey dan\u0131\u015fmanlar\u0131na, \u0130ran&#8217;\u0131n n\u00fckleer merkezlerinden birine sald\u0131rma se\u00e7ene\u011fini g\u00fcndeme getirdi\u011fini duyurmu\u015ftu.<\/p>\n<p>Se\u00e7im yenilgisinden beri Trump, \u0130ran&#8217;a yeni yapt\u0131r\u0131m tehditleriyle bask\u0131 yapmaya devam ediyor.<\/p>\n<p>\u00d6yle g\u00f6r\u00fcn\u00fcyor ki Trump, g\u00f6revi devredece\u011fi Ocak ay\u0131na kadar yapacaklar\u0131yla, verdi\u011fi hasar\u0131 Biden i\u00e7in m\u00fcmk\u00fcn oldu\u011funca tamir edilmez k\u0131lmaya \u00e7al\u0131\u015f\u0131yor.<\/p>\n","protected":false},"excerpt":{"rendered":"<p>BBC bu g\u00fcn ki yay\u0131n\u0131nda Trump\u2019\u0131n \u0130ran politikas\u0131n\u0131n etkilerini ve Joe Biden\u2019in \u0130ran siyasetinin ne olaca\u011f\u0131na dair bir rapor yay\u0131nland\u0131. ABD&#8217;nin 46. Ba\u015fkan\u0131 se\u00e7ilen Joe Biden, uluslararas\u0131 sistemin &#8220;diki\u015flerinin s\u00f6k\u00fcld\u00fc\u011f\u00fcn\u00fc&#8221; s\u00f6yl\u00fcyor. Joe Biden ABD&#8217;nin itibar\u0131n\u0131 kurtarma s\u00f6z\u00fc veriyor ve bunun bir an \u00f6nce yap\u0131lmas\u0131 gerekti\u011fine inan\u0131yor. Bu y\u0131l ba\u015flar\u0131nda Amerikan Foreign Affairs dergisine yazan Biden, [&hellip;]<\/p>\n","protected":false},"author":2,"featured_media":1011661,"comment_status":"closed","ping_status":"closed","sticky":false,"template":"","format":"standard","meta":{"footnotes":""},"categories":[39],"tags":[31],"class_list":["post-1011660","post","type-post","status-publish","format-standard","has-post-thumbnail","hentry","category-ozel-dosya","tag-onemli"],"blocksy_meta":[],"seo_head":"<!-- This site is optimized with the Yoast SEO plugin v27.5 - https:\/\/yoast.com\/product\/yoast-seo-wordpress\/ -->\n<title>Biden Trump&#039;\u0131n \u0130ran siyaseti ile nas\u0131l ba\u015f edecek? - Darka Mazi<\/title>\n<meta name=\"robots\" content=\"index, follow, max-snippet:-1, max-image-preview:large, max-video-preview:-1\" \/>\n<link rel=\"canonical\" href=\"https:\/\/darkamazi.site\/archives\/1011660\" \/>\n<meta property=\"og:locale\" content=\"en_US\" \/>\n<meta property=\"og:type\" content=\"article\" \/>\n<meta property=\"og:title\" content=\"Biden Trump&#039;\u0131n \u0130ran siyaseti ile nas\u0131l ba\u015f edecek? - Darka Mazi\" \/>\n<meta property=\"og:description\" content=\"BBC bu g\u00fcn ki yay\u0131n\u0131nda Trump\u2019\u0131n \u0130ran politikas\u0131n\u0131n etkilerini ve Joe Biden\u2019in \u0130ran siyasetinin ne olaca\u011f\u0131na dair bir rapor yay\u0131nland\u0131. ABD&#8217;nin 46. Ba\u015fkan\u0131 se\u00e7ilen Joe Biden, uluslararas\u0131 sistemin &#8220;diki\u015flerinin s\u00f6k\u00fcld\u00fc\u011f\u00fcn\u00fc&#8221; s\u00f6yl\u00fcyor. Joe Biden ABD&#8217;nin itibar\u0131n\u0131 kurtarma s\u00f6z\u00fc veriyor ve bunun bir an \u00f6nce yap\u0131lmas\u0131 gerekti\u011fine inan\u0131yor. Bu y\u0131l ba\u015flar\u0131nda Amerikan Foreign Affairs dergisine yazan Biden, [&hellip;]\" \/>\n<meta property=\"og:url\" content=\"https:\/\/darkamazi.site\/archives\/1011660\" \/>\n<meta property=\"og:site_name\" content=\"Darka Mazi\" \/>\n<meta property=\"article:publisher\" content=\"https:\/\/www.facebook.com\/DarkaMaziturkce\" \/>\n<meta property=\"article:published_time\" content=\"2020-11-19T09:32:28+00:00\" \/>\n<meta property=\"og:image\" content=\"https:\/\/darkamazi.site\/file\/2020\/11\/Logo-New-2-1.jpg\" \/>\n\t<meta property=\"og:image:width\" content=\"822\" \/>\n\t<meta property=\"og:image:height\" content=\"454\" \/>\n\t<meta property=\"og:image:type\" content=\"image\/jpeg\" \/>\n<meta name=\"author\" content=\"darka mazi\" \/>\n<meta name=\"twitter:card\" content=\"summary_large_image\" \/>\n<meta name=\"twitter:creator\" content=\"@DarkaMaziTurkce\" \/>\n<meta name=\"twitter:site\" content=\"@DarkaMaziTurkce\" \/>\n<meta name=\"twitter:label1\" content=\"Written by\" \/>\n\t<meta name=\"twitter:data1\" content=\"darka mazi\" \/>\n\t<meta name=\"twitter:label2\" content=\"Est. reading time\" \/>\n\t<meta name=\"twitter:data2\" content=\"6 minutes\" \/>\n<script type=\"application\/ld+json\" class=\"seo-schema-graph\">{\"@context\":\"https:\\\/\\\/schema.org\",\"@graph\":[{\"@type\":\"NewsArticle\",\"@id\":\"https:\\\/\\\/darkamazi.site\\\/archives\\\/1011660#article\",\"isPartOf\":{\"@id\":\"https:\\\/\\\/darkamazi.site\\\/archives\\\/1011660\"},\"author\":{\"name\":\"darka mazi\",\"@id\":\"https:\\\/\\\/darkamazi.site\\\/#\\\/schema\\\/person\\\/67986a95ac546c16760365877ef4a9d3\"},\"headline\":\"Biden Trump&#8217;\u0131n \u0130ran siyaseti ile nas\u0131l ba\u015f edecek?\",\"datePublished\":\"2020-11-19T09:32:28+00:00\",\"mainEntityOfPage\":{\"@id\":\"https:\\\/\\\/darkamazi.site\\\/archives\\\/1011660\"},\"wordCount\":1205,\"publisher\":{\"@id\":\"https:\\\/\\\/darkamazi.site\\\/#organization\"},\"image\":{\"@id\":\"https:\\\/\\\/darkamazi.site\\\/archives\\\/1011660#primaryimage\"},\"thumbnailUrl\":\"https:\\\/\\\/darkamazi.site\\\/darka-content\\\/uploads\\\/2020\\\/11\\\/Logo-New-2-1.jpg\",\"keywords\":[\"\u00f6nemli\"],\"articleSection\":[\"\u00d6zel Dosya\"],\"inLanguage\":\"en-US\"},{\"@type\":\"WebPage\",\"@id\":\"https:\\\/\\\/darkamazi.site\\\/archives\\\/1011660\",\"url\":\"https:\\\/\\\/darkamazi.site\\\/archives\\\/1011660\",\"name\":\"Biden Trump'\u0131n \u0130ran siyaseti ile nas\u0131l ba\u015f edecek? - Darka Mazi\",\"isPartOf\":{\"@id\":\"https:\\\/\\\/darkamazi.site\\\/#website\"},\"primaryImageOfPage\":{\"@id\":\"https:\\\/\\\/darkamazi.site\\\/archives\\\/1011660#primaryimage\"},\"image\":{\"@id\":\"https:\\\/\\\/darkamazi.site\\\/archives\\\/1011660#primaryimage\"},\"thumbnailUrl\":\"https:\\\/\\\/darkamazi.site\\\/darka-content\\\/uploads\\\/2020\\\/11\\\/Logo-New-2-1.jpg\",\"datePublished\":\"2020-11-19T09:32:28+00:00\",\"breadcrumb\":{\"@id\":\"https:\\\/\\\/darkamazi.site\\\/archives\\\/1011660#breadcrumb\"},\"inLanguage\":\"en-US\",\"potentialAction\":[{\"@type\":\"ReadAction\",\"target\":[\"https:\\\/\\\/darkamazi.site\\\/archives\\\/1011660\"]}]},{\"@type\":\"ImageObject\",\"inLanguage\":\"en-US\",\"@id\":\"https:\\\/\\\/darkamazi.site\\\/archives\\\/1011660#primaryimage\",\"url\":\"https:\\\/\\\/darkamazi.site\\\/darka-content\\\/uploads\\\/2020\\\/11\\\/Logo-New-2-1.jpg\",\"contentUrl\":\"https:\\\/\\\/darkamazi.site\\\/darka-content\\\/uploads\\\/2020\\\/11\\\/Logo-New-2-1.jpg\",\"width\":822,\"height\":454,\"caption\":\"Biden Trump'\u0131n \u0130ran siyaseti ile nas\u0131l ba\u015f edecek? ABD; BBC\"},{\"@type\":\"BreadcrumbList\",\"@id\":\"https:\\\/\\\/darkamazi.site\\\/archives\\\/1011660#breadcrumb\",\"itemListElement\":[{\"@type\":\"ListItem\",\"position\":1,\"name\":\"Home\",\"item\":\"https:\\\/\\\/darkamazi.site\\\/\"},{\"@type\":\"ListItem\",\"position\":2,\"name\":\"Biden Trump&#8217;\u0131n \u0130ran siyaseti ile nas\u0131l ba\u015f edecek?\"}]},{\"@type\":\"WebSite\",\"@id\":\"https:\\\/\\\/darkamazi.site\\\/#website\",\"url\":\"https:\\\/\\\/darkamazi.site\\\/\",\"name\":\"Darka Mazi\",\"description\":\"Ana Sayfa\",\"publisher\":{\"@id\":\"https:\\\/\\\/darkamazi.site\\\/#organization\"},\"potentialAction\":[{\"@type\":\"SearchAction\",\"target\":{\"@type\":\"EntryPoint\",\"urlTemplate\":\"https:\\\/\\\/darkamazi.site\\\/?s={search_term_string}\"},\"query-input\":{\"@type\":\"PropertyValueSpecification\",\"valueRequired\":true,\"valueName\":\"search_term_string\"}}],\"inLanguage\":\"en-US\"},{\"@type\":\"Organization\",\"@id\":\"https:\\\/\\\/darkamazi.site\\\/#organization\",\"name\":\"Darka Mazi T\u00fcrk\u00e7e\",\"alternateName\":\"Darka Mazi\",\"url\":\"https:\\\/\\\/darkamazi.site\\\/\",\"logo\":{\"@type\":\"ImageObject\",\"inLanguage\":\"en-US\",\"@id\":\"https:\\\/\\\/darkamazi.site\\\/#\\\/schema\\\/logo\\\/image\\\/\",\"url\":\"https:\\\/\\\/darkamazi.site\\\/darka-content\\\/uploads\\\/2017\\\/12\\\/darka-mazi-logo.png\",\"contentUrl\":\"https:\\\/\\\/darkamazi.site\\\/darka-content\\\/uploads\\\/2017\\\/12\\\/darka-mazi-logo.png\",\"width\":151,\"height\":75,\"caption\":\"Darka Mazi T\u00fcrk\u00e7e\"},\"image\":{\"@id\":\"https:\\\/\\\/darkamazi.site\\\/#\\\/schema\\\/logo\\\/image\\\/\"},\"sameAs\":[\"https:\\\/\\\/www.facebook.com\\\/DarkaMaziturkce\",\"https:\\\/\\\/x.com\\\/DarkaMaziTurkce\"]},{\"@type\":\"Person\",\"@id\":\"https:\\\/\\\/darkamazi.site\\\/#\\\/schema\\\/person\\\/67986a95ac546c16760365877ef4a9d3\",\"name\":\"darka mazi\",\"sameAs\":[\"https:\\\/\\\/darkamazi.site\"],\"url\":\"https:\\\/\\\/darkamazi.site\\\/archives\\\/author\\\/turkish\"}]}<\/script>\n<!-- \/ Yoast SEO plugin. -->","seo_head_json":{"title":"Biden Trump'\u0131n \u0130ran siyaseti ile nas\u0131l ba\u015f edecek? - Darka Mazi","robots":{"index":"index","follow":"follow","max-snippet":"max-snippet:-1","max-image-preview":"max-image-preview:large","max-video-preview":"max-video-preview:-1"},"canonical":"https:\/\/darkamazi.site\/archives\/1011660","og_locale":"en_US","og_type":"article","og_title":"Biden Trump'\u0131n \u0130ran siyaseti ile nas\u0131l ba\u015f edecek? - Darka Mazi","og_description":"BBC bu g\u00fcn ki yay\u0131n\u0131nda Trump\u2019\u0131n \u0130ran politikas\u0131n\u0131n etkilerini ve Joe Biden\u2019in \u0130ran siyasetinin ne olaca\u011f\u0131na dair bir rapor yay\u0131nland\u0131. ABD&#8217;nin 46. Ba\u015fkan\u0131 se\u00e7ilen Joe Biden, uluslararas\u0131 sistemin &#8220;diki\u015flerinin s\u00f6k\u00fcld\u00fc\u011f\u00fcn\u00fc&#8221; s\u00f6yl\u00fcyor. Joe Biden ABD&#8217;nin itibar\u0131n\u0131 kurtarma s\u00f6z\u00fc veriyor ve bunun bir an \u00f6nce yap\u0131lmas\u0131 gerekti\u011fine inan\u0131yor. Bu y\u0131l ba\u015flar\u0131nda Amerikan Foreign Affairs dergisine yazan Biden, [&hellip;]","og_url":"https:\/\/darkamazi.site\/archives\/1011660","og_site_name":"Darka Mazi","article_publisher":"https:\/\/www.facebook.com\/DarkaMaziturkce","article_published_time":"2020-11-19T09:32:28+00:00","og_image":[{"width":822,"height":454,"url":"https:\/\/darkamazi.site\/file\/2020\/11\/Logo-New-2-1.jpg","type":"image\/jpeg"}],"author":"darka mazi","twitter_card":"summary_large_image","twitter_creator":"@DarkaMaziTurkce","twitter_site":"@DarkaMaziTurkce","twitter_misc":{"Written by":"darka mazi","Est. reading time":"6 minutes"},"schema":{"@context":"https:\/\/schema.org","@graph":[{"@type":"NewsArticle","@id":"https:\/\/darkamazi.site\/archives\/1011660#article","isPartOf":{"@id":"https:\/\/darkamazi.site\/archives\/1011660"},"author":{"name":"darka mazi","@id":"https:\/\/darkamazi.site\/#\/schema\/person\/67986a95ac546c16760365877ef4a9d3"},"headline":"Biden Trump&#8217;\u0131n \u0130ran siyaseti ile nas\u0131l ba\u015f edecek?","datePublished":"2020-11-19T09:32:28+00:00","mainEntityOfPage":{"@id":"https:\/\/darkamazi.site\/archives\/1011660"},"wordCount":1205,"publisher":{"@id":"https:\/\/darkamazi.site\/#organization"},"image":{"@id":"https:\/\/darkamazi.site\/archives\/1011660#primaryimage"},"thumbnailUrl":"https:\/\/darkamazi.site\/file\/2020\/11\/Logo-New-2-1.jpg","keywords":["\u00f6nemli"],"articleSection":["\u00d6zel Dosya"],"inLanguage":"en-US"},{"@type":"WebPage","@id":"https:\/\/darkamazi.site\/archives\/1011660","url":"https:\/\/darkamazi.site\/archives\/1011660","name":"Biden Trump'\u0131n \u0130ran siyaseti ile nas\u0131l ba\u015f edecek? - Darka Mazi","isPartOf":{"@id":"https:\/\/darkamazi.site\/#website"},"primaryImageOfPage":{"@id":"https:\/\/darkamazi.site\/archives\/1011660#primaryimage"},"image":{"@id":"https:\/\/darkamazi.site\/archives\/1011660#primaryimage"},"thumbnailUrl":"https:\/\/darkamazi.site\/file\/2020\/11\/Logo-New-2-1.jpg","datePublished":"2020-11-19T09:32:28+00:00","breadcrumb":{"@id":"https:\/\/darkamazi.site\/archives\/1011660#breadcrumb"},"inLanguage":"en-US","potentialAction":[{"@type":"ReadAction","target":["https:\/\/darkamazi.site\/archives\/1011660"]}]},{"@type":"ImageObject","inLanguage":"en-US","@id":"https:\/\/darkamazi.site\/archives\/1011660#primaryimage","url":"https:\/\/darkamazi.site\/file\/2020\/11\/Logo-New-2-1.jpg","contentUrl":"https:\/\/darkamazi.site\/file\/2020\/11\/Logo-New-2-1.jpg","width":822,"height":454,"caption":"Biden Trump'\u0131n \u0130ran siyaseti ile nas\u0131l ba\u015f edecek? ABD; BBC"},{"@type":"BreadcrumbList","@id":"https:\/\/darkamazi.site\/archives\/1011660#breadcrumb","itemListElement":[{"@type":"ListItem","position":1,"name":"Home","item":"https:\/\/darkamazi.site\/"},{"@type":"ListItem","position":2,"name":"Biden Trump&#8217;\u0131n \u0130ran siyaseti ile nas\u0131l ba\u015f edecek?"}]},{"@type":"WebSite","@id":"https:\/\/darkamazi.site\/#website","url":"https:\/\/darkamazi.site\/","name":"Darka Mazi","description":"Ana Sayfa","publisher":{"@id":"https:\/\/darkamazi.site\/#organization"},"potentialAction":[{"@type":"SearchAction","target":{"@type":"EntryPoint","urlTemplate":"https:\/\/darkamazi.site\/?s={search_term_string}"},"query-input":{"@type":"PropertyValueSpecification","valueRequired":true,"valueName":"search_term_string"}}],"inLanguage":"en-US"},{"@type":"Organization","@id":"https:\/\/darkamazi.site\/#organization","name":"Darka Mazi T\u00fcrk\u00e7e","alternateName":"Darka Mazi","url":"https:\/\/darkamazi.site\/","logo":{"@type":"ImageObject","inLanguage":"en-US","@id":"https:\/\/darkamazi.site\/#\/schema\/logo\/image\/","url":"https:\/\/darkamazi.site\/file\/2017\/12\/darka-mazi-logo.png","contentUrl":"https:\/\/darkamazi.site\/file\/2017\/12\/darka-mazi-logo.png","width":151,"height":75,"caption":"Darka Mazi T\u00fcrk\u00e7e"},"image":{"@id":"https:\/\/darkamazi.site\/#\/schema\/logo\/image\/"},"sameAs":["https:\/\/www.facebook.com\/DarkaMaziturkce","https:\/\/x.com\/DarkaMaziTurkce"]},{"@type":"Person","@id":"https:\/\/darkamazi.site\/#\/schema\/person\/67986a95ac546c16760365877ef4a9d3","name":"darka mazi","sameAs":["https:\/\/darkamazi.site"],"url":"https:\/\/darkamazi.site\/archives\/author\/turkish"}]}},"_links":{"self":[{"href":"https:\/\/darkamazi.site\/funavuv\/wp\/v2\/posts\/1011660","targetHints":{"allow":["GET"]}}],"collection":[{"href":"https:\/\/darkamazi.site\/funavuv\/wp\/v2\/posts"}],"about":[{"href":"https:\/\/darkamazi.site\/funavuv\/wp\/v2\/types\/post"}],"author":[{"embeddable":true,"href":"https:\/\/darkamazi.site\/funavuv\/wp\/v2\/users\/2"}],"replies":[{"embeddable":true,"href":"https:\/\/darkamazi.site\/funavuv\/wp\/v2\/comments?post=1011660"}],"version-history":[{"count":0,"href":"https:\/\/darkamazi.site\/funavuv\/wp\/v2\/posts\/1011660\/revisions"}],"wp:featuredmedia":[{"embeddable":true,"href":"https:\/\/darkamazi.site\/funavuv\/wp\/v2\/media\/1011661"}],"wp:attachment":[{"href":"https:\/\/darkamazi.site\/funavuv\/wp\/v2\/media?parent=1011660"}],"wp:term":[{"taxonomy":"category","embeddable":true,"href":"https:\/\/darkamazi.site\/funavuv\/wp\/v2\/categories?post=1011660"},{"taxonomy":"post_tag","embeddable":true,"href":"https:\/\/darkamazi.site\/funavuv\/wp\/v2\/tags?post=1011660"}],"curies":[{"name":"wp","href":"https:\/\/api.w.org\/{rel}","templated":true}]}}