{"id":1011804,"date":"2020-11-30T11:45:29","date_gmt":"2020-11-30T08:45:29","guid":{"rendered":"https:\/\/darkamazi.site\/?p=1011804"},"modified":"2020-11-30T11:45:29","modified_gmt":"2020-11-30T08:45:29","slug":"bagdattan-pkk-ve-hasdi-sabiye-sengalden-cikmalari-icin-24-saat-zaman-tanindi","status":"publish","type":"post","link":"https:\/\/darkamazi.site\/archives\/1011804","title":{"rendered":"Ba\u011fdat&#8217;tan PKK ve Ha\u015fdi \u015eabi&#8217;ye \u015eengal&#8217;den \u00e7\u0131kmalar\u0131 i\u00e7in 24 saat zaman tan\u0131nd\u0131"},"content":{"rendered":"<p style=\"text-align: justify\">Irak h\u00fck\u00fcmetinin\u00a0\u015eengal Anla\u015fmas\u0131\u00a0\u00e7er\u00e7evesinde\u00a0PKK\u00a0ve\u00a0Ha\u015fdi \u015eabi\u00a0g\u00fc\u00e7lerine 24 saat i\u00e7erisinde \u015eengal&#8217;i bo\u015faltmas\u0131 i\u00e7in s\u00fcre verdi\u011fi bildirildi.<\/p>\n<p style=\"text-align: justify\">\u00a0Musul Valisi G\u00f6\u00e7men B\u00fcrosundan Sorumlu Yard\u0131mc\u0131s\u0131 El\u00ee Umer, Irak h\u00fck\u00fcmetinin \u015eengal&#8217;de yasa d\u0131\u015f\u0131 silahl\u0131 g\u00fc\u00e7lerin \u00e7\u0131kmas\u0131 i\u00e7in 1 Aral\u0131k&#8217;a(yar\u0131n) kadar s\u00fcre tan\u0131d\u0131\u011f\u0131n\u0131 s\u00f6yledi.<\/p>\n<p style=\"text-align: justify\">El\u00ee Umer her g\u00fcn g\u00f6\u00e7men durumuna d\u00fc\u015fen ailelerin topraklar\u0131na d\u00f6nd\u00fc\u011f\u00fcn\u00fc belirterek,\u00a0 &#8220;Ancak baz\u0131 aileler hala kamplarda ve yerlerine d\u00f6nemiyor. Bu aileler \u015eengal&#8217;deki silahl\u0131 gruplar\u0131n \u00e7\u0131kmas\u0131n\u0131 bekliyor. Halk\u0131n evlerine g\u00fcvenli bir \u015fekilde d\u00f6nebilmesi i\u00e7in yasal olmayan silahl\u0131 g\u00fc\u00e7lerin \u00e7\u0131kar\u0131lmas\u0131 i\u00e7in giri\u015fimlerimiz s\u00fcrecek&#8221; dedi.<\/p>\n<p style=\"text-align: justify\">\u00d6te yandan\u00a0K\u00fcrdistan B\u00f6lgesi H\u00fck\u00fcmeti ile Irak Federal H\u00fck\u00fcmeti aras\u0131nda imzalanan\u00a0\u015eengal Anla\u015fmas\u0131\u2019n\u0131n ikinci ad\u0131m\u0131 olarak b\u00f6lgedeki silahl\u0131 gruplar\u0131n flamalar\u0131 indirilirken, 4 polis tugay\u0131 da \u015eengal\u2019e konu\u015fland\u0131r\u0131ld\u0131.<\/p>\n<p style=\"text-align: justify\">\u015eengal Anla\u015fmas\u0131\u2019na destek veren\u00a0Ezidxan Savunma G\u00fc\u00e7leri\u00a0de ilk g\u00fcnden flamalar\u0131n\u0131 indirdi.<\/p>\n<p style=\"text-align: justify\">\u015eengal\u2019de 7 farkl\u0131 silahl\u0131 gruba mensup 20 bin ki\u015fi bulunuyor. Anla\u015fmaya g\u00f6re hepsinin \u015eengal\u2019den 5 kilometre \u00e7\u0131kmas\u0131 gerekiyor. Yasa d\u0131\u015f\u0131 g\u00fc\u00e7ler \u015eengal\u2019den \u00e7ekilirken, b\u00f6lgede sadece Irak bayra\u011f\u0131n\u0131n dalgalanmas\u0131\u00a0gerekiyor.<\/p>\n<p style=\"text-align: justify\">9 Ekim&#8217;de Erbil ile Ba\u011fdat aras\u0131nda imzalanan \u015eengal Anla\u015fmas\u0131&#8217;na g\u00f6re \u015eengal&#8217;de PKK ve Ha\u015fdi \u015eabi g\u00fc\u00e7lerinin \u00e7\u0131kmas\u0131, yeni bir sivil idarenin atanmas\u0131 ve g\u00f6\u00e7menlerin evlerine d\u00f6nmesi \u00f6ng\u00f6r\u00fcl\u00fcyor.<\/p>\n","protected":false},"excerpt":{"rendered":"<p>Irak h\u00fck\u00fcmetinin\u00a0\u015eengal Anla\u015fmas\u0131\u00a0\u00e7er\u00e7evesinde\u00a0PKK\u00a0ve\u00a0Ha\u015fdi \u015eabi\u00a0g\u00fc\u00e7lerine 24 saat i\u00e7erisinde \u015eengal&#8217;i bo\u015faltmas\u0131 i\u00e7in s\u00fcre verdi\u011fi bildirildi. \u00a0Musul Valisi G\u00f6\u00e7men B\u00fcrosundan Sorumlu Yard\u0131mc\u0131s\u0131 El\u00ee Umer, Irak h\u00fck\u00fcmetinin \u015eengal&#8217;de yasa d\u0131\u015f\u0131 silahl\u0131 g\u00fc\u00e7lerin \u00e7\u0131kmas\u0131 i\u00e7in 1 Aral\u0131k&#8217;a(yar\u0131n) kadar s\u00fcre tan\u0131d\u0131\u011f\u0131n\u0131 s\u00f6yledi. El\u00ee Umer her g\u00fcn g\u00f6\u00e7men durumuna d\u00fc\u015fen ailelerin topraklar\u0131na d\u00f6nd\u00fc\u011f\u00fcn\u00fc belirterek,\u00a0 &#8220;Ancak baz\u0131 aileler hala kamplarda ve yerlerine d\u00f6nemiyor. [&hellip;]<\/p>\n","protected":false},"author":2,"featured_media":1011805,"comment_status":"closed","ping_status":"closed","sticky":false,"template":"","format":"standard","meta":{"footnotes":""},"categories":[3],"tags":[31],"class_list":["post-1011804","post","type-post","status-publish","format-standard","has-post-thumbnail","hentry","category-kurdistan","tag-onemli"],"blocksy_meta":[],"seo_head":"<!-- This site is optimized with the Yoast SEO plugin v27.5 - https:\/\/yoast.com\/product\/yoast-seo-wordpress\/ -->\n<title>Ba\u011fdat&#039;tan PKK ve Ha\u015fdi \u015eabi&#039;ye \u015eengal&#039;den \u00e7\u0131kmalar\u0131 i\u00e7in 24 saat zaman tan\u0131nd\u0131 - Darka Mazi<\/title>\n<meta name=\"robots\" content=\"index, follow, max-snippet:-1, max-image-preview:large, max-video-preview:-1\" \/>\n<link rel=\"canonical\" href=\"https:\/\/darkamazi.site\/archives\/1011804\" \/>\n<meta property=\"og:locale\" content=\"en_US\" \/>\n<meta property=\"og:type\" content=\"article\" \/>\n<meta property=\"og:title\" content=\"Ba\u011fdat&#039;tan PKK ve Ha\u015fdi \u015eabi&#039;ye \u015eengal&#039;den \u00e7\u0131kmalar\u0131 i\u00e7in 24 saat zaman tan\u0131nd\u0131 - Darka Mazi\" \/>\n<meta property=\"og:description\" content=\"Irak h\u00fck\u00fcmetinin\u00a0\u015eengal Anla\u015fmas\u0131\u00a0\u00e7er\u00e7evesinde\u00a0PKK\u00a0ve\u00a0Ha\u015fdi \u015eabi\u00a0g\u00fc\u00e7lerine 24 saat i\u00e7erisinde \u015eengal&#8217;i bo\u015faltmas\u0131 i\u00e7in s\u00fcre verdi\u011fi bildirildi. \u00a0Musul Valisi G\u00f6\u00e7men B\u00fcrosundan Sorumlu Yard\u0131mc\u0131s\u0131 El\u00ee Umer, Irak h\u00fck\u00fcmetinin \u015eengal&#8217;de yasa d\u0131\u015f\u0131 silahl\u0131 g\u00fc\u00e7lerin \u00e7\u0131kmas\u0131 i\u00e7in 1 Aral\u0131k&#8217;a(yar\u0131n) kadar s\u00fcre tan\u0131d\u0131\u011f\u0131n\u0131 s\u00f6yledi. El\u00ee Umer her g\u00fcn g\u00f6\u00e7men durumuna d\u00fc\u015fen ailelerin topraklar\u0131na d\u00f6nd\u00fc\u011f\u00fcn\u00fc belirterek,\u00a0 &#8220;Ancak baz\u0131 aileler hala kamplarda ve yerlerine d\u00f6nemiyor. [&hellip;]\" \/>\n<meta property=\"og:url\" content=\"https:\/\/darkamazi.site\/archives\/1011804\" \/>\n<meta property=\"og:site_name\" content=\"Darka Mazi\" \/>\n<meta property=\"article:publisher\" content=\"https:\/\/www.facebook.com\/DarkaMaziturkce\" \/>\n<meta property=\"article:published_time\" content=\"2020-11-30T08:45:29+00:00\" \/>\n<meta property=\"og:image\" content=\"https:\/\/darkamazi.site\/file\/2020\/11\/PKK-ev-Hasdi-sabi.jpg\" \/>\n\t<meta property=\"og:image:width\" content=\"710\" \/>\n\t<meta property=\"og:image:height\" content=\"384\" \/>\n\t<meta property=\"og:image:type\" content=\"image\/jpeg\" \/>\n<meta name=\"author\" content=\"darka mazi\" \/>\n<meta name=\"twitter:card\" content=\"summary_large_image\" \/>\n<meta name=\"twitter:creator\" content=\"@DarkaMaziTurkce\" \/>\n<meta name=\"twitter:site\" content=\"@DarkaMaziTurkce\" \/>\n<meta name=\"twitter:label1\" content=\"Written by\" \/>\n\t<meta name=\"twitter:data1\" content=\"darka mazi\" \/>\n\t<meta name=\"twitter:label2\" content=\"Est. reading time\" \/>\n\t<meta name=\"twitter:data2\" content=\"1 minute\" \/>\n<script type=\"application\/ld+json\" class=\"seo-schema-graph\">{\"@context\":\"https:\\\/\\\/schema.org\",\"@graph\":[{\"@type\":\"NewsArticle\",\"@id\":\"https:\\\/\\\/darkamazi.site\\\/archives\\\/1011804#article\",\"isPartOf\":{\"@id\":\"https:\\\/\\\/darkamazi.site\\\/archives\\\/1011804\"},\"author\":{\"name\":\"darka mazi\",\"@id\":\"https:\\\/\\\/darkamazi.site\\\/#\\\/schema\\\/person\\\/67986a95ac546c16760365877ef4a9d3\"},\"headline\":\"Ba\u011fdat&#8217;tan PKK ve Ha\u015fdi \u015eabi&#8217;ye \u015eengal&#8217;den \u00e7\u0131kmalar\u0131 i\u00e7in 24 saat zaman tan\u0131nd\u0131\",\"datePublished\":\"2020-11-30T08:45:29+00:00\",\"mainEntityOfPage\":{\"@id\":\"https:\\\/\\\/darkamazi.site\\\/archives\\\/1011804\"},\"wordCount\":284,\"publisher\":{\"@id\":\"https:\\\/\\\/darkamazi.site\\\/#organization\"},\"image\":{\"@id\":\"https:\\\/\\\/darkamazi.site\\\/archives\\\/1011804#primaryimage\"},\"thumbnailUrl\":\"https:\\\/\\\/darkamazi.site\\\/darka-content\\\/uploads\\\/2020\\\/11\\\/PKK-ev-Hasdi-sabi.jpg\",\"keywords\":[\"\u00f6nemli\"],\"articleSection\":[\"Kurdistan\"],\"inLanguage\":\"en-US\"},{\"@type\":\"WebPage\",\"@id\":\"https:\\\/\\\/darkamazi.site\\\/archives\\\/1011804\",\"url\":\"https:\\\/\\\/darkamazi.site\\\/archives\\\/1011804\",\"name\":\"Ba\u011fdat'tan PKK ve Ha\u015fdi \u015eabi'ye \u015eengal'den \u00e7\u0131kmalar\u0131 i\u00e7in 24 saat zaman tan\u0131nd\u0131 - Darka Mazi\",\"isPartOf\":{\"@id\":\"https:\\\/\\\/darkamazi.site\\\/#website\"},\"primaryImageOfPage\":{\"@id\":\"https:\\\/\\\/darkamazi.site\\\/archives\\\/1011804#primaryimage\"},\"image\":{\"@id\":\"https:\\\/\\\/darkamazi.site\\\/archives\\\/1011804#primaryimage\"},\"thumbnailUrl\":\"https:\\\/\\\/darkamazi.site\\\/darka-content\\\/uploads\\\/2020\\\/11\\\/PKK-ev-Hasdi-sabi.jpg\",\"datePublished\":\"2020-11-30T08:45:29+00:00\",\"breadcrumb\":{\"@id\":\"https:\\\/\\\/darkamazi.site\\\/archives\\\/1011804#breadcrumb\"},\"inLanguage\":\"en-US\",\"potentialAction\":[{\"@type\":\"ReadAction\",\"target\":[\"https:\\\/\\\/darkamazi.site\\\/archives\\\/1011804\"]}]},{\"@type\":\"ImageObject\",\"inLanguage\":\"en-US\",\"@id\":\"https:\\\/\\\/darkamazi.site\\\/archives\\\/1011804#primaryimage\",\"url\":\"https:\\\/\\\/darkamazi.site\\\/darka-content\\\/uploads\\\/2020\\\/11\\\/PKK-ev-Hasdi-sabi.jpg\",\"contentUrl\":\"https:\\\/\\\/darkamazi.site\\\/darka-content\\\/uploads\\\/2020\\\/11\\\/PKK-ev-Hasdi-sabi.jpg\",\"width\":710,\"height\":384,\"caption\":\"Ba\u011fdat'tan PKK ve Ha\u015fdi \u015eabi'ye \u015eengal'den \u00e7\u0131kmalar\u0131 i\u00e7in 24 saat zaman tan\u0131nd\u0131\"},{\"@type\":\"BreadcrumbList\",\"@id\":\"https:\\\/\\\/darkamazi.site\\\/archives\\\/1011804#breadcrumb\",\"itemListElement\":[{\"@type\":\"ListItem\",\"position\":1,\"name\":\"Home\",\"item\":\"https:\\\/\\\/darkamazi.site\\\/\"},{\"@type\":\"ListItem\",\"position\":2,\"name\":\"Ba\u011fdat&#8217;tan PKK ve Ha\u015fdi \u015eabi&#8217;ye \u015eengal&#8217;den \u00e7\u0131kmalar\u0131 i\u00e7in 24 saat zaman tan\u0131nd\u0131\"}]},{\"@type\":\"WebSite\",\"@id\":\"https:\\\/\\\/darkamazi.site\\\/#website\",\"url\":\"https:\\\/\\\/darkamazi.site\\\/\",\"name\":\"Darka Mazi\",\"description\":\"Ana Sayfa\",\"publisher\":{\"@id\":\"https:\\\/\\\/darkamazi.site\\\/#organization\"},\"potentialAction\":[{\"@type\":\"SearchAction\",\"target\":{\"@type\":\"EntryPoint\",\"urlTemplate\":\"https:\\\/\\\/darkamazi.site\\\/?s={search_term_string}\"},\"query-input\":{\"@type\":\"PropertyValueSpecification\",\"valueRequired\":true,\"valueName\":\"search_term_string\"}}],\"inLanguage\":\"en-US\"},{\"@type\":\"Organization\",\"@id\":\"https:\\\/\\\/darkamazi.site\\\/#organization\",\"name\":\"Darka Mazi T\u00fcrk\u00e7e\",\"alternateName\":\"Darka Mazi\",\"url\":\"https:\\\/\\\/darkamazi.site\\\/\",\"logo\":{\"@type\":\"ImageObject\",\"inLanguage\":\"en-US\",\"@id\":\"https:\\\/\\\/darkamazi.site\\\/#\\\/schema\\\/logo\\\/image\\\/\",\"url\":\"https:\\\/\\\/darkamazi.site\\\/darka-content\\\/uploads\\\/2017\\\/12\\\/darka-mazi-logo.png\",\"contentUrl\":\"https:\\\/\\\/darkamazi.site\\\/darka-content\\\/uploads\\\/2017\\\/12\\\/darka-mazi-logo.png\",\"width\":151,\"height\":75,\"caption\":\"Darka Mazi T\u00fcrk\u00e7e\"},\"image\":{\"@id\":\"https:\\\/\\\/darkamazi.site\\\/#\\\/schema\\\/logo\\\/image\\\/\"},\"sameAs\":[\"https:\\\/\\\/www.facebook.com\\\/DarkaMaziturkce\",\"https:\\\/\\\/x.com\\\/DarkaMaziTurkce\"]},{\"@type\":\"Person\",\"@id\":\"https:\\\/\\\/darkamazi.site\\\/#\\\/schema\\\/person\\\/67986a95ac546c16760365877ef4a9d3\",\"name\":\"darka mazi\",\"sameAs\":[\"https:\\\/\\\/darkamazi.site\"],\"url\":\"https:\\\/\\\/darkamazi.site\\\/archives\\\/author\\\/turkish\"}]}<\/script>\n<!-- \/ Yoast SEO plugin. -->","seo_head_json":{"title":"Ba\u011fdat'tan PKK ve Ha\u015fdi \u015eabi'ye \u015eengal'den \u00e7\u0131kmalar\u0131 i\u00e7in 24 saat zaman tan\u0131nd\u0131 - Darka Mazi","robots":{"index":"index","follow":"follow","max-snippet":"max-snippet:-1","max-image-preview":"max-image-preview:large","max-video-preview":"max-video-preview:-1"},"canonical":"https:\/\/darkamazi.site\/archives\/1011804","og_locale":"en_US","og_type":"article","og_title":"Ba\u011fdat'tan PKK ve Ha\u015fdi \u015eabi'ye \u015eengal'den \u00e7\u0131kmalar\u0131 i\u00e7in 24 saat zaman tan\u0131nd\u0131 - Darka Mazi","og_description":"Irak h\u00fck\u00fcmetinin\u00a0\u015eengal Anla\u015fmas\u0131\u00a0\u00e7er\u00e7evesinde\u00a0PKK\u00a0ve\u00a0Ha\u015fdi \u015eabi\u00a0g\u00fc\u00e7lerine 24 saat i\u00e7erisinde \u015eengal&#8217;i bo\u015faltmas\u0131 i\u00e7in s\u00fcre verdi\u011fi bildirildi. \u00a0Musul Valisi G\u00f6\u00e7men B\u00fcrosundan Sorumlu Yard\u0131mc\u0131s\u0131 El\u00ee Umer, Irak h\u00fck\u00fcmetinin \u015eengal&#8217;de yasa d\u0131\u015f\u0131 silahl\u0131 g\u00fc\u00e7lerin \u00e7\u0131kmas\u0131 i\u00e7in 1 Aral\u0131k&#8217;a(yar\u0131n) kadar s\u00fcre tan\u0131d\u0131\u011f\u0131n\u0131 s\u00f6yledi. El\u00ee Umer her g\u00fcn g\u00f6\u00e7men durumuna d\u00fc\u015fen ailelerin topraklar\u0131na d\u00f6nd\u00fc\u011f\u00fcn\u00fc belirterek,\u00a0 &#8220;Ancak baz\u0131 aileler hala kamplarda ve yerlerine d\u00f6nemiyor. [&hellip;]","og_url":"https:\/\/darkamazi.site\/archives\/1011804","og_site_name":"Darka Mazi","article_publisher":"https:\/\/www.facebook.com\/DarkaMaziturkce","article_published_time":"2020-11-30T08:45:29+00:00","og_image":[{"width":710,"height":384,"url":"https:\/\/darkamazi.site\/file\/2020\/11\/PKK-ev-Hasdi-sabi.jpg","type":"image\/jpeg"}],"author":"darka mazi","twitter_card":"summary_large_image","twitter_creator":"@DarkaMaziTurkce","twitter_site":"@DarkaMaziTurkce","twitter_misc":{"Written by":"darka mazi","Est. reading time":"1 minute"},"schema":{"@context":"https:\/\/schema.org","@graph":[{"@type":"NewsArticle","@id":"https:\/\/darkamazi.site\/archives\/1011804#article","isPartOf":{"@id":"https:\/\/darkamazi.site\/archives\/1011804"},"author":{"name":"darka mazi","@id":"https:\/\/darkamazi.site\/#\/schema\/person\/67986a95ac546c16760365877ef4a9d3"},"headline":"Ba\u011fdat&#8217;tan PKK ve Ha\u015fdi \u015eabi&#8217;ye \u015eengal&#8217;den \u00e7\u0131kmalar\u0131 i\u00e7in 24 saat zaman tan\u0131nd\u0131","datePublished":"2020-11-30T08:45:29+00:00","mainEntityOfPage":{"@id":"https:\/\/darkamazi.site\/archives\/1011804"},"wordCount":284,"publisher":{"@id":"https:\/\/darkamazi.site\/#organization"},"image":{"@id":"https:\/\/darkamazi.site\/archives\/1011804#primaryimage"},"thumbnailUrl":"https:\/\/darkamazi.site\/file\/2020\/11\/PKK-ev-Hasdi-sabi.jpg","keywords":["\u00f6nemli"],"articleSection":["Kurdistan"],"inLanguage":"en-US"},{"@type":"WebPage","@id":"https:\/\/darkamazi.site\/archives\/1011804","url":"https:\/\/darkamazi.site\/archives\/1011804","name":"Ba\u011fdat'tan PKK ve Ha\u015fdi \u015eabi'ye \u015eengal'den \u00e7\u0131kmalar\u0131 i\u00e7in 24 saat zaman tan\u0131nd\u0131 - Darka Mazi","isPartOf":{"@id":"https:\/\/darkamazi.site\/#website"},"primaryImageOfPage":{"@id":"https:\/\/darkamazi.site\/archives\/1011804#primaryimage"},"image":{"@id":"https:\/\/darkamazi.site\/archives\/1011804#primaryimage"},"thumbnailUrl":"https:\/\/darkamazi.site\/file\/2020\/11\/PKK-ev-Hasdi-sabi.jpg","datePublished":"2020-11-30T08:45:29+00:00","breadcrumb":{"@id":"https:\/\/darkamazi.site\/archives\/1011804#breadcrumb"},"inLanguage":"en-US","potentialAction":[{"@type":"ReadAction","target":["https:\/\/darkamazi.site\/archives\/1011804"]}]},{"@type":"ImageObject","inLanguage":"en-US","@id":"https:\/\/darkamazi.site\/archives\/1011804#primaryimage","url":"https:\/\/darkamazi.site\/file\/2020\/11\/PKK-ev-Hasdi-sabi.jpg","contentUrl":"https:\/\/darkamazi.site\/file\/2020\/11\/PKK-ev-Hasdi-sabi.jpg","width":710,"height":384,"caption":"Ba\u011fdat'tan PKK ve Ha\u015fdi \u015eabi'ye \u015eengal'den \u00e7\u0131kmalar\u0131 i\u00e7in 24 saat zaman tan\u0131nd\u0131"},{"@type":"BreadcrumbList","@id":"https:\/\/darkamazi.site\/archives\/1011804#breadcrumb","itemListElement":[{"@type":"ListItem","position":1,"name":"Home","item":"https:\/\/darkamazi.site\/"},{"@type":"ListItem","position":2,"name":"Ba\u011fdat&#8217;tan PKK ve Ha\u015fdi \u015eabi&#8217;ye \u015eengal&#8217;den \u00e7\u0131kmalar\u0131 i\u00e7in 24 saat zaman tan\u0131nd\u0131"}]},{"@type":"WebSite","@id":"https:\/\/darkamazi.site\/#website","url":"https:\/\/darkamazi.site\/","name":"Darka Mazi","description":"Ana Sayfa","publisher":{"@id":"https:\/\/darkamazi.site\/#organization"},"potentialAction":[{"@type":"SearchAction","target":{"@type":"EntryPoint","urlTemplate":"https:\/\/darkamazi.site\/?s={search_term_string}"},"query-input":{"@type":"PropertyValueSpecification","valueRequired":true,"valueName":"search_term_string"}}],"inLanguage":"en-US"},{"@type":"Organization","@id":"https:\/\/darkamazi.site\/#organization","name":"Darka Mazi T\u00fcrk\u00e7e","alternateName":"Darka Mazi","url":"https:\/\/darkamazi.site\/","logo":{"@type":"ImageObject","inLanguage":"en-US","@id":"https:\/\/darkamazi.site\/#\/schema\/logo\/image\/","url":"https:\/\/darkamazi.site\/file\/2017\/12\/darka-mazi-logo.png","contentUrl":"https:\/\/darkamazi.site\/file\/2017\/12\/darka-mazi-logo.png","width":151,"height":75,"caption":"Darka Mazi T\u00fcrk\u00e7e"},"image":{"@id":"https:\/\/darkamazi.site\/#\/schema\/logo\/image\/"},"sameAs":["https:\/\/www.facebook.com\/DarkaMaziturkce","https:\/\/x.com\/DarkaMaziTurkce"]},{"@type":"Person","@id":"https:\/\/darkamazi.site\/#\/schema\/person\/67986a95ac546c16760365877ef4a9d3","name":"darka mazi","sameAs":["https:\/\/darkamazi.site"],"url":"https:\/\/darkamazi.site\/archives\/author\/turkish"}]}},"_links":{"self":[{"href":"https:\/\/darkamazi.site\/funavuv\/wp\/v2\/posts\/1011804","targetHints":{"allow":["GET"]}}],"collection":[{"href":"https:\/\/darkamazi.site\/funavuv\/wp\/v2\/posts"}],"about":[{"href":"https:\/\/darkamazi.site\/funavuv\/wp\/v2\/types\/post"}],"author":[{"embeddable":true,"href":"https:\/\/darkamazi.site\/funavuv\/wp\/v2\/users\/2"}],"replies":[{"embeddable":true,"href":"https:\/\/darkamazi.site\/funavuv\/wp\/v2\/comments?post=1011804"}],"version-history":[{"count":0,"href":"https:\/\/darkamazi.site\/funavuv\/wp\/v2\/posts\/1011804\/revisions"}],"wp:featuredmedia":[{"embeddable":true,"href":"https:\/\/darkamazi.site\/funavuv\/wp\/v2\/media\/1011805"}],"wp:attachment":[{"href":"https:\/\/darkamazi.site\/funavuv\/wp\/v2\/media?parent=1011804"}],"wp:term":[{"taxonomy":"category","embeddable":true,"href":"https:\/\/darkamazi.site\/funavuv\/wp\/v2\/categories?post=1011804"},{"taxonomy":"post_tag","embeddable":true,"href":"https:\/\/darkamazi.site\/funavuv\/wp\/v2\/tags?post=1011804"}],"curies":[{"name":"wp","href":"https:\/\/api.w.org\/{rel}","templated":true}]}}