{"id":1011842,"date":"2020-12-04T10:37:15","date_gmt":"2020-12-04T07:37:15","guid":{"rendered":"https:\/\/darkamazi.site\/?p=1011842"},"modified":"2020-12-04T10:47:39","modified_gmt":"2020-12-04T07:47:39","slug":"ezdi-miri-sengal-halki-arasina-fitne-sokmak-isteyen-siyasi-taraflarin-oyununa-gelmemeli","status":"publish","type":"post","link":"https:\/\/darkamazi.site\/archives\/1011842","title":{"rendered":"Ezdi Miri: \u015eengal halk\u0131 aras\u0131na fitne sokmak isteyen siyasi taraflar\u0131n oyununa gelmemeli"},"content":{"rendered":"<p style=\"text-align: justify\">Ezdi Mirleri Halkla \u0130li\u015fkiler ve Bas\u0131n Sorumlusu M\u00eer Cewher El\u00ee Beg, baz\u0131 siyasi taraflar\u0131n Ezdi K\u00fcrtler aras\u0131na fitne soktu\u011funu belirterek Ezdi toplumundan \u00f6zellikle \u015eengal\u2019dekileri dikkatleri olmalar\u0131 y\u00f6n\u00fcnde uyard\u0131.<\/p>\n<p style=\"text-align: justify\">BasNews\u2019e konu\u015fan Ezdi Mirleri Halkla \u0130li\u015fkiler ve Bas\u0131n Sorumlusu M\u00eer Cewher El\u00ee Beg, \u201cBu d\u00f6ndemde Ezdilerin birlik olmas\u0131 ve d\u0131\u015fardan aralar\u0131na \u00e7eli\u015fki-fitne sokmaya \u00e7al\u0131\u015fan siyasi taraflar\u0131n oyununa gelmemesi \u00e7ok \u00f6ndemli. \u00c7\u00fcnk\u00fc Ezdilerim durumu \u00e7ok da iyi de\u011fil, \u00f6zellikle \u015fengal il\u00e7esinde\u201d ifadelerini kulland\u0131.<\/p>\n<p style=\"text-align: justify\">\u201cBaz\u0131 siyasi taraflar Ezdilere hizmet etmedikleri gibi sadece ortam\u0131 kara\u015ft\u0131r\u0131yorlar\u201d diyen M\u00eer Cewher El\u00ee Beg, \u201cBu nedenle Ezdi halk\u0131ndan iste\u011fim, \u00a0d\u00fc\u015fmanlar\u0131n plan ve siyesetlerine zemin sunacak her t\u00fcrl\u00fc yakla\u015f\u0131mlardan uzak kalmalar\u0131 konusunda uyan\u0131k olmalar\u0131d\u0131r. Bir daha Ezdilerin ba\u015f\u0131na bir felaket gelmemesi i\u00e7in bu \u00e7ok \u00f6nemli\u201d dedi.<\/p>\n<p style=\"text-align: justify\">M\u00eer Cewher El\u00ee Beg s\u00f6zlerini \u015f\u00f6yle sonland\u0131rd\u0131: \u201c6 y\u0131ldan daha uzun bir s\u00fcredir \u015eengal halk\u0131 evlerinden uzakta g\u00f6\u00e7ebe hayat\u0131 ya\u015f\u0131yor. B\u00f6lgedeki siyasi g\u00fc\u00e7lerin \u00e7eli\u015fkisi ve can g\u00fcvenlikleri sa\u011flanmad\u0131\u011f\u0131 i\u00e7in evlerine d\u00f6nmekten korkuyorlar. \u00a0\u015eengal halk\u0131n\u0131n tek beklentisi b\u00f6lgede huzur ile istikrar\u0131n sa\u011flanmas\u0131 ve evlerine bir daha d\u00f6nebilmektir.\u201d<\/p>\n","protected":false},"excerpt":{"rendered":"<p>Ezdi Mirleri Halkla \u0130li\u015fkiler ve Bas\u0131n Sorumlusu M\u00eer Cewher El\u00ee Beg, baz\u0131 siyasi taraflar\u0131n Ezdi K\u00fcrtler aras\u0131na fitne soktu\u011funu belirterek Ezdi toplumundan \u00f6zellikle \u015eengal\u2019dekileri dikkatleri olmalar\u0131 y\u00f6n\u00fcnde uyard\u0131. BasNews\u2019e konu\u015fan Ezdi Mirleri Halkla \u0130li\u015fkiler ve Bas\u0131n Sorumlusu M\u00eer Cewher El\u00ee Beg, \u201cBu d\u00f6ndemde Ezdilerin birlik olmas\u0131 ve d\u0131\u015fardan aralar\u0131na \u00e7eli\u015fki-fitne sokmaya \u00e7al\u0131\u015fan siyasi taraflar\u0131n oyununa [&hellip;]<\/p>\n","protected":false},"author":2,"featured_media":1011843,"comment_status":"closed","ping_status":"closed","sticky":false,"template":"","format":"standard","meta":{"footnotes":""},"categories":[3],"tags":[],"class_list":["post-1011842","post","type-post","status-publish","format-standard","has-post-thumbnail","hentry","category-kurdistan"],"blocksy_meta":[],"seo_head":"<!-- This site is optimized with the Yoast SEO plugin v27.5 - https:\/\/yoast.com\/product\/yoast-seo-wordpress\/ -->\n<title>Ezdi Miri: \u015eengal halk\u0131 aras\u0131na fitne sokmak isteyen siyasi taraflar\u0131n oyununa gelmemeli - Darka Mazi<\/title>\n<meta name=\"robots\" content=\"index, follow, max-snippet:-1, max-image-preview:large, max-video-preview:-1\" \/>\n<link rel=\"canonical\" href=\"https:\/\/darkamazi.site\/archives\/1011842\" \/>\n<meta property=\"og:locale\" content=\"en_US\" \/>\n<meta property=\"og:type\" content=\"article\" \/>\n<meta property=\"og:title\" content=\"Ezdi Miri: \u015eengal halk\u0131 aras\u0131na fitne sokmak isteyen siyasi taraflar\u0131n oyununa gelmemeli - Darka Mazi\" \/>\n<meta property=\"og:description\" content=\"Ezdi Mirleri Halkla \u0130li\u015fkiler ve Bas\u0131n Sorumlusu M\u00eer Cewher El\u00ee Beg, baz\u0131 siyasi taraflar\u0131n Ezdi K\u00fcrtler aras\u0131na fitne soktu\u011funu belirterek Ezdi toplumundan \u00f6zellikle \u015eengal\u2019dekileri dikkatleri olmalar\u0131 y\u00f6n\u00fcnde uyard\u0131. BasNews\u2019e konu\u015fan Ezdi Mirleri Halkla \u0130li\u015fkiler ve Bas\u0131n Sorumlusu M\u00eer Cewher El\u00ee Beg, \u201cBu d\u00f6ndemde Ezdilerin birlik olmas\u0131 ve d\u0131\u015fardan aralar\u0131na \u00e7eli\u015fki-fitne sokmaya \u00e7al\u0131\u015fan siyasi taraflar\u0131n oyununa [&hellip;]\" \/>\n<meta property=\"og:url\" content=\"https:\/\/darkamazi.site\/archives\/1011842\" \/>\n<meta property=\"og:site_name\" content=\"Darka Mazi\" \/>\n<meta property=\"article:publisher\" content=\"https:\/\/www.facebook.com\/DarkaMaziturkce\" \/>\n<meta property=\"article:published_time\" content=\"2020-12-04T07:37:15+00:00\" \/>\n<meta property=\"article:modified_time\" content=\"2020-12-04T07:47:39+00:00\" \/>\n<meta property=\"og:image\" content=\"https:\/\/darkamazi.site\/file\/2020\/12\/ezidi-miri.jpg\" \/>\n\t<meta property=\"og:image:width\" content=\"512\" \/>\n\t<meta property=\"og:image:height\" content=\"256\" \/>\n\t<meta property=\"og:image:type\" content=\"image\/jpeg\" \/>\n<meta name=\"author\" content=\"darka mazi\" \/>\n<meta name=\"twitter:card\" content=\"summary_large_image\" \/>\n<meta name=\"twitter:creator\" content=\"@DarkaMaziTurkce\" \/>\n<meta name=\"twitter:site\" content=\"@DarkaMaziTurkce\" \/>\n<meta name=\"twitter:label1\" content=\"Written by\" \/>\n\t<meta name=\"twitter:data1\" content=\"darka mazi\" \/>\n\t<meta name=\"twitter:label2\" content=\"Est. reading time\" \/>\n\t<meta name=\"twitter:data2\" content=\"1 minute\" \/>\n<script type=\"application\/ld+json\" class=\"seo-schema-graph\">{\"@context\":\"https:\\\/\\\/schema.org\",\"@graph\":[{\"@type\":\"NewsArticle\",\"@id\":\"https:\\\/\\\/darkamazi.site\\\/archives\\\/1011842#article\",\"isPartOf\":{\"@id\":\"https:\\\/\\\/darkamazi.site\\\/archives\\\/1011842\"},\"author\":{\"name\":\"darka mazi\",\"@id\":\"https:\\\/\\\/darkamazi.site\\\/#\\\/schema\\\/person\\\/67986a95ac546c16760365877ef4a9d3\"},\"headline\":\"Ezdi Miri: \u015eengal halk\u0131 aras\u0131na fitne sokmak isteyen siyasi taraflar\u0131n oyununa gelmemeli\",\"datePublished\":\"2020-12-04T07:37:15+00:00\",\"dateModified\":\"2020-12-04T07:47:39+00:00\",\"mainEntityOfPage\":{\"@id\":\"https:\\\/\\\/darkamazi.site\\\/archives\\\/1011842\"},\"wordCount\":233,\"publisher\":{\"@id\":\"https:\\\/\\\/darkamazi.site\\\/#organization\"},\"image\":{\"@id\":\"https:\\\/\\\/darkamazi.site\\\/archives\\\/1011842#primaryimage\"},\"thumbnailUrl\":\"https:\\\/\\\/darkamazi.site\\\/darka-content\\\/uploads\\\/2020\\\/12\\\/ezidi-miri.jpg\",\"articleSection\":[\"Kurdistan\"],\"inLanguage\":\"en-US\"},{\"@type\":\"WebPage\",\"@id\":\"https:\\\/\\\/darkamazi.site\\\/archives\\\/1011842\",\"url\":\"https:\\\/\\\/darkamazi.site\\\/archives\\\/1011842\",\"name\":\"Ezdi Miri: \u015eengal halk\u0131 aras\u0131na fitne sokmak isteyen siyasi taraflar\u0131n oyununa gelmemeli - Darka Mazi\",\"isPartOf\":{\"@id\":\"https:\\\/\\\/darkamazi.site\\\/#website\"},\"primaryImageOfPage\":{\"@id\":\"https:\\\/\\\/darkamazi.site\\\/archives\\\/1011842#primaryimage\"},\"image\":{\"@id\":\"https:\\\/\\\/darkamazi.site\\\/archives\\\/1011842#primaryimage\"},\"thumbnailUrl\":\"https:\\\/\\\/darkamazi.site\\\/darka-content\\\/uploads\\\/2020\\\/12\\\/ezidi-miri.jpg\",\"datePublished\":\"2020-12-04T07:37:15+00:00\",\"dateModified\":\"2020-12-04T07:47:39+00:00\",\"breadcrumb\":{\"@id\":\"https:\\\/\\\/darkamazi.site\\\/archives\\\/1011842#breadcrumb\"},\"inLanguage\":\"en-US\",\"potentialAction\":[{\"@type\":\"ReadAction\",\"target\":[\"https:\\\/\\\/darkamazi.site\\\/archives\\\/1011842\"]}]},{\"@type\":\"ImageObject\",\"inLanguage\":\"en-US\",\"@id\":\"https:\\\/\\\/darkamazi.site\\\/archives\\\/1011842#primaryimage\",\"url\":\"https:\\\/\\\/darkamazi.site\\\/darka-content\\\/uploads\\\/2020\\\/12\\\/ezidi-miri.jpg\",\"contentUrl\":\"https:\\\/\\\/darkamazi.site\\\/darka-content\\\/uploads\\\/2020\\\/12\\\/ezidi-miri.jpg\",\"width\":512,\"height\":256,\"caption\":\"Ezdi Miri: \u015eengal halk\u0131 aras\u0131na fitne sokmak isteyen siyasi taraflar\u0131n oyununa gelmemeli, PKK, Lale\u015f;\"},{\"@type\":\"BreadcrumbList\",\"@id\":\"https:\\\/\\\/darkamazi.site\\\/archives\\\/1011842#breadcrumb\",\"itemListElement\":[{\"@type\":\"ListItem\",\"position\":1,\"name\":\"Home\",\"item\":\"https:\\\/\\\/darkamazi.site\\\/\"},{\"@type\":\"ListItem\",\"position\":2,\"name\":\"Ezdi Miri: \u015eengal halk\u0131 aras\u0131na fitne sokmak isteyen siyasi taraflar\u0131n oyununa gelmemeli\"}]},{\"@type\":\"WebSite\",\"@id\":\"https:\\\/\\\/darkamazi.site\\\/#website\",\"url\":\"https:\\\/\\\/darkamazi.site\\\/\",\"name\":\"Darka Mazi\",\"description\":\"Ana Sayfa\",\"publisher\":{\"@id\":\"https:\\\/\\\/darkamazi.site\\\/#organization\"},\"potentialAction\":[{\"@type\":\"SearchAction\",\"target\":{\"@type\":\"EntryPoint\",\"urlTemplate\":\"https:\\\/\\\/darkamazi.site\\\/?s={search_term_string}\"},\"query-input\":{\"@type\":\"PropertyValueSpecification\",\"valueRequired\":true,\"valueName\":\"search_term_string\"}}],\"inLanguage\":\"en-US\"},{\"@type\":\"Organization\",\"@id\":\"https:\\\/\\\/darkamazi.site\\\/#organization\",\"name\":\"Darka Mazi T\u00fcrk\u00e7e\",\"alternateName\":\"Darka Mazi\",\"url\":\"https:\\\/\\\/darkamazi.site\\\/\",\"logo\":{\"@type\":\"ImageObject\",\"inLanguage\":\"en-US\",\"@id\":\"https:\\\/\\\/darkamazi.site\\\/#\\\/schema\\\/logo\\\/image\\\/\",\"url\":\"https:\\\/\\\/darkamazi.site\\\/darka-content\\\/uploads\\\/2017\\\/12\\\/darka-mazi-logo.png\",\"contentUrl\":\"https:\\\/\\\/darkamazi.site\\\/darka-content\\\/uploads\\\/2017\\\/12\\\/darka-mazi-logo.png\",\"width\":151,\"height\":75,\"caption\":\"Darka Mazi T\u00fcrk\u00e7e\"},\"image\":{\"@id\":\"https:\\\/\\\/darkamazi.site\\\/#\\\/schema\\\/logo\\\/image\\\/\"},\"sameAs\":[\"https:\\\/\\\/www.facebook.com\\\/DarkaMaziturkce\",\"https:\\\/\\\/x.com\\\/DarkaMaziTurkce\"]},{\"@type\":\"Person\",\"@id\":\"https:\\\/\\\/darkamazi.site\\\/#\\\/schema\\\/person\\\/67986a95ac546c16760365877ef4a9d3\",\"name\":\"darka mazi\",\"sameAs\":[\"https:\\\/\\\/darkamazi.site\"],\"url\":\"https:\\\/\\\/darkamazi.site\\\/archives\\\/author\\\/turkish\"}]}<\/script>\n<!-- \/ Yoast SEO plugin. -->","seo_head_json":{"title":"Ezdi Miri: \u015eengal halk\u0131 aras\u0131na fitne sokmak isteyen siyasi taraflar\u0131n oyununa gelmemeli - Darka Mazi","robots":{"index":"index","follow":"follow","max-snippet":"max-snippet:-1","max-image-preview":"max-image-preview:large","max-video-preview":"max-video-preview:-1"},"canonical":"https:\/\/darkamazi.site\/archives\/1011842","og_locale":"en_US","og_type":"article","og_title":"Ezdi Miri: \u015eengal halk\u0131 aras\u0131na fitne sokmak isteyen siyasi taraflar\u0131n oyununa gelmemeli - Darka Mazi","og_description":"Ezdi Mirleri Halkla \u0130li\u015fkiler ve Bas\u0131n Sorumlusu M\u00eer Cewher El\u00ee Beg, baz\u0131 siyasi taraflar\u0131n Ezdi K\u00fcrtler aras\u0131na fitne soktu\u011funu belirterek Ezdi toplumundan \u00f6zellikle \u015eengal\u2019dekileri dikkatleri olmalar\u0131 y\u00f6n\u00fcnde uyard\u0131. BasNews\u2019e konu\u015fan Ezdi Mirleri Halkla \u0130li\u015fkiler ve Bas\u0131n Sorumlusu M\u00eer Cewher El\u00ee Beg, \u201cBu d\u00f6ndemde Ezdilerin birlik olmas\u0131 ve d\u0131\u015fardan aralar\u0131na \u00e7eli\u015fki-fitne sokmaya \u00e7al\u0131\u015fan siyasi taraflar\u0131n oyununa [&hellip;]","og_url":"https:\/\/darkamazi.site\/archives\/1011842","og_site_name":"Darka Mazi","article_publisher":"https:\/\/www.facebook.com\/DarkaMaziturkce","article_published_time":"2020-12-04T07:37:15+00:00","article_modified_time":"2020-12-04T07:47:39+00:00","og_image":[{"width":512,"height":256,"url":"https:\/\/darkamazi.site\/file\/2020\/12\/ezidi-miri.jpg","type":"image\/jpeg"}],"author":"darka mazi","twitter_card":"summary_large_image","twitter_creator":"@DarkaMaziTurkce","twitter_site":"@DarkaMaziTurkce","twitter_misc":{"Written by":"darka mazi","Est. reading time":"1 minute"},"schema":{"@context":"https:\/\/schema.org","@graph":[{"@type":"NewsArticle","@id":"https:\/\/darkamazi.site\/archives\/1011842#article","isPartOf":{"@id":"https:\/\/darkamazi.site\/archives\/1011842"},"author":{"name":"darka mazi","@id":"https:\/\/darkamazi.site\/#\/schema\/person\/67986a95ac546c16760365877ef4a9d3"},"headline":"Ezdi Miri: \u015eengal halk\u0131 aras\u0131na fitne sokmak isteyen siyasi taraflar\u0131n oyununa gelmemeli","datePublished":"2020-12-04T07:37:15+00:00","dateModified":"2020-12-04T07:47:39+00:00","mainEntityOfPage":{"@id":"https:\/\/darkamazi.site\/archives\/1011842"},"wordCount":233,"publisher":{"@id":"https:\/\/darkamazi.site\/#organization"},"image":{"@id":"https:\/\/darkamazi.site\/archives\/1011842#primaryimage"},"thumbnailUrl":"https:\/\/darkamazi.site\/file\/2020\/12\/ezidi-miri.jpg","articleSection":["Kurdistan"],"inLanguage":"en-US"},{"@type":"WebPage","@id":"https:\/\/darkamazi.site\/archives\/1011842","url":"https:\/\/darkamazi.site\/archives\/1011842","name":"Ezdi Miri: \u015eengal halk\u0131 aras\u0131na fitne sokmak isteyen siyasi taraflar\u0131n oyununa gelmemeli - Darka Mazi","isPartOf":{"@id":"https:\/\/darkamazi.site\/#website"},"primaryImageOfPage":{"@id":"https:\/\/darkamazi.site\/archives\/1011842#primaryimage"},"image":{"@id":"https:\/\/darkamazi.site\/archives\/1011842#primaryimage"},"thumbnailUrl":"https:\/\/darkamazi.site\/file\/2020\/12\/ezidi-miri.jpg","datePublished":"2020-12-04T07:37:15+00:00","dateModified":"2020-12-04T07:47:39+00:00","breadcrumb":{"@id":"https:\/\/darkamazi.site\/archives\/1011842#breadcrumb"},"inLanguage":"en-US","potentialAction":[{"@type":"ReadAction","target":["https:\/\/darkamazi.site\/archives\/1011842"]}]},{"@type":"ImageObject","inLanguage":"en-US","@id":"https:\/\/darkamazi.site\/archives\/1011842#primaryimage","url":"https:\/\/darkamazi.site\/file\/2020\/12\/ezidi-miri.jpg","contentUrl":"https:\/\/darkamazi.site\/file\/2020\/12\/ezidi-miri.jpg","width":512,"height":256,"caption":"Ezdi Miri: \u015eengal halk\u0131 aras\u0131na fitne sokmak isteyen siyasi taraflar\u0131n oyununa gelmemeli, PKK, Lale\u015f;"},{"@type":"BreadcrumbList","@id":"https:\/\/darkamazi.site\/archives\/1011842#breadcrumb","itemListElement":[{"@type":"ListItem","position":1,"name":"Home","item":"https:\/\/darkamazi.site\/"},{"@type":"ListItem","position":2,"name":"Ezdi Miri: \u015eengal halk\u0131 aras\u0131na fitne sokmak isteyen siyasi taraflar\u0131n oyununa gelmemeli"}]},{"@type":"WebSite","@id":"https:\/\/darkamazi.site\/#website","url":"https:\/\/darkamazi.site\/","name":"Darka Mazi","description":"Ana Sayfa","publisher":{"@id":"https:\/\/darkamazi.site\/#organization"},"potentialAction":[{"@type":"SearchAction","target":{"@type":"EntryPoint","urlTemplate":"https:\/\/darkamazi.site\/?s={search_term_string}"},"query-input":{"@type":"PropertyValueSpecification","valueRequired":true,"valueName":"search_term_string"}}],"inLanguage":"en-US"},{"@type":"Organization","@id":"https:\/\/darkamazi.site\/#organization","name":"Darka Mazi T\u00fcrk\u00e7e","alternateName":"Darka Mazi","url":"https:\/\/darkamazi.site\/","logo":{"@type":"ImageObject","inLanguage":"en-US","@id":"https:\/\/darkamazi.site\/#\/schema\/logo\/image\/","url":"https:\/\/darkamazi.site\/file\/2017\/12\/darka-mazi-logo.png","contentUrl":"https:\/\/darkamazi.site\/file\/2017\/12\/darka-mazi-logo.png","width":151,"height":75,"caption":"Darka Mazi T\u00fcrk\u00e7e"},"image":{"@id":"https:\/\/darkamazi.site\/#\/schema\/logo\/image\/"},"sameAs":["https:\/\/www.facebook.com\/DarkaMaziturkce","https:\/\/x.com\/DarkaMaziTurkce"]},{"@type":"Person","@id":"https:\/\/darkamazi.site\/#\/schema\/person\/67986a95ac546c16760365877ef4a9d3","name":"darka mazi","sameAs":["https:\/\/darkamazi.site"],"url":"https:\/\/darkamazi.site\/archives\/author\/turkish"}]}},"_links":{"self":[{"href":"https:\/\/darkamazi.site\/funavuv\/wp\/v2\/posts\/1011842","targetHints":{"allow":["GET"]}}],"collection":[{"href":"https:\/\/darkamazi.site\/funavuv\/wp\/v2\/posts"}],"about":[{"href":"https:\/\/darkamazi.site\/funavuv\/wp\/v2\/types\/post"}],"author":[{"embeddable":true,"href":"https:\/\/darkamazi.site\/funavuv\/wp\/v2\/users\/2"}],"replies":[{"embeddable":true,"href":"https:\/\/darkamazi.site\/funavuv\/wp\/v2\/comments?post=1011842"}],"version-history":[{"count":0,"href":"https:\/\/darkamazi.site\/funavuv\/wp\/v2\/posts\/1011842\/revisions"}],"wp:featuredmedia":[{"embeddable":true,"href":"https:\/\/darkamazi.site\/funavuv\/wp\/v2\/media\/1011843"}],"wp:attachment":[{"href":"https:\/\/darkamazi.site\/funavuv\/wp\/v2\/media?parent=1011842"}],"wp:term":[{"taxonomy":"category","embeddable":true,"href":"https:\/\/darkamazi.site\/funavuv\/wp\/v2\/categories?post=1011842"},{"taxonomy":"post_tag","embeddable":true,"href":"https:\/\/darkamazi.site\/funavuv\/wp\/v2\/tags?post=1011842"}],"curies":[{"name":"wp","href":"https:\/\/api.w.org\/{rel}","templated":true}]}}