{"id":1011849,"date":"2020-12-04T12:08:41","date_gmt":"2020-12-04T09:08:41","guid":{"rendered":"https:\/\/darkamazi.site\/?p=1011849"},"modified":"2020-12-04T12:08:41","modified_gmt":"2020-12-04T09:08:41","slug":"baskan-barzaniden-mela-imadedinin-ailesine-bassagligi","status":"publish","type":"post","link":"https:\/\/darkamazi.site\/archives\/1011849","title":{"rendered":"Ba\u015fkan Barzani\u2019den Mela \u0130madedin\u2019in ailesine ba\u015fsa\u011fl\u0131\u011f\u0131"},"content":{"rendered":"<p style=\"text-align: justify\">\u00a0Ba\u015fkan Mesud Barzani\u2019nin ofisinden K\u00fcrt \u015fair ve siyaset\u00e7i Mela \u0130madedin\u2019in (Seyday\u00ea Gurdili) vefat\u0131 dolay\u0131s\u0131yla yay\u0131nlanan mesajda, ailesine ba\u015fsa\u011fl\u0131 dilendi.<\/p>\n<p style=\"text-align: justify\">Mela \u0130madedin Yetiz (Seyday\u00ea Gurdili) yeni tip koronavir\u00fcs (Covid-19) nedeniyle \u00f6nceki g\u00fcn 86 ya\u015f\u0131nda hayat\u0131n\u0131 kaybetti.<\/p>\n<p style=\"text-align: justify\">Mesud Barzani\u2019nin ofisinden K\u00fcrt \u015fair ve siyaset\u00e7i Mela \u0130madedin\u2019in (Seyday\u00ea Gurdili) vefat\u0131 dolay\u0131s\u0131yla ba\u015fsa\u011fl\u0131\u011f\u0131 mesaj\u0131 yay\u0131mland\u0131.<\/p>\n<p style=\"text-align: justify\">Mesajda, \u015fu ifadelere yer verildi:<\/p>\n<p style=\"text-align: justify\">\u201cY\u00fcce Allah\u2019\u0131n ad\u0131yla.<\/p>\n<p style=\"text-align: justify\">Say\u0131n Mela \u0130madedin Gurdili\u2019nin aile \u00fcyeleri:<\/p>\n<p style=\"text-align: justify\">Vatansever \u015fair Mela \u0130madedin Gurdili\u2019nin vefat haberini \u00fcz\u00fclerek ald\u0131k. Aileniz ve Allah\u2019\u0131n sevgili kulu Mela \u0130madedin\u2019in akraba ve dostlar\u0131na ba\u015fsa\u011fl\u0131\u011f\u0131 diliyor, \u00fcz\u00fcnt\u00fclerinizi payla\u015f\u0131yoruz.<\/p>\n<p style=\"text-align: justify\">Y\u00fcce Allah\u2019tan ailenize ve yak\u0131nlar\u0131n\u0131za sab\u0131rlar, Mela \u0130madedin\u2019e rahmet eylemesini ve cennetine almas\u0131n\u0131 diliyoruz.<\/p>\n<p style=\"text-align: justify\">Biz Allah\u2019tan geldik ve yine Ona d\u00f6nece\u011fiz.\u201d<\/p>\n","protected":false},"excerpt":{"rendered":"<p>\u00a0Ba\u015fkan Mesud Barzani\u2019nin ofisinden K\u00fcrt \u015fair ve siyaset\u00e7i Mela \u0130madedin\u2019in (Seyday\u00ea Gurdili) vefat\u0131 dolay\u0131s\u0131yla yay\u0131nlanan mesajda, ailesine ba\u015fsa\u011fl\u0131 dilendi. Mela \u0130madedin Yetiz (Seyday\u00ea Gurdili) yeni tip koronavir\u00fcs (Covid-19) nedeniyle \u00f6nceki g\u00fcn 86 ya\u015f\u0131nda hayat\u0131n\u0131 kaybetti. Mesud Barzani\u2019nin ofisinden K\u00fcrt \u015fair ve siyaset\u00e7i Mela \u0130madedin\u2019in (Seyday\u00ea Gurdili) vefat\u0131 dolay\u0131s\u0131yla ba\u015fsa\u011fl\u0131\u011f\u0131 mesaj\u0131 yay\u0131mland\u0131. Mesajda, \u015fu ifadelere yer [&hellip;]<\/p>\n","protected":false},"author":2,"featured_media":1011850,"comment_status":"closed","ping_status":"closed","sticky":false,"template":"","format":"standard","meta":{"footnotes":""},"categories":[3],"tags":[],"class_list":["post-1011849","post","type-post","status-publish","format-standard","has-post-thumbnail","hentry","category-kurdistan"],"blocksy_meta":[],"seo_head":"<!-- This site is optimized with the Yoast SEO plugin v27.5 - https:\/\/yoast.com\/product\/yoast-seo-wordpress\/ -->\n<title>Ba\u015fkan Barzani\u2019den Mela \u0130madedin\u2019in ailesine ba\u015fsa\u011fl\u0131\u011f\u0131 - Darka Mazi<\/title>\n<meta name=\"robots\" content=\"index, follow, max-snippet:-1, max-image-preview:large, max-video-preview:-1\" \/>\n<link rel=\"canonical\" href=\"https:\/\/darkamazi.site\/archives\/1011849\" \/>\n<meta property=\"og:locale\" content=\"en_US\" \/>\n<meta property=\"og:type\" content=\"article\" \/>\n<meta property=\"og:title\" content=\"Ba\u015fkan Barzani\u2019den Mela \u0130madedin\u2019in ailesine ba\u015fsa\u011fl\u0131\u011f\u0131 - Darka Mazi\" \/>\n<meta property=\"og:description\" content=\"\u00a0Ba\u015fkan Mesud Barzani\u2019nin ofisinden K\u00fcrt \u015fair ve siyaset\u00e7i Mela \u0130madedin\u2019in (Seyday\u00ea Gurdili) vefat\u0131 dolay\u0131s\u0131yla yay\u0131nlanan mesajda, ailesine ba\u015fsa\u011fl\u0131 dilendi. Mela \u0130madedin Yetiz (Seyday\u00ea Gurdili) yeni tip koronavir\u00fcs (Covid-19) nedeniyle \u00f6nceki g\u00fcn 86 ya\u015f\u0131nda hayat\u0131n\u0131 kaybetti. Mesud Barzani\u2019nin ofisinden K\u00fcrt \u015fair ve siyaset\u00e7i Mela \u0130madedin\u2019in (Seyday\u00ea Gurdili) vefat\u0131 dolay\u0131s\u0131yla ba\u015fsa\u011fl\u0131\u011f\u0131 mesaj\u0131 yay\u0131mland\u0131. Mesajda, \u015fu ifadelere yer [&hellip;]\" \/>\n<meta property=\"og:url\" content=\"https:\/\/darkamazi.site\/archives\/1011849\" \/>\n<meta property=\"og:site_name\" content=\"Darka Mazi\" \/>\n<meta property=\"article:publisher\" content=\"https:\/\/www.facebook.com\/DarkaMaziturkce\" \/>\n<meta property=\"article:published_time\" content=\"2020-12-04T09:08:41+00:00\" \/>\n<meta property=\"og:image\" content=\"https:\/\/darkamazi.site\/file\/2020\/12\/baskan-barzani.jpg\" \/>\n\t<meta property=\"og:image:width\" content=\"710\" \/>\n\t<meta property=\"og:image:height\" content=\"446\" \/>\n\t<meta property=\"og:image:type\" content=\"image\/jpeg\" \/>\n<meta name=\"author\" content=\"darka mazi\" \/>\n<meta name=\"twitter:card\" content=\"summary_large_image\" \/>\n<meta name=\"twitter:creator\" content=\"@DarkaMaziTurkce\" \/>\n<meta name=\"twitter:site\" content=\"@DarkaMaziTurkce\" \/>\n<meta name=\"twitter:label1\" content=\"Written by\" \/>\n\t<meta name=\"twitter:data1\" content=\"darka mazi\" \/>\n\t<meta name=\"twitter:label2\" content=\"Est. reading time\" \/>\n\t<meta name=\"twitter:data2\" content=\"1 minute\" \/>\n<script type=\"application\/ld+json\" class=\"seo-schema-graph\">{\"@context\":\"https:\\\/\\\/schema.org\",\"@graph\":[{\"@type\":\"NewsArticle\",\"@id\":\"https:\\\/\\\/darkamazi.site\\\/archives\\\/1011849#article\",\"isPartOf\":{\"@id\":\"https:\\\/\\\/darkamazi.site\\\/archives\\\/1011849\"},\"author\":{\"name\":\"darka mazi\",\"@id\":\"https:\\\/\\\/darkamazi.site\\\/#\\\/schema\\\/person\\\/67986a95ac546c16760365877ef4a9d3\"},\"headline\":\"Ba\u015fkan Barzani\u2019den Mela \u0130madedin\u2019in ailesine ba\u015fsa\u011fl\u0131\u011f\u0131\",\"datePublished\":\"2020-12-04T09:08:41+00:00\",\"mainEntityOfPage\":{\"@id\":\"https:\\\/\\\/darkamazi.site\\\/archives\\\/1011849\"},\"wordCount\":169,\"publisher\":{\"@id\":\"https:\\\/\\\/darkamazi.site\\\/#organization\"},\"image\":{\"@id\":\"https:\\\/\\\/darkamazi.site\\\/archives\\\/1011849#primaryimage\"},\"thumbnailUrl\":\"https:\\\/\\\/darkamazi.site\\\/darka-content\\\/uploads\\\/2020\\\/12\\\/baskan-barzani.jpg\",\"articleSection\":[\"Kurdistan\"],\"inLanguage\":\"en-US\"},{\"@type\":\"WebPage\",\"@id\":\"https:\\\/\\\/darkamazi.site\\\/archives\\\/1011849\",\"url\":\"https:\\\/\\\/darkamazi.site\\\/archives\\\/1011849\",\"name\":\"Ba\u015fkan Barzani\u2019den Mela \u0130madedin\u2019in ailesine ba\u015fsa\u011fl\u0131\u011f\u0131 - Darka Mazi\",\"isPartOf\":{\"@id\":\"https:\\\/\\\/darkamazi.site\\\/#website\"},\"primaryImageOfPage\":{\"@id\":\"https:\\\/\\\/darkamazi.site\\\/archives\\\/1011849#primaryimage\"},\"image\":{\"@id\":\"https:\\\/\\\/darkamazi.site\\\/archives\\\/1011849#primaryimage\"},\"thumbnailUrl\":\"https:\\\/\\\/darkamazi.site\\\/darka-content\\\/uploads\\\/2020\\\/12\\\/baskan-barzani.jpg\",\"datePublished\":\"2020-12-04T09:08:41+00:00\",\"breadcrumb\":{\"@id\":\"https:\\\/\\\/darkamazi.site\\\/archives\\\/1011849#breadcrumb\"},\"inLanguage\":\"en-US\",\"potentialAction\":[{\"@type\":\"ReadAction\",\"target\":[\"https:\\\/\\\/darkamazi.site\\\/archives\\\/1011849\"]}]},{\"@type\":\"ImageObject\",\"inLanguage\":\"en-US\",\"@id\":\"https:\\\/\\\/darkamazi.site\\\/archives\\\/1011849#primaryimage\",\"url\":\"https:\\\/\\\/darkamazi.site\\\/darka-content\\\/uploads\\\/2020\\\/12\\\/baskan-barzani.jpg\",\"contentUrl\":\"https:\\\/\\\/darkamazi.site\\\/darka-content\\\/uploads\\\/2020\\\/12\\\/baskan-barzani.jpg\",\"width\":710,\"height\":446,\"caption\":\"Ba\u015fkan Barzani\u2019den Mela \u0130madedin\u2019in ailesine ba\u015fsa\u011fl\u0131\u011f\u0131\"},{\"@type\":\"BreadcrumbList\",\"@id\":\"https:\\\/\\\/darkamazi.site\\\/archives\\\/1011849#breadcrumb\",\"itemListElement\":[{\"@type\":\"ListItem\",\"position\":1,\"name\":\"Home\",\"item\":\"https:\\\/\\\/darkamazi.site\\\/\"},{\"@type\":\"ListItem\",\"position\":2,\"name\":\"Ba\u015fkan Barzani\u2019den Mela \u0130madedin\u2019in ailesine ba\u015fsa\u011fl\u0131\u011f\u0131\"}]},{\"@type\":\"WebSite\",\"@id\":\"https:\\\/\\\/darkamazi.site\\\/#website\",\"url\":\"https:\\\/\\\/darkamazi.site\\\/\",\"name\":\"Darka Mazi\",\"description\":\"Ana Sayfa\",\"publisher\":{\"@id\":\"https:\\\/\\\/darkamazi.site\\\/#organization\"},\"potentialAction\":[{\"@type\":\"SearchAction\",\"target\":{\"@type\":\"EntryPoint\",\"urlTemplate\":\"https:\\\/\\\/darkamazi.site\\\/?s={search_term_string}\"},\"query-input\":{\"@type\":\"PropertyValueSpecification\",\"valueRequired\":true,\"valueName\":\"search_term_string\"}}],\"inLanguage\":\"en-US\"},{\"@type\":\"Organization\",\"@id\":\"https:\\\/\\\/darkamazi.site\\\/#organization\",\"name\":\"Darka Mazi T\u00fcrk\u00e7e\",\"alternateName\":\"Darka Mazi\",\"url\":\"https:\\\/\\\/darkamazi.site\\\/\",\"logo\":{\"@type\":\"ImageObject\",\"inLanguage\":\"en-US\",\"@id\":\"https:\\\/\\\/darkamazi.site\\\/#\\\/schema\\\/logo\\\/image\\\/\",\"url\":\"https:\\\/\\\/darkamazi.site\\\/darka-content\\\/uploads\\\/2017\\\/12\\\/darka-mazi-logo.png\",\"contentUrl\":\"https:\\\/\\\/darkamazi.site\\\/darka-content\\\/uploads\\\/2017\\\/12\\\/darka-mazi-logo.png\",\"width\":151,\"height\":75,\"caption\":\"Darka Mazi T\u00fcrk\u00e7e\"},\"image\":{\"@id\":\"https:\\\/\\\/darkamazi.site\\\/#\\\/schema\\\/logo\\\/image\\\/\"},\"sameAs\":[\"https:\\\/\\\/www.facebook.com\\\/DarkaMaziturkce\",\"https:\\\/\\\/x.com\\\/DarkaMaziTurkce\"]},{\"@type\":\"Person\",\"@id\":\"https:\\\/\\\/darkamazi.site\\\/#\\\/schema\\\/person\\\/67986a95ac546c16760365877ef4a9d3\",\"name\":\"darka mazi\",\"sameAs\":[\"https:\\\/\\\/darkamazi.site\"],\"url\":\"https:\\\/\\\/darkamazi.site\\\/archives\\\/author\\\/turkish\"}]}<\/script>\n<!-- \/ Yoast SEO plugin. -->","seo_head_json":{"title":"Ba\u015fkan Barzani\u2019den Mela \u0130madedin\u2019in ailesine ba\u015fsa\u011fl\u0131\u011f\u0131 - Darka Mazi","robots":{"index":"index","follow":"follow","max-snippet":"max-snippet:-1","max-image-preview":"max-image-preview:large","max-video-preview":"max-video-preview:-1"},"canonical":"https:\/\/darkamazi.site\/archives\/1011849","og_locale":"en_US","og_type":"article","og_title":"Ba\u015fkan Barzani\u2019den Mela \u0130madedin\u2019in ailesine ba\u015fsa\u011fl\u0131\u011f\u0131 - Darka Mazi","og_description":"\u00a0Ba\u015fkan Mesud Barzani\u2019nin ofisinden K\u00fcrt \u015fair ve siyaset\u00e7i Mela \u0130madedin\u2019in (Seyday\u00ea Gurdili) vefat\u0131 dolay\u0131s\u0131yla yay\u0131nlanan mesajda, ailesine ba\u015fsa\u011fl\u0131 dilendi. Mela \u0130madedin Yetiz (Seyday\u00ea Gurdili) yeni tip koronavir\u00fcs (Covid-19) nedeniyle \u00f6nceki g\u00fcn 86 ya\u015f\u0131nda hayat\u0131n\u0131 kaybetti. Mesud Barzani\u2019nin ofisinden K\u00fcrt \u015fair ve siyaset\u00e7i Mela \u0130madedin\u2019in (Seyday\u00ea Gurdili) vefat\u0131 dolay\u0131s\u0131yla ba\u015fsa\u011fl\u0131\u011f\u0131 mesaj\u0131 yay\u0131mland\u0131. Mesajda, \u015fu ifadelere yer [&hellip;]","og_url":"https:\/\/darkamazi.site\/archives\/1011849","og_site_name":"Darka Mazi","article_publisher":"https:\/\/www.facebook.com\/DarkaMaziturkce","article_published_time":"2020-12-04T09:08:41+00:00","og_image":[{"width":710,"height":446,"url":"https:\/\/darkamazi.site\/file\/2020\/12\/baskan-barzani.jpg","type":"image\/jpeg"}],"author":"darka mazi","twitter_card":"summary_large_image","twitter_creator":"@DarkaMaziTurkce","twitter_site":"@DarkaMaziTurkce","twitter_misc":{"Written by":"darka mazi","Est. reading time":"1 minute"},"schema":{"@context":"https:\/\/schema.org","@graph":[{"@type":"NewsArticle","@id":"https:\/\/darkamazi.site\/archives\/1011849#article","isPartOf":{"@id":"https:\/\/darkamazi.site\/archives\/1011849"},"author":{"name":"darka mazi","@id":"https:\/\/darkamazi.site\/#\/schema\/person\/67986a95ac546c16760365877ef4a9d3"},"headline":"Ba\u015fkan Barzani\u2019den Mela \u0130madedin\u2019in ailesine ba\u015fsa\u011fl\u0131\u011f\u0131","datePublished":"2020-12-04T09:08:41+00:00","mainEntityOfPage":{"@id":"https:\/\/darkamazi.site\/archives\/1011849"},"wordCount":169,"publisher":{"@id":"https:\/\/darkamazi.site\/#organization"},"image":{"@id":"https:\/\/darkamazi.site\/archives\/1011849#primaryimage"},"thumbnailUrl":"https:\/\/darkamazi.site\/file\/2020\/12\/baskan-barzani.jpg","articleSection":["Kurdistan"],"inLanguage":"en-US"},{"@type":"WebPage","@id":"https:\/\/darkamazi.site\/archives\/1011849","url":"https:\/\/darkamazi.site\/archives\/1011849","name":"Ba\u015fkan Barzani\u2019den Mela \u0130madedin\u2019in ailesine ba\u015fsa\u011fl\u0131\u011f\u0131 - Darka Mazi","isPartOf":{"@id":"https:\/\/darkamazi.site\/#website"},"primaryImageOfPage":{"@id":"https:\/\/darkamazi.site\/archives\/1011849#primaryimage"},"image":{"@id":"https:\/\/darkamazi.site\/archives\/1011849#primaryimage"},"thumbnailUrl":"https:\/\/darkamazi.site\/file\/2020\/12\/baskan-barzani.jpg","datePublished":"2020-12-04T09:08:41+00:00","breadcrumb":{"@id":"https:\/\/darkamazi.site\/archives\/1011849#breadcrumb"},"inLanguage":"en-US","potentialAction":[{"@type":"ReadAction","target":["https:\/\/darkamazi.site\/archives\/1011849"]}]},{"@type":"ImageObject","inLanguage":"en-US","@id":"https:\/\/darkamazi.site\/archives\/1011849#primaryimage","url":"https:\/\/darkamazi.site\/file\/2020\/12\/baskan-barzani.jpg","contentUrl":"https:\/\/darkamazi.site\/file\/2020\/12\/baskan-barzani.jpg","width":710,"height":446,"caption":"Ba\u015fkan Barzani\u2019den Mela \u0130madedin\u2019in ailesine ba\u015fsa\u011fl\u0131\u011f\u0131"},{"@type":"BreadcrumbList","@id":"https:\/\/darkamazi.site\/archives\/1011849#breadcrumb","itemListElement":[{"@type":"ListItem","position":1,"name":"Home","item":"https:\/\/darkamazi.site\/"},{"@type":"ListItem","position":2,"name":"Ba\u015fkan Barzani\u2019den Mela \u0130madedin\u2019in ailesine ba\u015fsa\u011fl\u0131\u011f\u0131"}]},{"@type":"WebSite","@id":"https:\/\/darkamazi.site\/#website","url":"https:\/\/darkamazi.site\/","name":"Darka Mazi","description":"Ana Sayfa","publisher":{"@id":"https:\/\/darkamazi.site\/#organization"},"potentialAction":[{"@type":"SearchAction","target":{"@type":"EntryPoint","urlTemplate":"https:\/\/darkamazi.site\/?s={search_term_string}"},"query-input":{"@type":"PropertyValueSpecification","valueRequired":true,"valueName":"search_term_string"}}],"inLanguage":"en-US"},{"@type":"Organization","@id":"https:\/\/darkamazi.site\/#organization","name":"Darka Mazi T\u00fcrk\u00e7e","alternateName":"Darka Mazi","url":"https:\/\/darkamazi.site\/","logo":{"@type":"ImageObject","inLanguage":"en-US","@id":"https:\/\/darkamazi.site\/#\/schema\/logo\/image\/","url":"https:\/\/darkamazi.site\/file\/2017\/12\/darka-mazi-logo.png","contentUrl":"https:\/\/darkamazi.site\/file\/2017\/12\/darka-mazi-logo.png","width":151,"height":75,"caption":"Darka Mazi T\u00fcrk\u00e7e"},"image":{"@id":"https:\/\/darkamazi.site\/#\/schema\/logo\/image\/"},"sameAs":["https:\/\/www.facebook.com\/DarkaMaziturkce","https:\/\/x.com\/DarkaMaziTurkce"]},{"@type":"Person","@id":"https:\/\/darkamazi.site\/#\/schema\/person\/67986a95ac546c16760365877ef4a9d3","name":"darka mazi","sameAs":["https:\/\/darkamazi.site"],"url":"https:\/\/darkamazi.site\/archives\/author\/turkish"}]}},"_links":{"self":[{"href":"https:\/\/darkamazi.site\/funavuv\/wp\/v2\/posts\/1011849","targetHints":{"allow":["GET"]}}],"collection":[{"href":"https:\/\/darkamazi.site\/funavuv\/wp\/v2\/posts"}],"about":[{"href":"https:\/\/darkamazi.site\/funavuv\/wp\/v2\/types\/post"}],"author":[{"embeddable":true,"href":"https:\/\/darkamazi.site\/funavuv\/wp\/v2\/users\/2"}],"replies":[{"embeddable":true,"href":"https:\/\/darkamazi.site\/funavuv\/wp\/v2\/comments?post=1011849"}],"version-history":[{"count":0,"href":"https:\/\/darkamazi.site\/funavuv\/wp\/v2\/posts\/1011849\/revisions"}],"wp:featuredmedia":[{"embeddable":true,"href":"https:\/\/darkamazi.site\/funavuv\/wp\/v2\/media\/1011850"}],"wp:attachment":[{"href":"https:\/\/darkamazi.site\/funavuv\/wp\/v2\/media?parent=1011849"}],"wp:term":[{"taxonomy":"category","embeddable":true,"href":"https:\/\/darkamazi.site\/funavuv\/wp\/v2\/categories?post=1011849"},{"taxonomy":"post_tag","embeddable":true,"href":"https:\/\/darkamazi.site\/funavuv\/wp\/v2\/tags?post=1011849"}],"curies":[{"name":"wp","href":"https:\/\/api.w.org\/{rel}","templated":true}]}}